{"id":143793,"date":"2017-10-10T21:42:01","date_gmt":"2017-10-11T00:42:01","guid":{"rendered":"http:\/\/franciscanos.org.br\/?p=143793"},"modified":"2023-01-10T09:46:43","modified_gmt":"2023-01-10T12:46:43","slug":"triduo-quem-tem-fe-esta-sempre-a-servico","status":"publish","type":"post","link":"https:\/\/franciscanos.org.br\/noticias\/triduo-quem-tem-fe-esta-sempre-a-servico.html","title":{"rendered":"Tr\u00edduo: &#8220;Quem tem f\u00e9 est\u00e1 sempre a servi\u00e7o&#8221;"},"content":{"rendered":"<p><strong>Blumenau (SC)<\/strong> &#8211; Com o tema &#8220;Maria, M\u00e3e da F\u00e9&#8221;, foi encerrado na noite desta ter\u00e7a-feira, 10 de outubro, o Tr\u00edduo em prepara\u00e7\u00e3o \u00e0 Festa de Nossa Senhora Aparecida em Blumenau (SC). Frei Pascoal Fusinato presidiu a Celebra\u00e7\u00e3o Eucar\u00edstica, \u00e0s 19 horas, no Santu\u00e1rio de Nossa Senhora Aparecida.<\/p>\n<p><img loading=\"lazy\" class=\"alignleft wp-image-143814 size-full\" src=\"http:\/\/franciscanos.org.br\/wp-content\/uploads\/2017\/10\/festa_101017_2.jpg\" alt=\"festa_101017_2\" width=\"281\" height=\"500\" \/>Na sua homilia, Frei Pascoal se concentrou em dois aspectos do Evangelho que demonstram a f\u00e9 de Maria, uma jovem simples da periferia da Galileia, que segundo estudiosos tinha por volta de 16 anos. Mesmo assim, ela teve uma atitude madura quando soube que ia ser m\u00e3e do Salvador. &#8220;Maria n\u00e3o entendeu nada. Nem do ponto de vista biol\u00f3gico, cient\u00edfico, humano. Se Deus quer, se Deus faz, eu topo a parada. Eu sou a serva do Senhor. Eu estou aqui para servir a Deus. Fa\u00e7a-se em mim segundo a sua palavra. Maria tem uma atitude dispon\u00edvel. Eis a serva&#8221;, explicou Frei Pascoal.<\/p>\n<p>Segundo o frade, Maria exemplo de humildade e obedi\u00eancia ao Pai. Essa disponibilidade vai se manifestar tamb\u00e9m quando ela fica sabendo que sua prima Isabel est\u00e1 gr\u00e1vida. &#8220;Apressadamente, nos diz o Evangelho, ela sobe a montanha, onde morava sua prima. Fazer o qu\u00ea? Ajudar a prima que estava no sexto m\u00eas de gravidez. J\u00e1 era uma mulher idosa e sua gravidez necessitaria de cuidados. Maria n\u00e3o pensou para ajudar. Quando nasceu Jo\u00e3o Batista, ela voltou para casa. A f\u00e9 leva a ajudar os necessitados&#8221;, enfatizou Frei Pascoal.<\/p>\n<p>&#8220;Quem tem f\u00e9 est\u00e1 a servi\u00e7o&#8221;, refor\u00e7ou o celebrante. &#8220;A f\u00e9 sempre nos leva ao amor, ao servi\u00e7o, n\u00e3o s\u00f3 de Deus, mas dos irm\u00e3os. Nesta noite, quero deixar esses dois pontos para reflex\u00e3o: A minha f\u00e9 me leva ao servi\u00e7o, me leva a ajudar os outros? Vamos pedir a Deus que nos d\u00ea essa capacidade que deu a Maria de se colocar a servi\u00e7o&#8221;, completou.<\/p>\n<p>O \u00faltimo dia tamb\u00e9m foi da b\u00ean\u00e7\u00e3o dos p\u00e3es de Santo Ant\u00f4nio. Desta vez n\u00e3o teve a imagem de Santo Ant\u00f4nio, mas de Nossa Senhora. &#8220;Santo Ant\u00f4nio era muito devoto de Maria&#8221;, lembrou o presidente da Celebra\u00e7\u00e3o.<\/p>\n<p>Este \u00faltimo dia do Tr\u00edduo, teve a participa\u00e7\u00e3o de empres\u00e1rios, comerciantes, do Movimento Lareira, Clube de M\u00e3es, coordenadores e equipes da Festa, comunidades e CPC do Santu\u00e1rio. O dia terminou em macarronada e bingo. J\u00e1 nesta v\u00e9spera do Dia da Padroeira, \u00e0s 11 horas, come\u00e7a o churrasco e, a partir das 16 horas, todas as atra\u00e7\u00f5es externas. Na Celebra\u00e7\u00e3o Eucar\u00edstica, que ser\u00e1 presidida pelo p\u00e1roco e reitor Frei N\u00e9lson Hillesheim, \u00e0s 19 horas, o tema ser\u00e1\u00a0 \u201cMaria, M\u00e3e da Solidariedade e do Amor\u201d.<\/p>\n<hr \/>\n<p><em>Comunica\u00e7\u00e3o da Prov\u00edncia da Imaculada Concei\u00e7\u00e3o<\/em><\/p>\n","protected":false},"excerpt":{"rendered":"<p>Festa de Nossa Senhora Aparecida em Blumenau<\/p>\n","protected":false},"author":1,"featured_media":194745,"comment_status":"open","ping_status":"open","sticky":false,"template":"","format":"standard","meta":[],"categories":[1],"tags":[1239,1243],"acf":[],"yoast_head":"<!-- This site is optimized with the Yoast SEO plugin v19.2 - https:\/\/yoast.com\/wordpress\/plugins\/seo\/ -->\n<title>Tr\u00edduo: &quot;Quem tem f\u00e9 est\u00e1 sempre a servi\u00e7o&quot; - Not\u00edcias - Franciscanos<\/title>\n<meta name=\"robots\" content=\"index, follow, max-snippet:-1, max-image-preview:large, max-video-preview:-1\" \/>\n<link rel=\"canonical\" href=\"https:\/\/franciscanos.org.br\/noticias\/triduo-quem-tem-fe-esta-sempre-a-servico.html\" \/>\n<meta property=\"og:locale\" content=\"pt_BR\" \/>\n<meta property=\"og:type\" content=\"article\" \/>\n<meta property=\"og:title\" content=\"Tr\u00edduo: &quot;Quem tem f\u00e9 est\u00e1 sempre a servi\u00e7o&quot; - Not\u00edcias - Franciscanos\" \/>\n<meta property=\"og:description\" content=\"Festa de Nossa Senhora Aparecida em Blumenau\" \/>\n<meta property=\"og:url\" content=\"https:\/\/franciscanos.org.br\/noticias\/triduo-quem-tem-fe-esta-sempre-a-servico.html\" \/>\n<meta property=\"og:site_name\" content=\"Not\u00edcias - Franciscanos\" \/>\n<meta property=\"article:published_time\" content=\"2017-10-11T00:42:01+00:00\" \/>\n<meta property=\"article:modified_time\" content=\"2023-01-10T12:46:43+00:00\" \/>\n<meta property=\"og:image\" content=\"https:\/\/franciscanos.org.br\/noticias\/wp-content\/uploads\/2017\/10\/festa_101017d.jpg\" \/>\n\t<meta property=\"og:image:width\" content=\"273\" \/>\n\t<meta property=\"og:image:height\" content=\"181\" \/>\n\t<meta property=\"og:image:type\" content=\"image\/jpeg\" \/>\n<meta name=\"author\" content=\"admin\" \/>\n<meta name=\"twitter:card\" content=\"summary_large_image\" \/>\n<meta name=\"twitter:label1\" content=\"Escrito por\" \/>\n\t<meta name=\"twitter:data1\" content=\"admin\" \/>\n\t<meta name=\"twitter:label2\" content=\"Est. tempo de leitura\" \/>\n\t<meta name=\"twitter:data2\" content=\"2 minutos\" \/>\n<script type=\"application\/ld+json\" class=\"yoast-schema-graph\">{\"@context\":\"https:\/\/schema.org\",\"@graph\":[{\"@type\":\"WebSite\",\"@id\":\"https:\/\/franciscanos.org.br\/noticias\/#website\",\"url\":\"https:\/\/franciscanos.org.br\/noticias\/\",\"name\":\"Not\u00edcias - Franciscanos\",\"description\":\"Prov\u00edncia Franciscana da Imaculada Concei\u00e7\u00e3o do Brasil - Ordem dos Frades Menores - OFM\",\"potentialAction\":[{\"@type\":\"SearchAction\",\"target\":{\"@type\":\"EntryPoint\",\"urlTemplate\":\"https:\/\/franciscanos.org.br\/noticias\/?s={search_term_string}\"},\"query-input\":\"required name=search_term_string\"}],\"inLanguage\":\"pt-BR\"},{\"@type\":\"ImageObject\",\"inLanguage\":\"pt-BR\",\"@id\":\"https:\/\/franciscanos.org.br\/noticias\/triduo-quem-tem-fe-esta-sempre-a-servico.html#primaryimage\",\"url\":\"https:\/\/franciscanos.org.br\/noticias\/wp-content\/uploads\/2017\/10\/festa_101017d.jpg\",\"contentUrl\":\"https:\/\/franciscanos.org.br\/noticias\/wp-content\/uploads\/2017\/10\/festa_101017d.jpg\",\"width\":273,\"height\":181},{\"@type\":\"WebPage\",\"@id\":\"https:\/\/franciscanos.org.br\/noticias\/triduo-quem-tem-fe-esta-sempre-a-servico.html#webpage\",\"url\":\"https:\/\/franciscanos.org.br\/noticias\/triduo-quem-tem-fe-esta-sempre-a-servico.html\",\"name\":\"Tr\u00edduo: \\\"Quem tem f\u00e9 est\u00e1 sempre a servi\u00e7o\\\" - Not\u00edcias - Franciscanos\",\"isPartOf\":{\"@id\":\"https:\/\/franciscanos.org.br\/noticias\/#website\"},\"primaryImageOfPage\":{\"@id\":\"https:\/\/franciscanos.org.br\/noticias\/triduo-quem-tem-fe-esta-sempre-a-servico.html#primaryimage\"},\"datePublished\":\"2017-10-11T00:42:01+00:00\",\"dateModified\":\"2023-01-10T12:46:43+00:00\",\"author\":{\"@id\":\"https:\/\/franciscanos.org.br\/noticias\/#\/schema\/person\/b38fbf43118f02820bd932f2e4b14ad3\"},\"breadcrumb\":{\"@id\":\"https:\/\/franciscanos.org.br\/noticias\/triduo-quem-tem-fe-esta-sempre-a-servico.html#breadcrumb\"},\"inLanguage\":\"pt-BR\",\"potentialAction\":[{\"@type\":\"ReadAction\",\"target\":[\"https:\/\/franciscanos.org.br\/noticias\/triduo-quem-tem-fe-esta-sempre-a-servico.html\"]}]},{\"@type\":\"BreadcrumbList\",\"@id\":\"https:\/\/franciscanos.org.br\/noticias\/triduo-quem-tem-fe-esta-sempre-a-servico.html#breadcrumb\",\"itemListElement\":[{\"@type\":\"ListItem\",\"position\":1,\"name\":\"Home\",\"item\":\"https:\/\/franciscanos.org.br\/noticias\"},{\"@type\":\"ListItem\",\"position\":2,\"name\":\"Tr\u00edduo: &#8220;Quem tem f\u00e9 est\u00e1 sempre a servi\u00e7o&#8221;\"}]},{\"@type\":\"Person\",\"@id\":\"https:\/\/franciscanos.org.br\/noticias\/#\/schema\/person\/b38fbf43118f02820bd932f2e4b14ad3\",\"name\":\"admin\",\"image\":{\"@type\":\"ImageObject\",\"inLanguage\":\"pt-BR\",\"@id\":\"https:\/\/franciscanos.org.br\/noticias\/#\/schema\/person\/image\/\",\"url\":\"https:\/\/secure.gravatar.com\/avatar\/e8495742d34d0ba6448ea1c628263b3e?s=96&d=mm&r=g\",\"contentUrl\":\"https:\/\/secure.gravatar.com\/avatar\/e8495742d34d0ba6448ea1c628263b3e?s=96&d=mm&r=g\",\"caption\":\"admin\"},\"url\":\"https:\/\/franciscanos.org.br\/noticias\/author\/admin\"}]}<\/script>\n<!-- \/ Yoast SEO plugin. -->","yoast_head_json":{"title":"Tr\u00edduo: \"Quem tem f\u00e9 est\u00e1 sempre a servi\u00e7o\" - Not\u00edcias - Franciscanos","robots":{"index":"index","follow":"follow","max-snippet":"max-snippet:-1","max-image-preview":"max-image-preview:large","max-video-preview":"max-video-preview:-1"},"canonical":"https:\/\/franciscanos.org.br\/noticias\/triduo-quem-tem-fe-esta-sempre-a-servico.html","og_locale":"pt_BR","og_type":"article","og_title":"Tr\u00edduo: \"Quem tem f\u00e9 est\u00e1 sempre a servi\u00e7o\" - Not\u00edcias - Franciscanos","og_description":"Festa de Nossa Senhora Aparecida em Blumenau","og_url":"https:\/\/franciscanos.org.br\/noticias\/triduo-quem-tem-fe-esta-sempre-a-servico.html","og_site_name":"Not\u00edcias - Franciscanos","article_published_time":"2017-10-11T00:42:01+00:00","article_modified_time":"2023-01-10T12:46:43+00:00","og_image":[{"width":273,"height":181,"url":"https:\/\/franciscanos.org.br\/noticias\/wp-content\/uploads\/2017\/10\/festa_101017d.jpg","type":"image\/jpeg"}],"author":"admin","twitter_card":"summary_large_image","twitter_misc":{"Escrito por":"admin","Est. tempo de leitura":"2 minutos"},"schema":{"@context":"https:\/\/schema.org","@graph":[{"@type":"WebSite","@id":"https:\/\/franciscanos.org.br\/noticias\/#website","url":"https:\/\/franciscanos.org.br\/noticias\/","name":"Not\u00edcias - Franciscanos","description":"Prov\u00edncia Franciscana da Imaculada Concei\u00e7\u00e3o do Brasil - Ordem dos Frades Menores - OFM","potentialAction":[{"@type":"SearchAction","target":{"@type":"EntryPoint","urlTemplate":"https:\/\/franciscanos.org.br\/noticias\/?s={search_term_string}"},"query-input":"required name=search_term_string"}],"inLanguage":"pt-BR"},{"@type":"ImageObject","inLanguage":"pt-BR","@id":"https:\/\/franciscanos.org.br\/noticias\/triduo-quem-tem-fe-esta-sempre-a-servico.html#primaryimage","url":"https:\/\/franciscanos.org.br\/noticias\/wp-content\/uploads\/2017\/10\/festa_101017d.jpg","contentUrl":"https:\/\/franciscanos.org.br\/noticias\/wp-content\/uploads\/2017\/10\/festa_101017d.jpg","width":273,"height":181},{"@type":"WebPage","@id":"https:\/\/franciscanos.org.br\/noticias\/triduo-quem-tem-fe-esta-sempre-a-servico.html#webpage","url":"https:\/\/franciscanos.org.br\/noticias\/triduo-quem-tem-fe-esta-sempre-a-servico.html","name":"Tr\u00edduo: \"Quem tem f\u00e9 est\u00e1 sempre a servi\u00e7o\" - Not\u00edcias - Franciscanos","isPartOf":{"@id":"https:\/\/franciscanos.org.br\/noticias\/#website"},"primaryImageOfPage":{"@id":"https:\/\/franciscanos.org.br\/noticias\/triduo-quem-tem-fe-esta-sempre-a-servico.html#primaryimage"},"datePublished":"2017-10-11T00:42:01+00:00","dateModified":"2023-01-10T12:46:43+00:00","author":{"@id":"https:\/\/franciscanos.org.br\/noticias\/#\/schema\/person\/b38fbf43118f02820bd932f2e4b14ad3"},"breadcrumb":{"@id":"https:\/\/franciscanos.org.br\/noticias\/triduo-quem-tem-fe-esta-sempre-a-servico.html#breadcrumb"},"inLanguage":"pt-BR","potentialAction":[{"@type":"ReadAction","target":["https:\/\/franciscanos.org.br\/noticias\/triduo-quem-tem-fe-esta-sempre-a-servico.html"]}]},{"@type":"BreadcrumbList","@id":"https:\/\/franciscanos.org.br\/noticias\/triduo-quem-tem-fe-esta-sempre-a-servico.html#breadcrumb","itemListElement":[{"@type":"ListItem","position":1,"name":"Home","item":"https:\/\/franciscanos.org.br\/noticias"},{"@type":"ListItem","position":2,"name":"Tr\u00edduo: &#8220;Quem tem f\u00e9 est\u00e1 sempre a servi\u00e7o&#8221;"}]},{"@type":"Person","@id":"https:\/\/franciscanos.org.br\/noticias\/#\/schema\/person\/b38fbf43118f02820bd932f2e4b14ad3","name":"admin","image":{"@type":"ImageObject","inLanguage":"pt-BR","@id":"https:\/\/franciscanos.org.br\/noticias\/#\/schema\/person\/image\/","url":"https:\/\/secure.gravatar.com\/avatar\/e8495742d34d0ba6448ea1c628263b3e?s=96&d=mm&r=g","contentUrl":"https:\/\/secure.gravatar.com\/avatar\/e8495742d34d0ba6448ea1c628263b3e?s=96&d=mm&r=g","caption":"admin"},"url":"https:\/\/franciscanos.org.br\/noticias\/author\/admin"}]}},"_links":{"self":[{"href":"https:\/\/franciscanos.org.br\/noticias\/wp-json\/wp\/v2\/posts\/143793"}],"collection":[{"href":"https:\/\/franciscanos.org.br\/noticias\/wp-json\/wp\/v2\/posts"}],"about":[{"href":"https:\/\/franciscanos.org.br\/noticias\/wp-json\/wp\/v2\/types\/post"}],"author":[{"embeddable":true,"href":"https:\/\/franciscanos.org.br\/noticias\/wp-json\/wp\/v2\/users\/1"}],"replies":[{"embeddable":true,"href":"https:\/\/franciscanos.org.br\/noticias\/wp-json\/wp\/v2\/comments?post=143793"}],"version-history":[{"count":1,"href":"https:\/\/franciscanos.org.br\/noticias\/wp-json\/wp\/v2\/posts\/143793\/revisions"}],"predecessor-version":[{"id":241674,"href":"https:\/\/franciscanos.org.br\/noticias\/wp-json\/wp\/v2\/posts\/143793\/revisions\/241674"}],"wp:featuredmedia":[{"embeddable":true,"href":"https:\/\/franciscanos.org.br\/noticias\/wp-json\/wp\/v2\/media\/194745"}],"wp:attachment":[{"href":"https:\/\/franciscanos.org.br\/noticias\/wp-json\/wp\/v2\/media?parent=143793"}],"wp:term":[{"taxonomy":"category","embeddable":true,"href":"https:\/\/franciscanos.org.br\/noticias\/wp-json\/wp\/v2\/categories?post=143793"},{"taxonomy":"post_tag","embeddable":true,"href":"https:\/\/franciscanos.org.br\/noticias\/wp-json\/wp\/v2\/tags?post=143793"}],"curies":[{"name":"wp","href":"https:\/\/api.w.org\/{rel}","templated":true}]}}