{"id":143776,"date":"2017-10-10T14:33:49","date_gmt":"2017-10-10T17:33:49","guid":{"rendered":"http:\/\/franciscanos.org.br\/?p=143776"},"modified":"2023-01-10T09:47:29","modified_gmt":"2023-01-10T12:47:29","slug":"tudo-pronto-para-a-festa-de-nossa-senhora-aparecida","status":"publish","type":"post","link":"https:\/\/franciscanos.org.br\/noticias\/tudo-pronto-para-a-festa-de-nossa-senhora-aparecida.html","title":{"rendered":"Tudo pronto para a Festa de Nossa Senhora Aparecida"},"content":{"rendered":"<p><strong>\u00a0<\/strong><strong>Blumenau (SC)<\/strong> &#8211; A festa devocional no Santu\u00e1rio Nossa Senhora Aparecida, em Blumenau, come\u00e7ou no domingo com o Tr\u00edduo, mas as festividades externas come\u00e7am para valer nesta quarta-feira, v\u00e9spera do dia da Padroeira do Brasil. Um grande galp\u00e3o foi armado para acolher as oito mil pessoas que devem passar pelo local para apreciar o churrasco, macarronada e pastel.<\/p>\n<p>O p\u00e1roco Frei N\u00e9lson Jos\u00e9 Hillesheim acredita que, devido ao jubileu dos 300 anos de Aparecida, esta ser\u00e1 uma das maiores manifesta\u00e7\u00f5es de f\u00e9 no Santu\u00e1rio. &#8220;Nesse momento t\u00e3o rico de nossa f\u00e9 e da Igreja, que celebra os 300 anos de Aparecida, tamb\u00e9m queremos demonstrar nosso carinho muito especial por Nossa Senhora, a M\u00e3e de Jesus Cristo e Nossa M\u00e3e. E n\u00f3s, aqui no nosso Santu\u00e1rio de Blumenau, j\u00e1 come\u00e7amos as celebra\u00e7\u00f5es. \u00c9 um momento muito rico, de festa e de alegria. Esse \u00e9 o grande encontro das comunidades&#8221;, destaca Frei N\u00e9lson.<\/p>\n<p><img loading=\"lazy\" class=\"alignleft wp-image-143778 \" src=\"http:\/\/franciscanos.org.br\/wp-content\/uploads\/2017\/10\/nelson_101017.jpg\" alt=\"nelson_101017\" width=\"299\" height=\"298\" \/>Para o p\u00e1roco, o povo ter\u00e1 oportunidade de manifestar a sua f\u00e9 \u00e0 Padroeira do Brasil neste Santu\u00e1rio. &#8220;A imagem de Nossa Senhora, que veio de Aparecida, encerra a peregrina\u00e7\u00e3o que fez pela Diocese no Santu\u00e1rio, neste dia 12&#8221;, diz o p\u00e1roco, recordando a import\u00e2ncia deste jubileu mariano. &#8220;Em 1717, uma imagem simples e quebrada transformou a f\u00e9 de um povo at\u00e9 receber o t\u00edtulo de Padroeira do Brasil. Tr\u00eas pescadores &#8211; Jo\u00e3o Alves, Felipe Pedroso e Domingos Garcia &#8211; foram encarregados de conseguir peixe para o banquete que a Vila de Santo Ant\u00f4nio de Guaratinguet\u00e1 iria oferecer a Dom Pedro de Almeida e Portugal, o Conde de Assumar, que na \u00e9poca tamb\u00e9m era o Governador da Prov\u00edncia de S\u00e3o Paulo e Minas Gerais, e estava visitando a regi\u00e3o. Depois de v\u00e1rias tentativas de pesca, os pescadores estavam desesperados porque n\u00e3o conseguiam peixes. Mas depois de fazerem uma ora\u00e7\u00e3o, lan\u00e7aram as redes e encontraram o corpo e, em seguida, no rio abaixo, a cabe\u00e7a. Quando lan\u00e7aram novamente as redes, ela veio cheia de peixes. Foi o primeiro milagre&#8221;, explicou.<\/p>\n<p>Segundo o frade, come\u00e7ou ali uma devo\u00e7\u00e3o que ganhou o Brasil mais tarde. &#8220;A M\u00e3e Aparecida cobria o Brasil de b\u00ean\u00e7\u00e3os e milagres, como pode ser visto na impressionante Sala de Milagres em Aparecida&#8221;, acrescentou Frei N\u00e9lson.<\/p>\n<p>&#8220;Ela \u00e9 nossa grande M\u00e3e e intercessora, que cuida sempre dos seus filhos. Eu tenho a grata satisfa\u00e7\u00e3o, quando estou celebrando a novena a Nossa Senhora Aparecida, todas as quartas-feiras, de ouvir testemunhos da f\u00e9 em Maria&#8221;, revela o frade. Frei N\u00e9lson enfatiza a proximidade de Maria para o povo. &#8220;Ela \u00e9 um referencial. A sua obedi\u00eancia a Deus \u00e9 um exemplo de f\u00e9. Mesmo sendo ainda jovem, foi obediente \u00e0 vontade de Deus. O seu &#8216;sim&#8217; mudou a hist\u00f3ria da humanidade. Maria sempre se colocou na dimens\u00e3o do Filho. Maria conhece bem o cora\u00e7ao de seus filhos porque conheceu o cora\u00e7\u00e3o de seu Filho. Por isso, ela intercede por n\u00f3s, nos acolhe, nos defende. Maria nos indica o caminho de seu Filho Jesus&#8221;, reflete o p\u00e1roco.<\/p>\n<p><img loading=\"lazy\" src=\"http:\/\/franciscanos.org.br\/wp-content\/uploads\/2017\/10\/festa_blumenau_101017.jpg\" alt=\"festa_blumenau_101017\" width=\"830\" height=\"564\" \/><\/p>\n<p>O grande p\u00e1tio de estacionamento entre a Casa Paroquial, o Sal\u00e3o Paroquial e a igreja ganhou uma cobertura especial para acolher as barracas do pastel, cachoro quente,\u00a0 churrasco, galeto, doces e bolos, bebidas, roda da fortuna, pescaria, artigos religiosos, sacola surpresa e o bazar do Clube de M\u00e3es.<\/p>\n<p>No terceiro dia do Tr\u00edduo, neste 10 de outubro (ter\u00e7a), Frei Pascoal Fusinato presidir\u00e1 a Celebra\u00e7\u00e3o Eucar\u00edstica, que ter\u00e1 a participa\u00e7\u00e3o de empres\u00e1rios, comerciantes, do Movimento Lareira, Clube de M\u00e3es, coordenadores e equipes da Festa, comunidades e CPC do Santu\u00e1rio. Bingo e macarronada s\u00e3o atra\u00e7\u00f5es fora da igreja.<\/p>\n<p><img loading=\"lazy\" class=\"alignright size-full wp-image-143780\" src=\"http:\/\/franciscanos.org.br\/wp-content\/uploads\/2017\/10\/blumenau_101017_imagem.jpg\" alt=\"blumenau_101017_imagem\" width=\"400\" height=\"349\" \/>\u00a0<strong>FESTA DA PADROEIRA<\/strong><\/p>\n<p>A Padroeira come\u00e7a a ser festejada na v\u00e9spera, com a Santa Missa, \u00e0s 19 horas, presidida pelo p\u00e1roco Frei N\u00e9lson, que vai falar sobre o tema \u201cMaria, M\u00e3e da Solidariedade, do Amor\u201d, e a presen\u00e7a dos padrinhos, patrocinadores e comunidade. \u00c0s 11 horas, contudo, come\u00e7a o churrasco e, a partir das 16 horas, todas as atra\u00e7\u00f5es.<\/p>\n<p>No dia 12, <strong>DIA DA PADROEIRA<\/strong>, a programa\u00e7\u00e3o \u00e9 intensa, a come\u00e7ar com a Carreta que sair\u00e1 da Catedral at\u00e9 o Santu\u00e1rio, \u00e0s 8 horas, carregando a imagem de Nossa Senhora o bispo diocesano Dom Rafael Biernaski e o p\u00e1roco da Catedral S\u00e3o Paulo Ap\u00f3stolo, Pe. Jo\u00e3o Backmann.<\/p>\n<p>Na chegada ao Santu\u00e1rio, prevista para as 9 horas, tem in\u00edcio a Missa Solene, presidida por Dom Rafael. \u00c0s 11 horas, Dom Rafael e Pe. Jo\u00e3o sobrevoar\u00e3o o Santu\u00e1rio de helic\u00f3ptero, aben\u00e7oando os peregrinos e devotos. Est\u00e1 prevista uma \u201cchuva\u201d de mantos de Nossa Senhora e p\u00e9talas de rosa.<\/p>\n<p>\u00c0s 15 horas, Frei Jos\u00e9 Bertoldi preside mais uma Santa Missa e Frei Pascoal encerra a festa \u00e0s 19 horas.<\/p>\n<hr \/>\n<p><em>Comunica\u00e7\u00e3o da Prov\u00edncia da Imaculada Concei\u00e7\u00e3o<\/em><\/p>\n","protected":false},"excerpt":{"rendered":"<p>Festa de Nossa Senhora Aparecida em Blumenau<\/p>\n","protected":false},"author":1,"featured_media":194750,"comment_status":"open","ping_status":"open","sticky":false,"template":"","format":"standard","meta":[],"categories":[1],"tags":[1239,1243],"acf":[],"yoast_head":"<!-- This site is optimized with the Yoast SEO plugin v19.2 - https:\/\/yoast.com\/wordpress\/plugins\/seo\/ -->\n<title>Tudo pronto para a Festa de Nossa Senhora Aparecida - Not\u00edcias - Franciscanos<\/title>\n<meta name=\"robots\" content=\"index, follow, max-snippet:-1, max-image-preview:large, max-video-preview:-1\" \/>\n<link rel=\"canonical\" href=\"https:\/\/franciscanos.org.br\/noticias\/tudo-pronto-para-a-festa-de-nossa-senhora-aparecida.html\" \/>\n<meta property=\"og:locale\" content=\"pt_BR\" \/>\n<meta property=\"og:type\" content=\"article\" \/>\n<meta property=\"og:title\" content=\"Tudo pronto para a Festa de Nossa Senhora Aparecida - Not\u00edcias - Franciscanos\" \/>\n<meta property=\"og:description\" content=\"Festa de Nossa Senhora Aparecida em Blumenau\" \/>\n<meta property=\"og:url\" content=\"https:\/\/franciscanos.org.br\/noticias\/tudo-pronto-para-a-festa-de-nossa-senhora-aparecida.html\" \/>\n<meta property=\"og:site_name\" content=\"Not\u00edcias - Franciscanos\" \/>\n<meta property=\"article:published_time\" content=\"2017-10-10T17:33:49+00:00\" \/>\n<meta property=\"article:modified_time\" content=\"2023-01-10T12:47:29+00:00\" \/>\n<meta property=\"og:image\" content=\"https:\/\/franciscanos.org.br\/noticias\/wp-content\/uploads\/2017\/10\/nelson_101017.jpg\" \/>\n\t<meta property=\"og:image:width\" content=\"273\" \/>\n\t<meta property=\"og:image:height\" content=\"181\" \/>\n\t<meta property=\"og:image:type\" content=\"image\/jpeg\" \/>\n<meta name=\"author\" content=\"admin\" \/>\n<meta name=\"twitter:card\" content=\"summary_large_image\" \/>\n<meta name=\"twitter:label1\" content=\"Escrito por\" \/>\n\t<meta name=\"twitter:data1\" content=\"admin\" \/>\n\t<meta name=\"twitter:label2\" content=\"Est. tempo de leitura\" \/>\n\t<meta name=\"twitter:data2\" content=\"4 minutos\" \/>\n<script type=\"application\/ld+json\" class=\"yoast-schema-graph\">{\"@context\":\"https:\/\/schema.org\",\"@graph\":[{\"@type\":\"WebSite\",\"@id\":\"https:\/\/franciscanos.org.br\/noticias\/#website\",\"url\":\"https:\/\/franciscanos.org.br\/noticias\/\",\"name\":\"Not\u00edcias - Franciscanos\",\"description\":\"Prov\u00edncia Franciscana da Imaculada Concei\u00e7\u00e3o do Brasil - Ordem dos Frades Menores - OFM\",\"potentialAction\":[{\"@type\":\"SearchAction\",\"target\":{\"@type\":\"EntryPoint\",\"urlTemplate\":\"https:\/\/franciscanos.org.br\/noticias\/?s={search_term_string}\"},\"query-input\":\"required name=search_term_string\"}],\"inLanguage\":\"pt-BR\"},{\"@type\":\"ImageObject\",\"inLanguage\":\"pt-BR\",\"@id\":\"https:\/\/franciscanos.org.br\/noticias\/tudo-pronto-para-a-festa-de-nossa-senhora-aparecida.html#primaryimage\",\"url\":\"https:\/\/franciscanos.org.br\/noticias\/wp-content\/uploads\/2017\/10\/nelson_101017.jpg\",\"contentUrl\":\"https:\/\/franciscanos.org.br\/noticias\/wp-content\/uploads\/2017\/10\/nelson_101017.jpg\",\"width\":273,\"height\":181},{\"@type\":\"WebPage\",\"@id\":\"https:\/\/franciscanos.org.br\/noticias\/tudo-pronto-para-a-festa-de-nossa-senhora-aparecida.html#webpage\",\"url\":\"https:\/\/franciscanos.org.br\/noticias\/tudo-pronto-para-a-festa-de-nossa-senhora-aparecida.html\",\"name\":\"Tudo pronto para a Festa de Nossa Senhora Aparecida - Not\u00edcias - Franciscanos\",\"isPartOf\":{\"@id\":\"https:\/\/franciscanos.org.br\/noticias\/#website\"},\"primaryImageOfPage\":{\"@id\":\"https:\/\/franciscanos.org.br\/noticias\/tudo-pronto-para-a-festa-de-nossa-senhora-aparecida.html#primaryimage\"},\"datePublished\":\"2017-10-10T17:33:49+00:00\",\"dateModified\":\"2023-01-10T12:47:29+00:00\",\"author\":{\"@id\":\"https:\/\/franciscanos.org.br\/noticias\/#\/schema\/person\/b38fbf43118f02820bd932f2e4b14ad3\"},\"breadcrumb\":{\"@id\":\"https:\/\/franciscanos.org.br\/noticias\/tudo-pronto-para-a-festa-de-nossa-senhora-aparecida.html#breadcrumb\"},\"inLanguage\":\"pt-BR\",\"potentialAction\":[{\"@type\":\"ReadAction\",\"target\":[\"https:\/\/franciscanos.org.br\/noticias\/tudo-pronto-para-a-festa-de-nossa-senhora-aparecida.html\"]}]},{\"@type\":\"BreadcrumbList\",\"@id\":\"https:\/\/franciscanos.org.br\/noticias\/tudo-pronto-para-a-festa-de-nossa-senhora-aparecida.html#breadcrumb\",\"itemListElement\":[{\"@type\":\"ListItem\",\"position\":1,\"name\":\"Home\",\"item\":\"https:\/\/franciscanos.org.br\/noticias\"},{\"@type\":\"ListItem\",\"position\":2,\"name\":\"Tudo pronto para a Festa de Nossa Senhora Aparecida\"}]},{\"@type\":\"Person\",\"@id\":\"https:\/\/franciscanos.org.br\/noticias\/#\/schema\/person\/b38fbf43118f02820bd932f2e4b14ad3\",\"name\":\"admin\",\"image\":{\"@type\":\"ImageObject\",\"inLanguage\":\"pt-BR\",\"@id\":\"https:\/\/franciscanos.org.br\/noticias\/#\/schema\/person\/image\/\",\"url\":\"https:\/\/secure.gravatar.com\/avatar\/e8495742d34d0ba6448ea1c628263b3e?s=96&d=mm&r=g\",\"contentUrl\":\"https:\/\/secure.gravatar.com\/avatar\/e8495742d34d0ba6448ea1c628263b3e?s=96&d=mm&r=g\",\"caption\":\"admin\"},\"url\":\"https:\/\/franciscanos.org.br\/noticias\/author\/admin\"}]}<\/script>\n<!-- \/ Yoast SEO plugin. -->","yoast_head_json":{"title":"Tudo pronto para a Festa de Nossa Senhora Aparecida - Not\u00edcias - Franciscanos","robots":{"index":"index","follow":"follow","max-snippet":"max-snippet:-1","max-image-preview":"max-image-preview:large","max-video-preview":"max-video-preview:-1"},"canonical":"https:\/\/franciscanos.org.br\/noticias\/tudo-pronto-para-a-festa-de-nossa-senhora-aparecida.html","og_locale":"pt_BR","og_type":"article","og_title":"Tudo pronto para a Festa de Nossa Senhora Aparecida - Not\u00edcias - Franciscanos","og_description":"Festa de Nossa Senhora Aparecida em Blumenau","og_url":"https:\/\/franciscanos.org.br\/noticias\/tudo-pronto-para-a-festa-de-nossa-senhora-aparecida.html","og_site_name":"Not\u00edcias - Franciscanos","article_published_time":"2017-10-10T17:33:49+00:00","article_modified_time":"2023-01-10T12:47:29+00:00","og_image":[{"width":273,"height":181,"url":"https:\/\/franciscanos.org.br\/noticias\/wp-content\/uploads\/2017\/10\/nelson_101017.jpg","type":"image\/jpeg"}],"author":"admin","twitter_card":"summary_large_image","twitter_misc":{"Escrito por":"admin","Est. tempo de leitura":"4 minutos"},"schema":{"@context":"https:\/\/schema.org","@graph":[{"@type":"WebSite","@id":"https:\/\/franciscanos.org.br\/noticias\/#website","url":"https:\/\/franciscanos.org.br\/noticias\/","name":"Not\u00edcias - Franciscanos","description":"Prov\u00edncia Franciscana da Imaculada Concei\u00e7\u00e3o do Brasil - Ordem dos Frades Menores - OFM","potentialAction":[{"@type":"SearchAction","target":{"@type":"EntryPoint","urlTemplate":"https:\/\/franciscanos.org.br\/noticias\/?s={search_term_string}"},"query-input":"required name=search_term_string"}],"inLanguage":"pt-BR"},{"@type":"ImageObject","inLanguage":"pt-BR","@id":"https:\/\/franciscanos.org.br\/noticias\/tudo-pronto-para-a-festa-de-nossa-senhora-aparecida.html#primaryimage","url":"https:\/\/franciscanos.org.br\/noticias\/wp-content\/uploads\/2017\/10\/nelson_101017.jpg","contentUrl":"https:\/\/franciscanos.org.br\/noticias\/wp-content\/uploads\/2017\/10\/nelson_101017.jpg","width":273,"height":181},{"@type":"WebPage","@id":"https:\/\/franciscanos.org.br\/noticias\/tudo-pronto-para-a-festa-de-nossa-senhora-aparecida.html#webpage","url":"https:\/\/franciscanos.org.br\/noticias\/tudo-pronto-para-a-festa-de-nossa-senhora-aparecida.html","name":"Tudo pronto para a Festa de Nossa Senhora Aparecida - Not\u00edcias - Franciscanos","isPartOf":{"@id":"https:\/\/franciscanos.org.br\/noticias\/#website"},"primaryImageOfPage":{"@id":"https:\/\/franciscanos.org.br\/noticias\/tudo-pronto-para-a-festa-de-nossa-senhora-aparecida.html#primaryimage"},"datePublished":"2017-10-10T17:33:49+00:00","dateModified":"2023-01-10T12:47:29+00:00","author":{"@id":"https:\/\/franciscanos.org.br\/noticias\/#\/schema\/person\/b38fbf43118f02820bd932f2e4b14ad3"},"breadcrumb":{"@id":"https:\/\/franciscanos.org.br\/noticias\/tudo-pronto-para-a-festa-de-nossa-senhora-aparecida.html#breadcrumb"},"inLanguage":"pt-BR","potentialAction":[{"@type":"ReadAction","target":["https:\/\/franciscanos.org.br\/noticias\/tudo-pronto-para-a-festa-de-nossa-senhora-aparecida.html"]}]},{"@type":"BreadcrumbList","@id":"https:\/\/franciscanos.org.br\/noticias\/tudo-pronto-para-a-festa-de-nossa-senhora-aparecida.html#breadcrumb","itemListElement":[{"@type":"ListItem","position":1,"name":"Home","item":"https:\/\/franciscanos.org.br\/noticias"},{"@type":"ListItem","position":2,"name":"Tudo pronto para a Festa de Nossa Senhora Aparecida"}]},{"@type":"Person","@id":"https:\/\/franciscanos.org.br\/noticias\/#\/schema\/person\/b38fbf43118f02820bd932f2e4b14ad3","name":"admin","image":{"@type":"ImageObject","inLanguage":"pt-BR","@id":"https:\/\/franciscanos.org.br\/noticias\/#\/schema\/person\/image\/","url":"https:\/\/secure.gravatar.com\/avatar\/e8495742d34d0ba6448ea1c628263b3e?s=96&d=mm&r=g","contentUrl":"https:\/\/secure.gravatar.com\/avatar\/e8495742d34d0ba6448ea1c628263b3e?s=96&d=mm&r=g","caption":"admin"},"url":"https:\/\/franciscanos.org.br\/noticias\/author\/admin"}]}},"_links":{"self":[{"href":"https:\/\/franciscanos.org.br\/noticias\/wp-json\/wp\/v2\/posts\/143776"}],"collection":[{"href":"https:\/\/franciscanos.org.br\/noticias\/wp-json\/wp\/v2\/posts"}],"about":[{"href":"https:\/\/franciscanos.org.br\/noticias\/wp-json\/wp\/v2\/types\/post"}],"author":[{"embeddable":true,"href":"https:\/\/franciscanos.org.br\/noticias\/wp-json\/wp\/v2\/users\/1"}],"replies":[{"embeddable":true,"href":"https:\/\/franciscanos.org.br\/noticias\/wp-json\/wp\/v2\/comments?post=143776"}],"version-history":[{"count":1,"href":"https:\/\/franciscanos.org.br\/noticias\/wp-json\/wp\/v2\/posts\/143776\/revisions"}],"predecessor-version":[{"id":241675,"href":"https:\/\/franciscanos.org.br\/noticias\/wp-json\/wp\/v2\/posts\/143776\/revisions\/241675"}],"wp:featuredmedia":[{"embeddable":true,"href":"https:\/\/franciscanos.org.br\/noticias\/wp-json\/wp\/v2\/media\/194750"}],"wp:attachment":[{"href":"https:\/\/franciscanos.org.br\/noticias\/wp-json\/wp\/v2\/media?parent=143776"}],"wp:term":[{"taxonomy":"category","embeddable":true,"href":"https:\/\/franciscanos.org.br\/noticias\/wp-json\/wp\/v2\/categories?post=143776"},{"taxonomy":"post_tag","embeddable":true,"href":"https:\/\/franciscanos.org.br\/noticias\/wp-json\/wp\/v2\/tags?post=143776"}],"curies":[{"name":"wp","href":"https:\/\/api.w.org\/{rel}","templated":true}]}}