{"id":143744,"date":"2017-10-10T08:21:26","date_gmt":"2017-10-10T11:21:26","guid":{"rendered":"http:\/\/franciscanos.org.br\/?p=143744"},"modified":"2020-06-08T16:52:08","modified_gmt":"2020-06-08T19:52:08","slug":"um-coracao-rigido-nao-entende-a-misericordia-de-deus","status":"publish","type":"post","link":"https:\/\/franciscanos.org.br\/noticias\/um-coracao-rigido-nao-entende-a-misericordia-de-deus.html","title":{"rendered":"&#8220;Um cora\u00e7\u00e3o r\u00edgido n\u00e3o entende a miseric\u00f3rdia de Deus&#8221;"},"content":{"rendered":"<p><img loading=\"lazy\" src=\"http:\/\/franciscanos.org.br\/wp-content\/uploads\/2017\/01\/marta_270117.jpg\" alt=\"marta_270117\" width=\"830\" height=\"419\" \/><\/p>\n<p><strong>Cidade do Vaticano<\/strong> \u2013 Pelo segundo dia consecutivo, a Liturgia nos faz refletir sobre o Livro de Jonas e a miseric\u00f3rdia de Deus que abre nossos cora\u00e7\u00f5es, saindo vitoriosa. Assim o Papa resumiu a leitura do dia na homilia da missa celebrada na Casa Santa Marta, nesta ter\u00e7a-feira (10\/10).\u00a0Francisco definiu o profeta \u201cum teimoso que queria ensinar a Deus como se fazem as coisas\u201d.<\/p>\n<p>O Senhor pede a Jonas que converta a cidade de N\u00ednive: na primeira vez, o profeta foge, se recusando a faz\u00ea-lo; na segunda o faz, com sucesso, mas \u2013 observou Francisco \u2013 fica \u201cindignado\u201d, \u201cenraivado\u201d diante do perd\u00e3o que o Senhor concede \u00e0s pessoas que abriram o cora\u00e7\u00e3o e se mostraram arrependidas. Jonas \u2013 disse o Papa \u2013 era um \u201cteimoso, intransigente\u201d, tinha a alma \u201cr\u00edgida\u201d:<br \/>\n\u201cOs teimosos de alma, r\u00edgidos, n\u00e3o entendem o que \u00e9 a miseric\u00f3rdia de Deus. S\u00e3o como Jonas: \u2018Devemos pregar isso, estes devem ser punidos porque fizeram o mal e que v\u00e3o para o inferno&#8230;\u2019. Os r\u00edgidos n\u00e3o sabem abrir o cora\u00e7\u00e3o como o Senhor. Os r\u00edgidos s\u00e3o covardes, t\u00eam um cora\u00e7\u00e3o fechado, apegados \u00e0 justi\u00e7a pura. E se esquecem que a justi\u00e7a de Deus se fez carne em seu filho; se fez miseric\u00f3rdia, se fez perd\u00e3o; que o cora\u00e7\u00e3o de Deus est\u00e1 sempre aberto ao perd\u00e3o\u201d.<\/p>\n<p>E o que os teimosos se esquecem \u2013 acrescentou Francisco \u2013 \u00e9 precisamente que \u201ca onipot\u00eancia de Deus se expressa principalmente em sua miseric\u00f3rdia e no perd\u00e3o\u201d.<br \/>\n\u201cN\u00e3o \u00e9 f\u00e1cil entender a miseric\u00f3rdia de Deus, n\u00e3o \u00e9 f\u00e1cil. \u00c9 preciso tanta ora\u00e7\u00e3o para compreend\u00ea-la porque \u00e9 uma gra\u00e7a; n\u00f3s estamos acostumados com a justi\u00e7a: \u2018voc\u00ea me fez isso, agora paga\u2019; mas Jesus pagou por n\u00f3s e continua a pagar\u201d.<\/p>\n<p>Deus \u2013 voltou a repetir o Papa referindo-se ao epis\u00f3dio de Jonas \u2013 poderia ter abandonado o profeta \u00e0 sua teimosia e \u00e0 sua rigidez, mas foi conversar com ele e convenc\u00ea-lo, o salvou como o fez com o povo de N\u00ednive: \u00e9 o \u201cDeus da paci\u00eancia, o Deus que sabe acariciar, que sabe abrir os cora\u00e7\u00f5es\u201d.<\/p>\n<p>\u201cEsta \u00e9 a mensagem deste livro prof\u00e9tico\u201d, sublinhou ainda o Papa, concluindo: \u201cUm di\u00e1logo entre a profecia, a penit\u00eancia, a miseric\u00f3rdia e a covardia, ou teimosia, onde vence sempre a miseric\u00f3rdia de Deus, porque a sua onipot\u00eancia se manifesta precisamente na miseric\u00f3rdia. Hoje, permito-me de aconselh\u00e1-los a pegar a B\u00edblia e ler o Livro de Jonas: \u00e9 min\u00fasculo, s\u00e3o tr\u00eas p\u00e1ginas. Voc\u00eas ver\u00e3o como age o Senhor, como \u00e9 a miseric\u00f3rdia do Senhor, como o Senhor transforma nossos cora\u00e7\u00f5es, e agradecer\u00e3o ao Senhor por ser t\u00e3o misericordioso\u201d.<\/p>\n<hr \/>\n<p><em>Fonte: Vatican News<\/em><\/p>\n","protected":false},"excerpt":{"rendered":"<p>Missa em Santa Marta<\/p>\n","protected":false},"author":1,"featured_media":203512,"comment_status":"open","ping_status":"open","sticky":false,"template":"","format":"standard","meta":[],"categories":[1428],"tags":[1586],"acf":[],"yoast_head":"<!-- This site is optimized with the Yoast SEO plugin v19.2 - https:\/\/yoast.com\/wordpress\/plugins\/seo\/ -->\n<title>&quot;Um cora\u00e7\u00e3o r\u00edgido n\u00e3o entende a miseric\u00f3rdia de Deus&quot; - Not\u00edcias - Franciscanos<\/title>\n<meta name=\"robots\" content=\"index, follow, max-snippet:-1, max-image-preview:large, max-video-preview:-1\" \/>\n<link rel=\"canonical\" href=\"https:\/\/franciscanos.org.br\/noticias\/um-coracao-rigido-nao-entende-a-misericordia-de-deus.html\" \/>\n<meta property=\"og:locale\" content=\"pt_BR\" \/>\n<meta property=\"og:type\" content=\"article\" \/>\n<meta property=\"og:title\" content=\"&quot;Um cora\u00e7\u00e3o r\u00edgido n\u00e3o entende a miseric\u00f3rdia de Deus&quot; - Not\u00edcias - Franciscanos\" \/>\n<meta property=\"og:description\" content=\"Missa em Santa Marta\" \/>\n<meta property=\"og:url\" content=\"https:\/\/franciscanos.org.br\/noticias\/um-coracao-rigido-nao-entende-a-misericordia-de-deus.html\" \/>\n<meta property=\"og:site_name\" content=\"Not\u00edcias - Franciscanos\" \/>\n<meta property=\"article:published_time\" content=\"2017-10-10T11:21:26+00:00\" \/>\n<meta property=\"article:modified_time\" content=\"2020-06-08T19:52:08+00:00\" \/>\n<meta property=\"og:image\" content=\"https:\/\/franciscanos.org.br\/noticias\/wp-content\/uploads\/2017\/10\/marta_270117.jpg\" \/>\n\t<meta property=\"og:image:width\" content=\"273\" \/>\n\t<meta property=\"og:image:height\" content=\"181\" \/>\n\t<meta property=\"og:image:type\" content=\"image\/jpeg\" \/>\n<meta name=\"author\" content=\"admin\" \/>\n<meta name=\"twitter:card\" content=\"summary_large_image\" \/>\n<meta name=\"twitter:label1\" content=\"Escrito por\" \/>\n\t<meta name=\"twitter:data1\" content=\"admin\" \/>\n\t<meta name=\"twitter:label2\" content=\"Est. tempo de leitura\" \/>\n\t<meta name=\"twitter:data2\" content=\"2 minutos\" \/>\n<script type=\"application\/ld+json\" class=\"yoast-schema-graph\">{\"@context\":\"https:\/\/schema.org\",\"@graph\":[{\"@type\":\"WebSite\",\"@id\":\"https:\/\/franciscanos.org.br\/noticias\/#website\",\"url\":\"https:\/\/franciscanos.org.br\/noticias\/\",\"name\":\"Not\u00edcias - Franciscanos\",\"description\":\"Prov\u00edncia Franciscana da Imaculada Concei\u00e7\u00e3o do Brasil - Ordem dos Frades Menores - OFM\",\"potentialAction\":[{\"@type\":\"SearchAction\",\"target\":{\"@type\":\"EntryPoint\",\"urlTemplate\":\"https:\/\/franciscanos.org.br\/noticias\/?s={search_term_string}\"},\"query-input\":\"required name=search_term_string\"}],\"inLanguage\":\"pt-BR\"},{\"@type\":\"ImageObject\",\"inLanguage\":\"pt-BR\",\"@id\":\"https:\/\/franciscanos.org.br\/noticias\/um-coracao-rigido-nao-entende-a-misericordia-de-deus.html#primaryimage\",\"url\":\"https:\/\/franciscanos.org.br\/noticias\/wp-content\/uploads\/2017\/10\/marta_270117.jpg\",\"contentUrl\":\"https:\/\/franciscanos.org.br\/noticias\/wp-content\/uploads\/2017\/10\/marta_270117.jpg\",\"width\":273,\"height\":181},{\"@type\":\"WebPage\",\"@id\":\"https:\/\/franciscanos.org.br\/noticias\/um-coracao-rigido-nao-entende-a-misericordia-de-deus.html#webpage\",\"url\":\"https:\/\/franciscanos.org.br\/noticias\/um-coracao-rigido-nao-entende-a-misericordia-de-deus.html\",\"name\":\"\\\"Um cora\u00e7\u00e3o r\u00edgido n\u00e3o entende a miseric\u00f3rdia de Deus\\\" - Not\u00edcias - Franciscanos\",\"isPartOf\":{\"@id\":\"https:\/\/franciscanos.org.br\/noticias\/#website\"},\"primaryImageOfPage\":{\"@id\":\"https:\/\/franciscanos.org.br\/noticias\/um-coracao-rigido-nao-entende-a-misericordia-de-deus.html#primaryimage\"},\"datePublished\":\"2017-10-10T11:21:26+00:00\",\"dateModified\":\"2020-06-08T19:52:08+00:00\",\"author\":{\"@id\":\"https:\/\/franciscanos.org.br\/noticias\/#\/schema\/person\/b38fbf43118f02820bd932f2e4b14ad3\"},\"breadcrumb\":{\"@id\":\"https:\/\/franciscanos.org.br\/noticias\/um-coracao-rigido-nao-entende-a-misericordia-de-deus.html#breadcrumb\"},\"inLanguage\":\"pt-BR\",\"potentialAction\":[{\"@type\":\"ReadAction\",\"target\":[\"https:\/\/franciscanos.org.br\/noticias\/um-coracao-rigido-nao-entende-a-misericordia-de-deus.html\"]}]},{\"@type\":\"BreadcrumbList\",\"@id\":\"https:\/\/franciscanos.org.br\/noticias\/um-coracao-rigido-nao-entende-a-misericordia-de-deus.html#breadcrumb\",\"itemListElement\":[{\"@type\":\"ListItem\",\"position\":1,\"name\":\"Home\",\"item\":\"https:\/\/franciscanos.org.br\/noticias\"},{\"@type\":\"ListItem\",\"position\":2,\"name\":\"&#8220;Um cora\u00e7\u00e3o r\u00edgido n\u00e3o entende a miseric\u00f3rdia de Deus&#8221;\"}]},{\"@type\":\"Person\",\"@id\":\"https:\/\/franciscanos.org.br\/noticias\/#\/schema\/person\/b38fbf43118f02820bd932f2e4b14ad3\",\"name\":\"admin\",\"image\":{\"@type\":\"ImageObject\",\"inLanguage\":\"pt-BR\",\"@id\":\"https:\/\/franciscanos.org.br\/noticias\/#\/schema\/person\/image\/\",\"url\":\"https:\/\/secure.gravatar.com\/avatar\/e8495742d34d0ba6448ea1c628263b3e?s=96&d=mm&r=g\",\"contentUrl\":\"https:\/\/secure.gravatar.com\/avatar\/e8495742d34d0ba6448ea1c628263b3e?s=96&d=mm&r=g\",\"caption\":\"admin\"},\"url\":\"https:\/\/franciscanos.org.br\/noticias\/author\/admin\"}]}<\/script>\n<!-- \/ Yoast SEO plugin. -->","yoast_head_json":{"title":"\"Um cora\u00e7\u00e3o r\u00edgido n\u00e3o entende a miseric\u00f3rdia de Deus\" - Not\u00edcias - Franciscanos","robots":{"index":"index","follow":"follow","max-snippet":"max-snippet:-1","max-image-preview":"max-image-preview:large","max-video-preview":"max-video-preview:-1"},"canonical":"https:\/\/franciscanos.org.br\/noticias\/um-coracao-rigido-nao-entende-a-misericordia-de-deus.html","og_locale":"pt_BR","og_type":"article","og_title":"\"Um cora\u00e7\u00e3o r\u00edgido n\u00e3o entende a miseric\u00f3rdia de Deus\" - Not\u00edcias - Franciscanos","og_description":"Missa em Santa Marta","og_url":"https:\/\/franciscanos.org.br\/noticias\/um-coracao-rigido-nao-entende-a-misericordia-de-deus.html","og_site_name":"Not\u00edcias - Franciscanos","article_published_time":"2017-10-10T11:21:26+00:00","article_modified_time":"2020-06-08T19:52:08+00:00","og_image":[{"width":273,"height":181,"url":"https:\/\/franciscanos.org.br\/noticias\/wp-content\/uploads\/2017\/10\/marta_270117.jpg","type":"image\/jpeg"}],"author":"admin","twitter_card":"summary_large_image","twitter_misc":{"Escrito por":"admin","Est. tempo de leitura":"2 minutos"},"schema":{"@context":"https:\/\/schema.org","@graph":[{"@type":"WebSite","@id":"https:\/\/franciscanos.org.br\/noticias\/#website","url":"https:\/\/franciscanos.org.br\/noticias\/","name":"Not\u00edcias - Franciscanos","description":"Prov\u00edncia Franciscana da Imaculada Concei\u00e7\u00e3o do Brasil - Ordem dos Frades Menores - OFM","potentialAction":[{"@type":"SearchAction","target":{"@type":"EntryPoint","urlTemplate":"https:\/\/franciscanos.org.br\/noticias\/?s={search_term_string}"},"query-input":"required name=search_term_string"}],"inLanguage":"pt-BR"},{"@type":"ImageObject","inLanguage":"pt-BR","@id":"https:\/\/franciscanos.org.br\/noticias\/um-coracao-rigido-nao-entende-a-misericordia-de-deus.html#primaryimage","url":"https:\/\/franciscanos.org.br\/noticias\/wp-content\/uploads\/2017\/10\/marta_270117.jpg","contentUrl":"https:\/\/franciscanos.org.br\/noticias\/wp-content\/uploads\/2017\/10\/marta_270117.jpg","width":273,"height":181},{"@type":"WebPage","@id":"https:\/\/franciscanos.org.br\/noticias\/um-coracao-rigido-nao-entende-a-misericordia-de-deus.html#webpage","url":"https:\/\/franciscanos.org.br\/noticias\/um-coracao-rigido-nao-entende-a-misericordia-de-deus.html","name":"\"Um cora\u00e7\u00e3o r\u00edgido n\u00e3o entende a miseric\u00f3rdia de Deus\" - Not\u00edcias - Franciscanos","isPartOf":{"@id":"https:\/\/franciscanos.org.br\/noticias\/#website"},"primaryImageOfPage":{"@id":"https:\/\/franciscanos.org.br\/noticias\/um-coracao-rigido-nao-entende-a-misericordia-de-deus.html#primaryimage"},"datePublished":"2017-10-10T11:21:26+00:00","dateModified":"2020-06-08T19:52:08+00:00","author":{"@id":"https:\/\/franciscanos.org.br\/noticias\/#\/schema\/person\/b38fbf43118f02820bd932f2e4b14ad3"},"breadcrumb":{"@id":"https:\/\/franciscanos.org.br\/noticias\/um-coracao-rigido-nao-entende-a-misericordia-de-deus.html#breadcrumb"},"inLanguage":"pt-BR","potentialAction":[{"@type":"ReadAction","target":["https:\/\/franciscanos.org.br\/noticias\/um-coracao-rigido-nao-entende-a-misericordia-de-deus.html"]}]},{"@type":"BreadcrumbList","@id":"https:\/\/franciscanos.org.br\/noticias\/um-coracao-rigido-nao-entende-a-misericordia-de-deus.html#breadcrumb","itemListElement":[{"@type":"ListItem","position":1,"name":"Home","item":"https:\/\/franciscanos.org.br\/noticias"},{"@type":"ListItem","position":2,"name":"&#8220;Um cora\u00e7\u00e3o r\u00edgido n\u00e3o entende a miseric\u00f3rdia de Deus&#8221;"}]},{"@type":"Person","@id":"https:\/\/franciscanos.org.br\/noticias\/#\/schema\/person\/b38fbf43118f02820bd932f2e4b14ad3","name":"admin","image":{"@type":"ImageObject","inLanguage":"pt-BR","@id":"https:\/\/franciscanos.org.br\/noticias\/#\/schema\/person\/image\/","url":"https:\/\/secure.gravatar.com\/avatar\/e8495742d34d0ba6448ea1c628263b3e?s=96&d=mm&r=g","contentUrl":"https:\/\/secure.gravatar.com\/avatar\/e8495742d34d0ba6448ea1c628263b3e?s=96&d=mm&r=g","caption":"admin"},"url":"https:\/\/franciscanos.org.br\/noticias\/author\/admin"}]}},"_links":{"self":[{"href":"https:\/\/franciscanos.org.br\/noticias\/wp-json\/wp\/v2\/posts\/143744"}],"collection":[{"href":"https:\/\/franciscanos.org.br\/noticias\/wp-json\/wp\/v2\/posts"}],"about":[{"href":"https:\/\/franciscanos.org.br\/noticias\/wp-json\/wp\/v2\/types\/post"}],"author":[{"embeddable":true,"href":"https:\/\/franciscanos.org.br\/noticias\/wp-json\/wp\/v2\/users\/1"}],"replies":[{"embeddable":true,"href":"https:\/\/franciscanos.org.br\/noticias\/wp-json\/wp\/v2\/comments?post=143744"}],"version-history":[{"count":1,"href":"https:\/\/franciscanos.org.br\/noticias\/wp-json\/wp\/v2\/posts\/143744\/revisions"}],"predecessor-version":[{"id":225222,"href":"https:\/\/franciscanos.org.br\/noticias\/wp-json\/wp\/v2\/posts\/143744\/revisions\/225222"}],"wp:featuredmedia":[{"embeddable":true,"href":"https:\/\/franciscanos.org.br\/noticias\/wp-json\/wp\/v2\/media\/203512"}],"wp:attachment":[{"href":"https:\/\/franciscanos.org.br\/noticias\/wp-json\/wp\/v2\/media?parent=143744"}],"wp:term":[{"taxonomy":"category","embeddable":true,"href":"https:\/\/franciscanos.org.br\/noticias\/wp-json\/wp\/v2\/categories?post=143744"},{"taxonomy":"post_tag","embeddable":true,"href":"https:\/\/franciscanos.org.br\/noticias\/wp-json\/wp\/v2\/tags?post=143744"}],"curies":[{"name":"wp","href":"https:\/\/api.w.org\/{rel}","templated":true}]}}