{"id":143589,"date":"2017-10-09T08:33:37","date_gmt":"2017-10-09T11:33:37","guid":{"rendered":"http:\/\/franciscanos.org.br\/?p=143589"},"modified":"2019-04-26T10:11:35","modified_gmt":"2019-04-26T13:11:35","slug":"frei-clarencio-lanca-livro-sobre-os-50-anos-do-santuario","status":"publish","type":"post","link":"https:\/\/franciscanos.org.br\/noticias\/frei-clarencio-lanca-livro-sobre-os-50-anos-do-santuario.html","title":{"rendered":"Frei Clar\u00eancio lan\u00e7a livro sobre os 50 anos do Santu\u00e1rio"},"content":{"rendered":"<p><img loading=\"lazy\" src=\"http:\/\/franciscanos.org.br\/wp-content\/uploads\/2017\/10\/vilavelha_091017.jpg\" alt=\"vilavelha_091017\" width=\"820\" height=\"522\" \/><\/p>\n<p>Desde a festa de S\u00e3o Francisco de 2016 at\u00e9 a festa de S\u00e3o Francisco de 2017, a Comunidade do Santu\u00e1rio do Divino Esp\u00edrito Santo em Vila Velha celebrou de diferentes maneiras os 50 anos de inaugura\u00e7\u00e3o do templo, em abril de 1967.<\/p>\n<p><img loading=\"lazy\" class=\"alignright size-full wp-image-143597\" src=\"http:\/\/franciscanos.org.br\/wp-content\/uploads\/2017\/10\/clarencio_091017.jpg\" alt=\"clarencio_091017\" width=\"256\" height=\"400\" \/>Agora, Frei Clar\u00eancio Neotti lan\u00e7a um livro com a hist\u00f3ria do Santu\u00e1rio, desde a compra do terreno, passando por sua constru\u00e7\u00e3o e diferentes restauros. Baseado no livro de Tombo, na Cr\u00f4nica da Casa e no\u00a0depoimento de muitos paroquianos que participaram em primeira pessoa da constru\u00e7\u00e3o, Frei Clar\u00eancio conseguiu montar a hist\u00f3ria da que hoje \u00e9 a mais espa\u00e7osa igreja do Estado do Esp\u00edrito Santo. &#8220;Embora concebido antes, o Santu\u00e1rio nasceu durante o Conc\u00edlio Vaticano II (outubro de 1962 a dezembro de 1965) e foi inaugurado um ano e quase quatro meses depois de terminada a magna assembleia mundial no Vaticano&#8221;, explica Frei Clar\u00eancio.<\/p>\n<p>N\u00e3o \u00e9 a hist\u00f3ria da comunidade que se desenvolveu no Santu\u00e1rio, mas a hist\u00f3ria do Santu\u00e1rio como constru\u00e7\u00e3o, em estilo basilical moderno; o edif\u00edcio que serve de sede funcional da par\u00f3quia do Ros\u00e1rio, criada em 1562, desmembrada da\u00a0par\u00f3quia de Salvador da Bahia.<\/p>\n<p>Frei Clar\u00eancio conseguiu fazer o elenco completo de todos os Franciscanos que trabalharam no Santu\u00e1rio como p\u00e1rocos ou coadjutores e o per\u00edodo exato em que atuaram.<\/p>\n<p>O livro, de 150 p\u00e1ginas, \u00e9 uma coedi\u00e7\u00e3o do Santu\u00e1rio e do Instituto Hist\u00f3rico e Geogr\u00e1fico de Vila Velha. Foi lan\u00e7ado\u00a0em outubro, ao mesmo tempo em que uma das naves do Santu\u00e1rio mostrava uma exposi\u00e7\u00e3o de fotografias da\u00a0constru\u00e7\u00e3o e do uso do Santu\u00e1rio. O t\u00edtulo &#8220;Santu\u00e1rio&#8221; foi dado pelo povo, em contrabalan\u00e7o a &#8220;Convento&#8221; que \u00e9 o conjunto da Penha.<\/p>\n<p>Segundo Luiz Paulo Rangel, presidente do Instituto Hist\u00f3rico e Geogr\u00e1fico de Vila Velha, o edif\u00edcio do Santu\u00e1rio foi durante muito tempo um marco das grandes obras de arquitetura do Estado, juntamente com obras mais antigas, tais como o Convento da Penha, o Pal\u00e1cio Anchieta e o Col\u00e9gio do Carmo, e com as contempor\u00e2neas a ele: o Col\u00e9gio Marista e o Col\u00e9gio Salesiano.<\/p>\n","protected":false},"excerpt":{"rendered":"<p>Santu\u00e1rio do Divino Esp\u00edrito Santo de Vila Velha<\/p>\n","protected":false},"author":1,"featured_media":203506,"comment_status":"open","ping_status":"open","sticky":false,"template":"","format":"standard","meta":[],"categories":[1],"tags":[1245,1180],"acf":[],"yoast_head":"<!-- This site is optimized with the Yoast SEO plugin v19.2 - https:\/\/yoast.com\/wordpress\/plugins\/seo\/ -->\n<title>Frei Clar\u00eancio lan\u00e7a livro sobre os 50 anos do Santu\u00e1rio - Not\u00edcias - Franciscanos<\/title>\n<meta name=\"robots\" content=\"index, follow, max-snippet:-1, max-image-preview:large, max-video-preview:-1\" \/>\n<link rel=\"canonical\" href=\"https:\/\/franciscanos.org.br\/noticias\/frei-clarencio-lanca-livro-sobre-os-50-anos-do-santuario.html\" \/>\n<meta property=\"og:locale\" content=\"pt_BR\" \/>\n<meta property=\"og:type\" content=\"article\" \/>\n<meta property=\"og:title\" content=\"Frei Clar\u00eancio lan\u00e7a livro sobre os 50 anos do Santu\u00e1rio - Not\u00edcias - Franciscanos\" \/>\n<meta property=\"og:description\" content=\"Santu\u00e1rio do Divino Esp\u00edrito Santo de Vila Velha\" \/>\n<meta property=\"og:url\" content=\"https:\/\/franciscanos.org.br\/noticias\/frei-clarencio-lanca-livro-sobre-os-50-anos-do-santuario.html\" \/>\n<meta property=\"og:site_name\" content=\"Not\u00edcias - Franciscanos\" \/>\n<meta property=\"article:published_time\" content=\"2017-10-09T11:33:37+00:00\" \/>\n<meta property=\"article:modified_time\" content=\"2019-04-26T13:11:35+00:00\" \/>\n<meta property=\"og:image\" content=\"https:\/\/franciscanos.org.br\/noticias\/wp-content\/uploads\/2017\/10\/vilavelha_091017.jpg\" \/>\n\t<meta property=\"og:image:width\" content=\"273\" \/>\n\t<meta property=\"og:image:height\" content=\"181\" \/>\n\t<meta property=\"og:image:type\" content=\"image\/jpeg\" \/>\n<meta name=\"author\" content=\"admin\" \/>\n<meta name=\"twitter:card\" content=\"summary_large_image\" \/>\n<meta name=\"twitter:label1\" content=\"Escrito por\" \/>\n\t<meta name=\"twitter:data1\" content=\"admin\" \/>\n\t<meta name=\"twitter:label2\" content=\"Est. tempo de leitura\" \/>\n\t<meta name=\"twitter:data2\" content=\"2 minutos\" \/>\n<script type=\"application\/ld+json\" class=\"yoast-schema-graph\">{\"@context\":\"https:\/\/schema.org\",\"@graph\":[{\"@type\":\"WebSite\",\"@id\":\"https:\/\/franciscanos.org.br\/noticias\/#website\",\"url\":\"https:\/\/franciscanos.org.br\/noticias\/\",\"name\":\"Not\u00edcias - Franciscanos\",\"description\":\"Prov\u00edncia Franciscana da Imaculada Concei\u00e7\u00e3o do Brasil - Ordem dos Frades Menores - OFM\",\"potentialAction\":[{\"@type\":\"SearchAction\",\"target\":{\"@type\":\"EntryPoint\",\"urlTemplate\":\"https:\/\/franciscanos.org.br\/noticias\/?s={search_term_string}\"},\"query-input\":\"required name=search_term_string\"}],\"inLanguage\":\"pt-BR\"},{\"@type\":\"ImageObject\",\"inLanguage\":\"pt-BR\",\"@id\":\"https:\/\/franciscanos.org.br\/noticias\/frei-clarencio-lanca-livro-sobre-os-50-anos-do-santuario.html#primaryimage\",\"url\":\"https:\/\/franciscanos.org.br\/noticias\/wp-content\/uploads\/2017\/10\/vilavelha_091017.jpg\",\"contentUrl\":\"https:\/\/franciscanos.org.br\/noticias\/wp-content\/uploads\/2017\/10\/vilavelha_091017.jpg\",\"width\":273,\"height\":181},{\"@type\":\"WebPage\",\"@id\":\"https:\/\/franciscanos.org.br\/noticias\/frei-clarencio-lanca-livro-sobre-os-50-anos-do-santuario.html#webpage\",\"url\":\"https:\/\/franciscanos.org.br\/noticias\/frei-clarencio-lanca-livro-sobre-os-50-anos-do-santuario.html\",\"name\":\"Frei Clar\u00eancio lan\u00e7a livro sobre os 50 anos do Santu\u00e1rio - Not\u00edcias - Franciscanos\",\"isPartOf\":{\"@id\":\"https:\/\/franciscanos.org.br\/noticias\/#website\"},\"primaryImageOfPage\":{\"@id\":\"https:\/\/franciscanos.org.br\/noticias\/frei-clarencio-lanca-livro-sobre-os-50-anos-do-santuario.html#primaryimage\"},\"datePublished\":\"2017-10-09T11:33:37+00:00\",\"dateModified\":\"2019-04-26T13:11:35+00:00\",\"author\":{\"@id\":\"https:\/\/franciscanos.org.br\/noticias\/#\/schema\/person\/b38fbf43118f02820bd932f2e4b14ad3\"},\"breadcrumb\":{\"@id\":\"https:\/\/franciscanos.org.br\/noticias\/frei-clarencio-lanca-livro-sobre-os-50-anos-do-santuario.html#breadcrumb\"},\"inLanguage\":\"pt-BR\",\"potentialAction\":[{\"@type\":\"ReadAction\",\"target\":[\"https:\/\/franciscanos.org.br\/noticias\/frei-clarencio-lanca-livro-sobre-os-50-anos-do-santuario.html\"]}]},{\"@type\":\"BreadcrumbList\",\"@id\":\"https:\/\/franciscanos.org.br\/noticias\/frei-clarencio-lanca-livro-sobre-os-50-anos-do-santuario.html#breadcrumb\",\"itemListElement\":[{\"@type\":\"ListItem\",\"position\":1,\"name\":\"Home\",\"item\":\"https:\/\/franciscanos.org.br\/noticias\"},{\"@type\":\"ListItem\",\"position\":2,\"name\":\"Frei Clar\u00eancio lan\u00e7a livro sobre os 50 anos do Santu\u00e1rio\"}]},{\"@type\":\"Person\",\"@id\":\"https:\/\/franciscanos.org.br\/noticias\/#\/schema\/person\/b38fbf43118f02820bd932f2e4b14ad3\",\"name\":\"admin\",\"image\":{\"@type\":\"ImageObject\",\"inLanguage\":\"pt-BR\",\"@id\":\"https:\/\/franciscanos.org.br\/noticias\/#\/schema\/person\/image\/\",\"url\":\"https:\/\/secure.gravatar.com\/avatar\/e8495742d34d0ba6448ea1c628263b3e?s=96&d=mm&r=g\",\"contentUrl\":\"https:\/\/secure.gravatar.com\/avatar\/e8495742d34d0ba6448ea1c628263b3e?s=96&d=mm&r=g\",\"caption\":\"admin\"},\"url\":\"https:\/\/franciscanos.org.br\/noticias\/author\/admin\"}]}<\/script>\n<!-- \/ Yoast SEO plugin. -->","yoast_head_json":{"title":"Frei Clar\u00eancio lan\u00e7a livro sobre os 50 anos do Santu\u00e1rio - Not\u00edcias - Franciscanos","robots":{"index":"index","follow":"follow","max-snippet":"max-snippet:-1","max-image-preview":"max-image-preview:large","max-video-preview":"max-video-preview:-1"},"canonical":"https:\/\/franciscanos.org.br\/noticias\/frei-clarencio-lanca-livro-sobre-os-50-anos-do-santuario.html","og_locale":"pt_BR","og_type":"article","og_title":"Frei Clar\u00eancio lan\u00e7a livro sobre os 50 anos do Santu\u00e1rio - Not\u00edcias - Franciscanos","og_description":"Santu\u00e1rio do Divino Esp\u00edrito Santo de Vila Velha","og_url":"https:\/\/franciscanos.org.br\/noticias\/frei-clarencio-lanca-livro-sobre-os-50-anos-do-santuario.html","og_site_name":"Not\u00edcias - Franciscanos","article_published_time":"2017-10-09T11:33:37+00:00","article_modified_time":"2019-04-26T13:11:35+00:00","og_image":[{"width":273,"height":181,"url":"https:\/\/franciscanos.org.br\/noticias\/wp-content\/uploads\/2017\/10\/vilavelha_091017.jpg","type":"image\/jpeg"}],"author":"admin","twitter_card":"summary_large_image","twitter_misc":{"Escrito por":"admin","Est. tempo de leitura":"2 minutos"},"schema":{"@context":"https:\/\/schema.org","@graph":[{"@type":"WebSite","@id":"https:\/\/franciscanos.org.br\/noticias\/#website","url":"https:\/\/franciscanos.org.br\/noticias\/","name":"Not\u00edcias - Franciscanos","description":"Prov\u00edncia Franciscana da Imaculada Concei\u00e7\u00e3o do Brasil - Ordem dos Frades Menores - OFM","potentialAction":[{"@type":"SearchAction","target":{"@type":"EntryPoint","urlTemplate":"https:\/\/franciscanos.org.br\/noticias\/?s={search_term_string}"},"query-input":"required name=search_term_string"}],"inLanguage":"pt-BR"},{"@type":"ImageObject","inLanguage":"pt-BR","@id":"https:\/\/franciscanos.org.br\/noticias\/frei-clarencio-lanca-livro-sobre-os-50-anos-do-santuario.html#primaryimage","url":"https:\/\/franciscanos.org.br\/noticias\/wp-content\/uploads\/2017\/10\/vilavelha_091017.jpg","contentUrl":"https:\/\/franciscanos.org.br\/noticias\/wp-content\/uploads\/2017\/10\/vilavelha_091017.jpg","width":273,"height":181},{"@type":"WebPage","@id":"https:\/\/franciscanos.org.br\/noticias\/frei-clarencio-lanca-livro-sobre-os-50-anos-do-santuario.html#webpage","url":"https:\/\/franciscanos.org.br\/noticias\/frei-clarencio-lanca-livro-sobre-os-50-anos-do-santuario.html","name":"Frei Clar\u00eancio lan\u00e7a livro sobre os 50 anos do Santu\u00e1rio - Not\u00edcias - Franciscanos","isPartOf":{"@id":"https:\/\/franciscanos.org.br\/noticias\/#website"},"primaryImageOfPage":{"@id":"https:\/\/franciscanos.org.br\/noticias\/frei-clarencio-lanca-livro-sobre-os-50-anos-do-santuario.html#primaryimage"},"datePublished":"2017-10-09T11:33:37+00:00","dateModified":"2019-04-26T13:11:35+00:00","author":{"@id":"https:\/\/franciscanos.org.br\/noticias\/#\/schema\/person\/b38fbf43118f02820bd932f2e4b14ad3"},"breadcrumb":{"@id":"https:\/\/franciscanos.org.br\/noticias\/frei-clarencio-lanca-livro-sobre-os-50-anos-do-santuario.html#breadcrumb"},"inLanguage":"pt-BR","potentialAction":[{"@type":"ReadAction","target":["https:\/\/franciscanos.org.br\/noticias\/frei-clarencio-lanca-livro-sobre-os-50-anos-do-santuario.html"]}]},{"@type":"BreadcrumbList","@id":"https:\/\/franciscanos.org.br\/noticias\/frei-clarencio-lanca-livro-sobre-os-50-anos-do-santuario.html#breadcrumb","itemListElement":[{"@type":"ListItem","position":1,"name":"Home","item":"https:\/\/franciscanos.org.br\/noticias"},{"@type":"ListItem","position":2,"name":"Frei Clar\u00eancio lan\u00e7a livro sobre os 50 anos do Santu\u00e1rio"}]},{"@type":"Person","@id":"https:\/\/franciscanos.org.br\/noticias\/#\/schema\/person\/b38fbf43118f02820bd932f2e4b14ad3","name":"admin","image":{"@type":"ImageObject","inLanguage":"pt-BR","@id":"https:\/\/franciscanos.org.br\/noticias\/#\/schema\/person\/image\/","url":"https:\/\/secure.gravatar.com\/avatar\/e8495742d34d0ba6448ea1c628263b3e?s=96&d=mm&r=g","contentUrl":"https:\/\/secure.gravatar.com\/avatar\/e8495742d34d0ba6448ea1c628263b3e?s=96&d=mm&r=g","caption":"admin"},"url":"https:\/\/franciscanos.org.br\/noticias\/author\/admin"}]}},"_links":{"self":[{"href":"https:\/\/franciscanos.org.br\/noticias\/wp-json\/wp\/v2\/posts\/143589"}],"collection":[{"href":"https:\/\/franciscanos.org.br\/noticias\/wp-json\/wp\/v2\/posts"}],"about":[{"href":"https:\/\/franciscanos.org.br\/noticias\/wp-json\/wp\/v2\/types\/post"}],"author":[{"embeddable":true,"href":"https:\/\/franciscanos.org.br\/noticias\/wp-json\/wp\/v2\/users\/1"}],"replies":[{"embeddable":true,"href":"https:\/\/franciscanos.org.br\/noticias\/wp-json\/wp\/v2\/comments?post=143589"}],"version-history":[{"count":0,"href":"https:\/\/franciscanos.org.br\/noticias\/wp-json\/wp\/v2\/posts\/143589\/revisions"}],"wp:featuredmedia":[{"embeddable":true,"href":"https:\/\/franciscanos.org.br\/noticias\/wp-json\/wp\/v2\/media\/203506"}],"wp:attachment":[{"href":"https:\/\/franciscanos.org.br\/noticias\/wp-json\/wp\/v2\/media?parent=143589"}],"wp:term":[{"taxonomy":"category","embeddable":true,"href":"https:\/\/franciscanos.org.br\/noticias\/wp-json\/wp\/v2\/categories?post=143589"},{"taxonomy":"post_tag","embeddable":true,"href":"https:\/\/franciscanos.org.br\/noticias\/wp-json\/wp\/v2\/tags?post=143589"}],"curies":[{"name":"wp","href":"https:\/\/api.w.org\/{rel}","templated":true}]}}