{"id":14356,"date":"2012-04-02T08:33:45","date_gmt":"2012-04-02T11:33:45","guid":{"rendered":"http:\/\/new.franciscanos.org.br\/?p=14356"},"modified":"2019-09-17T09:30:15","modified_gmt":"2019-09-17T12:30:15","slug":"familia-franciscana-do-sub-regional-florianopolis-se-reuniu-sabado","status":"publish","type":"post","link":"https:\/\/franciscanos.org.br\/noticias\/familia-franciscana-do-sub-regional-florianopolis-se-reuniu-sabado.html","title":{"rendered":"Fam\u00edlia Franciscana do Sub-Regional Florian\u00f3polis se reuniu s\u00e1bado"},"content":{"rendered":"<p><img loading=\"lazy\" class=\"alignleft size-full wp-image-14358\" title=\"1826_020412\" src=\"http:\/\/franciscanos.org.br\/wp-content\/uploads\/2012\/04\/1826_020412.jpg\" alt=\"\" width=\"300\" height=\"202\" \/><br \/>\nIrm\u00e3os e Irm\u00e3s de diversas Fraternidades do Sub-Regional Florian\u00f3polis (SC) da Fam\u00edlia Franciscana se reuniram neste s\u00e1bado (31\/3) no Col\u00e9gio Menino Jesus, no centro da cidade. O encontro teve como tema \u201cClara de Assis e de hoje: caminho de unidade\u201d e foi organizado pela Irm\u00e3 Eunice Berri (Catequista Franciscana), com forma\u00e7\u00e3o sob responsabilidade da Irm\u00e3 Irene Novak (Franciscana da Sant\u00edssima Trindade).<br \/>\nEm sua explana\u00e7\u00e3o, Ir. Irene apresentou o eixo central da vida na Fam\u00edlia Franciscana: unidade, irmandade e conviv\u00eancia. Disse que, assim como Clara de Assis, devemos buscar estrat\u00e9gias, criar canais de di\u00e1logo, de comunh\u00e3o nas diferen\u00e7as, participa\u00e7\u00e3o correspons\u00e1vel e intera\u00e7\u00e3o entre os irm\u00e3os. Divididos em sub-grupos, representantes da OFS, JUFRA, Religiosas e dois Aspirantes OFM (Diego Souza Rabelo e Erick de Ara\u00fajo L\u00e1zaro), trouxeram como respostas para o questionamento \u201ccomo ser Franciscano em nossos dias?\u201d: ter convic\u00e7\u00e3o determinada, mas n\u00e3o autorit\u00e1ria; ter unidade, cada um respeitando as caracter\u00edsticas do outro (cada um de n\u00f3s complementa ao outro); contemplar a Cristo crucificado; aprender que algumas coisas nas Escrituras s\u00e3o dif\u00edceis de se praticar sozinho, mas com Cristo na Eucaristia, nada fica imposs\u00edvel de ser feito; olhar sempre para Cristo; ir \u00e0 Igreja por Jesus Cristo; enfrentar \u00e0s adversidades com paci\u00eancia; respeitar homens e mulheres e saber viver com todos como irm\u00e3os; acerca da vida nos mosteiros, deve haver a conviv\u00eancia (sem conviv\u00eancia, n\u00e3o h\u00e1 unidade e fraternidade); n\u00e3o devemos ter uma \u201ccarteirinha de franciscanos\u201d ou ter \u201cescrito na testa\u201d que somos franciscanos, mas devemos ser franciscanos atrav\u00e9s dos nossos gestos e nossas atitudes; se colocar sempre \u00e0 servi\u00e7o; dar espa\u00e7o \u00e0s discuss\u00f5es, especialmente no que tange \u00e0 vida em sociedade, envolvendo inclusive a discuss\u00e3o pol\u00edtica; valorizar a economia solid\u00e1ria; se tornar exclu\u00eddo para acolher aos exclu\u00eddos.<br \/>\nO jufrista Maicos Albrecht da Luz, por sua vez, questionou: &#8220;Diante disso tudo, o que n\u00f3s podemos fazer?&#8221; Irm\u00e3 Irene respondeu: &#8220;N\u00f3s podemos conhecer, buscar saber. S\u00f3 assim poderemos vivenciar&#8221;. Ao final, antes da confraterniza\u00e7\u00e3o, houve a elei\u00e7\u00e3o da nova composi\u00e7\u00e3o do Conselho do Sub-Regional, com representantes das religiosas, da OFS, Frades e da JUFRA. Novo encontro da Fam\u00edlia Franciscana foi agendado para o dia 1\u00b0 de dezembro, no Col\u00e9gio Santa Catarina, em Florian\u00f3polis.<br \/>\n<strong>Leonardo Contin da Costa, especial para este site<\/strong><\/p>\n<p>[nggallery id=158]<\/p>\n","protected":false},"excerpt":{"rendered":"<p>FFB<\/p>\n","protected":false},"author":1,"featured_media":211079,"comment_status":"closed","ping_status":"closed","sticky":false,"template":"","format":"standard","meta":[],"categories":[1],"tags":[203],"acf":[],"yoast_head":"<!-- This site is optimized with the Yoast SEO plugin v19.2 - https:\/\/yoast.com\/wordpress\/plugins\/seo\/ -->\n<title>Fam\u00edlia Franciscana do Sub-Regional Florian\u00f3polis se reuniu s\u00e1bado - Not\u00edcias - Franciscanos<\/title>\n<meta name=\"robots\" content=\"index, follow, max-snippet:-1, max-image-preview:large, max-video-preview:-1\" \/>\n<link rel=\"canonical\" href=\"https:\/\/franciscanos.org.br\/noticias\/familia-franciscana-do-sub-regional-florianopolis-se-reuniu-sabado.html\" \/>\n<meta property=\"og:locale\" content=\"pt_BR\" \/>\n<meta property=\"og:type\" content=\"article\" \/>\n<meta property=\"og:title\" content=\"Fam\u00edlia Franciscana do Sub-Regional Florian\u00f3polis se reuniu s\u00e1bado - Not\u00edcias - Franciscanos\" \/>\n<meta property=\"og:description\" content=\"FFB\" \/>\n<meta property=\"og:url\" content=\"https:\/\/franciscanos.org.br\/noticias\/familia-franciscana-do-sub-regional-florianopolis-se-reuniu-sabado.html\" \/>\n<meta property=\"og:site_name\" content=\"Not\u00edcias - Franciscanos\" \/>\n<meta property=\"article:published_time\" content=\"2012-04-02T11:33:45+00:00\" \/>\n<meta property=\"article:modified_time\" content=\"2019-09-17T12:30:15+00:00\" \/>\n<meta property=\"og:image\" content=\"https:\/\/franciscanos.org.br\/noticias\/wp-content\/uploads\/2012\/04\/1826_020412.jpg\" \/>\n\t<meta property=\"og:image:width\" content=\"273\" \/>\n\t<meta property=\"og:image:height\" content=\"180\" \/>\n\t<meta property=\"og:image:type\" content=\"image\/jpeg\" \/>\n<meta name=\"author\" content=\"admin\" \/>\n<meta name=\"twitter:card\" content=\"summary_large_image\" \/>\n<meta name=\"twitter:label1\" content=\"Escrito por\" \/>\n\t<meta name=\"twitter:data1\" content=\"admin\" \/>\n\t<meta name=\"twitter:label2\" content=\"Est. tempo de leitura\" \/>\n\t<meta name=\"twitter:data2\" content=\"2 minutos\" \/>\n<script type=\"application\/ld+json\" class=\"yoast-schema-graph\">{\"@context\":\"https:\/\/schema.org\",\"@graph\":[{\"@type\":\"WebSite\",\"@id\":\"https:\/\/franciscanos.org.br\/noticias\/#website\",\"url\":\"https:\/\/franciscanos.org.br\/noticias\/\",\"name\":\"Not\u00edcias - Franciscanos\",\"description\":\"Prov\u00edncia Franciscana da Imaculada Concei\u00e7\u00e3o do Brasil - Ordem dos Frades Menores - OFM\",\"potentialAction\":[{\"@type\":\"SearchAction\",\"target\":{\"@type\":\"EntryPoint\",\"urlTemplate\":\"https:\/\/franciscanos.org.br\/noticias\/?s={search_term_string}\"},\"query-input\":\"required name=search_term_string\"}],\"inLanguage\":\"pt-BR\"},{\"@type\":\"ImageObject\",\"inLanguage\":\"pt-BR\",\"@id\":\"https:\/\/franciscanos.org.br\/noticias\/familia-franciscana-do-sub-regional-florianopolis-se-reuniu-sabado.html#primaryimage\",\"url\":\"https:\/\/franciscanos.org.br\/noticias\/wp-content\/uploads\/2012\/04\/1826_020412.jpg\",\"contentUrl\":\"https:\/\/franciscanos.org.br\/noticias\/wp-content\/uploads\/2012\/04\/1826_020412.jpg\",\"width\":273,\"height\":180},{\"@type\":\"WebPage\",\"@id\":\"https:\/\/franciscanos.org.br\/noticias\/familia-franciscana-do-sub-regional-florianopolis-se-reuniu-sabado.html#webpage\",\"url\":\"https:\/\/franciscanos.org.br\/noticias\/familia-franciscana-do-sub-regional-florianopolis-se-reuniu-sabado.html\",\"name\":\"Fam\u00edlia Franciscana do Sub-Regional Florian\u00f3polis se reuniu s\u00e1bado - Not\u00edcias - Franciscanos\",\"isPartOf\":{\"@id\":\"https:\/\/franciscanos.org.br\/noticias\/#website\"},\"primaryImageOfPage\":{\"@id\":\"https:\/\/franciscanos.org.br\/noticias\/familia-franciscana-do-sub-regional-florianopolis-se-reuniu-sabado.html#primaryimage\"},\"datePublished\":\"2012-04-02T11:33:45+00:00\",\"dateModified\":\"2019-09-17T12:30:15+00:00\",\"author\":{\"@id\":\"https:\/\/franciscanos.org.br\/noticias\/#\/schema\/person\/b38fbf43118f02820bd932f2e4b14ad3\"},\"breadcrumb\":{\"@id\":\"https:\/\/franciscanos.org.br\/noticias\/familia-franciscana-do-sub-regional-florianopolis-se-reuniu-sabado.html#breadcrumb\"},\"inLanguage\":\"pt-BR\",\"potentialAction\":[{\"@type\":\"ReadAction\",\"target\":[\"https:\/\/franciscanos.org.br\/noticias\/familia-franciscana-do-sub-regional-florianopolis-se-reuniu-sabado.html\"]}]},{\"@type\":\"BreadcrumbList\",\"@id\":\"https:\/\/franciscanos.org.br\/noticias\/familia-franciscana-do-sub-regional-florianopolis-se-reuniu-sabado.html#breadcrumb\",\"itemListElement\":[{\"@type\":\"ListItem\",\"position\":1,\"name\":\"Home\",\"item\":\"https:\/\/franciscanos.org.br\/noticias\"},{\"@type\":\"ListItem\",\"position\":2,\"name\":\"Fam\u00edlia Franciscana do Sub-Regional Florian\u00f3polis se reuniu s\u00e1bado\"}]},{\"@type\":\"Person\",\"@id\":\"https:\/\/franciscanos.org.br\/noticias\/#\/schema\/person\/b38fbf43118f02820bd932f2e4b14ad3\",\"name\":\"admin\",\"image\":{\"@type\":\"ImageObject\",\"inLanguage\":\"pt-BR\",\"@id\":\"https:\/\/franciscanos.org.br\/noticias\/#\/schema\/person\/image\/\",\"url\":\"https:\/\/secure.gravatar.com\/avatar\/e8495742d34d0ba6448ea1c628263b3e?s=96&d=mm&r=g\",\"contentUrl\":\"https:\/\/secure.gravatar.com\/avatar\/e8495742d34d0ba6448ea1c628263b3e?s=96&d=mm&r=g\",\"caption\":\"admin\"},\"url\":\"https:\/\/franciscanos.org.br\/noticias\/author\/admin\"}]}<\/script>\n<!-- \/ Yoast SEO plugin. -->","yoast_head_json":{"title":"Fam\u00edlia Franciscana do Sub-Regional Florian\u00f3polis se reuniu s\u00e1bado - Not\u00edcias - Franciscanos","robots":{"index":"index","follow":"follow","max-snippet":"max-snippet:-1","max-image-preview":"max-image-preview:large","max-video-preview":"max-video-preview:-1"},"canonical":"https:\/\/franciscanos.org.br\/noticias\/familia-franciscana-do-sub-regional-florianopolis-se-reuniu-sabado.html","og_locale":"pt_BR","og_type":"article","og_title":"Fam\u00edlia Franciscana do Sub-Regional Florian\u00f3polis se reuniu s\u00e1bado - Not\u00edcias - Franciscanos","og_description":"FFB","og_url":"https:\/\/franciscanos.org.br\/noticias\/familia-franciscana-do-sub-regional-florianopolis-se-reuniu-sabado.html","og_site_name":"Not\u00edcias - Franciscanos","article_published_time":"2012-04-02T11:33:45+00:00","article_modified_time":"2019-09-17T12:30:15+00:00","og_image":[{"width":273,"height":180,"url":"https:\/\/franciscanos.org.br\/noticias\/wp-content\/uploads\/2012\/04\/1826_020412.jpg","type":"image\/jpeg"}],"author":"admin","twitter_card":"summary_large_image","twitter_misc":{"Escrito por":"admin","Est. tempo de leitura":"2 minutos"},"schema":{"@context":"https:\/\/schema.org","@graph":[{"@type":"WebSite","@id":"https:\/\/franciscanos.org.br\/noticias\/#website","url":"https:\/\/franciscanos.org.br\/noticias\/","name":"Not\u00edcias - Franciscanos","description":"Prov\u00edncia Franciscana da Imaculada Concei\u00e7\u00e3o do Brasil - Ordem dos Frades Menores - OFM","potentialAction":[{"@type":"SearchAction","target":{"@type":"EntryPoint","urlTemplate":"https:\/\/franciscanos.org.br\/noticias\/?s={search_term_string}"},"query-input":"required name=search_term_string"}],"inLanguage":"pt-BR"},{"@type":"ImageObject","inLanguage":"pt-BR","@id":"https:\/\/franciscanos.org.br\/noticias\/familia-franciscana-do-sub-regional-florianopolis-se-reuniu-sabado.html#primaryimage","url":"https:\/\/franciscanos.org.br\/noticias\/wp-content\/uploads\/2012\/04\/1826_020412.jpg","contentUrl":"https:\/\/franciscanos.org.br\/noticias\/wp-content\/uploads\/2012\/04\/1826_020412.jpg","width":273,"height":180},{"@type":"WebPage","@id":"https:\/\/franciscanos.org.br\/noticias\/familia-franciscana-do-sub-regional-florianopolis-se-reuniu-sabado.html#webpage","url":"https:\/\/franciscanos.org.br\/noticias\/familia-franciscana-do-sub-regional-florianopolis-se-reuniu-sabado.html","name":"Fam\u00edlia Franciscana do Sub-Regional Florian\u00f3polis se reuniu s\u00e1bado - Not\u00edcias - Franciscanos","isPartOf":{"@id":"https:\/\/franciscanos.org.br\/noticias\/#website"},"primaryImageOfPage":{"@id":"https:\/\/franciscanos.org.br\/noticias\/familia-franciscana-do-sub-regional-florianopolis-se-reuniu-sabado.html#primaryimage"},"datePublished":"2012-04-02T11:33:45+00:00","dateModified":"2019-09-17T12:30:15+00:00","author":{"@id":"https:\/\/franciscanos.org.br\/noticias\/#\/schema\/person\/b38fbf43118f02820bd932f2e4b14ad3"},"breadcrumb":{"@id":"https:\/\/franciscanos.org.br\/noticias\/familia-franciscana-do-sub-regional-florianopolis-se-reuniu-sabado.html#breadcrumb"},"inLanguage":"pt-BR","potentialAction":[{"@type":"ReadAction","target":["https:\/\/franciscanos.org.br\/noticias\/familia-franciscana-do-sub-regional-florianopolis-se-reuniu-sabado.html"]}]},{"@type":"BreadcrumbList","@id":"https:\/\/franciscanos.org.br\/noticias\/familia-franciscana-do-sub-regional-florianopolis-se-reuniu-sabado.html#breadcrumb","itemListElement":[{"@type":"ListItem","position":1,"name":"Home","item":"https:\/\/franciscanos.org.br\/noticias"},{"@type":"ListItem","position":2,"name":"Fam\u00edlia Franciscana do Sub-Regional Florian\u00f3polis se reuniu s\u00e1bado"}]},{"@type":"Person","@id":"https:\/\/franciscanos.org.br\/noticias\/#\/schema\/person\/b38fbf43118f02820bd932f2e4b14ad3","name":"admin","image":{"@type":"ImageObject","inLanguage":"pt-BR","@id":"https:\/\/franciscanos.org.br\/noticias\/#\/schema\/person\/image\/","url":"https:\/\/secure.gravatar.com\/avatar\/e8495742d34d0ba6448ea1c628263b3e?s=96&d=mm&r=g","contentUrl":"https:\/\/secure.gravatar.com\/avatar\/e8495742d34d0ba6448ea1c628263b3e?s=96&d=mm&r=g","caption":"admin"},"url":"https:\/\/franciscanos.org.br\/noticias\/author\/admin"}]}},"_links":{"self":[{"href":"https:\/\/franciscanos.org.br\/noticias\/wp-json\/wp\/v2\/posts\/14356"}],"collection":[{"href":"https:\/\/franciscanos.org.br\/noticias\/wp-json\/wp\/v2\/posts"}],"about":[{"href":"https:\/\/franciscanos.org.br\/noticias\/wp-json\/wp\/v2\/types\/post"}],"author":[{"embeddable":true,"href":"https:\/\/franciscanos.org.br\/noticias\/wp-json\/wp\/v2\/users\/1"}],"replies":[{"embeddable":true,"href":"https:\/\/franciscanos.org.br\/noticias\/wp-json\/wp\/v2\/comments?post=14356"}],"version-history":[{"count":0,"href":"https:\/\/franciscanos.org.br\/noticias\/wp-json\/wp\/v2\/posts\/14356\/revisions"}],"wp:featuredmedia":[{"embeddable":true,"href":"https:\/\/franciscanos.org.br\/noticias\/wp-json\/wp\/v2\/media\/211079"}],"wp:attachment":[{"href":"https:\/\/franciscanos.org.br\/noticias\/wp-json\/wp\/v2\/media?parent=14356"}],"wp:term":[{"taxonomy":"category","embeddable":true,"href":"https:\/\/franciscanos.org.br\/noticias\/wp-json\/wp\/v2\/categories?post=14356"},{"taxonomy":"post_tag","embeddable":true,"href":"https:\/\/franciscanos.org.br\/noticias\/wp-json\/wp\/v2\/tags?post=14356"}],"curies":[{"name":"wp","href":"https:\/\/api.w.org\/{rel}","templated":true}]}}