{"id":143558,"date":"2017-10-08T19:09:21","date_gmt":"2017-10-08T22:09:21","guid":{"rendered":"http:\/\/franciscanos.org.br\/?p=143558"},"modified":"2020-06-08T16:53:37","modified_gmt":"2020-06-08T19:53:37","slug":"a-misericordia-e-o-vinho-novo-da-vinha-do-senhor","status":"publish","type":"post","link":"https:\/\/franciscanos.org.br\/noticias\/a-misericordia-e-o-vinho-novo-da-vinha-do-senhor.html","title":{"rendered":"A miseric\u00f3rdia \u00e9 o vinho novo da vinha do Senhor"},"content":{"rendered":"<p><img loading=\"lazy\" src=\"http:\/\/franciscanos.org.br\/wp-content\/uploads\/2017\/10\/papa_081017.jpg\" alt=\"papa_081017\" width=\"820\" height=\"373\" \/><\/p>\n<p><strong>Cidade do Vaticano<\/strong> &#8211; \u201cSer em todos os lugares, especialmente nas periferias da sociedade, a vinha que o Senhor plantou para o bem de todos e levar o vinho novo da miseric\u00f3rdia do Senhor.\u201d Foi a exorta\u00e7\u00e3o do Papa Francisco na ora\u00e7\u00e3o do Angelus, ao meio-dia deste domingo (08\/10), diante de cerca de 30 mil fi\u00e9is e peregrinos reunidos na Pra\u00e7a S\u00e3o Pedro para rezar com o Santo Padre a ora\u00e7\u00e3o mariana.<\/p>\n<p>Explicando a par\u00e1bola dos vinhateiros homicidas, proposta no Evangelho (Mt 21,33-43) deste XXVII Domingo do Tempo Comum, na qual estes refutam entregar a colheita aos servos do dono da vinha matando inclusive o filho deste pensando assim apoderar-se da heran\u00e7a, o Pont\u00edfice ressaltou que esta narra\u00e7\u00e3o ilustra de modo aleg\u00f3rico aquelas recrimina\u00e7\u00f5es que os Profetas haviam feito sobre a hist\u00f3ria de Israel.<\/p>\n<p><strong>Tamb\u00e9m n\u00f3s chamados a participar da alian\u00e7a de Deus<\/strong><br \/>\n\u00c9 uma hist\u00f3ria que nos pertence \u2013 destacou o Papa: \u201cfala-se da alian\u00e7a que Deus quis estabelecer com a humanidade e \u00e0 qual tamb\u00e9m nos chamou para participar\u201d. Por\u00e9m, observou Francisco, \u201cesta hist\u00f3ria de alian\u00e7a, como toda hist\u00f3ria de amor, conhece seus momentos positivos , mas \u00e9 marcada tamb\u00e9m por trai\u00e7\u00f5es e por rejei\u00e7\u00f5es.<\/p>\n<p>Para entender como Deus Pai responde \u00e0s rejei\u00e7\u00f5es feitas a seu amor e \u00e0 sua proposta de alian\u00e7a, o trecho evang\u00e9lico coloca nos l\u00e1bios do dono da vinha uma pergunta: \u201cquando vier o dono da vinha, que ir\u00e1 fazer com esses vinhateiros?\u201d Essa pergunta, frisou o Santo Padre, ressalta que a desilus\u00e3o de Deus pelo comportamento malvado dos homens n\u00e3o \u00e9 a \u00faltima palavra!<\/p>\n<p><strong>Deus n\u00e3o se vinga, nos espera para perdoar-nos, para abra\u00e7ar-nos<\/strong><br \/>\n\u201cA\u00ed est\u00e1 a grande novidade do Cristianismo: um Deus que, mesmo desiludido com nossos erros e nossos pecados, jamais falta com a sua palavra, n\u00e3o se det\u00e9m e sobretudo n\u00e3o se vinga! Irm\u00e3os e irm\u00e3s, Deus n\u00e3o se vinga! Deus ama, n\u00e3o se vinga, nos espera para perdoar-nos, para abra\u00e7ar-nos.\u201d<\/p>\n<p>Atrav\u00e9s das \u201cpedras de descarte\u201d \u2013 e Cristo \u00e9 a primeira pedra que os construtores rejeitaram \u2013, atrav\u00e9s de situa\u00e7\u00f5es de fraqueza e de pecado, Deus continua colocando em circula\u00e7\u00e3o o \u201cvinho novo\u201d da sua vinha, ou seja, a miseric\u00f3rdia\u201d, acrescentou o Pont\u00edfice.<\/p>\n<p><strong>Miseric\u00f3rdia \u00e9 o vinho novo da vinha do Senhor<\/strong><br \/>\n\u201cEste \u00e9 o vinho novo da vinha do Senhor: a miseric\u00f3rdia. H\u00e1 um s\u00f3 impedimento diante da vontade tenaz e tenra de Deus: a nossa arrog\u00e2ncia e a nossa presun\u00e7\u00e3o, que por vezes se torna tamb\u00e9m viol\u00eancia!\u201d<\/p>\n<p>Francisco observou ainda que a urg\u00eancia de responder com frutos, \u201cfrutos de bem ao chamado do Senhor, que nos chama a tornar-nos vinha, nos ajuda a entender o que h\u00e1 de novo e de original na f\u00e9 crist\u00e3. Ela n\u00e3o \u00e9 tanto a soma de preceitos e de normas morais, mas \u00e9, sobretudo, uma proposta de amor que Deus, atrav\u00e9s de Jesus, fez e continua fazendo \u00e0 humanidade.\u201d<\/p>\n<p><strong>Ser vinha do Senhor em todo ambiente<\/strong><br \/>\n\u201c\u00c9 um convite a entrar nesta hist\u00f3ria de amor, tornando-se uma vinha vivaz e aberta, rica de frutos e de esperan\u00e7a para todos. Uma vinha fechada pode tornar-se selvagem e produzir uva selvagem. Somos chamados a sair da vinha para colocar-nos a servi\u00e7o dos irm\u00e3os que n\u00e3o est\u00e3o conosco, para mexer conosco reciprocamente e encorajar-nos, para recordar-nos de ser vinha do Senhor em todo ambiente, inclusive naqueles mais distantes e em condi\u00e7\u00f5es dif\u00edceis.\u201d<\/p>\n<p>Na sauda\u00e7\u00e3o ap\u00f3s a ora\u00e7\u00e3o mariana, o Papa Francisco destacou ter sido celebrada este s\u00e1bado em Mil\u00e3o a Beatifica\u00e7\u00e3o de Pe. Ars\u00eanio de Trigolo, sacerdote da Ordem dos Frades Menores Capuchinhos e fundador das Irm\u00e3s de Maria Sant\u00edssima Consoladora.<\/p>\n<p>\u201cLouvemos ao Senhor por este humilde seu disc\u00edpulo, que mesmo nas adversidades e nas prova\u00e7\u00f5es, e teve muitas \u2013 observou Francisco \u2013, jamais perdeu a esperan\u00e7a.\u201d<\/p>\n<hr \/>\n<p><em>Fonte: Vatican News<\/em><\/p>\n","protected":false},"excerpt":{"rendered":"<p>Angelus<\/p>\n","protected":false},"author":1,"featured_media":203504,"comment_status":"open","ping_status":"open","sticky":false,"template":"","format":"standard","meta":[],"categories":[1428],"tags":[403],"acf":[],"yoast_head":"<!-- This site is optimized with the Yoast SEO plugin v19.2 - https:\/\/yoast.com\/wordpress\/plugins\/seo\/ -->\n<title>A miseric\u00f3rdia \u00e9 o vinho novo da vinha do Senhor - Not\u00edcias - Franciscanos<\/title>\n<meta name=\"robots\" content=\"index, follow, max-snippet:-1, max-image-preview:large, max-video-preview:-1\" \/>\n<link rel=\"canonical\" href=\"https:\/\/franciscanos.org.br\/noticias\/a-misericordia-e-o-vinho-novo-da-vinha-do-senhor.html\" \/>\n<meta property=\"og:locale\" content=\"pt_BR\" \/>\n<meta property=\"og:type\" content=\"article\" \/>\n<meta property=\"og:title\" content=\"A miseric\u00f3rdia \u00e9 o vinho novo da vinha do Senhor - Not\u00edcias - Franciscanos\" \/>\n<meta property=\"og:description\" content=\"Angelus\" \/>\n<meta property=\"og:url\" content=\"https:\/\/franciscanos.org.br\/noticias\/a-misericordia-e-o-vinho-novo-da-vinha-do-senhor.html\" \/>\n<meta property=\"og:site_name\" content=\"Not\u00edcias - Franciscanos\" \/>\n<meta property=\"article:published_time\" content=\"2017-10-08T22:09:21+00:00\" \/>\n<meta property=\"article:modified_time\" content=\"2020-06-08T19:53:37+00:00\" \/>\n<meta property=\"og:image\" content=\"https:\/\/franciscanos.org.br\/noticias\/wp-content\/uploads\/2017\/10\/papa_081017.jpg\" \/>\n\t<meta property=\"og:image:width\" content=\"273\" \/>\n\t<meta property=\"og:image:height\" content=\"181\" \/>\n\t<meta property=\"og:image:type\" content=\"image\/jpeg\" \/>\n<meta name=\"author\" content=\"admin\" \/>\n<meta name=\"twitter:card\" content=\"summary_large_image\" \/>\n<meta name=\"twitter:label1\" content=\"Escrito por\" \/>\n\t<meta name=\"twitter:data1\" content=\"admin\" \/>\n\t<meta name=\"twitter:label2\" content=\"Est. tempo de leitura\" \/>\n\t<meta name=\"twitter:data2\" content=\"3 minutos\" \/>\n<script type=\"application\/ld+json\" class=\"yoast-schema-graph\">{\"@context\":\"https:\/\/schema.org\",\"@graph\":[{\"@type\":\"WebSite\",\"@id\":\"https:\/\/franciscanos.org.br\/noticias\/#website\",\"url\":\"https:\/\/franciscanos.org.br\/noticias\/\",\"name\":\"Not\u00edcias - Franciscanos\",\"description\":\"Prov\u00edncia Franciscana da Imaculada Concei\u00e7\u00e3o do Brasil - Ordem dos Frades Menores - OFM\",\"potentialAction\":[{\"@type\":\"SearchAction\",\"target\":{\"@type\":\"EntryPoint\",\"urlTemplate\":\"https:\/\/franciscanos.org.br\/noticias\/?s={search_term_string}\"},\"query-input\":\"required name=search_term_string\"}],\"inLanguage\":\"pt-BR\"},{\"@type\":\"ImageObject\",\"inLanguage\":\"pt-BR\",\"@id\":\"https:\/\/franciscanos.org.br\/noticias\/a-misericordia-e-o-vinho-novo-da-vinha-do-senhor.html#primaryimage\",\"url\":\"https:\/\/franciscanos.org.br\/noticias\/wp-content\/uploads\/2017\/10\/papa_081017.jpg\",\"contentUrl\":\"https:\/\/franciscanos.org.br\/noticias\/wp-content\/uploads\/2017\/10\/papa_081017.jpg\",\"width\":273,\"height\":181},{\"@type\":\"WebPage\",\"@id\":\"https:\/\/franciscanos.org.br\/noticias\/a-misericordia-e-o-vinho-novo-da-vinha-do-senhor.html#webpage\",\"url\":\"https:\/\/franciscanos.org.br\/noticias\/a-misericordia-e-o-vinho-novo-da-vinha-do-senhor.html\",\"name\":\"A miseric\u00f3rdia \u00e9 o vinho novo da vinha do Senhor - Not\u00edcias - Franciscanos\",\"isPartOf\":{\"@id\":\"https:\/\/franciscanos.org.br\/noticias\/#website\"},\"primaryImageOfPage\":{\"@id\":\"https:\/\/franciscanos.org.br\/noticias\/a-misericordia-e-o-vinho-novo-da-vinha-do-senhor.html#primaryimage\"},\"datePublished\":\"2017-10-08T22:09:21+00:00\",\"dateModified\":\"2020-06-08T19:53:37+00:00\",\"author\":{\"@id\":\"https:\/\/franciscanos.org.br\/noticias\/#\/schema\/person\/b38fbf43118f02820bd932f2e4b14ad3\"},\"breadcrumb\":{\"@id\":\"https:\/\/franciscanos.org.br\/noticias\/a-misericordia-e-o-vinho-novo-da-vinha-do-senhor.html#breadcrumb\"},\"inLanguage\":\"pt-BR\",\"potentialAction\":[{\"@type\":\"ReadAction\",\"target\":[\"https:\/\/franciscanos.org.br\/noticias\/a-misericordia-e-o-vinho-novo-da-vinha-do-senhor.html\"]}]},{\"@type\":\"BreadcrumbList\",\"@id\":\"https:\/\/franciscanos.org.br\/noticias\/a-misericordia-e-o-vinho-novo-da-vinha-do-senhor.html#breadcrumb\",\"itemListElement\":[{\"@type\":\"ListItem\",\"position\":1,\"name\":\"Home\",\"item\":\"https:\/\/franciscanos.org.br\/noticias\"},{\"@type\":\"ListItem\",\"position\":2,\"name\":\"A miseric\u00f3rdia \u00e9 o vinho novo da vinha do Senhor\"}]},{\"@type\":\"Person\",\"@id\":\"https:\/\/franciscanos.org.br\/noticias\/#\/schema\/person\/b38fbf43118f02820bd932f2e4b14ad3\",\"name\":\"admin\",\"image\":{\"@type\":\"ImageObject\",\"inLanguage\":\"pt-BR\",\"@id\":\"https:\/\/franciscanos.org.br\/noticias\/#\/schema\/person\/image\/\",\"url\":\"https:\/\/secure.gravatar.com\/avatar\/e8495742d34d0ba6448ea1c628263b3e?s=96&d=mm&r=g\",\"contentUrl\":\"https:\/\/secure.gravatar.com\/avatar\/e8495742d34d0ba6448ea1c628263b3e?s=96&d=mm&r=g\",\"caption\":\"admin\"},\"url\":\"https:\/\/franciscanos.org.br\/noticias\/author\/admin\"}]}<\/script>\n<!-- \/ Yoast SEO plugin. -->","yoast_head_json":{"title":"A miseric\u00f3rdia \u00e9 o vinho novo da vinha do Senhor - Not\u00edcias - Franciscanos","robots":{"index":"index","follow":"follow","max-snippet":"max-snippet:-1","max-image-preview":"max-image-preview:large","max-video-preview":"max-video-preview:-1"},"canonical":"https:\/\/franciscanos.org.br\/noticias\/a-misericordia-e-o-vinho-novo-da-vinha-do-senhor.html","og_locale":"pt_BR","og_type":"article","og_title":"A miseric\u00f3rdia \u00e9 o vinho novo da vinha do Senhor - Not\u00edcias - Franciscanos","og_description":"Angelus","og_url":"https:\/\/franciscanos.org.br\/noticias\/a-misericordia-e-o-vinho-novo-da-vinha-do-senhor.html","og_site_name":"Not\u00edcias - Franciscanos","article_published_time":"2017-10-08T22:09:21+00:00","article_modified_time":"2020-06-08T19:53:37+00:00","og_image":[{"width":273,"height":181,"url":"https:\/\/franciscanos.org.br\/noticias\/wp-content\/uploads\/2017\/10\/papa_081017.jpg","type":"image\/jpeg"}],"author":"admin","twitter_card":"summary_large_image","twitter_misc":{"Escrito por":"admin","Est. tempo de leitura":"3 minutos"},"schema":{"@context":"https:\/\/schema.org","@graph":[{"@type":"WebSite","@id":"https:\/\/franciscanos.org.br\/noticias\/#website","url":"https:\/\/franciscanos.org.br\/noticias\/","name":"Not\u00edcias - Franciscanos","description":"Prov\u00edncia Franciscana da Imaculada Concei\u00e7\u00e3o do Brasil - Ordem dos Frades Menores - OFM","potentialAction":[{"@type":"SearchAction","target":{"@type":"EntryPoint","urlTemplate":"https:\/\/franciscanos.org.br\/noticias\/?s={search_term_string}"},"query-input":"required name=search_term_string"}],"inLanguage":"pt-BR"},{"@type":"ImageObject","inLanguage":"pt-BR","@id":"https:\/\/franciscanos.org.br\/noticias\/a-misericordia-e-o-vinho-novo-da-vinha-do-senhor.html#primaryimage","url":"https:\/\/franciscanos.org.br\/noticias\/wp-content\/uploads\/2017\/10\/papa_081017.jpg","contentUrl":"https:\/\/franciscanos.org.br\/noticias\/wp-content\/uploads\/2017\/10\/papa_081017.jpg","width":273,"height":181},{"@type":"WebPage","@id":"https:\/\/franciscanos.org.br\/noticias\/a-misericordia-e-o-vinho-novo-da-vinha-do-senhor.html#webpage","url":"https:\/\/franciscanos.org.br\/noticias\/a-misericordia-e-o-vinho-novo-da-vinha-do-senhor.html","name":"A miseric\u00f3rdia \u00e9 o vinho novo da vinha do Senhor - Not\u00edcias - Franciscanos","isPartOf":{"@id":"https:\/\/franciscanos.org.br\/noticias\/#website"},"primaryImageOfPage":{"@id":"https:\/\/franciscanos.org.br\/noticias\/a-misericordia-e-o-vinho-novo-da-vinha-do-senhor.html#primaryimage"},"datePublished":"2017-10-08T22:09:21+00:00","dateModified":"2020-06-08T19:53:37+00:00","author":{"@id":"https:\/\/franciscanos.org.br\/noticias\/#\/schema\/person\/b38fbf43118f02820bd932f2e4b14ad3"},"breadcrumb":{"@id":"https:\/\/franciscanos.org.br\/noticias\/a-misericordia-e-o-vinho-novo-da-vinha-do-senhor.html#breadcrumb"},"inLanguage":"pt-BR","potentialAction":[{"@type":"ReadAction","target":["https:\/\/franciscanos.org.br\/noticias\/a-misericordia-e-o-vinho-novo-da-vinha-do-senhor.html"]}]},{"@type":"BreadcrumbList","@id":"https:\/\/franciscanos.org.br\/noticias\/a-misericordia-e-o-vinho-novo-da-vinha-do-senhor.html#breadcrumb","itemListElement":[{"@type":"ListItem","position":1,"name":"Home","item":"https:\/\/franciscanos.org.br\/noticias"},{"@type":"ListItem","position":2,"name":"A miseric\u00f3rdia \u00e9 o vinho novo da vinha do Senhor"}]},{"@type":"Person","@id":"https:\/\/franciscanos.org.br\/noticias\/#\/schema\/person\/b38fbf43118f02820bd932f2e4b14ad3","name":"admin","image":{"@type":"ImageObject","inLanguage":"pt-BR","@id":"https:\/\/franciscanos.org.br\/noticias\/#\/schema\/person\/image\/","url":"https:\/\/secure.gravatar.com\/avatar\/e8495742d34d0ba6448ea1c628263b3e?s=96&d=mm&r=g","contentUrl":"https:\/\/secure.gravatar.com\/avatar\/e8495742d34d0ba6448ea1c628263b3e?s=96&d=mm&r=g","caption":"admin"},"url":"https:\/\/franciscanos.org.br\/noticias\/author\/admin"}]}},"_links":{"self":[{"href":"https:\/\/franciscanos.org.br\/noticias\/wp-json\/wp\/v2\/posts\/143558"}],"collection":[{"href":"https:\/\/franciscanos.org.br\/noticias\/wp-json\/wp\/v2\/posts"}],"about":[{"href":"https:\/\/franciscanos.org.br\/noticias\/wp-json\/wp\/v2\/types\/post"}],"author":[{"embeddable":true,"href":"https:\/\/franciscanos.org.br\/noticias\/wp-json\/wp\/v2\/users\/1"}],"replies":[{"embeddable":true,"href":"https:\/\/franciscanos.org.br\/noticias\/wp-json\/wp\/v2\/comments?post=143558"}],"version-history":[{"count":1,"href":"https:\/\/franciscanos.org.br\/noticias\/wp-json\/wp\/v2\/posts\/143558\/revisions"}],"predecessor-version":[{"id":225224,"href":"https:\/\/franciscanos.org.br\/noticias\/wp-json\/wp\/v2\/posts\/143558\/revisions\/225224"}],"wp:featuredmedia":[{"embeddable":true,"href":"https:\/\/franciscanos.org.br\/noticias\/wp-json\/wp\/v2\/media\/203504"}],"wp:attachment":[{"href":"https:\/\/franciscanos.org.br\/noticias\/wp-json\/wp\/v2\/media?parent=143558"}],"wp:term":[{"taxonomy":"category","embeddable":true,"href":"https:\/\/franciscanos.org.br\/noticias\/wp-json\/wp\/v2\/categories?post=143558"},{"taxonomy":"post_tag","embeddable":true,"href":"https:\/\/franciscanos.org.br\/noticias\/wp-json\/wp\/v2\/tags?post=143558"}],"curies":[{"name":"wp","href":"https:\/\/api.w.org\/{rel}","templated":true}]}}