{"id":143460,"date":"2017-10-08T19:00:40","date_gmt":"2017-10-08T22:00:40","guid":{"rendered":"http:\/\/franciscanos.org.br\/?p=143460"},"modified":"2023-01-10T09:49:37","modified_gmt":"2023-01-10T12:49:37","slug":"a-mistica-da-porciuncula-em-sorocaba","status":"publish","type":"post","link":"https:\/\/franciscanos.org.br\/noticias\/a-mistica-da-porciuncula-em-sorocaba.html","title":{"rendered":"A m\u00edstica da Porci\u00fancula em Sorocaba"},"content":{"rendered":"<p><img loading=\"lazy\" src=\"http:\/\/franciscanos.org.br\/wp-content\/uploads\/2017\/10\/porciuncula_081017_2.jpg\" alt=\"porciuncula_081017_2\" width=\"830\" height=\"564\" \/><\/p>\n<p><strong>Sorocaba (SP)<\/strong> &#8211; Depois de um ano e dois meses de trabalho, a Fraternidade Franciscana Bom Jesus dos Aflitos inaugurou neste domingo, 8 de outubro, a r\u00e9plica da Porci\u00fancula de Assis em Sorocaba. Coube ao pedreiro Aldevino da Silva o privil\u00e9gio de abrir as portas da igrejinha, constru\u00edda no claustro do Convento, depois da Celebra\u00e7\u00e3o Eucar\u00edstica das 10 horas, que foi presidida pelo p\u00e1roco Frei Benedito Gon\u00e7alves e concelebrada por Frei Andr\u00e9 Becker, Frei Gilberto Pisticelli e Frei Marcos Ant\u00f4nio de Andrade, mestre na etapa de Teologia em Petr\u00f3polis.<\/p>\n<p><img loading=\"lazy\" class=\"alignright size-full wp-image-143462\" src=\"http:\/\/franciscanos.org.br\/wp-content\/uploads\/2017\/10\/porciuncula_081017.jpg\" alt=\"porciuncula_081017\" width=\"363\" height=\"500\" \/>Frei Gilberto fez a anima\u00e7\u00e3o lit\u00fargica e uma catequese sobre os s\u00edmbolos que foram colocados nesta nova Porci\u00fancula. Ele explicou que esta celebra\u00e7\u00e3o n\u00e3o era uma sagra\u00e7\u00e3o, porque ela s\u00f3 pode ser feita pelo Arcebispo de Sorocaba, Dom J\u00falio Endi, que hoje tinha crisma em Cerquilho. Frei Gilberto tamb\u00e9m informou que o Ministro Provincial, Frei Fid\u00eancio Vanboemmel, n\u00e3o p\u00f4de presidir a Celebra\u00e7\u00e3o devido ao falecimento de sua irm\u00e3. Marcaram presen\u00e7a grupos da OFS de Porto Feliz, Santos e Bauru.<\/p>\n<p>Em prociss\u00e3o, alguns s\u00edmbolos foram apresentados na Missa: a chave da Capela, a rel\u00edquia de S\u00e3o Francisco, a chave do Sacr\u00e1rio, a imagem do Menino Jesus e as flores que ficar\u00e3o no altar. Depois da Celebra\u00e7\u00e3o Eucar\u00edstica, foram levados em prociss\u00e3o at\u00e9 o Claustro. Frei Dito, respons\u00e1vel por toda a coordena\u00e7\u00e3o art\u00edstica da obra, ainda no Ato Penitencial, lembrou que a Porci\u00fancula \u00e9 a porta do para\u00edso e nos deve lembrar o &#8220;amor e a miseric\u00f3rdia de Deus&#8221;.<\/p>\n<p>Na sua homilia, para explicar todo o significado hist\u00f3rico e espiritual da Porci\u00fancula para a Ordem Franciscana, Frei Gilberto recordou passagens da vida de Francisco a partir de sua convers\u00e3o, quando recebeu o chamado para restaurar a Igreja de Cristo em ru\u00ednas. &#8220;Num primeiro momento, Francisco restaura as igrejas de Assis, como S\u00e3o Dami\u00e3o, S\u00e3o Pedro at\u00e9 encontrar Santa Maria dos Anjos. Ali ele se encantou de uma maneira t\u00e3o profunda pela Porci\u00fancula porque j\u00e1 tinha um carinho muito grande pela M\u00e3e de Deus, que trouxe ao mundo seu filho de Jesus&#8221;, recordou o Guardi\u00e3o da Fraternidade.<\/p>\n<p>Segundo Frei Gilberto, a nova vida de Francisco come\u00e7a na Porci\u00fancula, quando ali vai morar com alguns dos primeiros companheiros. &#8220;Em 1212 \u00e9 Clara que come\u00e7a ali uma nova vida e, em 1216, acontece o Perd\u00e3o de Assis&#8221;. A Porci\u00fancula se torna o lugar fontal dos frades. &#8220;No dia 3 de outubro de 1126, ele morre na Porci\u00fancula. Tinha que ser ali, onde tudo havia come\u00e7ado&#8221;, acrescentou o frade.<\/p>\n<p><img loading=\"lazy\" src=\"http:\/\/franciscanos.org.br\/wp-content\/uploads\/2017\/10\/porciuncula_081017_4.jpg\" alt=\"porciuncula_081017_4\" width=\"830\" height=\"558\" \/><\/p>\n<p>Al\u00e9m de todo o significado hist\u00f3rico da Porci\u00fancula, Frei Gilberto revelou que na Porci\u00fancula de Sorocaba teve-se a preocupa\u00e7\u00e3o em oferecer mais s\u00edmbolos da m\u00edstica franciscana. &#8220;Jamais vamos imitar a Porci\u00fancula. N\u00f3s fizemos uma r\u00e9plica, nas mesmas medidas 7&#215;4 metros, tentando guardar muitas das caracter\u00edsticas dessa igrejinha, mas oferecendo outros s\u00edmbolos franciscanos que possam aumentar a nossa f\u00e9. Tr\u00eas colunas podem resumir a espiritualidade franciscana: a Encarna\u00e7\u00e3o, por isso n\u00f3s teremos o Menino Jesus no altar, os vitrais de Maria e do Anjo, al\u00e9m da pedra do altar que lembra Greccio;\u00a0 a segunda coluna teol\u00f3gica \u00e9 o Crucifixo de S\u00e3o Dami\u00e3o, que lembra a Paix\u00e3o de Cristo. \u00c9 o Cristo que Francisco diz, ajoelhado e chorando: &#8216;Meu Deus e Meu tudo&#8217;; e a Eucaristia, o Cristo Ressuscitado&#8221;, explica Frei Gilberto.<\/p>\n<p>N\u00e3o bastassem todos esses s\u00edmbolos, a igrejinha ter\u00e1 no ch\u00e3o a rel\u00edquia de S\u00e3o Francisco. &#8220;Est\u00e1 rel\u00edquia reproduz um hex\u00e1gono e o piso \u00e9 tal e qual da capela dos Estigmas do Monte Alverne. Foram quase mil pe\u00e7as de m\u00e1rmore e granito para serem ajeitadas e buriladas para formar este piso&#8221;, acrescentou.<\/p>\n<p>&#8220;N\u00f3s queremos que essa Porci\u00fancula n\u00e3o seja s\u00f3 uma constru\u00e7\u00e3o, n\u00e3o seja um templo bonito, para que as pessoas digam: &#8216;Nossa, que coisa bonita que fizeram!&#8221;, mas algo que toque o nosso cora\u00e7\u00e3o, que mude a nossa vida, que proporcione convers\u00e3o, que proporcione a ora\u00e7\u00e3o diante de Deus, para que mudemos o nosso modo de viver e aprofundemos o Santo Evangelho&#8221;, ressalvou o frade.<\/p>\n<p>&#8220;N\u00f3s esperamos que essa capela comova muitos cora\u00e7\u00f5es. N\u00e3o falo simplesmente do choro externo, mas do choro de abertura do cora\u00e7\u00e3o, que promova uma nova vida, uma nova atitude, que d\u00ea uma nova vida \u00e0 nossa Par\u00f3quia, nossa regi\u00e3o, nossa cidade. Que muitas pessoas possam voltar a esta capela do Sant\u00edssimo e serem acolhidos por Deus. Que aqui possam sentir o aconchego do amor de Deus&#8221;, desejou.<\/p>\n<p>Al\u00e9m de ser agora a Capela do Sant\u00edssimo, diariamente os frades far\u00e3o a ora\u00e7\u00e3o das <em>Laudes<\/em> \u00e0s 8 horas com o povo.<\/p>\n<p><a href=\"http:\/\/carismafranciscano.blogspot.com.br\/\">LEIA TAMB\u00c9M O TEXTO DE FREI VIT\u00d3RIO<\/a><\/p>\n<p><img loading=\"lazy\" src=\"http:\/\/franciscanos.org.br\/wp-content\/uploads\/2017\/10\/porciuncula_081017_1.jpg\" alt=\"porciuncula_081017_1\" width=\"830\" height=\"486\" \/><\/p>\n<p><strong>\u00a0<\/strong><strong>B\u00caN\u00c7\u00c3O DA NOVA PORCI\u00daNCULA<\/strong><\/p>\n<p>Em prociss\u00e3o, o povo deixou a igreja pela rua lateral e se acomodou no claustro do Convento. Os frades aben\u00e7oaram todos os s\u00edmbolos, come\u00e7ando pela igreja, que foi aberta pelo pedreiro Aldevino da Silva e Frei Dito aben\u00e7oou a imagem de S\u00e3o Francisco externa. &#8220;A Porci\u00fancula foi constru\u00edda desde o s\u00e9culo VI. Por ali, diz a tradi\u00e7\u00e3o, S\u00e3o Bento teria passado porque estava sob os cuidados dos monges beneditinos. A imagem externa, antes da constru\u00e7\u00e3o da Bas\u00edlica sobre a capelinha, tinha o significado de o santo aben\u00e7oar Assis&#8221;, lembra Frei Gilberto. Depois cada um dos s\u00edmbolos &#8211; chave do Sacr\u00e1rio, rel\u00edquia de S\u00e3o Francisco, cruz de S\u00e3o Dami\u00e3o, Menino Jesus &#8211; foram aben\u00e7oados e colocados em seus devidos lugares.<\/p>\n<p>Frei Dito concebeu a capela segundo os moldes da Porci\u00fancula, que foram conseguidos por Frei Jos\u00e9 Ant\u00f4nio Cruz Duarte quando residia em Roma. Mas a torre \u00e9 menos barroca e a fachada mant\u00e9m o vitral da frente, assim como o vitral que fica acima do Sacr\u00e1rio, como era a constru\u00e7\u00e3o mais antiga de Assis. Por volta de 1739 foi colocado um painel na frente da Porci\u00fancula e fechou esse vitral.<\/p>\n<p><img loading=\"lazy\" src=\"http:\/\/franciscanos.org.br\/wp-content\/uploads\/2017\/10\/porciuncula_081017_6.jpg\" alt=\"porciuncula_081017_6\" width=\"830\" height=\"495\" \/><\/p>\n<p>No centro, acima do altar, Frei Dito pintou uma grande imagem do Crucifixo de S\u00e3o Dami\u00e3o, que combina com os tijolos r\u00fasticos. Foi dele a ideia de construir a igrejinha no centro do Claustro. A Fraternidade abra\u00e7ou o projeto e as duas Par\u00f3quias se envolveram nas campanhas para conseguir viabilizar a constru\u00e7\u00e3o. &#8220;Um dos vitrais foi oferta da Ordem Franciscana Secular e as portas, em cedro, foram doadas pela Fam\u00edlia de Frei Andr\u00e9 Becker. Al\u00e9m disso, o pedreiro foi uma doa\u00e7\u00e3o da Par\u00f3quia Santo Ant\u00f4nio&#8221;, explicou Frei Gilberto, ponderando que o material mais custoso foi o piso, em granito e m\u00e1rmore.<\/p>\n<p>Na Celebra\u00e7\u00e3o, Frei Gilberto agradeceu a todos os frades &#8211; lembrou tamb\u00e9m do falecido Frei Ant\u00f4nio Lopes -, paroquianos e benfeitores que ajudaram a tornar realidade esse sonho em Sorocaba. Frei Dito, por sua vez, tomou a palavra e fez um agradecimento especial a Frei Gilberto, elogiando a sua capacidade de &#8220;construtor&#8221;.<\/p>\n<p>Segundo Frei Gilberto, agora come\u00e7a um trabalho de divulga\u00e7\u00e3o para conhecer a nova &#8220;joia&#8221; franciscana. &#8220;No pr\u00f3ximo m\u00eas de novembro nosso clero vai fazer reuni\u00e3o aqui para conhecer essa capela&#8221;, adiantou.<\/p>\n<hr \/>\n<p><em>Comunica\u00e7\u00e3o da Prov\u00edncia da Imaculada Concei\u00e7\u00e3o<\/em><\/p>\n","protected":false},"excerpt":{"rendered":"<p>Fraternidades <\/p>\n","protected":false},"author":1,"featured_media":203397,"comment_status":"open","ping_status":"open","sticky":false,"template":"","format":"standard","meta":[],"categories":[1],"tags":[172,152],"acf":[],"yoast_head":"<!-- This site is optimized with the Yoast SEO plugin v19.2 - https:\/\/yoast.com\/wordpress\/plugins\/seo\/ -->\n<title>A m\u00edstica da Porci\u00fancula em Sorocaba - Not\u00edcias - Franciscanos<\/title>\n<meta name=\"robots\" content=\"index, follow, max-snippet:-1, max-image-preview:large, max-video-preview:-1\" \/>\n<link rel=\"canonical\" href=\"https:\/\/franciscanos.org.br\/noticias\/a-mistica-da-porciuncula-em-sorocaba.html\" \/>\n<meta property=\"og:locale\" content=\"pt_BR\" \/>\n<meta property=\"og:type\" content=\"article\" \/>\n<meta property=\"og:title\" content=\"A m\u00edstica da Porci\u00fancula em Sorocaba - Not\u00edcias - Franciscanos\" \/>\n<meta property=\"og:description\" content=\"Fraternidades\" \/>\n<meta property=\"og:url\" content=\"https:\/\/franciscanos.org.br\/noticias\/a-mistica-da-porciuncula-em-sorocaba.html\" \/>\n<meta property=\"og:site_name\" content=\"Not\u00edcias - Franciscanos\" \/>\n<meta property=\"article:published_time\" content=\"2017-10-08T22:00:40+00:00\" \/>\n<meta property=\"article:modified_time\" content=\"2023-01-10T12:49:37+00:00\" \/>\n<meta property=\"og:image\" content=\"https:\/\/franciscanos.org.br\/noticias\/wp-content\/uploads\/2017\/10\/porciuncula_081017_2.jpg\" \/>\n\t<meta property=\"og:image:width\" content=\"273\" \/>\n\t<meta property=\"og:image:height\" content=\"181\" \/>\n\t<meta property=\"og:image:type\" content=\"image\/jpeg\" \/>\n<meta name=\"author\" content=\"admin\" \/>\n<meta name=\"twitter:card\" content=\"summary_large_image\" \/>\n<meta name=\"twitter:label1\" content=\"Escrito por\" \/>\n\t<meta name=\"twitter:data1\" content=\"admin\" \/>\n\t<meta name=\"twitter:label2\" content=\"Est. tempo de leitura\" \/>\n\t<meta name=\"twitter:data2\" content=\"6 minutos\" \/>\n<script type=\"application\/ld+json\" class=\"yoast-schema-graph\">{\"@context\":\"https:\/\/schema.org\",\"@graph\":[{\"@type\":\"WebSite\",\"@id\":\"https:\/\/franciscanos.org.br\/noticias\/#website\",\"url\":\"https:\/\/franciscanos.org.br\/noticias\/\",\"name\":\"Not\u00edcias - Franciscanos\",\"description\":\"Prov\u00edncia Franciscana da Imaculada Concei\u00e7\u00e3o do Brasil - Ordem dos Frades Menores - OFM\",\"potentialAction\":[{\"@type\":\"SearchAction\",\"target\":{\"@type\":\"EntryPoint\",\"urlTemplate\":\"https:\/\/franciscanos.org.br\/noticias\/?s={search_term_string}\"},\"query-input\":\"required name=search_term_string\"}],\"inLanguage\":\"pt-BR\"},{\"@type\":\"ImageObject\",\"inLanguage\":\"pt-BR\",\"@id\":\"https:\/\/franciscanos.org.br\/noticias\/a-mistica-da-porciuncula-em-sorocaba.html#primaryimage\",\"url\":\"https:\/\/franciscanos.org.br\/noticias\/wp-content\/uploads\/2017\/10\/porciuncula_081017_2.jpg\",\"contentUrl\":\"https:\/\/franciscanos.org.br\/noticias\/wp-content\/uploads\/2017\/10\/porciuncula_081017_2.jpg\",\"width\":273,\"height\":181},{\"@type\":\"WebPage\",\"@id\":\"https:\/\/franciscanos.org.br\/noticias\/a-mistica-da-porciuncula-em-sorocaba.html#webpage\",\"url\":\"https:\/\/franciscanos.org.br\/noticias\/a-mistica-da-porciuncula-em-sorocaba.html\",\"name\":\"A m\u00edstica da Porci\u00fancula em Sorocaba - Not\u00edcias - Franciscanos\",\"isPartOf\":{\"@id\":\"https:\/\/franciscanos.org.br\/noticias\/#website\"},\"primaryImageOfPage\":{\"@id\":\"https:\/\/franciscanos.org.br\/noticias\/a-mistica-da-porciuncula-em-sorocaba.html#primaryimage\"},\"datePublished\":\"2017-10-08T22:00:40+00:00\",\"dateModified\":\"2023-01-10T12:49:37+00:00\",\"author\":{\"@id\":\"https:\/\/franciscanos.org.br\/noticias\/#\/schema\/person\/b38fbf43118f02820bd932f2e4b14ad3\"},\"breadcrumb\":{\"@id\":\"https:\/\/franciscanos.org.br\/noticias\/a-mistica-da-porciuncula-em-sorocaba.html#breadcrumb\"},\"inLanguage\":\"pt-BR\",\"potentialAction\":[{\"@type\":\"ReadAction\",\"target\":[\"https:\/\/franciscanos.org.br\/noticias\/a-mistica-da-porciuncula-em-sorocaba.html\"]}]},{\"@type\":\"BreadcrumbList\",\"@id\":\"https:\/\/franciscanos.org.br\/noticias\/a-mistica-da-porciuncula-em-sorocaba.html#breadcrumb\",\"itemListElement\":[{\"@type\":\"ListItem\",\"position\":1,\"name\":\"Home\",\"item\":\"https:\/\/franciscanos.org.br\/noticias\"},{\"@type\":\"ListItem\",\"position\":2,\"name\":\"A m\u00edstica da Porci\u00fancula em Sorocaba\"}]},{\"@type\":\"Person\",\"@id\":\"https:\/\/franciscanos.org.br\/noticias\/#\/schema\/person\/b38fbf43118f02820bd932f2e4b14ad3\",\"name\":\"admin\",\"image\":{\"@type\":\"ImageObject\",\"inLanguage\":\"pt-BR\",\"@id\":\"https:\/\/franciscanos.org.br\/noticias\/#\/schema\/person\/image\/\",\"url\":\"https:\/\/secure.gravatar.com\/avatar\/e8495742d34d0ba6448ea1c628263b3e?s=96&d=mm&r=g\",\"contentUrl\":\"https:\/\/secure.gravatar.com\/avatar\/e8495742d34d0ba6448ea1c628263b3e?s=96&d=mm&r=g\",\"caption\":\"admin\"},\"url\":\"https:\/\/franciscanos.org.br\/noticias\/author\/admin\"}]}<\/script>\n<!-- \/ Yoast SEO plugin. -->","yoast_head_json":{"title":"A m\u00edstica da Porci\u00fancula em Sorocaba - Not\u00edcias - Franciscanos","robots":{"index":"index","follow":"follow","max-snippet":"max-snippet:-1","max-image-preview":"max-image-preview:large","max-video-preview":"max-video-preview:-1"},"canonical":"https:\/\/franciscanos.org.br\/noticias\/a-mistica-da-porciuncula-em-sorocaba.html","og_locale":"pt_BR","og_type":"article","og_title":"A m\u00edstica da Porci\u00fancula em Sorocaba - Not\u00edcias - Franciscanos","og_description":"Fraternidades","og_url":"https:\/\/franciscanos.org.br\/noticias\/a-mistica-da-porciuncula-em-sorocaba.html","og_site_name":"Not\u00edcias - Franciscanos","article_published_time":"2017-10-08T22:00:40+00:00","article_modified_time":"2023-01-10T12:49:37+00:00","og_image":[{"width":273,"height":181,"url":"https:\/\/franciscanos.org.br\/noticias\/wp-content\/uploads\/2017\/10\/porciuncula_081017_2.jpg","type":"image\/jpeg"}],"author":"admin","twitter_card":"summary_large_image","twitter_misc":{"Escrito por":"admin","Est. tempo de leitura":"6 minutos"},"schema":{"@context":"https:\/\/schema.org","@graph":[{"@type":"WebSite","@id":"https:\/\/franciscanos.org.br\/noticias\/#website","url":"https:\/\/franciscanos.org.br\/noticias\/","name":"Not\u00edcias - Franciscanos","description":"Prov\u00edncia Franciscana da Imaculada Concei\u00e7\u00e3o do Brasil - Ordem dos Frades Menores - OFM","potentialAction":[{"@type":"SearchAction","target":{"@type":"EntryPoint","urlTemplate":"https:\/\/franciscanos.org.br\/noticias\/?s={search_term_string}"},"query-input":"required name=search_term_string"}],"inLanguage":"pt-BR"},{"@type":"ImageObject","inLanguage":"pt-BR","@id":"https:\/\/franciscanos.org.br\/noticias\/a-mistica-da-porciuncula-em-sorocaba.html#primaryimage","url":"https:\/\/franciscanos.org.br\/noticias\/wp-content\/uploads\/2017\/10\/porciuncula_081017_2.jpg","contentUrl":"https:\/\/franciscanos.org.br\/noticias\/wp-content\/uploads\/2017\/10\/porciuncula_081017_2.jpg","width":273,"height":181},{"@type":"WebPage","@id":"https:\/\/franciscanos.org.br\/noticias\/a-mistica-da-porciuncula-em-sorocaba.html#webpage","url":"https:\/\/franciscanos.org.br\/noticias\/a-mistica-da-porciuncula-em-sorocaba.html","name":"A m\u00edstica da Porci\u00fancula em Sorocaba - Not\u00edcias - Franciscanos","isPartOf":{"@id":"https:\/\/franciscanos.org.br\/noticias\/#website"},"primaryImageOfPage":{"@id":"https:\/\/franciscanos.org.br\/noticias\/a-mistica-da-porciuncula-em-sorocaba.html#primaryimage"},"datePublished":"2017-10-08T22:00:40+00:00","dateModified":"2023-01-10T12:49:37+00:00","author":{"@id":"https:\/\/franciscanos.org.br\/noticias\/#\/schema\/person\/b38fbf43118f02820bd932f2e4b14ad3"},"breadcrumb":{"@id":"https:\/\/franciscanos.org.br\/noticias\/a-mistica-da-porciuncula-em-sorocaba.html#breadcrumb"},"inLanguage":"pt-BR","potentialAction":[{"@type":"ReadAction","target":["https:\/\/franciscanos.org.br\/noticias\/a-mistica-da-porciuncula-em-sorocaba.html"]}]},{"@type":"BreadcrumbList","@id":"https:\/\/franciscanos.org.br\/noticias\/a-mistica-da-porciuncula-em-sorocaba.html#breadcrumb","itemListElement":[{"@type":"ListItem","position":1,"name":"Home","item":"https:\/\/franciscanos.org.br\/noticias"},{"@type":"ListItem","position":2,"name":"A m\u00edstica da Porci\u00fancula em Sorocaba"}]},{"@type":"Person","@id":"https:\/\/franciscanos.org.br\/noticias\/#\/schema\/person\/b38fbf43118f02820bd932f2e4b14ad3","name":"admin","image":{"@type":"ImageObject","inLanguage":"pt-BR","@id":"https:\/\/franciscanos.org.br\/noticias\/#\/schema\/person\/image\/","url":"https:\/\/secure.gravatar.com\/avatar\/e8495742d34d0ba6448ea1c628263b3e?s=96&d=mm&r=g","contentUrl":"https:\/\/secure.gravatar.com\/avatar\/e8495742d34d0ba6448ea1c628263b3e?s=96&d=mm&r=g","caption":"admin"},"url":"https:\/\/franciscanos.org.br\/noticias\/author\/admin"}]}},"_links":{"self":[{"href":"https:\/\/franciscanos.org.br\/noticias\/wp-json\/wp\/v2\/posts\/143460"}],"collection":[{"href":"https:\/\/franciscanos.org.br\/noticias\/wp-json\/wp\/v2\/posts"}],"about":[{"href":"https:\/\/franciscanos.org.br\/noticias\/wp-json\/wp\/v2\/types\/post"}],"author":[{"embeddable":true,"href":"https:\/\/franciscanos.org.br\/noticias\/wp-json\/wp\/v2\/users\/1"}],"replies":[{"embeddable":true,"href":"https:\/\/franciscanos.org.br\/noticias\/wp-json\/wp\/v2\/comments?post=143460"}],"version-history":[{"count":1,"href":"https:\/\/franciscanos.org.br\/noticias\/wp-json\/wp\/v2\/posts\/143460\/revisions"}],"predecessor-version":[{"id":241677,"href":"https:\/\/franciscanos.org.br\/noticias\/wp-json\/wp\/v2\/posts\/143460\/revisions\/241677"}],"wp:featuredmedia":[{"embeddable":true,"href":"https:\/\/franciscanos.org.br\/noticias\/wp-json\/wp\/v2\/media\/203397"}],"wp:attachment":[{"href":"https:\/\/franciscanos.org.br\/noticias\/wp-json\/wp\/v2\/media?parent=143460"}],"wp:term":[{"taxonomy":"category","embeddable":true,"href":"https:\/\/franciscanos.org.br\/noticias\/wp-json\/wp\/v2\/categories?post=143460"},{"taxonomy":"post_tag","embeddable":true,"href":"https:\/\/franciscanos.org.br\/noticias\/wp-json\/wp\/v2\/tags?post=143460"}],"curies":[{"name":"wp","href":"https:\/\/api.w.org\/{rel}","templated":true}]}}