{"id":143424,"date":"2017-10-06T09:47:35","date_gmt":"2017-10-06T12:47:35","guid":{"rendered":"http:\/\/franciscanos.org.br\/?p=143424"},"modified":"2019-04-25T13:27:53","modified_gmt":"2019-04-25T16:27:53","slug":"festa-para-o-padroeiro-de-rodeio","status":"publish","type":"post","link":"https:\/\/franciscanos.org.br\/noticias\/festa-para-o-padroeiro-de-rodeio.html","title":{"rendered":"Festa para o Padroeiro de Rodeio"},"content":{"rendered":"<p><img loading=\"lazy\" src=\"http:\/\/franciscanos.org.br\/wp-content\/uploads\/2017\/10\/rodeio_061017_1.jpg\" alt=\"rodeio_061017_1\" width=\"830\" height=\"437\" \/><\/p>\n<p>O Noviciado S\u00e3o Jos\u00e9 e a Par\u00f3quia S\u00e3o Francisco de Assis de Rodeio (SC) celebraram o Tr\u00edduo em prepara\u00e7\u00e3o \u00e0 Festa do Padroeiro S\u00e3o Francisco, evento que deixou sua marca e emo\u00e7\u00e3o tanto da parte dos novi\u00e7os quanto da comunidade. O primeiro dia do Tr\u00edduo teve in\u00edcio com a b\u00ean\u00e7\u00e3o do Sant\u00edssimo, presidida pelo p\u00e1roco Frei Pedro da Silva, que, em sua reflex\u00e3o, rememorou alguns momentos vivenciados de modo intenso pela comunidade.<\/p>\n<p>J\u00e1 no segundo dia do Tr\u00edduo, o Mestre de Novi\u00e7os, Frei Samuel Ferreira de Lima, presidiu a Celebra\u00e7\u00e3o, que teve os cantos de Angola, e falou sobre o cuidado franciscano com a cria\u00e7\u00e3o e com a cultura.\u00a0 \u201cCelebrar a Festa de S\u00e3o Francisco \u00e9 reavivar a dimens\u00e3o de nosso carisma no conforto di\u00e1rio da voca\u00e7\u00e3o que abra\u00e7amos, buscando no seguimento de Francisco atualizar a radicalidade do Evangelho e fazer sempre de novo despertar o desejo da entrega\u201d, disse Frei Samuel.<\/p>\n<p>No terceiro dia, ap\u00f3s a homilia de Frei Jos\u00e9 Ant\u00f4nio Cruz Duarte, que presidiu esta celebra\u00e7\u00e3o, os novi\u00e7os cantaram o <em>\u201cTransitus\u201d<\/em> a tr\u00eas vozes, que desde julho estava sendo ensaiado com muito empenho e dedica\u00e7\u00e3o pelo vice-mestre Frei Pedro da Silva, marcando assim a passagem do Ser\u00e1fico Pai em clima de grande emo\u00e7\u00e3o e devo\u00e7\u00e3o. Ap\u00f3s a Celebra\u00e7\u00e3o Eucar\u00edstica, o guardi\u00e3o da Fraternidade, Frei Jos\u00e9 Ant\u00f4nio, convidou a todos para um coquetel no claustro do Convento, que ficou pequeno, mas &#8220;florido&#8221; pela presen\u00e7a marcante dos paroquianos.<\/p>\n<p>\u201cCelebrar a festa de S\u00e3o Francisco, mais precisamente o <em>Transitus<\/em> do Serafico Pai Francisco nos leva a uma reflex\u00e3o da passagem do transit\u00f3rio, do ef\u00eamero, para a plenitude. \u00c9 vivendo intensamente a nossa humanidade no processo de convers\u00e3o que chegaremos \u00e0 plenitude, \u00e0 eternidade junto da Trindade, Maria e Francisco de Assis\u201d, explicou Frei Rafael Spricigo, Vig\u00e1rio da casa.<\/p>\n<p>\u201cA Solenidade do nosso Pai Ser\u00e1fico S\u00e3o Francisco foi celebrada com alegria e emo\u00e7\u00e3o, sendo o momento mais forte <em>o Transitus<\/em>. Foi um momento \u00fanico para mim, onde se fez sentir o esp\u00edrito de minoridade e fraternidade\u201d, acredita o novi\u00e7o angolano Frei Alberto Capingala Martinho Sambei.<\/p>\n<p><img loading=\"lazy\" src=\"http:\/\/franciscanos.org.br\/wp-content\/uploads\/2017\/10\/rodeio_061017.jpg\" alt=\"rodeio_061017\" width=\"830\" height=\"623\" \/><\/p>\n<p>A quarta-feira do dia 4 de outubro amanheceu iluminada pelo nosso irm\u00e3o sol, um grande presente de Deus alt\u00edssimo. Ao som do centen\u00e1rio \u00f3rg\u00e3o da igreja de Rodeio, brilhantemente conduzido por Frei Pedro, foram cantadas as <em>Laudes<\/em> por toda a Fraternidade. As vozes un\u00edssonas ecoaram pela igreja em honra a S\u00e3o Francisco de Assis.<\/p>\n<p>\u201cQuando celebramos S\u00e3o Francisco, voltamos nosso olhar para as gra\u00e7as de Deus. Celebr\u00e1-lo como novi\u00e7o \u00e9 ainda mais emocionante; aqui tudo exala a profundidade do nosso carisma\u201d, destacou o novi\u00e7o Frei Ruan Sguissardi.<\/p>\n<p>Ao meio-dia, todos se dirigiram \u00e0 cancha, onde realizou-se o almo\u00e7o com a presen\u00e7a das Irm\u00e3s Catequistas, colaboradores, frades e benfeitores. As 18h30, os sinos da igreja anunciaram a Missa Solene de S\u00e3o Francisco, que foi preparada com alegria e simplicidade pelos novi\u00e7os e paroquianos. Terminada a Missa, frades e novi\u00e7os celebraram o \u00faltimo conv\u00edvio fraterno do dia solene no claustro do Convento.<\/p>\n<p>Frei Jos\u00e9 Ant\u00f4nio, guardi\u00e3o da Fraternidade, agradeceu o empenho de todos em prol da realiza\u00e7\u00e3o destas festividades. Frei Willian Bernardi De Castro, representando os novi\u00e7os, agradeceu ao vice-mestre Frei Pedro da Silva pela incans\u00e1vel dedica\u00e7\u00e3o na condu\u00e7\u00e3o dos ensaios e prepara\u00e7\u00e3o das celebra\u00e7\u00f5es lit\u00fargicas. Emocionado, Frei Pedro retribui o carinho. E o dia encerrou-se com o \u201cC\u00e2ntico do Sol\u201d, cantado a tr\u00eas vozes\u00a0 sob o olhar fraterno da Irm\u00e3 Lua, que embelezou a noite.<\/p>\n<p><strong>Frei Tiago da Silva Barboza, novi\u00e7o<\/strong><\/p>\n","protected":false},"excerpt":{"rendered":"<p>S\u00e3o Francisco de Assis<\/p>\n","protected":false},"author":1,"featured_media":203386,"comment_status":"open","ping_status":"open","sticky":false,"template":"","format":"standard","meta":[],"categories":[1],"tags":[135],"acf":[],"yoast_head":"<!-- This site is optimized with the Yoast SEO plugin v19.2 - https:\/\/yoast.com\/wordpress\/plugins\/seo\/ -->\n<title>Festa para o Padroeiro de Rodeio - Not\u00edcias - Franciscanos<\/title>\n<meta name=\"robots\" content=\"index, follow, max-snippet:-1, max-image-preview:large, max-video-preview:-1\" \/>\n<link rel=\"canonical\" href=\"https:\/\/franciscanos.org.br\/noticias\/festa-para-o-padroeiro-de-rodeio.html\" \/>\n<meta property=\"og:locale\" content=\"pt_BR\" \/>\n<meta property=\"og:type\" content=\"article\" \/>\n<meta property=\"og:title\" content=\"Festa para o Padroeiro de Rodeio - Not\u00edcias - Franciscanos\" \/>\n<meta property=\"og:description\" content=\"S\u00e3o Francisco de Assis\" \/>\n<meta property=\"og:url\" content=\"https:\/\/franciscanos.org.br\/noticias\/festa-para-o-padroeiro-de-rodeio.html\" \/>\n<meta property=\"og:site_name\" content=\"Not\u00edcias - Franciscanos\" \/>\n<meta property=\"article:published_time\" content=\"2017-10-06T12:47:35+00:00\" \/>\n<meta property=\"article:modified_time\" content=\"2019-04-25T16:27:53+00:00\" \/>\n<meta property=\"og:image\" content=\"https:\/\/franciscanos.org.br\/noticias\/wp-content\/uploads\/2017\/10\/rodeio_061017_1.jpg\" \/>\n\t<meta property=\"og:image:width\" content=\"273\" \/>\n\t<meta property=\"og:image:height\" content=\"181\" \/>\n\t<meta property=\"og:image:type\" content=\"image\/jpeg\" \/>\n<meta name=\"author\" content=\"admin\" \/>\n<meta name=\"twitter:card\" content=\"summary_large_image\" \/>\n<meta name=\"twitter:label1\" content=\"Escrito por\" \/>\n\t<meta name=\"twitter:data1\" content=\"admin\" \/>\n\t<meta name=\"twitter:label2\" content=\"Est. tempo de leitura\" \/>\n\t<meta name=\"twitter:data2\" content=\"3 minutos\" \/>\n<script type=\"application\/ld+json\" class=\"yoast-schema-graph\">{\"@context\":\"https:\/\/schema.org\",\"@graph\":[{\"@type\":\"WebSite\",\"@id\":\"https:\/\/franciscanos.org.br\/noticias\/#website\",\"url\":\"https:\/\/franciscanos.org.br\/noticias\/\",\"name\":\"Not\u00edcias - Franciscanos\",\"description\":\"Prov\u00edncia Franciscana da Imaculada Concei\u00e7\u00e3o do Brasil - Ordem dos Frades Menores - OFM\",\"potentialAction\":[{\"@type\":\"SearchAction\",\"target\":{\"@type\":\"EntryPoint\",\"urlTemplate\":\"https:\/\/franciscanos.org.br\/noticias\/?s={search_term_string}\"},\"query-input\":\"required name=search_term_string\"}],\"inLanguage\":\"pt-BR\"},{\"@type\":\"ImageObject\",\"inLanguage\":\"pt-BR\",\"@id\":\"https:\/\/franciscanos.org.br\/noticias\/festa-para-o-padroeiro-de-rodeio.html#primaryimage\",\"url\":\"https:\/\/franciscanos.org.br\/noticias\/wp-content\/uploads\/2017\/10\/rodeio_061017_1.jpg\",\"contentUrl\":\"https:\/\/franciscanos.org.br\/noticias\/wp-content\/uploads\/2017\/10\/rodeio_061017_1.jpg\",\"width\":273,\"height\":181},{\"@type\":\"WebPage\",\"@id\":\"https:\/\/franciscanos.org.br\/noticias\/festa-para-o-padroeiro-de-rodeio.html#webpage\",\"url\":\"https:\/\/franciscanos.org.br\/noticias\/festa-para-o-padroeiro-de-rodeio.html\",\"name\":\"Festa para o Padroeiro de Rodeio - Not\u00edcias - Franciscanos\",\"isPartOf\":{\"@id\":\"https:\/\/franciscanos.org.br\/noticias\/#website\"},\"primaryImageOfPage\":{\"@id\":\"https:\/\/franciscanos.org.br\/noticias\/festa-para-o-padroeiro-de-rodeio.html#primaryimage\"},\"datePublished\":\"2017-10-06T12:47:35+00:00\",\"dateModified\":\"2019-04-25T16:27:53+00:00\",\"author\":{\"@id\":\"https:\/\/franciscanos.org.br\/noticias\/#\/schema\/person\/b38fbf43118f02820bd932f2e4b14ad3\"},\"breadcrumb\":{\"@id\":\"https:\/\/franciscanos.org.br\/noticias\/festa-para-o-padroeiro-de-rodeio.html#breadcrumb\"},\"inLanguage\":\"pt-BR\",\"potentialAction\":[{\"@type\":\"ReadAction\",\"target\":[\"https:\/\/franciscanos.org.br\/noticias\/festa-para-o-padroeiro-de-rodeio.html\"]}]},{\"@type\":\"BreadcrumbList\",\"@id\":\"https:\/\/franciscanos.org.br\/noticias\/festa-para-o-padroeiro-de-rodeio.html#breadcrumb\",\"itemListElement\":[{\"@type\":\"ListItem\",\"position\":1,\"name\":\"Home\",\"item\":\"https:\/\/franciscanos.org.br\/noticias\"},{\"@type\":\"ListItem\",\"position\":2,\"name\":\"Festa para o Padroeiro de Rodeio\"}]},{\"@type\":\"Person\",\"@id\":\"https:\/\/franciscanos.org.br\/noticias\/#\/schema\/person\/b38fbf43118f02820bd932f2e4b14ad3\",\"name\":\"admin\",\"image\":{\"@type\":\"ImageObject\",\"inLanguage\":\"pt-BR\",\"@id\":\"https:\/\/franciscanos.org.br\/noticias\/#\/schema\/person\/image\/\",\"url\":\"https:\/\/secure.gravatar.com\/avatar\/e8495742d34d0ba6448ea1c628263b3e?s=96&d=mm&r=g\",\"contentUrl\":\"https:\/\/secure.gravatar.com\/avatar\/e8495742d34d0ba6448ea1c628263b3e?s=96&d=mm&r=g\",\"caption\":\"admin\"},\"url\":\"https:\/\/franciscanos.org.br\/noticias\/author\/admin\"}]}<\/script>\n<!-- \/ Yoast SEO plugin. -->","yoast_head_json":{"title":"Festa para o Padroeiro de Rodeio - Not\u00edcias - Franciscanos","robots":{"index":"index","follow":"follow","max-snippet":"max-snippet:-1","max-image-preview":"max-image-preview:large","max-video-preview":"max-video-preview:-1"},"canonical":"https:\/\/franciscanos.org.br\/noticias\/festa-para-o-padroeiro-de-rodeio.html","og_locale":"pt_BR","og_type":"article","og_title":"Festa para o Padroeiro de Rodeio - Not\u00edcias - Franciscanos","og_description":"S\u00e3o Francisco de Assis","og_url":"https:\/\/franciscanos.org.br\/noticias\/festa-para-o-padroeiro-de-rodeio.html","og_site_name":"Not\u00edcias - Franciscanos","article_published_time":"2017-10-06T12:47:35+00:00","article_modified_time":"2019-04-25T16:27:53+00:00","og_image":[{"width":273,"height":181,"url":"https:\/\/franciscanos.org.br\/noticias\/wp-content\/uploads\/2017\/10\/rodeio_061017_1.jpg","type":"image\/jpeg"}],"author":"admin","twitter_card":"summary_large_image","twitter_misc":{"Escrito por":"admin","Est. tempo de leitura":"3 minutos"},"schema":{"@context":"https:\/\/schema.org","@graph":[{"@type":"WebSite","@id":"https:\/\/franciscanos.org.br\/noticias\/#website","url":"https:\/\/franciscanos.org.br\/noticias\/","name":"Not\u00edcias - Franciscanos","description":"Prov\u00edncia Franciscana da Imaculada Concei\u00e7\u00e3o do Brasil - Ordem dos Frades Menores - OFM","potentialAction":[{"@type":"SearchAction","target":{"@type":"EntryPoint","urlTemplate":"https:\/\/franciscanos.org.br\/noticias\/?s={search_term_string}"},"query-input":"required name=search_term_string"}],"inLanguage":"pt-BR"},{"@type":"ImageObject","inLanguage":"pt-BR","@id":"https:\/\/franciscanos.org.br\/noticias\/festa-para-o-padroeiro-de-rodeio.html#primaryimage","url":"https:\/\/franciscanos.org.br\/noticias\/wp-content\/uploads\/2017\/10\/rodeio_061017_1.jpg","contentUrl":"https:\/\/franciscanos.org.br\/noticias\/wp-content\/uploads\/2017\/10\/rodeio_061017_1.jpg","width":273,"height":181},{"@type":"WebPage","@id":"https:\/\/franciscanos.org.br\/noticias\/festa-para-o-padroeiro-de-rodeio.html#webpage","url":"https:\/\/franciscanos.org.br\/noticias\/festa-para-o-padroeiro-de-rodeio.html","name":"Festa para o Padroeiro de Rodeio - Not\u00edcias - Franciscanos","isPartOf":{"@id":"https:\/\/franciscanos.org.br\/noticias\/#website"},"primaryImageOfPage":{"@id":"https:\/\/franciscanos.org.br\/noticias\/festa-para-o-padroeiro-de-rodeio.html#primaryimage"},"datePublished":"2017-10-06T12:47:35+00:00","dateModified":"2019-04-25T16:27:53+00:00","author":{"@id":"https:\/\/franciscanos.org.br\/noticias\/#\/schema\/person\/b38fbf43118f02820bd932f2e4b14ad3"},"breadcrumb":{"@id":"https:\/\/franciscanos.org.br\/noticias\/festa-para-o-padroeiro-de-rodeio.html#breadcrumb"},"inLanguage":"pt-BR","potentialAction":[{"@type":"ReadAction","target":["https:\/\/franciscanos.org.br\/noticias\/festa-para-o-padroeiro-de-rodeio.html"]}]},{"@type":"BreadcrumbList","@id":"https:\/\/franciscanos.org.br\/noticias\/festa-para-o-padroeiro-de-rodeio.html#breadcrumb","itemListElement":[{"@type":"ListItem","position":1,"name":"Home","item":"https:\/\/franciscanos.org.br\/noticias"},{"@type":"ListItem","position":2,"name":"Festa para o Padroeiro de Rodeio"}]},{"@type":"Person","@id":"https:\/\/franciscanos.org.br\/noticias\/#\/schema\/person\/b38fbf43118f02820bd932f2e4b14ad3","name":"admin","image":{"@type":"ImageObject","inLanguage":"pt-BR","@id":"https:\/\/franciscanos.org.br\/noticias\/#\/schema\/person\/image\/","url":"https:\/\/secure.gravatar.com\/avatar\/e8495742d34d0ba6448ea1c628263b3e?s=96&d=mm&r=g","contentUrl":"https:\/\/secure.gravatar.com\/avatar\/e8495742d34d0ba6448ea1c628263b3e?s=96&d=mm&r=g","caption":"admin"},"url":"https:\/\/franciscanos.org.br\/noticias\/author\/admin"}]}},"_links":{"self":[{"href":"https:\/\/franciscanos.org.br\/noticias\/wp-json\/wp\/v2\/posts\/143424"}],"collection":[{"href":"https:\/\/franciscanos.org.br\/noticias\/wp-json\/wp\/v2\/posts"}],"about":[{"href":"https:\/\/franciscanos.org.br\/noticias\/wp-json\/wp\/v2\/types\/post"}],"author":[{"embeddable":true,"href":"https:\/\/franciscanos.org.br\/noticias\/wp-json\/wp\/v2\/users\/1"}],"replies":[{"embeddable":true,"href":"https:\/\/franciscanos.org.br\/noticias\/wp-json\/wp\/v2\/comments?post=143424"}],"version-history":[{"count":0,"href":"https:\/\/franciscanos.org.br\/noticias\/wp-json\/wp\/v2\/posts\/143424\/revisions"}],"wp:featuredmedia":[{"embeddable":true,"href":"https:\/\/franciscanos.org.br\/noticias\/wp-json\/wp\/v2\/media\/203386"}],"wp:attachment":[{"href":"https:\/\/franciscanos.org.br\/noticias\/wp-json\/wp\/v2\/media?parent=143424"}],"wp:term":[{"taxonomy":"category","embeddable":true,"href":"https:\/\/franciscanos.org.br\/noticias\/wp-json\/wp\/v2\/categories?post=143424"},{"taxonomy":"post_tag","embeddable":true,"href":"https:\/\/franciscanos.org.br\/noticias\/wp-json\/wp\/v2\/tags?post=143424"}],"curies":[{"name":"wp","href":"https:\/\/api.w.org\/{rel}","templated":true}]}}