{"id":143418,"date":"2017-10-06T08:40:26","date_gmt":"2017-10-06T11:40:26","guid":{"rendered":"http:\/\/franciscanos.org.br\/?p=143418"},"modified":"2019-02-04T11:00:19","modified_gmt":"2019-02-04T13:00:19","slug":"celebracoes-de-sao-francisco-em-luanda","status":"publish","type":"post","link":"https:\/\/franciscanos.org.br\/noticias\/celebracoes-de-sao-francisco-em-luanda.html","title":{"rendered":"Celebra\u00e7\u00f5es de S\u00e3o Francisco em Luanda"},"content":{"rendered":"<p><img loading=\"lazy\" src=\"http:\/\/franciscanos.org.br\/wp-content\/uploads\/2017\/10\/angola_061017.jpg\" alt=\"angola_061017\" width=\"820\" height=\"462\" \/><\/p>\n<p><strong>Frei Cris\u00f3stomo Pinto \u00d1gala<\/strong><\/p>\n<p>Este ano, a festa de S\u00e3o Francisco de Assis na Funda\u00e7\u00e3o Imaculada M\u00e3e de Deus de Angola (FIMDA) foi celebrada pela Fraternidade do Palanca no Santu\u00e1rio do Kimbo, que tem como Padroeiro S\u00e3o Francisco. Frades, Irm\u00e3s Clarissas e o povo participaram da Semana Franciscana em Luanda, que come\u00e7ou com o Tr\u00edduo em prepara\u00e7\u00e3o \u00e0 Solenidade do Ser\u00e1fico Pai, no 1\u00ba domingo do m\u00eas de outubro, tendo como tema a \u201cExperi\u00eancia da Ora\u00e7\u00e3o\u201d. Neste dia, os frades refletiram sobre a nossa dimens\u00e3o humana e divina, tendo como inspira\u00e7\u00e3o Francisco, o homem-ora\u00e7\u00e3o.<\/p>\n<p>No segundo dia, a reflex\u00e3o abordou o tema do amor e da solidariedade e, no \u00faltimo dia, foi a vez de refletir sobre o abra\u00e7o \u00e0s criaturas.<\/p>\n<p>No dia 3 de outubro, a Fam\u00edlia Franciscana de Angola se reuniu no Mosteiro Sagrado Cora\u00e7\u00e3o de Jesus, das Irm\u00e3s Clarissas, para celebrar o<em> Transitus<\/em> de S\u00e3o Francisco de Assis. O presidente da FIMDA, Frei Jos\u00e9 Ant\u00f4nio, presidiu a Celebra\u00e7\u00e3o e a anima\u00e7\u00e3o coube \u00e0s Irm\u00e3s Clarissas e aos frades estudantes, \u00a0que cantaram o Salmo 141 em latim, \u00a0o <em>Salve Sancte Pater<\/em>.<\/p>\n<p><img loading=\"lazy\" src=\"http:\/\/franciscanos.org.br\/wp-content\/uploads\/2017\/10\/angola_061017_2.jpg\" alt=\"angola_061017_2\" width=\"820\" height=\"432\" \/><\/p>\n<p>No decorrer do <em>Transitus<\/em>, Frei Jos\u00e9 Ant\u00f4nio explicou o significado da celebra\u00e7\u00e3o, dizendo que tr\u00e2nsito signfica passagem. \u201cE o tr\u00e2nsito de Francisco se d\u00e1 atrav\u00e9s de sua morte. Francisco morreu num s\u00e1bado, com apenas 44 anos, cantando\u201d, disse. Em seguida, o sacerdote recordou a passagem do cortejo f\u00fanebre em S\u00e3o Dami\u00e3o, para Francisco dispedir-se de Clara, e falou da li\u00e7\u00e3o que se pode tirar daquele \u00faltimo encontro. \u00a0Neste dia, os frades jantaram com os meninos do Projeto Nossos Mi\u00fados, ocasi\u00e3o em que se comemorou o anivers\u00e1rio do Frei F\u00e1bio Gomes.<\/p>\n<p>A Missa da Solenidade de nosso Pai Ser\u00e1fico S\u00e3o Francisco de Assis foi rezada tamb\u00e9m no Mosteiro das Irm\u00e3s Clarissas, no bairro Palanca, no per\u00edodo da manh\u00e3 do dia 4. O presidente da Celebra\u00e7\u00e3o, Frei Jos\u00e9 Ant\u00f4nio, destacou a alegria franciscana e explicou que ela perpassa o carisma franciscano, pois seu suporte \u00e9 o Evangelho. Depois da Missa, como de costume, os frades participaram de uma confraterniza\u00e7\u00e3o com as Irm\u00e3s Clarissas.<\/p>\n<p>O encerramento das festividades aconteceu no Kimbo S\u00e3o Francisco, no dia 5, com a Missa dos Peregrinos (romeiros) do Kimbo e almo\u00e7o comunit\u00e1rio, tamb\u00e9m presidida por Frei Jos\u00e9 Antonio, tendo a participa\u00e7\u00e3o dos frades da Fraternidade Nossa Senhora dos Anjos da Porci\u00fancula de Viana, membros da OFS, Jufra, colaboradores e fi\u00e9is que frequentam o Kimbo \u00e0s ter\u00e7as e quintas-feiras.<\/p>\n<p><img loading=\"lazy\" src=\"http:\/\/franciscanos.org.br\/wp-content\/uploads\/2017\/10\/angola_061017_3.jpg\" alt=\"angola_061017_3\" width=\"820\" height=\"432\" \/><\/p>\n<p>Frei Jos\u00e9 explicou o itiner\u00e1rio de S\u00e3o Francisco desde o nascimento at\u00e9 \u00a0\u00e0 sua canoniza\u00e7\u00e3o. Relatou um pouco as ambi\u00e7\u00f5es de Francisco enquanto jovem, sua convers\u00e3o e sua op\u00e7\u00e3o radical por difundir o bem que gera a paz. O celebrante desafiou os presentes a serem embaixadores da paz e do bem e a verem em Francisco o paradigma do cuidado, sobretudo do cuidado da cria\u00e7\u00e3o e dos mais fragilizados.<\/p>\n<p>Ap\u00f3s Missa de encerramento, animada pelo Coro S\u00e3o Frincisco do Kimbo, foram apresentados os dois padres dos Sacramentinos de Nossa Senhora, residentes no Moxico e que participaram em todos os momentos das celebra\u00e7\u00f5es. A eles e aos que t\u00eam colaborado nas atividades do Kimbo, Frei Jos\u00e9 exprimiu sua gratid\u00e3o. A festa terminou com o almo\u00e7o no Kimbo.<\/p>\n","protected":false},"excerpt":{"rendered":"<p>Miss\u00e3o de Angola<\/p>\n","protected":false},"author":1,"featured_media":199353,"comment_status":"open","ping_status":"open","sticky":false,"template":"","format":"standard","meta":[],"categories":[1],"tags":[360],"acf":[],"yoast_head":"<!-- This site is optimized with the Yoast SEO plugin v19.2 - https:\/\/yoast.com\/wordpress\/plugins\/seo\/ -->\n<title>Celebra\u00e7\u00f5es de S\u00e3o Francisco em Luanda - Not\u00edcias - Franciscanos<\/title>\n<meta name=\"robots\" content=\"index, follow, max-snippet:-1, max-image-preview:large, max-video-preview:-1\" \/>\n<link rel=\"canonical\" href=\"https:\/\/franciscanos.org.br\/noticias\/celebracoes-de-sao-francisco-em-luanda.html\" \/>\n<meta property=\"og:locale\" content=\"pt_BR\" \/>\n<meta property=\"og:type\" content=\"article\" \/>\n<meta property=\"og:title\" content=\"Celebra\u00e7\u00f5es de S\u00e3o Francisco em Luanda - Not\u00edcias - Franciscanos\" \/>\n<meta property=\"og:description\" content=\"Miss\u00e3o de Angola\" \/>\n<meta property=\"og:url\" content=\"https:\/\/franciscanos.org.br\/noticias\/celebracoes-de-sao-francisco-em-luanda.html\" \/>\n<meta property=\"og:site_name\" content=\"Not\u00edcias - Franciscanos\" \/>\n<meta property=\"article:published_time\" content=\"2017-10-06T11:40:26+00:00\" \/>\n<meta property=\"article:modified_time\" content=\"2019-02-04T13:00:19+00:00\" \/>\n<meta property=\"og:image\" content=\"https:\/\/franciscanos.org.br\/noticias\/wp-content\/uploads\/2017\/10\/angola_061017_2.jpg\" \/>\n\t<meta property=\"og:image:width\" content=\"273\" \/>\n\t<meta property=\"og:image:height\" content=\"181\" \/>\n\t<meta property=\"og:image:type\" content=\"image\/jpeg\" \/>\n<meta name=\"author\" content=\"admin\" \/>\n<meta name=\"twitter:card\" content=\"summary_large_image\" \/>\n<meta name=\"twitter:label1\" content=\"Escrito por\" \/>\n\t<meta name=\"twitter:data1\" content=\"admin\" \/>\n\t<meta name=\"twitter:label2\" content=\"Est. tempo de leitura\" \/>\n\t<meta name=\"twitter:data2\" content=\"3 minutos\" \/>\n<script type=\"application\/ld+json\" class=\"yoast-schema-graph\">{\"@context\":\"https:\/\/schema.org\",\"@graph\":[{\"@type\":\"WebSite\",\"@id\":\"https:\/\/franciscanos.org.br\/noticias\/#website\",\"url\":\"https:\/\/franciscanos.org.br\/noticias\/\",\"name\":\"Not\u00edcias - Franciscanos\",\"description\":\"Prov\u00edncia Franciscana da Imaculada Concei\u00e7\u00e3o do Brasil - Ordem dos Frades Menores - OFM\",\"potentialAction\":[{\"@type\":\"SearchAction\",\"target\":{\"@type\":\"EntryPoint\",\"urlTemplate\":\"https:\/\/franciscanos.org.br\/noticias\/?s={search_term_string}\"},\"query-input\":\"required name=search_term_string\"}],\"inLanguage\":\"pt-BR\"},{\"@type\":\"ImageObject\",\"inLanguage\":\"pt-BR\",\"@id\":\"https:\/\/franciscanos.org.br\/noticias\/celebracoes-de-sao-francisco-em-luanda.html#primaryimage\",\"url\":\"https:\/\/franciscanos.org.br\/noticias\/wp-content\/uploads\/2017\/10\/angola_061017_2.jpg\",\"contentUrl\":\"https:\/\/franciscanos.org.br\/noticias\/wp-content\/uploads\/2017\/10\/angola_061017_2.jpg\",\"width\":273,\"height\":181},{\"@type\":\"WebPage\",\"@id\":\"https:\/\/franciscanos.org.br\/noticias\/celebracoes-de-sao-francisco-em-luanda.html#webpage\",\"url\":\"https:\/\/franciscanos.org.br\/noticias\/celebracoes-de-sao-francisco-em-luanda.html\",\"name\":\"Celebra\u00e7\u00f5es de S\u00e3o Francisco em Luanda - Not\u00edcias - Franciscanos\",\"isPartOf\":{\"@id\":\"https:\/\/franciscanos.org.br\/noticias\/#website\"},\"primaryImageOfPage\":{\"@id\":\"https:\/\/franciscanos.org.br\/noticias\/celebracoes-de-sao-francisco-em-luanda.html#primaryimage\"},\"datePublished\":\"2017-10-06T11:40:26+00:00\",\"dateModified\":\"2019-02-04T13:00:19+00:00\",\"author\":{\"@id\":\"https:\/\/franciscanos.org.br\/noticias\/#\/schema\/person\/b38fbf43118f02820bd932f2e4b14ad3\"},\"breadcrumb\":{\"@id\":\"https:\/\/franciscanos.org.br\/noticias\/celebracoes-de-sao-francisco-em-luanda.html#breadcrumb\"},\"inLanguage\":\"pt-BR\",\"potentialAction\":[{\"@type\":\"ReadAction\",\"target\":[\"https:\/\/franciscanos.org.br\/noticias\/celebracoes-de-sao-francisco-em-luanda.html\"]}]},{\"@type\":\"BreadcrumbList\",\"@id\":\"https:\/\/franciscanos.org.br\/noticias\/celebracoes-de-sao-francisco-em-luanda.html#breadcrumb\",\"itemListElement\":[{\"@type\":\"ListItem\",\"position\":1,\"name\":\"Home\",\"item\":\"https:\/\/franciscanos.org.br\/noticias\"},{\"@type\":\"ListItem\",\"position\":2,\"name\":\"Celebra\u00e7\u00f5es de S\u00e3o Francisco em Luanda\"}]},{\"@type\":\"Person\",\"@id\":\"https:\/\/franciscanos.org.br\/noticias\/#\/schema\/person\/b38fbf43118f02820bd932f2e4b14ad3\",\"name\":\"admin\",\"image\":{\"@type\":\"ImageObject\",\"inLanguage\":\"pt-BR\",\"@id\":\"https:\/\/franciscanos.org.br\/noticias\/#\/schema\/person\/image\/\",\"url\":\"https:\/\/secure.gravatar.com\/avatar\/e8495742d34d0ba6448ea1c628263b3e?s=96&d=mm&r=g\",\"contentUrl\":\"https:\/\/secure.gravatar.com\/avatar\/e8495742d34d0ba6448ea1c628263b3e?s=96&d=mm&r=g\",\"caption\":\"admin\"},\"url\":\"https:\/\/franciscanos.org.br\/noticias\/author\/admin\"}]}<\/script>\n<!-- \/ Yoast SEO plugin. -->","yoast_head_json":{"title":"Celebra\u00e7\u00f5es de S\u00e3o Francisco em Luanda - Not\u00edcias - Franciscanos","robots":{"index":"index","follow":"follow","max-snippet":"max-snippet:-1","max-image-preview":"max-image-preview:large","max-video-preview":"max-video-preview:-1"},"canonical":"https:\/\/franciscanos.org.br\/noticias\/celebracoes-de-sao-francisco-em-luanda.html","og_locale":"pt_BR","og_type":"article","og_title":"Celebra\u00e7\u00f5es de S\u00e3o Francisco em Luanda - Not\u00edcias - Franciscanos","og_description":"Miss\u00e3o de Angola","og_url":"https:\/\/franciscanos.org.br\/noticias\/celebracoes-de-sao-francisco-em-luanda.html","og_site_name":"Not\u00edcias - Franciscanos","article_published_time":"2017-10-06T11:40:26+00:00","article_modified_time":"2019-02-04T13:00:19+00:00","og_image":[{"width":273,"height":181,"url":"https:\/\/franciscanos.org.br\/noticias\/wp-content\/uploads\/2017\/10\/angola_061017_2.jpg","type":"image\/jpeg"}],"author":"admin","twitter_card":"summary_large_image","twitter_misc":{"Escrito por":"admin","Est. tempo de leitura":"3 minutos"},"schema":{"@context":"https:\/\/schema.org","@graph":[{"@type":"WebSite","@id":"https:\/\/franciscanos.org.br\/noticias\/#website","url":"https:\/\/franciscanos.org.br\/noticias\/","name":"Not\u00edcias - Franciscanos","description":"Prov\u00edncia Franciscana da Imaculada Concei\u00e7\u00e3o do Brasil - Ordem dos Frades Menores - OFM","potentialAction":[{"@type":"SearchAction","target":{"@type":"EntryPoint","urlTemplate":"https:\/\/franciscanos.org.br\/noticias\/?s={search_term_string}"},"query-input":"required name=search_term_string"}],"inLanguage":"pt-BR"},{"@type":"ImageObject","inLanguage":"pt-BR","@id":"https:\/\/franciscanos.org.br\/noticias\/celebracoes-de-sao-francisco-em-luanda.html#primaryimage","url":"https:\/\/franciscanos.org.br\/noticias\/wp-content\/uploads\/2017\/10\/angola_061017_2.jpg","contentUrl":"https:\/\/franciscanos.org.br\/noticias\/wp-content\/uploads\/2017\/10\/angola_061017_2.jpg","width":273,"height":181},{"@type":"WebPage","@id":"https:\/\/franciscanos.org.br\/noticias\/celebracoes-de-sao-francisco-em-luanda.html#webpage","url":"https:\/\/franciscanos.org.br\/noticias\/celebracoes-de-sao-francisco-em-luanda.html","name":"Celebra\u00e7\u00f5es de S\u00e3o Francisco em Luanda - Not\u00edcias - Franciscanos","isPartOf":{"@id":"https:\/\/franciscanos.org.br\/noticias\/#website"},"primaryImageOfPage":{"@id":"https:\/\/franciscanos.org.br\/noticias\/celebracoes-de-sao-francisco-em-luanda.html#primaryimage"},"datePublished":"2017-10-06T11:40:26+00:00","dateModified":"2019-02-04T13:00:19+00:00","author":{"@id":"https:\/\/franciscanos.org.br\/noticias\/#\/schema\/person\/b38fbf43118f02820bd932f2e4b14ad3"},"breadcrumb":{"@id":"https:\/\/franciscanos.org.br\/noticias\/celebracoes-de-sao-francisco-em-luanda.html#breadcrumb"},"inLanguage":"pt-BR","potentialAction":[{"@type":"ReadAction","target":["https:\/\/franciscanos.org.br\/noticias\/celebracoes-de-sao-francisco-em-luanda.html"]}]},{"@type":"BreadcrumbList","@id":"https:\/\/franciscanos.org.br\/noticias\/celebracoes-de-sao-francisco-em-luanda.html#breadcrumb","itemListElement":[{"@type":"ListItem","position":1,"name":"Home","item":"https:\/\/franciscanos.org.br\/noticias"},{"@type":"ListItem","position":2,"name":"Celebra\u00e7\u00f5es de S\u00e3o Francisco em Luanda"}]},{"@type":"Person","@id":"https:\/\/franciscanos.org.br\/noticias\/#\/schema\/person\/b38fbf43118f02820bd932f2e4b14ad3","name":"admin","image":{"@type":"ImageObject","inLanguage":"pt-BR","@id":"https:\/\/franciscanos.org.br\/noticias\/#\/schema\/person\/image\/","url":"https:\/\/secure.gravatar.com\/avatar\/e8495742d34d0ba6448ea1c628263b3e?s=96&d=mm&r=g","contentUrl":"https:\/\/secure.gravatar.com\/avatar\/e8495742d34d0ba6448ea1c628263b3e?s=96&d=mm&r=g","caption":"admin"},"url":"https:\/\/franciscanos.org.br\/noticias\/author\/admin"}]}},"_links":{"self":[{"href":"https:\/\/franciscanos.org.br\/noticias\/wp-json\/wp\/v2\/posts\/143418"}],"collection":[{"href":"https:\/\/franciscanos.org.br\/noticias\/wp-json\/wp\/v2\/posts"}],"about":[{"href":"https:\/\/franciscanos.org.br\/noticias\/wp-json\/wp\/v2\/types\/post"}],"author":[{"embeddable":true,"href":"https:\/\/franciscanos.org.br\/noticias\/wp-json\/wp\/v2\/users\/1"}],"replies":[{"embeddable":true,"href":"https:\/\/franciscanos.org.br\/noticias\/wp-json\/wp\/v2\/comments?post=143418"}],"version-history":[{"count":0,"href":"https:\/\/franciscanos.org.br\/noticias\/wp-json\/wp\/v2\/posts\/143418\/revisions"}],"wp:featuredmedia":[{"embeddable":true,"href":"https:\/\/franciscanos.org.br\/noticias\/wp-json\/wp\/v2\/media\/199353"}],"wp:attachment":[{"href":"https:\/\/franciscanos.org.br\/noticias\/wp-json\/wp\/v2\/media?parent=143418"}],"wp:term":[{"taxonomy":"category","embeddable":true,"href":"https:\/\/franciscanos.org.br\/noticias\/wp-json\/wp\/v2\/categories?post=143418"},{"taxonomy":"post_tag","embeddable":true,"href":"https:\/\/franciscanos.org.br\/noticias\/wp-json\/wp\/v2\/tags?post=143418"}],"curies":[{"name":"wp","href":"https:\/\/api.w.org\/{rel}","templated":true}]}}