{"id":143401,"date":"2017-10-06T07:44:30","date_gmt":"2017-10-06T10:44:30","guid":{"rendered":"http:\/\/franciscanos.org.br\/?p=143401"},"modified":"2019-04-25T13:26:25","modified_gmt":"2019-04-25T16:26:25","slug":"inaugurado-laboratorio-de-habilidades-medicas-para-cursos-da-area-da-saude","status":"publish","type":"post","link":"https:\/\/franciscanos.org.br\/noticias\/inaugurado-laboratorio-de-habilidades-medicas-para-cursos-da-area-da-saude.html","title":{"rendered":"Universidade inaugura laborat\u00f3rio para cursos de sa\u00fade"},"content":{"rendered":"<p><img loading=\"lazy\" src=\"http:\/\/franciscanos.org.br\/wp-content\/uploads\/2017\/10\/fidencio_061017_1.jpg\" alt=\"fidencio_061017_1\" width=\"830\" height=\"473\" \/><\/p>\n<p><strong>Ana Paula Moreira de Souza, da USF<\/strong><\/p>\n<p><strong>Bragan\u00e7a Paulista (SP)<\/strong> &#8211;\u00a0 O Campus Bragan\u00e7a Paulista da Universidade S\u00e3o Francisco (USF) reinaugurou nesta quinta-feira, dia 5, o Laborat\u00f3rio de Habilidades M\u00e9dicas, que funcionar\u00e1 como espa\u00e7o para atividades pr\u00e1ticas de todos os cursos da \u00e1rea da sa\u00fade da USF.<\/p>\n<p>O evento contou com a participa\u00e7\u00e3o de representantes da USF, professores, alunos e autoridades locais. Entre os participantes estavam o Ministro Provincial da Prov\u00edncia Franciscana da Imaculada Concei\u00e7\u00e3o do Brasil e Chanceler da USF, Frei Fid\u00eancio Vanboemmel, o Diretor Presidente da CNSP-ASF, Frei Thiago Alexandre Hayakawa, o Diretor Vice-presidente, Frei Vitorio Mazzuco Filho, OFM, o Diretor-Administrativo, Frei M\u00e1rio Luiz Tagliari, OFM, o Diretor Secret\u00e1rio, Frei Nilo Agostini, OFM, o reitor da FAE e administrador geral, Jorge Ap\u00f3stolos Siarcos, o reitor da USF, professor Joel Alves de Sousa J\u00fanior, a Pr\u00f3-Reitora de Ensino, Pesquisa e Extens\u00e3o, professora Iara Andrea Alvares Fernandes, o Pr\u00f3-Reitor de Administra\u00e7\u00e3o e Planejamento, Adriel de Moura Cabral, a diretora do Campus Bragan\u00e7a Paulista, professora M\u00e1rcia Aparecida Ant\u00f4nio, o diretor do Campus Itatiba, professor Carlos Eduardo Pizzolatto, al\u00e9m de representantes do HUSF, o vice-prefeito, Amauri Sodr\u00e9, a representante do Deputado Edmir Chedid, Gislene Bueno, al\u00e9m de vereadores.<\/p>\n<p><img loading=\"lazy\" class=\"alignleft size-full wp-image-143403\" src=\"http:\/\/franciscanos.org.br\/wp-content\/uploads\/2017\/10\/fidencio_061017_3.jpg\" alt=\"fidencio_061017_3\" width=\"400\" height=\"267\" \/>O evento teve como mestre de cerim\u00f4nia a professora M\u00e1rcia Aparecida Ant\u00f4nio, que destaca a import\u00e2ncia dos novos espa\u00e7os para os alunos. \u201cFormamos um profissional comprometido com a promo\u00e7\u00e3o, prote\u00e7\u00e3o e recupera\u00e7\u00e3o da sa\u00fade do paciente. Um espa\u00e7o como esse potencializa o desenvolvimento das compet\u00eancias e habilidades requeridas para a atua\u00e7\u00e3o na \u00e1rea da sa\u00fade, atrav\u00e9s da simula\u00e7\u00e3o de experi\u00eancias da vida real, com vistas a garantir a seguran\u00e7a no processo de assist\u00eancia ao paciente\u201d, afirmou a diretora do Campus.<\/p>\n<p>Para Frei Fid\u00eancio, o novo espa\u00e7o \u00e9 fundamental para a qualifica\u00e7\u00e3o de alunos e professores da \u00e1rea da sa\u00fade da USF. \u201cO Laborat\u00f3rio \u00e9 importante para nossos estudantes e professores, mas sobretudo para as vidas que ser\u00e3o cuidadas em nossa Universidade. N\u00f3s sabemos o quanto a sa\u00fade est\u00e1 fragilizada, seja do homem ou da nossa m\u00e3e terra\u201d, disse Frei Fid\u00eancio.<\/p>\n<p>Antes do contato com pacientes em ambientes hospitalares o aluno ter\u00e1 um espa\u00e7o controlado para desenvolver atividades simuladas com rob\u00f4s de baixa, m\u00e9dia e alta fidelidade. O novo complexo apresenta cerca de 3 mil m\u00b2 de \u00e1rea constru\u00edda, com salas de aula, salas de treinamento de habilidades pr\u00e1ticas e comportamentais, contando ainda com salas para desenvolvimento de habilidades pr\u00e1ticas espec\u00edficas como o Centro Obst\u00e9trico e Cir\u00fargico e Unidades de Tratamento Intensivo (UTI) Neonatal e Pedi\u00e1trica e Adulto, al\u00e9m de enfermaria simulada, com capacidade para 180 alunos. Todos os cen\u00e1rios s\u00e3o preparados para o aluno sentir-se dentro de um ambiente hospitalar e simular atua\u00e7\u00f5es ambulatoriais e de emerg\u00eancia, assim como tomada de decis\u00e3o r\u00e1pida e efetiva para o bem-estar do paciente.<\/p>\n<p>Para o reitor da USF, o Laborat\u00f3rio de Habilidades tamb\u00e9m \u00e9 importante para a comunidade bragantina. \u201cComo uma universidade confessional franciscana auxiliamos a comunidade. Este projeto envolve a\u00e7\u00f5es humanas\u201d, afirmou o professor Joel.<\/p>\n<p>Na sequ\u00eancia, foi apresentado um v\u00eddeo que traz um panorama das atividades que ser\u00e3o desenvolvidas no Laborat\u00f3rio de Habilidades M\u00e9dicas. A professora Juliana Seraphin Piera, respons\u00e1vel pelo desenvolvimento do projeto apresentou as principais potencialidades do projeto. Em seguida, os convidados visitaram o novo espa\u00e7o e fizeram um tour guiado pelo pr\u00e9dio.<\/p>\n<p>Com o Laborat\u00f3rio de Habilidades M\u00e9dicas, a USF passa a ser refer\u00eancia para forma\u00e7\u00e3o dos profissionais da sa\u00fade em nossa rede regional de aten\u00e7\u00e3o \u00e0 sa\u00fade, que abrange as cidades de Bragan\u00e7a Paulista, Atibaia, Socorro, Pedra Bela, Pinhalzinho, Tuiuti, Vargem, Joan\u00f3polis, Piracaia, Bom Jesus dos Perd\u00f5es e Nazar\u00e9 Paulista.<\/p>\n<p><img loading=\"lazy\" src=\"http:\/\/franciscanos.org.br\/wp-content\/uploads\/2017\/10\/fidencio_061017_2.jpg\" alt=\"fidencio_061017_2\" width=\"830\" height=\"335\" \/><\/p>\n","protected":false},"excerpt":{"rendered":"<p>USF<\/p>\n","protected":false},"author":1,"featured_media":203384,"comment_status":"open","ping_status":"open","sticky":false,"template":"","format":"standard","meta":[],"categories":[1],"tags":[354],"acf":[],"yoast_head":"<!-- This site is optimized with the Yoast SEO plugin v19.2 - https:\/\/yoast.com\/wordpress\/plugins\/seo\/ -->\n<title>Universidade inaugura laborat\u00f3rio para cursos de sa\u00fade - Not\u00edcias - Franciscanos<\/title>\n<meta name=\"robots\" content=\"index, follow, max-snippet:-1, max-image-preview:large, max-video-preview:-1\" \/>\n<link rel=\"canonical\" href=\"https:\/\/franciscanos.org.br\/noticias\/inaugurado-laboratorio-de-habilidades-medicas-para-cursos-da-area-da-saude.html\" \/>\n<meta property=\"og:locale\" content=\"pt_BR\" \/>\n<meta property=\"og:type\" content=\"article\" \/>\n<meta property=\"og:title\" content=\"Universidade inaugura laborat\u00f3rio para cursos de sa\u00fade - Not\u00edcias - Franciscanos\" \/>\n<meta property=\"og:description\" content=\"USF\" \/>\n<meta property=\"og:url\" content=\"https:\/\/franciscanos.org.br\/noticias\/inaugurado-laboratorio-de-habilidades-medicas-para-cursos-da-area-da-saude.html\" \/>\n<meta property=\"og:site_name\" content=\"Not\u00edcias - Franciscanos\" \/>\n<meta property=\"article:published_time\" content=\"2017-10-06T10:44:30+00:00\" \/>\n<meta property=\"article:modified_time\" content=\"2019-04-25T16:26:25+00:00\" \/>\n<meta property=\"og:image\" content=\"https:\/\/franciscanos.org.br\/noticias\/wp-content\/uploads\/2017\/10\/fidencio_061017_1.jpg\" \/>\n\t<meta property=\"og:image:width\" content=\"273\" \/>\n\t<meta property=\"og:image:height\" content=\"181\" \/>\n\t<meta property=\"og:image:type\" content=\"image\/jpeg\" \/>\n<meta name=\"author\" content=\"admin\" \/>\n<meta name=\"twitter:card\" content=\"summary_large_image\" \/>\n<meta name=\"twitter:label1\" content=\"Escrito por\" \/>\n\t<meta name=\"twitter:data1\" content=\"admin\" \/>\n\t<meta name=\"twitter:label2\" content=\"Est. tempo de leitura\" \/>\n\t<meta name=\"twitter:data2\" content=\"3 minutos\" \/>\n<script type=\"application\/ld+json\" class=\"yoast-schema-graph\">{\"@context\":\"https:\/\/schema.org\",\"@graph\":[{\"@type\":\"WebSite\",\"@id\":\"https:\/\/franciscanos.org.br\/noticias\/#website\",\"url\":\"https:\/\/franciscanos.org.br\/noticias\/\",\"name\":\"Not\u00edcias - Franciscanos\",\"description\":\"Prov\u00edncia Franciscana da Imaculada Concei\u00e7\u00e3o do Brasil - Ordem dos Frades Menores - OFM\",\"potentialAction\":[{\"@type\":\"SearchAction\",\"target\":{\"@type\":\"EntryPoint\",\"urlTemplate\":\"https:\/\/franciscanos.org.br\/noticias\/?s={search_term_string}\"},\"query-input\":\"required name=search_term_string\"}],\"inLanguage\":\"pt-BR\"},{\"@type\":\"ImageObject\",\"inLanguage\":\"pt-BR\",\"@id\":\"https:\/\/franciscanos.org.br\/noticias\/inaugurado-laboratorio-de-habilidades-medicas-para-cursos-da-area-da-saude.html#primaryimage\",\"url\":\"https:\/\/franciscanos.org.br\/noticias\/wp-content\/uploads\/2017\/10\/fidencio_061017_1.jpg\",\"contentUrl\":\"https:\/\/franciscanos.org.br\/noticias\/wp-content\/uploads\/2017\/10\/fidencio_061017_1.jpg\",\"width\":273,\"height\":181},{\"@type\":\"WebPage\",\"@id\":\"https:\/\/franciscanos.org.br\/noticias\/inaugurado-laboratorio-de-habilidades-medicas-para-cursos-da-area-da-saude.html#webpage\",\"url\":\"https:\/\/franciscanos.org.br\/noticias\/inaugurado-laboratorio-de-habilidades-medicas-para-cursos-da-area-da-saude.html\",\"name\":\"Universidade inaugura laborat\u00f3rio para cursos de sa\u00fade - Not\u00edcias - Franciscanos\",\"isPartOf\":{\"@id\":\"https:\/\/franciscanos.org.br\/noticias\/#website\"},\"primaryImageOfPage\":{\"@id\":\"https:\/\/franciscanos.org.br\/noticias\/inaugurado-laboratorio-de-habilidades-medicas-para-cursos-da-area-da-saude.html#primaryimage\"},\"datePublished\":\"2017-10-06T10:44:30+00:00\",\"dateModified\":\"2019-04-25T16:26:25+00:00\",\"author\":{\"@id\":\"https:\/\/franciscanos.org.br\/noticias\/#\/schema\/person\/b38fbf43118f02820bd932f2e4b14ad3\"},\"breadcrumb\":{\"@id\":\"https:\/\/franciscanos.org.br\/noticias\/inaugurado-laboratorio-de-habilidades-medicas-para-cursos-da-area-da-saude.html#breadcrumb\"},\"inLanguage\":\"pt-BR\",\"potentialAction\":[{\"@type\":\"ReadAction\",\"target\":[\"https:\/\/franciscanos.org.br\/noticias\/inaugurado-laboratorio-de-habilidades-medicas-para-cursos-da-area-da-saude.html\"]}]},{\"@type\":\"BreadcrumbList\",\"@id\":\"https:\/\/franciscanos.org.br\/noticias\/inaugurado-laboratorio-de-habilidades-medicas-para-cursos-da-area-da-saude.html#breadcrumb\",\"itemListElement\":[{\"@type\":\"ListItem\",\"position\":1,\"name\":\"Home\",\"item\":\"https:\/\/franciscanos.org.br\/noticias\"},{\"@type\":\"ListItem\",\"position\":2,\"name\":\"Universidade inaugura laborat\u00f3rio para cursos de sa\u00fade\"}]},{\"@type\":\"Person\",\"@id\":\"https:\/\/franciscanos.org.br\/noticias\/#\/schema\/person\/b38fbf43118f02820bd932f2e4b14ad3\",\"name\":\"admin\",\"image\":{\"@type\":\"ImageObject\",\"inLanguage\":\"pt-BR\",\"@id\":\"https:\/\/franciscanos.org.br\/noticias\/#\/schema\/person\/image\/\",\"url\":\"https:\/\/secure.gravatar.com\/avatar\/e8495742d34d0ba6448ea1c628263b3e?s=96&d=mm&r=g\",\"contentUrl\":\"https:\/\/secure.gravatar.com\/avatar\/e8495742d34d0ba6448ea1c628263b3e?s=96&d=mm&r=g\",\"caption\":\"admin\"},\"url\":\"https:\/\/franciscanos.org.br\/noticias\/author\/admin\"}]}<\/script>\n<!-- \/ Yoast SEO plugin. -->","yoast_head_json":{"title":"Universidade inaugura laborat\u00f3rio para cursos de sa\u00fade - Not\u00edcias - Franciscanos","robots":{"index":"index","follow":"follow","max-snippet":"max-snippet:-1","max-image-preview":"max-image-preview:large","max-video-preview":"max-video-preview:-1"},"canonical":"https:\/\/franciscanos.org.br\/noticias\/inaugurado-laboratorio-de-habilidades-medicas-para-cursos-da-area-da-saude.html","og_locale":"pt_BR","og_type":"article","og_title":"Universidade inaugura laborat\u00f3rio para cursos de sa\u00fade - Not\u00edcias - Franciscanos","og_description":"USF","og_url":"https:\/\/franciscanos.org.br\/noticias\/inaugurado-laboratorio-de-habilidades-medicas-para-cursos-da-area-da-saude.html","og_site_name":"Not\u00edcias - Franciscanos","article_published_time":"2017-10-06T10:44:30+00:00","article_modified_time":"2019-04-25T16:26:25+00:00","og_image":[{"width":273,"height":181,"url":"https:\/\/franciscanos.org.br\/noticias\/wp-content\/uploads\/2017\/10\/fidencio_061017_1.jpg","type":"image\/jpeg"}],"author":"admin","twitter_card":"summary_large_image","twitter_misc":{"Escrito por":"admin","Est. tempo de leitura":"3 minutos"},"schema":{"@context":"https:\/\/schema.org","@graph":[{"@type":"WebSite","@id":"https:\/\/franciscanos.org.br\/noticias\/#website","url":"https:\/\/franciscanos.org.br\/noticias\/","name":"Not\u00edcias - Franciscanos","description":"Prov\u00edncia Franciscana da Imaculada Concei\u00e7\u00e3o do Brasil - Ordem dos Frades Menores - OFM","potentialAction":[{"@type":"SearchAction","target":{"@type":"EntryPoint","urlTemplate":"https:\/\/franciscanos.org.br\/noticias\/?s={search_term_string}"},"query-input":"required name=search_term_string"}],"inLanguage":"pt-BR"},{"@type":"ImageObject","inLanguage":"pt-BR","@id":"https:\/\/franciscanos.org.br\/noticias\/inaugurado-laboratorio-de-habilidades-medicas-para-cursos-da-area-da-saude.html#primaryimage","url":"https:\/\/franciscanos.org.br\/noticias\/wp-content\/uploads\/2017\/10\/fidencio_061017_1.jpg","contentUrl":"https:\/\/franciscanos.org.br\/noticias\/wp-content\/uploads\/2017\/10\/fidencio_061017_1.jpg","width":273,"height":181},{"@type":"WebPage","@id":"https:\/\/franciscanos.org.br\/noticias\/inaugurado-laboratorio-de-habilidades-medicas-para-cursos-da-area-da-saude.html#webpage","url":"https:\/\/franciscanos.org.br\/noticias\/inaugurado-laboratorio-de-habilidades-medicas-para-cursos-da-area-da-saude.html","name":"Universidade inaugura laborat\u00f3rio para cursos de sa\u00fade - Not\u00edcias - Franciscanos","isPartOf":{"@id":"https:\/\/franciscanos.org.br\/noticias\/#website"},"primaryImageOfPage":{"@id":"https:\/\/franciscanos.org.br\/noticias\/inaugurado-laboratorio-de-habilidades-medicas-para-cursos-da-area-da-saude.html#primaryimage"},"datePublished":"2017-10-06T10:44:30+00:00","dateModified":"2019-04-25T16:26:25+00:00","author":{"@id":"https:\/\/franciscanos.org.br\/noticias\/#\/schema\/person\/b38fbf43118f02820bd932f2e4b14ad3"},"breadcrumb":{"@id":"https:\/\/franciscanos.org.br\/noticias\/inaugurado-laboratorio-de-habilidades-medicas-para-cursos-da-area-da-saude.html#breadcrumb"},"inLanguage":"pt-BR","potentialAction":[{"@type":"ReadAction","target":["https:\/\/franciscanos.org.br\/noticias\/inaugurado-laboratorio-de-habilidades-medicas-para-cursos-da-area-da-saude.html"]}]},{"@type":"BreadcrumbList","@id":"https:\/\/franciscanos.org.br\/noticias\/inaugurado-laboratorio-de-habilidades-medicas-para-cursos-da-area-da-saude.html#breadcrumb","itemListElement":[{"@type":"ListItem","position":1,"name":"Home","item":"https:\/\/franciscanos.org.br\/noticias"},{"@type":"ListItem","position":2,"name":"Universidade inaugura laborat\u00f3rio para cursos de sa\u00fade"}]},{"@type":"Person","@id":"https:\/\/franciscanos.org.br\/noticias\/#\/schema\/person\/b38fbf43118f02820bd932f2e4b14ad3","name":"admin","image":{"@type":"ImageObject","inLanguage":"pt-BR","@id":"https:\/\/franciscanos.org.br\/noticias\/#\/schema\/person\/image\/","url":"https:\/\/secure.gravatar.com\/avatar\/e8495742d34d0ba6448ea1c628263b3e?s=96&d=mm&r=g","contentUrl":"https:\/\/secure.gravatar.com\/avatar\/e8495742d34d0ba6448ea1c628263b3e?s=96&d=mm&r=g","caption":"admin"},"url":"https:\/\/franciscanos.org.br\/noticias\/author\/admin"}]}},"_links":{"self":[{"href":"https:\/\/franciscanos.org.br\/noticias\/wp-json\/wp\/v2\/posts\/143401"}],"collection":[{"href":"https:\/\/franciscanos.org.br\/noticias\/wp-json\/wp\/v2\/posts"}],"about":[{"href":"https:\/\/franciscanos.org.br\/noticias\/wp-json\/wp\/v2\/types\/post"}],"author":[{"embeddable":true,"href":"https:\/\/franciscanos.org.br\/noticias\/wp-json\/wp\/v2\/users\/1"}],"replies":[{"embeddable":true,"href":"https:\/\/franciscanos.org.br\/noticias\/wp-json\/wp\/v2\/comments?post=143401"}],"version-history":[{"count":0,"href":"https:\/\/franciscanos.org.br\/noticias\/wp-json\/wp\/v2\/posts\/143401\/revisions"}],"wp:featuredmedia":[{"embeddable":true,"href":"https:\/\/franciscanos.org.br\/noticias\/wp-json\/wp\/v2\/media\/203384"}],"wp:attachment":[{"href":"https:\/\/franciscanos.org.br\/noticias\/wp-json\/wp\/v2\/media?parent=143401"}],"wp:term":[{"taxonomy":"category","embeddable":true,"href":"https:\/\/franciscanos.org.br\/noticias\/wp-json\/wp\/v2\/categories?post=143401"},{"taxonomy":"post_tag","embeddable":true,"href":"https:\/\/franciscanos.org.br\/noticias\/wp-json\/wp\/v2\/tags?post=143401"}],"curies":[{"name":"wp","href":"https:\/\/api.w.org\/{rel}","templated":true}]}}