{"id":143392,"date":"2017-10-06T07:29:43","date_gmt":"2017-10-06T10:29:43","guid":{"rendered":"http:\/\/franciscanos.org.br\/?p=143392"},"modified":"2020-06-08T16:54:34","modified_gmt":"2020-06-08T19:54:34","slug":"papa-a-vergonha-caminho-para-chegar-ao-perdao-e-a-cura","status":"publish","type":"post","link":"https:\/\/franciscanos.org.br\/noticias\/papa-a-vergonha-caminho-para-chegar-ao-perdao-e-a-cura.html","title":{"rendered":"Papa: a vergonha, caminho para chegar ao perd\u00e3o e \u00e0 cura"},"content":{"rendered":"<p><img loading=\"lazy\" src=\"http:\/\/franciscanos.org.br\/wp-content\/uploads\/2017\/10\/papa_061017.jpg\" alt=\"papa_061017\" width=\"820\" height=\"439\" \/><\/p>\n<p><strong>Cidade do Vaticano<\/strong> &#8211; \u201cJusti\u00e7a a Deus e a n\u00f3s, corar de vergonha\u201d. Com estas palavras o Profeta Baruc nos fala na primeira leitura de hoje sobre a desobedi\u00eancia \u00e0 lei de Deus, isto \u00e9, o pecado, e ao mesmo tempo tamb\u00e9m nos indica qual \u00e9 \u201co verdadeiro caminho\u201d para pedir o perd\u00e3o.<\/p>\n<p>Este \u00e9 o fio condutor da homilia do Papa na Missa celebrada na manh\u00e3 desta sexta-feira na Capela da Casa Santa Marta. Francisco repassa o texto lit\u00fargico, concentrando-se antes de tudo na realidade do pecado que caracteriza todos os homens, como na profecia de Baruc: \u201csacerdotes, reis, pr\u00edncipes e pais\u201d.<\/p>\n<p>\u201cNingu\u00e9m pode dizer: \u201cEu sou justo\u201d ou \u201ceu n\u00e3o sou como aquele ou como aquela\u201d. Eu sou pecador. Eu diria que \u00e9 quase o primeiro nome que todos temos: pecadores. E depois, por que somos pecadores? Desobedecemos \u2013 sempre em rela\u00e7\u00e3o com o Senhor: Ele disse uma coisa e n\u00f3s fizemos outra. N\u00e3o ouvimos a voz do Senhor. Ele nos falou tantas vezes. Na nossa vida, cada um pode pensar: \u201cQuantas vezes o Senhor falou para mim&#8230; Quantas vezes n\u00e3o o escutei!\u201d. Falou pelos pais, pela fam\u00edlia, pelo catequista, na igreja, nas prega\u00e7\u00f5es, tamb\u00e9m falou no nosso cora\u00e7\u00e3o\u201d.<\/p>\n<p>Mas n\u00f3s nos rebelamos: este \u00e9 o pecado portanto, \u00e9 \u201crebeli\u00e3o\u201d, \u00e9 \u201cobstina\u00e7\u00e3o\u201d em seguir as \u201cperversas inclina\u00e7\u00f5es do nosso cora\u00e7\u00e3o\u201d, caindo nas \u201cpequenas idolatrias de cada dia\u201d, \u201ccobi\u00e7a\u2019, \u201cinveja\u201d, \u201c\u00f3dio\u201d e em particular, \u201cmaledic\u00eancia\u201d, aquele falar pelas costas que o Pont\u00edfice define como \u201ca guerra do cora\u00e7\u00e3o para destruir o outro\u201d.<\/p>\n<p>E \u00e9 por causa do pecado \u2013 como est\u00e1 escrito na p\u00e1gina de Baruc \u2013 que perseguem-nos tantas calamidades, porque \u201co pecado arru\u00edna o cora\u00e7\u00e3o, arru\u00edna a vida, arru\u00edna a alma, enfraquece, adoece\u201d, mas \u00e9 sempre \u2013 precisa o Pont\u00edfice &#8211; um pecado em rela\u00e7\u00e3o a Deus: \u201cN\u00e3o \u00e9 uma mancha para tirar. Se fosse uma mancha, bastaria ir \u00e0 lavanderia para ser limpa&#8230; N\u00e3o! O pecado \u00e9 uma rela\u00e7\u00e3o de rebeli\u00e3o contra o Senhor. \u00c9 feio em si mesmo, mas feio contra o Senhor que \u00e9 bom. E se eu penso assim os meus pecados, ao inv\u00e9s de entrar em depress\u00e3o, tenho aquele grande sentimento: a vergonha, a desonra que diz o profeta Baruc. A vergonha \u00e9 uma gra\u00e7a\u201d.<\/p>\n<p>A vergonha \u201cabre a porta \u00e0 cura\u201d. Este \u00e9 ent\u00e3o o convite que o Papa dirige a todos, ao concluir sua reflex\u00e3o: sentir vergonha diante do Senhor pelos nossos pecados e pedir para sermos curados: \u201cQuando o Senhor nos v\u00ea assim, envergonhados por aquilo que fizemos, e com humildade pedimos perd\u00e3o, Ele \u00e9 onipotente, apaga, nos abra\u00e7a, nos acaricia e nos perdoa. Mas este \u00e9 o caminho para chegar ao perd\u00e3o, aquele que hoje o Profeta Baruc nos ensina. Louvemos hoje ao Senhor porque quis manifestar a onipot\u00eancia justamente na miseric\u00f3rdia e no perd\u00e3o; depois, tamb\u00e9m na cria\u00e7\u00e3o do mundo, mas isto por segundo. Sobretudo na miseric\u00f3rdia e no perd\u00e3o, e diante de um Deus assim t\u00e3o bom, que perdoa tudo, que tem tanta miseric\u00f3rdia, pe\u00e7amos a gra\u00e7a da vergonha\u201d.<\/p>\n<hr \/>\n<p><em>Fonte: Vatican News<\/em><\/p>\n","protected":false},"excerpt":{"rendered":"<p>Missa em Santa Marta<\/p>\n","protected":false},"author":1,"featured_media":203379,"comment_status":"open","ping_status":"open","sticky":false,"template":"","format":"standard","meta":[],"categories":[1428],"tags":[1586],"acf":[],"yoast_head":"<!-- This site is optimized with the Yoast SEO plugin v19.2 - https:\/\/yoast.com\/wordpress\/plugins\/seo\/ -->\n<title>Papa: a vergonha, caminho para chegar ao perd\u00e3o e \u00e0 cura - Not\u00edcias - Franciscanos<\/title>\n<meta name=\"robots\" content=\"index, follow, max-snippet:-1, max-image-preview:large, max-video-preview:-1\" \/>\n<link rel=\"canonical\" href=\"https:\/\/franciscanos.org.br\/noticias\/papa-a-vergonha-caminho-para-chegar-ao-perdao-e-a-cura.html\" \/>\n<meta property=\"og:locale\" content=\"pt_BR\" \/>\n<meta property=\"og:type\" content=\"article\" \/>\n<meta property=\"og:title\" content=\"Papa: a vergonha, caminho para chegar ao perd\u00e3o e \u00e0 cura - Not\u00edcias - Franciscanos\" \/>\n<meta property=\"og:description\" content=\"Missa em Santa Marta\" \/>\n<meta property=\"og:url\" content=\"https:\/\/franciscanos.org.br\/noticias\/papa-a-vergonha-caminho-para-chegar-ao-perdao-e-a-cura.html\" \/>\n<meta property=\"og:site_name\" content=\"Not\u00edcias - Franciscanos\" \/>\n<meta property=\"article:published_time\" content=\"2017-10-06T10:29:43+00:00\" \/>\n<meta property=\"article:modified_time\" content=\"2020-06-08T19:54:34+00:00\" \/>\n<meta property=\"og:image\" content=\"https:\/\/franciscanos.org.br\/noticias\/wp-content\/uploads\/2017\/10\/papa_061017.jpg\" \/>\n\t<meta property=\"og:image:width\" content=\"273\" \/>\n\t<meta property=\"og:image:height\" content=\"181\" \/>\n\t<meta property=\"og:image:type\" content=\"image\/jpeg\" \/>\n<meta name=\"author\" content=\"admin\" \/>\n<meta name=\"twitter:card\" content=\"summary_large_image\" \/>\n<meta name=\"twitter:label1\" content=\"Escrito por\" \/>\n\t<meta name=\"twitter:data1\" content=\"admin\" \/>\n\t<meta name=\"twitter:label2\" content=\"Est. tempo de leitura\" \/>\n\t<meta name=\"twitter:data2\" content=\"3 minutos\" \/>\n<script type=\"application\/ld+json\" class=\"yoast-schema-graph\">{\"@context\":\"https:\/\/schema.org\",\"@graph\":[{\"@type\":\"WebSite\",\"@id\":\"https:\/\/franciscanos.org.br\/noticias\/#website\",\"url\":\"https:\/\/franciscanos.org.br\/noticias\/\",\"name\":\"Not\u00edcias - Franciscanos\",\"description\":\"Prov\u00edncia Franciscana da Imaculada Concei\u00e7\u00e3o do Brasil - Ordem dos Frades Menores - OFM\",\"potentialAction\":[{\"@type\":\"SearchAction\",\"target\":{\"@type\":\"EntryPoint\",\"urlTemplate\":\"https:\/\/franciscanos.org.br\/noticias\/?s={search_term_string}\"},\"query-input\":\"required name=search_term_string\"}],\"inLanguage\":\"pt-BR\"},{\"@type\":\"ImageObject\",\"inLanguage\":\"pt-BR\",\"@id\":\"https:\/\/franciscanos.org.br\/noticias\/papa-a-vergonha-caminho-para-chegar-ao-perdao-e-a-cura.html#primaryimage\",\"url\":\"https:\/\/franciscanos.org.br\/noticias\/wp-content\/uploads\/2017\/10\/papa_061017.jpg\",\"contentUrl\":\"https:\/\/franciscanos.org.br\/noticias\/wp-content\/uploads\/2017\/10\/papa_061017.jpg\",\"width\":273,\"height\":181},{\"@type\":\"WebPage\",\"@id\":\"https:\/\/franciscanos.org.br\/noticias\/papa-a-vergonha-caminho-para-chegar-ao-perdao-e-a-cura.html#webpage\",\"url\":\"https:\/\/franciscanos.org.br\/noticias\/papa-a-vergonha-caminho-para-chegar-ao-perdao-e-a-cura.html\",\"name\":\"Papa: a vergonha, caminho para chegar ao perd\u00e3o e \u00e0 cura - Not\u00edcias - Franciscanos\",\"isPartOf\":{\"@id\":\"https:\/\/franciscanos.org.br\/noticias\/#website\"},\"primaryImageOfPage\":{\"@id\":\"https:\/\/franciscanos.org.br\/noticias\/papa-a-vergonha-caminho-para-chegar-ao-perdao-e-a-cura.html#primaryimage\"},\"datePublished\":\"2017-10-06T10:29:43+00:00\",\"dateModified\":\"2020-06-08T19:54:34+00:00\",\"author\":{\"@id\":\"https:\/\/franciscanos.org.br\/noticias\/#\/schema\/person\/b38fbf43118f02820bd932f2e4b14ad3\"},\"breadcrumb\":{\"@id\":\"https:\/\/franciscanos.org.br\/noticias\/papa-a-vergonha-caminho-para-chegar-ao-perdao-e-a-cura.html#breadcrumb\"},\"inLanguage\":\"pt-BR\",\"potentialAction\":[{\"@type\":\"ReadAction\",\"target\":[\"https:\/\/franciscanos.org.br\/noticias\/papa-a-vergonha-caminho-para-chegar-ao-perdao-e-a-cura.html\"]}]},{\"@type\":\"BreadcrumbList\",\"@id\":\"https:\/\/franciscanos.org.br\/noticias\/papa-a-vergonha-caminho-para-chegar-ao-perdao-e-a-cura.html#breadcrumb\",\"itemListElement\":[{\"@type\":\"ListItem\",\"position\":1,\"name\":\"Home\",\"item\":\"https:\/\/franciscanos.org.br\/noticias\"},{\"@type\":\"ListItem\",\"position\":2,\"name\":\"Papa: a vergonha, caminho para chegar ao perd\u00e3o e \u00e0 cura\"}]},{\"@type\":\"Person\",\"@id\":\"https:\/\/franciscanos.org.br\/noticias\/#\/schema\/person\/b38fbf43118f02820bd932f2e4b14ad3\",\"name\":\"admin\",\"image\":{\"@type\":\"ImageObject\",\"inLanguage\":\"pt-BR\",\"@id\":\"https:\/\/franciscanos.org.br\/noticias\/#\/schema\/person\/image\/\",\"url\":\"https:\/\/secure.gravatar.com\/avatar\/e8495742d34d0ba6448ea1c628263b3e?s=96&d=mm&r=g\",\"contentUrl\":\"https:\/\/secure.gravatar.com\/avatar\/e8495742d34d0ba6448ea1c628263b3e?s=96&d=mm&r=g\",\"caption\":\"admin\"},\"url\":\"https:\/\/franciscanos.org.br\/noticias\/author\/admin\"}]}<\/script>\n<!-- \/ Yoast SEO plugin. -->","yoast_head_json":{"title":"Papa: a vergonha, caminho para chegar ao perd\u00e3o e \u00e0 cura - Not\u00edcias - Franciscanos","robots":{"index":"index","follow":"follow","max-snippet":"max-snippet:-1","max-image-preview":"max-image-preview:large","max-video-preview":"max-video-preview:-1"},"canonical":"https:\/\/franciscanos.org.br\/noticias\/papa-a-vergonha-caminho-para-chegar-ao-perdao-e-a-cura.html","og_locale":"pt_BR","og_type":"article","og_title":"Papa: a vergonha, caminho para chegar ao perd\u00e3o e \u00e0 cura - Not\u00edcias - Franciscanos","og_description":"Missa em Santa Marta","og_url":"https:\/\/franciscanos.org.br\/noticias\/papa-a-vergonha-caminho-para-chegar-ao-perdao-e-a-cura.html","og_site_name":"Not\u00edcias - Franciscanos","article_published_time":"2017-10-06T10:29:43+00:00","article_modified_time":"2020-06-08T19:54:34+00:00","og_image":[{"width":273,"height":181,"url":"https:\/\/franciscanos.org.br\/noticias\/wp-content\/uploads\/2017\/10\/papa_061017.jpg","type":"image\/jpeg"}],"author":"admin","twitter_card":"summary_large_image","twitter_misc":{"Escrito por":"admin","Est. tempo de leitura":"3 minutos"},"schema":{"@context":"https:\/\/schema.org","@graph":[{"@type":"WebSite","@id":"https:\/\/franciscanos.org.br\/noticias\/#website","url":"https:\/\/franciscanos.org.br\/noticias\/","name":"Not\u00edcias - Franciscanos","description":"Prov\u00edncia Franciscana da Imaculada Concei\u00e7\u00e3o do Brasil - Ordem dos Frades Menores - OFM","potentialAction":[{"@type":"SearchAction","target":{"@type":"EntryPoint","urlTemplate":"https:\/\/franciscanos.org.br\/noticias\/?s={search_term_string}"},"query-input":"required name=search_term_string"}],"inLanguage":"pt-BR"},{"@type":"ImageObject","inLanguage":"pt-BR","@id":"https:\/\/franciscanos.org.br\/noticias\/papa-a-vergonha-caminho-para-chegar-ao-perdao-e-a-cura.html#primaryimage","url":"https:\/\/franciscanos.org.br\/noticias\/wp-content\/uploads\/2017\/10\/papa_061017.jpg","contentUrl":"https:\/\/franciscanos.org.br\/noticias\/wp-content\/uploads\/2017\/10\/papa_061017.jpg","width":273,"height":181},{"@type":"WebPage","@id":"https:\/\/franciscanos.org.br\/noticias\/papa-a-vergonha-caminho-para-chegar-ao-perdao-e-a-cura.html#webpage","url":"https:\/\/franciscanos.org.br\/noticias\/papa-a-vergonha-caminho-para-chegar-ao-perdao-e-a-cura.html","name":"Papa: a vergonha, caminho para chegar ao perd\u00e3o e \u00e0 cura - Not\u00edcias - Franciscanos","isPartOf":{"@id":"https:\/\/franciscanos.org.br\/noticias\/#website"},"primaryImageOfPage":{"@id":"https:\/\/franciscanos.org.br\/noticias\/papa-a-vergonha-caminho-para-chegar-ao-perdao-e-a-cura.html#primaryimage"},"datePublished":"2017-10-06T10:29:43+00:00","dateModified":"2020-06-08T19:54:34+00:00","author":{"@id":"https:\/\/franciscanos.org.br\/noticias\/#\/schema\/person\/b38fbf43118f02820bd932f2e4b14ad3"},"breadcrumb":{"@id":"https:\/\/franciscanos.org.br\/noticias\/papa-a-vergonha-caminho-para-chegar-ao-perdao-e-a-cura.html#breadcrumb"},"inLanguage":"pt-BR","potentialAction":[{"@type":"ReadAction","target":["https:\/\/franciscanos.org.br\/noticias\/papa-a-vergonha-caminho-para-chegar-ao-perdao-e-a-cura.html"]}]},{"@type":"BreadcrumbList","@id":"https:\/\/franciscanos.org.br\/noticias\/papa-a-vergonha-caminho-para-chegar-ao-perdao-e-a-cura.html#breadcrumb","itemListElement":[{"@type":"ListItem","position":1,"name":"Home","item":"https:\/\/franciscanos.org.br\/noticias"},{"@type":"ListItem","position":2,"name":"Papa: a vergonha, caminho para chegar ao perd\u00e3o e \u00e0 cura"}]},{"@type":"Person","@id":"https:\/\/franciscanos.org.br\/noticias\/#\/schema\/person\/b38fbf43118f02820bd932f2e4b14ad3","name":"admin","image":{"@type":"ImageObject","inLanguage":"pt-BR","@id":"https:\/\/franciscanos.org.br\/noticias\/#\/schema\/person\/image\/","url":"https:\/\/secure.gravatar.com\/avatar\/e8495742d34d0ba6448ea1c628263b3e?s=96&d=mm&r=g","contentUrl":"https:\/\/secure.gravatar.com\/avatar\/e8495742d34d0ba6448ea1c628263b3e?s=96&d=mm&r=g","caption":"admin"},"url":"https:\/\/franciscanos.org.br\/noticias\/author\/admin"}]}},"_links":{"self":[{"href":"https:\/\/franciscanos.org.br\/noticias\/wp-json\/wp\/v2\/posts\/143392"}],"collection":[{"href":"https:\/\/franciscanos.org.br\/noticias\/wp-json\/wp\/v2\/posts"}],"about":[{"href":"https:\/\/franciscanos.org.br\/noticias\/wp-json\/wp\/v2\/types\/post"}],"author":[{"embeddable":true,"href":"https:\/\/franciscanos.org.br\/noticias\/wp-json\/wp\/v2\/users\/1"}],"replies":[{"embeddable":true,"href":"https:\/\/franciscanos.org.br\/noticias\/wp-json\/wp\/v2\/comments?post=143392"}],"version-history":[{"count":1,"href":"https:\/\/franciscanos.org.br\/noticias\/wp-json\/wp\/v2\/posts\/143392\/revisions"}],"predecessor-version":[{"id":225225,"href":"https:\/\/franciscanos.org.br\/noticias\/wp-json\/wp\/v2\/posts\/143392\/revisions\/225225"}],"wp:featuredmedia":[{"embeddable":true,"href":"https:\/\/franciscanos.org.br\/noticias\/wp-json\/wp\/v2\/media\/203379"}],"wp:attachment":[{"href":"https:\/\/franciscanos.org.br\/noticias\/wp-json\/wp\/v2\/media?parent=143392"}],"wp:term":[{"taxonomy":"category","embeddable":true,"href":"https:\/\/franciscanos.org.br\/noticias\/wp-json\/wp\/v2\/categories?post=143392"},{"taxonomy":"post_tag","embeddable":true,"href":"https:\/\/franciscanos.org.br\/noticias\/wp-json\/wp\/v2\/tags?post=143392"}],"curies":[{"name":"wp","href":"https:\/\/api.w.org\/{rel}","templated":true}]}}