{"id":143377,"date":"2017-10-06T07:11:29","date_gmt":"2017-10-06T10:11:29","guid":{"rendered":"http:\/\/franciscanos.org.br\/?p=143377"},"modified":"2019-03-28T08:33:20","modified_gmt":"2019-03-28T11:33:20","slug":"percebi-que-o-maior-preso-ali-era-eu","status":"publish","type":"post","link":"https:\/\/franciscanos.org.br\/noticias\/percebi-que-o-maior-preso-ali-era-eu.html","title":{"rendered":"Frei Gabriel: \u201cPercebi que o maior preso ali era eu\u201d"},"content":{"rendered":"<p><img loading=\"lazy\" src=\"http:\/\/franciscanos.org.br\/wp-content\/uploads\/2017\/10\/prisao_061017.jpg\" alt=\"prisao_061017\" width=\"830\" height=\"284\" \/><\/p>\n<blockquote><p><em>Depoimento de <strong>Frei Gabriel Dellandrea<\/strong>\u00a0por ocasi\u00e3o da visita ao Complexo Penitenci\u00e1rio na cidade do Rio de Janeiro, em Bangu, durante a Semana Mission\u00e1ria para a ordena\u00e7\u00e3o presbiteral de Frei Alan Maia .<\/em><\/p><\/blockquote>\n<p>Jesus nos deixa claro que o servimos quando estamos amparando algu\u00e9m que sofre. Dar de beber a quem tem sede, dar de comer a quem tem fome, vestir os nus, acolher os estrangeiros, visitar os doentes (Mt 25, 31-40), n\u00e3o \u00e9 s\u00f3 fazer o bem a algu\u00e9m, mas, nos diz o Mestre: \u201cTodas a vezes que voc\u00eas fizerem isso a um desses meus irm\u00e3os mais pequeninos, foi a mim que o fizeram\u201d (Mt 25, 40). Ambas as a\u00e7\u00f5es s\u00e3o arriscadas e exigem uma ruptura de si mesmo, a fim de estar diretamente em contato com o outro.<\/p>\n<p>Uma das a\u00e7\u00f5es descritas por Jesus no Evangelho acima citado\u00a0 n\u00e3o coloquei propositalmente: visitar os presos (Mt 25, 36). Para mim, esta realidade era amedrontadora. Na minha cabe\u00e7a, achava que bandido bom era de fato aquele que estivesse bem longe de mim, talvez at\u00e9 morto. Eu n\u00e3o queria nem pensar em estar numa cadeia, pois na minha liberdade de jovem n\u00e3o caberia a possibilidade de me pensar dentro de um lugar t\u00e3o obscuro.<\/p>\n<div id=\"attachment_143380\" style=\"width: 510px\" class=\"wp-caption alignright\"><img aria-describedby=\"caption-attachment-143380\" loading=\"lazy\" class=\"wp-image-143380 size-full\" src=\"http:\/\/franciscanos.org.br\/wp-content\/uploads\/2017\/10\/prisao_061017_2.jpg\" alt=\"prisao_061017_2\" width=\"500\" height=\"667\" \/><p id=\"caption-attachment-143380\" class=\"wp-caption-text\">Frase de um preso que foi escrita na B\u00edblia de Frei Gabriel<\/p><\/div>\n<p>Mas, aos poucos, essa realidade me bateu na porta e me fez um convite. Jesus parecia me pedir: \u201cVenha me visitar\u201d. \u201cN\u00e3o sei se sou capaz\u201d, pensava. Mas fui. Tive a oportunidade de ir visit\u00e1-lo no Complexo Penitenci\u00e1rio na cidade do Rio de Janeiro, em Bangu, numa sexta-feira \u00e0 tarde, durante a miss\u00e3o vocacional em prepara\u00e7\u00e3o para a<strong> ordena\u00e7\u00e3o presbiteral de Frei Alan Maia de Fran\u00e7a Victor<\/strong>.<\/p>\n<p>Aos poucos, via nas ruas daquele lugar Jesus por v\u00e1rios \u00e2ngulos. O \u00e2ngulo do Padre Roberto, organizador da Pastoral Carcer\u00e1ria, que os chamava de irm\u00e3os e lhes dava conselhos bons para que eles tivessem boa conduta. Outro olhar era o de alguns inspetores carcer\u00e1rios, que chamavam os presos de vagabundos. Outro olhar\u00a0 latente era o da m\u00eddia que os identificava como \u201cbandido bom \u00e9 bandido morto\u201d. Eu ainda n\u00e3o sabia qual era a minha perspectiva.<\/p>\n<p>Confesso que o barulho das grades e dos cadeados batendo confirmavam a ang\u00fastia em mim. Mas era chegada a hora. Estava eu e mais dois confrades no meio de um grande campo com mais ou menos 500 homens em estado de pris\u00e3o semiaberta para conversar. Coincid\u00eancia ou n\u00e3o, o lix\u00e3o da cidade maravilhosa \u00e9 do lado do pres\u00eddio. O padre Roberto chegou a mencionar, apontando para o aterro sanit\u00e1rio: \u201cl\u00e1 fica o lixo material que a sociedade descarta, aqui fica o lixo humano que a sociedade isola\u201d.<\/p>\n<p>Mas n\u00e3o foi t\u00e3o assustador assim. Eu esperava ser ridicularizado, ou at\u00e9 nem ter o que conversar. Entretanto, Jesus sorriu para mim. Ele tinha tatuagem na pele, ele tinha brilho nos olhos, ele tinha dentes quebrados, ele tinha cabelo curto ou comprido, cortado ou n\u00e3o. Na sua maioria, Jesus estava ali com pele escura, negra. Ele estava jogando bola, assistindo a missa ou conversando. E quando menos percebi,\u00a0 estava conversando com Jesus.<\/p>\n<p>Um Cristo estava desenhando pessoas com um talento sem igual. Ali eu vi o Jesus que desenhava um rosto numa folha enquanto em minha mente se desenhava um novo rosto de Cristo: o rosto dele no c\u00e1rcere. Em mim se desenhou aquela imagem bonita e sofrida de homens que deveriam me causar medo, mas na verdade s\u00f3 me geravam desejo de conversar e ouvir suas alegrias e tristezas. Aos poucos, o meu preconceito foi sendo apagado com uma borracha que se chama contato f\u00edsico e pessoal. N\u00e3o sei explicar, s\u00f3 sei que me sentia muito feliz.<\/p>\n<p>O confrade Frei Leandro Costa levou o seu violino. Come\u00e7ou a tocar e come\u00e7amos a cantar a Ora\u00e7\u00e3o Atribu\u00edda a S\u00e3o Francisco de Assis. O som daquele instrumento delicado mostrava a sensibilidade de homens que logo se aglomeraram ao nosso redor pedindo mais m\u00fasicas ou desejando tocar no instrumento. Um deles at\u00e9 tirou uma m\u00fasica de ouvido com um talento sem igual. E conversa vai, conversa vem, eu me esqueci de onde estava e pensei estar no c\u00e9u. Uma alegria indiz\u00edvel tomou conta de mim, principalmente por ver que muitos deles n\u00e3o eram nada parecidos com aqueles que sempre imaginei que fossem os encarcerados.<\/p>\n<p>Aos poucos, o tempo foi acabando e eles foram se despedindo. \u00c9 claro que nem todos vieram conversar, mas muitos trocaram uma ideia comigo e com os outros freis. Era muito legal responder \u00e0s perguntas dele sobre S\u00e3o Francisco e sobre o nosso estilo de vida. Rezamos e ouvimos a hist\u00f3ria de alguns deles. Outro, com um chap\u00e9u de palha at\u00e9 partilhou seus sonhos comigo. Mas ele sabia que mesmo desejando ter um emprego, ele teria o \u201ccarimbo\u201d de ser um ex-presidi\u00e1rio. Na despedida, um deles me abra\u00e7ou e disse: \u201cVoc\u00ea \u00e9 muito especial para mim!\u201d. E eu fiquei at\u00e9 sem resposta. O rosto de Cristo estava desenhado dentro de mim.<\/p>\n<p>Por fim, pedi a um deles que escrevesse na minha B\u00edblia uma frase que ele tinha numa folha de anota\u00e7\u00f5es: \u201cS\u00f3 quem passou pelo frio das grades valoriza o calor da liberdade\u201d. Eu n\u00e3o fazia ideia do que aqueles caras tinham feito para estarem ali. Se eram isso ou aquilo. Mas eu s\u00f3 conseguia ver humanos, eu s\u00f3 conseguia ver Cristo. Sei dos limites do nosso pa\u00eds na quest\u00e3o prisional, mas sei tamb\u00e9m dos meus limites enquanto Gabriel para o meu preconceito. Sei que l\u00e1 dentro das grades, quando eu sa\u00ed, n\u00e3o estavam santos, mas pelo menos eu, pecador que sou, me encontrei com outros irm\u00e3os pecadores, e juntos ouvimos um bom som de violino e pudemos conversar como irm\u00e3os.<\/p>\n<p>Assim, eu percebi que o maior preso ali era eu. Eu estava encarcerado nos meus preconceitos, nas minhas ideias de \u201chomem de bem\u201d que me sentia acima daqueles irm\u00e3os privados de sua liberdade. Percebi que o bandido ali era eu, que nas minhas ideias roubava deles a possibilidade de serem vistos como humanos, pois s\u00f3 os via como homens a serem descartados. Com certeza, n\u00e3o os tratei e n\u00e3o tratarei de uma hora para outra como deveriam ser tratados, pois sou humano e falho, mas um pequeno passo para uma convers\u00e3o creio que podemos fazer juntos.<\/p>\n<p><img loading=\"lazy\" src=\"http:\/\/franciscanos.org.br\/wp-content\/uploads\/2017\/10\/prisao_061017_3.jpg\" alt=\"prisao_061017_3\" width=\"830\" height=\"445\" \/><\/p>\n<p><em>Da esq. para a dir: Frei Gabriel, Padre Roberto, Frei Camilo e Frei Leandro.<\/em><\/p>\n","protected":false},"excerpt":{"rendered":"<p>Pastoral Carcer\u00e1ria<\/p>\n","protected":false},"author":1,"featured_media":201892,"comment_status":"open","ping_status":"open","sticky":false,"template":"","format":"standard","meta":[],"categories":[1],"tags":[157,1247],"acf":[],"yoast_head":"<!-- This site is optimized with the Yoast SEO plugin v19.2 - https:\/\/yoast.com\/wordpress\/plugins\/seo\/ -->\n<title>Frei Gabriel: \u201cPercebi que o maior preso ali era eu\u201d - Not\u00edcias - Franciscanos<\/title>\n<meta name=\"robots\" content=\"index, follow, max-snippet:-1, max-image-preview:large, max-video-preview:-1\" \/>\n<link rel=\"canonical\" href=\"https:\/\/franciscanos.org.br\/noticias\/percebi-que-o-maior-preso-ali-era-eu.html\" \/>\n<meta property=\"og:locale\" content=\"pt_BR\" \/>\n<meta property=\"og:type\" content=\"article\" \/>\n<meta property=\"og:title\" content=\"Frei Gabriel: \u201cPercebi que o maior preso ali era eu\u201d - Not\u00edcias - Franciscanos\" \/>\n<meta property=\"og:description\" content=\"Pastoral Carcer\u00e1ria\" \/>\n<meta property=\"og:url\" content=\"https:\/\/franciscanos.org.br\/noticias\/percebi-que-o-maior-preso-ali-era-eu.html\" \/>\n<meta property=\"og:site_name\" content=\"Not\u00edcias - Franciscanos\" \/>\n<meta property=\"article:published_time\" content=\"2017-10-06T10:11:29+00:00\" \/>\n<meta property=\"article:modified_time\" content=\"2019-03-28T11:33:20+00:00\" \/>\n<meta property=\"og:image\" content=\"https:\/\/franciscanos.org.br\/noticias\/wp-content\/uploads\/2017\/10\/prisao_061017.jpg\" \/>\n\t<meta property=\"og:image:width\" content=\"273\" \/>\n\t<meta property=\"og:image:height\" content=\"181\" \/>\n\t<meta property=\"og:image:type\" content=\"image\/jpeg\" \/>\n<meta name=\"author\" content=\"admin\" \/>\n<meta name=\"twitter:card\" content=\"summary_large_image\" \/>\n<meta name=\"twitter:label1\" content=\"Escrito por\" \/>\n\t<meta name=\"twitter:data1\" content=\"admin\" \/>\n\t<meta name=\"twitter:label2\" content=\"Est. tempo de leitura\" \/>\n\t<meta name=\"twitter:data2\" content=\"6 minutos\" \/>\n<script type=\"application\/ld+json\" class=\"yoast-schema-graph\">{\"@context\":\"https:\/\/schema.org\",\"@graph\":[{\"@type\":\"WebSite\",\"@id\":\"https:\/\/franciscanos.org.br\/noticias\/#website\",\"url\":\"https:\/\/franciscanos.org.br\/noticias\/\",\"name\":\"Not\u00edcias - Franciscanos\",\"description\":\"Prov\u00edncia Franciscana da Imaculada Concei\u00e7\u00e3o do Brasil - Ordem dos Frades Menores - OFM\",\"potentialAction\":[{\"@type\":\"SearchAction\",\"target\":{\"@type\":\"EntryPoint\",\"urlTemplate\":\"https:\/\/franciscanos.org.br\/noticias\/?s={search_term_string}\"},\"query-input\":\"required name=search_term_string\"}],\"inLanguage\":\"pt-BR\"},{\"@type\":\"ImageObject\",\"inLanguage\":\"pt-BR\",\"@id\":\"https:\/\/franciscanos.org.br\/noticias\/percebi-que-o-maior-preso-ali-era-eu.html#primaryimage\",\"url\":\"https:\/\/franciscanos.org.br\/noticias\/wp-content\/uploads\/2017\/10\/prisao_061017.jpg\",\"contentUrl\":\"https:\/\/franciscanos.org.br\/noticias\/wp-content\/uploads\/2017\/10\/prisao_061017.jpg\",\"width\":273,\"height\":181,\"caption\":\"Hands of the prisoner\"},{\"@type\":\"WebPage\",\"@id\":\"https:\/\/franciscanos.org.br\/noticias\/percebi-que-o-maior-preso-ali-era-eu.html#webpage\",\"url\":\"https:\/\/franciscanos.org.br\/noticias\/percebi-que-o-maior-preso-ali-era-eu.html\",\"name\":\"Frei Gabriel: \u201cPercebi que o maior preso ali era eu\u201d - Not\u00edcias - Franciscanos\",\"isPartOf\":{\"@id\":\"https:\/\/franciscanos.org.br\/noticias\/#website\"},\"primaryImageOfPage\":{\"@id\":\"https:\/\/franciscanos.org.br\/noticias\/percebi-que-o-maior-preso-ali-era-eu.html#primaryimage\"},\"datePublished\":\"2017-10-06T10:11:29+00:00\",\"dateModified\":\"2019-03-28T11:33:20+00:00\",\"author\":{\"@id\":\"https:\/\/franciscanos.org.br\/noticias\/#\/schema\/person\/b38fbf43118f02820bd932f2e4b14ad3\"},\"breadcrumb\":{\"@id\":\"https:\/\/franciscanos.org.br\/noticias\/percebi-que-o-maior-preso-ali-era-eu.html#breadcrumb\"},\"inLanguage\":\"pt-BR\",\"potentialAction\":[{\"@type\":\"ReadAction\",\"target\":[\"https:\/\/franciscanos.org.br\/noticias\/percebi-que-o-maior-preso-ali-era-eu.html\"]}]},{\"@type\":\"BreadcrumbList\",\"@id\":\"https:\/\/franciscanos.org.br\/noticias\/percebi-que-o-maior-preso-ali-era-eu.html#breadcrumb\",\"itemListElement\":[{\"@type\":\"ListItem\",\"position\":1,\"name\":\"Home\",\"item\":\"https:\/\/franciscanos.org.br\/noticias\"},{\"@type\":\"ListItem\",\"position\":2,\"name\":\"Frei Gabriel: \u201cPercebi que o maior preso ali era eu\u201d\"}]},{\"@type\":\"Person\",\"@id\":\"https:\/\/franciscanos.org.br\/noticias\/#\/schema\/person\/b38fbf43118f02820bd932f2e4b14ad3\",\"name\":\"admin\",\"image\":{\"@type\":\"ImageObject\",\"inLanguage\":\"pt-BR\",\"@id\":\"https:\/\/franciscanos.org.br\/noticias\/#\/schema\/person\/image\/\",\"url\":\"https:\/\/secure.gravatar.com\/avatar\/e8495742d34d0ba6448ea1c628263b3e?s=96&d=mm&r=g\",\"contentUrl\":\"https:\/\/secure.gravatar.com\/avatar\/e8495742d34d0ba6448ea1c628263b3e?s=96&d=mm&r=g\",\"caption\":\"admin\"},\"url\":\"https:\/\/franciscanos.org.br\/noticias\/author\/admin\"}]}<\/script>\n<!-- \/ Yoast SEO plugin. -->","yoast_head_json":{"title":"Frei Gabriel: \u201cPercebi que o maior preso ali era eu\u201d - Not\u00edcias - Franciscanos","robots":{"index":"index","follow":"follow","max-snippet":"max-snippet:-1","max-image-preview":"max-image-preview:large","max-video-preview":"max-video-preview:-1"},"canonical":"https:\/\/franciscanos.org.br\/noticias\/percebi-que-o-maior-preso-ali-era-eu.html","og_locale":"pt_BR","og_type":"article","og_title":"Frei Gabriel: \u201cPercebi que o maior preso ali era eu\u201d - Not\u00edcias - Franciscanos","og_description":"Pastoral Carcer\u00e1ria","og_url":"https:\/\/franciscanos.org.br\/noticias\/percebi-que-o-maior-preso-ali-era-eu.html","og_site_name":"Not\u00edcias - Franciscanos","article_published_time":"2017-10-06T10:11:29+00:00","article_modified_time":"2019-03-28T11:33:20+00:00","og_image":[{"width":273,"height":181,"url":"https:\/\/franciscanos.org.br\/noticias\/wp-content\/uploads\/2017\/10\/prisao_061017.jpg","type":"image\/jpeg"}],"author":"admin","twitter_card":"summary_large_image","twitter_misc":{"Escrito por":"admin","Est. tempo de leitura":"6 minutos"},"schema":{"@context":"https:\/\/schema.org","@graph":[{"@type":"WebSite","@id":"https:\/\/franciscanos.org.br\/noticias\/#website","url":"https:\/\/franciscanos.org.br\/noticias\/","name":"Not\u00edcias - Franciscanos","description":"Prov\u00edncia Franciscana da Imaculada Concei\u00e7\u00e3o do Brasil - Ordem dos Frades Menores - OFM","potentialAction":[{"@type":"SearchAction","target":{"@type":"EntryPoint","urlTemplate":"https:\/\/franciscanos.org.br\/noticias\/?s={search_term_string}"},"query-input":"required name=search_term_string"}],"inLanguage":"pt-BR"},{"@type":"ImageObject","inLanguage":"pt-BR","@id":"https:\/\/franciscanos.org.br\/noticias\/percebi-que-o-maior-preso-ali-era-eu.html#primaryimage","url":"https:\/\/franciscanos.org.br\/noticias\/wp-content\/uploads\/2017\/10\/prisao_061017.jpg","contentUrl":"https:\/\/franciscanos.org.br\/noticias\/wp-content\/uploads\/2017\/10\/prisao_061017.jpg","width":273,"height":181,"caption":"Hands of the prisoner"},{"@type":"WebPage","@id":"https:\/\/franciscanos.org.br\/noticias\/percebi-que-o-maior-preso-ali-era-eu.html#webpage","url":"https:\/\/franciscanos.org.br\/noticias\/percebi-que-o-maior-preso-ali-era-eu.html","name":"Frei Gabriel: \u201cPercebi que o maior preso ali era eu\u201d - Not\u00edcias - Franciscanos","isPartOf":{"@id":"https:\/\/franciscanos.org.br\/noticias\/#website"},"primaryImageOfPage":{"@id":"https:\/\/franciscanos.org.br\/noticias\/percebi-que-o-maior-preso-ali-era-eu.html#primaryimage"},"datePublished":"2017-10-06T10:11:29+00:00","dateModified":"2019-03-28T11:33:20+00:00","author":{"@id":"https:\/\/franciscanos.org.br\/noticias\/#\/schema\/person\/b38fbf43118f02820bd932f2e4b14ad3"},"breadcrumb":{"@id":"https:\/\/franciscanos.org.br\/noticias\/percebi-que-o-maior-preso-ali-era-eu.html#breadcrumb"},"inLanguage":"pt-BR","potentialAction":[{"@type":"ReadAction","target":["https:\/\/franciscanos.org.br\/noticias\/percebi-que-o-maior-preso-ali-era-eu.html"]}]},{"@type":"BreadcrumbList","@id":"https:\/\/franciscanos.org.br\/noticias\/percebi-que-o-maior-preso-ali-era-eu.html#breadcrumb","itemListElement":[{"@type":"ListItem","position":1,"name":"Home","item":"https:\/\/franciscanos.org.br\/noticias"},{"@type":"ListItem","position":2,"name":"Frei Gabriel: \u201cPercebi que o maior preso ali era eu\u201d"}]},{"@type":"Person","@id":"https:\/\/franciscanos.org.br\/noticias\/#\/schema\/person\/b38fbf43118f02820bd932f2e4b14ad3","name":"admin","image":{"@type":"ImageObject","inLanguage":"pt-BR","@id":"https:\/\/franciscanos.org.br\/noticias\/#\/schema\/person\/image\/","url":"https:\/\/secure.gravatar.com\/avatar\/e8495742d34d0ba6448ea1c628263b3e?s=96&d=mm&r=g","contentUrl":"https:\/\/secure.gravatar.com\/avatar\/e8495742d34d0ba6448ea1c628263b3e?s=96&d=mm&r=g","caption":"admin"},"url":"https:\/\/franciscanos.org.br\/noticias\/author\/admin"}]}},"_links":{"self":[{"href":"https:\/\/franciscanos.org.br\/noticias\/wp-json\/wp\/v2\/posts\/143377"}],"collection":[{"href":"https:\/\/franciscanos.org.br\/noticias\/wp-json\/wp\/v2\/posts"}],"about":[{"href":"https:\/\/franciscanos.org.br\/noticias\/wp-json\/wp\/v2\/types\/post"}],"author":[{"embeddable":true,"href":"https:\/\/franciscanos.org.br\/noticias\/wp-json\/wp\/v2\/users\/1"}],"replies":[{"embeddable":true,"href":"https:\/\/franciscanos.org.br\/noticias\/wp-json\/wp\/v2\/comments?post=143377"}],"version-history":[{"count":0,"href":"https:\/\/franciscanos.org.br\/noticias\/wp-json\/wp\/v2\/posts\/143377\/revisions"}],"wp:featuredmedia":[{"embeddable":true,"href":"https:\/\/franciscanos.org.br\/noticias\/wp-json\/wp\/v2\/media\/201892"}],"wp:attachment":[{"href":"https:\/\/franciscanos.org.br\/noticias\/wp-json\/wp\/v2\/media?parent=143377"}],"wp:term":[{"taxonomy":"category","embeddable":true,"href":"https:\/\/franciscanos.org.br\/noticias\/wp-json\/wp\/v2\/categories?post=143377"},{"taxonomy":"post_tag","embeddable":true,"href":"https:\/\/franciscanos.org.br\/noticias\/wp-json\/wp\/v2\/tags?post=143377"}],"curies":[{"name":"wp","href":"https:\/\/api.w.org\/{rel}","templated":true}]}}