{"id":143235,"date":"2017-10-05T08:08:26","date_gmt":"2017-10-05T11:08:26","guid":{"rendered":"http:\/\/franciscanos.org.br\/?p=143235"},"modified":"2019-04-25T11:22:58","modified_gmt":"2019-04-25T14:22:58","slug":"alegria-e-devocao-nas-festividades-de-sao-francisco","status":"publish","type":"post","link":"https:\/\/franciscanos.org.br\/noticias\/alegria-e-devocao-nas-festividades-de-sao-francisco.html","title":{"rendered":"Alegria e devo\u00e7\u00e3o nas festividades de S\u00e3o Francisco"},"content":{"rendered":"<p><img loading=\"lazy\" src=\"http:\/\/franciscanos.org.br\/wp-content\/uploads\/2017\/10\/sagrado_051017.jpg\" alt=\"sagrado_051017\" width=\"820\" height=\"432\" \/><\/p>\n<p><strong>Petr\u00f3polis (RJ)<\/strong> &#8211; Na noite da \u00faltima ter\u00e7a-feira, 03, a Comunidade de f\u00e9 da Igreja do Sagrado Cora\u00e7\u00e3o de Jesus, localizada em Petr\u00f3polis, Regi\u00e3o Serrana do Estado do Rio de Janeiro, uniu-se aos frades da Fraternidade do Sagrado para celebrar o Tr\u00e2nsito de nosso Pai Ser\u00e1fico, S\u00e3o Francisco de Assis. A celebra\u00e7\u00e3o foi presidida pelo Guardi\u00e3o do Convento, Frei Jorge Paulo Schiavini, e concelebrada pelo P\u00e1roco, Frei James Luiz Girardi, e pelo Vig\u00e1rio Paroquial, Frei Jos\u00e9 Ariovaldo da Silva.<\/p>\n<p>Com a presen\u00e7a de parte do Coral dos Meninos dos Canarinhos, sob a reg\u00eancia do Maestro Marco Aur\u00e9lio Lischt, todos os presentes puderam rememorar os \u00faltimos momentos da vida de S\u00e3o Francisco, o Santo da Paz e do Bem. Um dos momentos mais emocionantes da noite ficou por conta do salmo 141, o mesmo proclamado por Francisco em seu leito de morte, entoado pelo coral em conjunto com alguns frades.<\/p>\n<p>Durante a pequena exorta\u00e7\u00e3o proferida por Frei Jorge, Frei Ariovaldo proclamou uma bonita poesia, intitulada <em>Visita Sonhada<\/em>, e que fora recebida com aplausos pela assembleia presente. Ao t\u00e9rmino da Celebra\u00e7\u00e3o todos se dirigiram para o Sal\u00e3o da Ordem Franciscana Secular (OFS) para uma fraterna confraterniza\u00e7\u00e3o.<\/p>\n<p>No dia 04, dia em que festejamos a vida de nosso irm\u00e3o menor, Francisco de Assis, aconteceu na Igreja do Sagrado Cora\u00e7\u00e3o de Jesus a tradicional b\u00ean\u00e7\u00e3o aos animais. V\u00e1rios foram os fi\u00e9is que trouxeram seus cachorros e gatos para o tradicional momento franciscano de louvor \u00e0 cria\u00e7\u00e3o! Enquanto isso na cantina paroquial, os fi\u00e9is puderam saborear deliciosos bolos preparados com amor e carinho pela equipe de Eventos da Comunidade.<\/p>\n<p>No fim da tarde, os frades se reuniram em comunidade para rezar a ora\u00e7\u00e3o das V\u00e9speras. Em seguida a ora\u00e7\u00e3o foi celebrada Missa Solene, desta vez presidida pelo p\u00e1roco Frei James e concelebrada por diversos sacerdotes, entre eles, Frei Jorge Paulo; Frei Almir Ribeiro Guimar\u00e3es; Frei F\u00e9lix Jurado; e Frei Jos\u00e9 Ariovaldo. Em sua homilia, Frei James salientou a alegria que Francisco propagou ao longo da vida, seja com palavras ou com seu modelo de vida, hoje seguido por tantos que se deixam apaixonar pelo Poverello de Assis.<\/p>\n<p>Que S\u00e3o Francisco siga a inspirar nossos jovens ao chamado de evangelizar o mundo pela promo\u00e7\u00e3o da Paz e do Bem!<\/p>\n<p><strong>Pascom do Sagrado<\/strong><\/p>\n","protected":false},"excerpt":{"rendered":"<p>Par\u00f3quia do Sagrado Cora\u00e7\u00e3o de Jesus<\/p>\n","protected":false},"author":1,"featured_media":203375,"comment_status":"open","ping_status":"open","sticky":false,"template":"","format":"standard","meta":[],"categories":[1],"tags":[190],"acf":[],"yoast_head":"<!-- This site is optimized with the Yoast SEO plugin v19.2 - https:\/\/yoast.com\/wordpress\/plugins\/seo\/ -->\n<title>Alegria e devo\u00e7\u00e3o nas festividades de S\u00e3o Francisco - Not\u00edcias - Franciscanos<\/title>\n<meta name=\"robots\" content=\"index, follow, max-snippet:-1, max-image-preview:large, max-video-preview:-1\" \/>\n<link rel=\"canonical\" href=\"https:\/\/franciscanos.org.br\/noticias\/alegria-e-devocao-nas-festividades-de-sao-francisco.html\" \/>\n<meta property=\"og:locale\" content=\"pt_BR\" \/>\n<meta property=\"og:type\" content=\"article\" \/>\n<meta property=\"og:title\" content=\"Alegria e devo\u00e7\u00e3o nas festividades de S\u00e3o Francisco - Not\u00edcias - Franciscanos\" \/>\n<meta property=\"og:description\" content=\"Par\u00f3quia do Sagrado Cora\u00e7\u00e3o de Jesus\" \/>\n<meta property=\"og:url\" content=\"https:\/\/franciscanos.org.br\/noticias\/alegria-e-devocao-nas-festividades-de-sao-francisco.html\" \/>\n<meta property=\"og:site_name\" content=\"Not\u00edcias - Franciscanos\" \/>\n<meta property=\"article:published_time\" content=\"2017-10-05T11:08:26+00:00\" \/>\n<meta property=\"article:modified_time\" content=\"2019-04-25T14:22:58+00:00\" \/>\n<meta property=\"og:image\" content=\"https:\/\/franciscanos.org.br\/noticias\/wp-content\/uploads\/2017\/10\/sagrado_051017.jpg\" \/>\n\t<meta property=\"og:image:width\" content=\"273\" \/>\n\t<meta property=\"og:image:height\" content=\"181\" \/>\n\t<meta property=\"og:image:type\" content=\"image\/jpeg\" \/>\n<meta name=\"author\" content=\"admin\" \/>\n<meta name=\"twitter:card\" content=\"summary_large_image\" \/>\n<meta name=\"twitter:label1\" content=\"Escrito por\" \/>\n\t<meta name=\"twitter:data1\" content=\"admin\" \/>\n\t<meta name=\"twitter:label2\" content=\"Est. tempo de leitura\" \/>\n\t<meta name=\"twitter:data2\" content=\"2 minutos\" \/>\n<script type=\"application\/ld+json\" class=\"yoast-schema-graph\">{\"@context\":\"https:\/\/schema.org\",\"@graph\":[{\"@type\":\"WebSite\",\"@id\":\"https:\/\/franciscanos.org.br\/noticias\/#website\",\"url\":\"https:\/\/franciscanos.org.br\/noticias\/\",\"name\":\"Not\u00edcias - Franciscanos\",\"description\":\"Prov\u00edncia Franciscana da Imaculada Concei\u00e7\u00e3o do Brasil - Ordem dos Frades Menores - OFM\",\"potentialAction\":[{\"@type\":\"SearchAction\",\"target\":{\"@type\":\"EntryPoint\",\"urlTemplate\":\"https:\/\/franciscanos.org.br\/noticias\/?s={search_term_string}\"},\"query-input\":\"required name=search_term_string\"}],\"inLanguage\":\"pt-BR\"},{\"@type\":\"ImageObject\",\"inLanguage\":\"pt-BR\",\"@id\":\"https:\/\/franciscanos.org.br\/noticias\/alegria-e-devocao-nas-festividades-de-sao-francisco.html#primaryimage\",\"url\":\"https:\/\/franciscanos.org.br\/noticias\/wp-content\/uploads\/2017\/10\/sagrado_051017.jpg\",\"contentUrl\":\"https:\/\/franciscanos.org.br\/noticias\/wp-content\/uploads\/2017\/10\/sagrado_051017.jpg\",\"width\":273,\"height\":181},{\"@type\":\"WebPage\",\"@id\":\"https:\/\/franciscanos.org.br\/noticias\/alegria-e-devocao-nas-festividades-de-sao-francisco.html#webpage\",\"url\":\"https:\/\/franciscanos.org.br\/noticias\/alegria-e-devocao-nas-festividades-de-sao-francisco.html\",\"name\":\"Alegria e devo\u00e7\u00e3o nas festividades de S\u00e3o Francisco - Not\u00edcias - Franciscanos\",\"isPartOf\":{\"@id\":\"https:\/\/franciscanos.org.br\/noticias\/#website\"},\"primaryImageOfPage\":{\"@id\":\"https:\/\/franciscanos.org.br\/noticias\/alegria-e-devocao-nas-festividades-de-sao-francisco.html#primaryimage\"},\"datePublished\":\"2017-10-05T11:08:26+00:00\",\"dateModified\":\"2019-04-25T14:22:58+00:00\",\"author\":{\"@id\":\"https:\/\/franciscanos.org.br\/noticias\/#\/schema\/person\/b38fbf43118f02820bd932f2e4b14ad3\"},\"breadcrumb\":{\"@id\":\"https:\/\/franciscanos.org.br\/noticias\/alegria-e-devocao-nas-festividades-de-sao-francisco.html#breadcrumb\"},\"inLanguage\":\"pt-BR\",\"potentialAction\":[{\"@type\":\"ReadAction\",\"target\":[\"https:\/\/franciscanos.org.br\/noticias\/alegria-e-devocao-nas-festividades-de-sao-francisco.html\"]}]},{\"@type\":\"BreadcrumbList\",\"@id\":\"https:\/\/franciscanos.org.br\/noticias\/alegria-e-devocao-nas-festividades-de-sao-francisco.html#breadcrumb\",\"itemListElement\":[{\"@type\":\"ListItem\",\"position\":1,\"name\":\"Home\",\"item\":\"https:\/\/franciscanos.org.br\/noticias\"},{\"@type\":\"ListItem\",\"position\":2,\"name\":\"Alegria e devo\u00e7\u00e3o nas festividades de S\u00e3o Francisco\"}]},{\"@type\":\"Person\",\"@id\":\"https:\/\/franciscanos.org.br\/noticias\/#\/schema\/person\/b38fbf43118f02820bd932f2e4b14ad3\",\"name\":\"admin\",\"image\":{\"@type\":\"ImageObject\",\"inLanguage\":\"pt-BR\",\"@id\":\"https:\/\/franciscanos.org.br\/noticias\/#\/schema\/person\/image\/\",\"url\":\"https:\/\/secure.gravatar.com\/avatar\/e8495742d34d0ba6448ea1c628263b3e?s=96&d=mm&r=g\",\"contentUrl\":\"https:\/\/secure.gravatar.com\/avatar\/e8495742d34d0ba6448ea1c628263b3e?s=96&d=mm&r=g\",\"caption\":\"admin\"},\"url\":\"https:\/\/franciscanos.org.br\/noticias\/author\/admin\"}]}<\/script>\n<!-- \/ Yoast SEO plugin. -->","yoast_head_json":{"title":"Alegria e devo\u00e7\u00e3o nas festividades de S\u00e3o Francisco - Not\u00edcias - Franciscanos","robots":{"index":"index","follow":"follow","max-snippet":"max-snippet:-1","max-image-preview":"max-image-preview:large","max-video-preview":"max-video-preview:-1"},"canonical":"https:\/\/franciscanos.org.br\/noticias\/alegria-e-devocao-nas-festividades-de-sao-francisco.html","og_locale":"pt_BR","og_type":"article","og_title":"Alegria e devo\u00e7\u00e3o nas festividades de S\u00e3o Francisco - Not\u00edcias - Franciscanos","og_description":"Par\u00f3quia do Sagrado Cora\u00e7\u00e3o de Jesus","og_url":"https:\/\/franciscanos.org.br\/noticias\/alegria-e-devocao-nas-festividades-de-sao-francisco.html","og_site_name":"Not\u00edcias - Franciscanos","article_published_time":"2017-10-05T11:08:26+00:00","article_modified_time":"2019-04-25T14:22:58+00:00","og_image":[{"width":273,"height":181,"url":"https:\/\/franciscanos.org.br\/noticias\/wp-content\/uploads\/2017\/10\/sagrado_051017.jpg","type":"image\/jpeg"}],"author":"admin","twitter_card":"summary_large_image","twitter_misc":{"Escrito por":"admin","Est. tempo de leitura":"2 minutos"},"schema":{"@context":"https:\/\/schema.org","@graph":[{"@type":"WebSite","@id":"https:\/\/franciscanos.org.br\/noticias\/#website","url":"https:\/\/franciscanos.org.br\/noticias\/","name":"Not\u00edcias - Franciscanos","description":"Prov\u00edncia Franciscana da Imaculada Concei\u00e7\u00e3o do Brasil - Ordem dos Frades Menores - OFM","potentialAction":[{"@type":"SearchAction","target":{"@type":"EntryPoint","urlTemplate":"https:\/\/franciscanos.org.br\/noticias\/?s={search_term_string}"},"query-input":"required name=search_term_string"}],"inLanguage":"pt-BR"},{"@type":"ImageObject","inLanguage":"pt-BR","@id":"https:\/\/franciscanos.org.br\/noticias\/alegria-e-devocao-nas-festividades-de-sao-francisco.html#primaryimage","url":"https:\/\/franciscanos.org.br\/noticias\/wp-content\/uploads\/2017\/10\/sagrado_051017.jpg","contentUrl":"https:\/\/franciscanos.org.br\/noticias\/wp-content\/uploads\/2017\/10\/sagrado_051017.jpg","width":273,"height":181},{"@type":"WebPage","@id":"https:\/\/franciscanos.org.br\/noticias\/alegria-e-devocao-nas-festividades-de-sao-francisco.html#webpage","url":"https:\/\/franciscanos.org.br\/noticias\/alegria-e-devocao-nas-festividades-de-sao-francisco.html","name":"Alegria e devo\u00e7\u00e3o nas festividades de S\u00e3o Francisco - Not\u00edcias - Franciscanos","isPartOf":{"@id":"https:\/\/franciscanos.org.br\/noticias\/#website"},"primaryImageOfPage":{"@id":"https:\/\/franciscanos.org.br\/noticias\/alegria-e-devocao-nas-festividades-de-sao-francisco.html#primaryimage"},"datePublished":"2017-10-05T11:08:26+00:00","dateModified":"2019-04-25T14:22:58+00:00","author":{"@id":"https:\/\/franciscanos.org.br\/noticias\/#\/schema\/person\/b38fbf43118f02820bd932f2e4b14ad3"},"breadcrumb":{"@id":"https:\/\/franciscanos.org.br\/noticias\/alegria-e-devocao-nas-festividades-de-sao-francisco.html#breadcrumb"},"inLanguage":"pt-BR","potentialAction":[{"@type":"ReadAction","target":["https:\/\/franciscanos.org.br\/noticias\/alegria-e-devocao-nas-festividades-de-sao-francisco.html"]}]},{"@type":"BreadcrumbList","@id":"https:\/\/franciscanos.org.br\/noticias\/alegria-e-devocao-nas-festividades-de-sao-francisco.html#breadcrumb","itemListElement":[{"@type":"ListItem","position":1,"name":"Home","item":"https:\/\/franciscanos.org.br\/noticias"},{"@type":"ListItem","position":2,"name":"Alegria e devo\u00e7\u00e3o nas festividades de S\u00e3o Francisco"}]},{"@type":"Person","@id":"https:\/\/franciscanos.org.br\/noticias\/#\/schema\/person\/b38fbf43118f02820bd932f2e4b14ad3","name":"admin","image":{"@type":"ImageObject","inLanguage":"pt-BR","@id":"https:\/\/franciscanos.org.br\/noticias\/#\/schema\/person\/image\/","url":"https:\/\/secure.gravatar.com\/avatar\/e8495742d34d0ba6448ea1c628263b3e?s=96&d=mm&r=g","contentUrl":"https:\/\/secure.gravatar.com\/avatar\/e8495742d34d0ba6448ea1c628263b3e?s=96&d=mm&r=g","caption":"admin"},"url":"https:\/\/franciscanos.org.br\/noticias\/author\/admin"}]}},"_links":{"self":[{"href":"https:\/\/franciscanos.org.br\/noticias\/wp-json\/wp\/v2\/posts\/143235"}],"collection":[{"href":"https:\/\/franciscanos.org.br\/noticias\/wp-json\/wp\/v2\/posts"}],"about":[{"href":"https:\/\/franciscanos.org.br\/noticias\/wp-json\/wp\/v2\/types\/post"}],"author":[{"embeddable":true,"href":"https:\/\/franciscanos.org.br\/noticias\/wp-json\/wp\/v2\/users\/1"}],"replies":[{"embeddable":true,"href":"https:\/\/franciscanos.org.br\/noticias\/wp-json\/wp\/v2\/comments?post=143235"}],"version-history":[{"count":0,"href":"https:\/\/franciscanos.org.br\/noticias\/wp-json\/wp\/v2\/posts\/143235\/revisions"}],"wp:featuredmedia":[{"embeddable":true,"href":"https:\/\/franciscanos.org.br\/noticias\/wp-json\/wp\/v2\/media\/203375"}],"wp:attachment":[{"href":"https:\/\/franciscanos.org.br\/noticias\/wp-json\/wp\/v2\/media?parent=143235"}],"wp:term":[{"taxonomy":"category","embeddable":true,"href":"https:\/\/franciscanos.org.br\/noticias\/wp-json\/wp\/v2\/categories?post=143235"},{"taxonomy":"post_tag","embeddable":true,"href":"https:\/\/franciscanos.org.br\/noticias\/wp-json\/wp\/v2\/tags?post=143235"}],"curies":[{"name":"wp","href":"https:\/\/api.w.org\/{rel}","templated":true}]}}