{"id":143121,"date":"2017-10-04T16:24:21","date_gmt":"2017-10-04T19:24:21","guid":{"rendered":"http:\/\/franciscanos.org.br\/?p=143121"},"modified":"2023-01-10T09:52:00","modified_gmt":"2023-01-10T12:52:00","slug":"manha-de-fe-e-devocao-franciscana-em-sao-paulo","status":"publish","type":"post","link":"https:\/\/franciscanos.org.br\/noticias\/manha-de-fe-e-devocao-franciscana-em-sao-paulo.html","title":{"rendered":"&#8216;Todos s\u00e3o chamados a restaurar a Casa do Senhor&#8217;"},"content":{"rendered":"<p><img loading=\"lazy\" src=\"http:\/\/franciscanos.org.br\/wp-content\/uploads\/2017\/10\/vila_041017G.jpg\" alt=\"vila_041017G\" width=\"830\" height=\"400\" \/><\/p>\n<p><strong>S\u00e3o Paulo (SP)<\/strong> &#8211; O Ministro Provincial, Frei Fid\u00eancio Vanboemmel, encerrou as festividades do dia de S\u00e3o Francisco, na Par\u00f3quia S\u00e3o Francisco de Assis, na Vila Clementino, que tamb\u00e9m \u00e9 a Sede Provincial da Prov\u00edncia da Imaculada Concei\u00e7\u00e3o do Brasil, presidindo a Celebra\u00e7\u00e3o Eucar\u00edstica das 19h30.\u00a0 Frei Fid\u00eancio teve como concelebrantes o Vig\u00e1rio Provincial, Frei C\u00e9sar K\u00fclkamp, o p\u00e1roco Frei Valdecir Schwambach e Frei Raimundo Castro.<\/p>\n<p>Em sua homilia, Frei Fid\u00eancio ressaltou que o ser humano deveria ser o exemplo para as criaturas e o respons\u00e1vel pela constru\u00e7\u00e3o de uma fraternidade universal. Ele recordou que a sociedade da qual Francisco de Assis fazia parte n\u00e3o era muito diferente de hoje, com guerras, viol\u00eancia, gan\u00e2ncia, mas que o jovem foi chamado a olhar para esta realidade com o olhar de Deus. \u201cQuem foi S\u00e3o Francisco de Assis no seu tempo? Foi apenas um gr\u00e3ozinho de areia neste mundo, mas que soube fazer brilhar, atrav\u00e9s de sua vida a justi\u00e7a de Deus, a paz do Senhor, anunciou a reconcilia\u00e7\u00e3o, construiu a fraternidade e sobretudo ensinou a termos um olhar diferente para a nossa Casa Comum\u201d, afirmou.<\/p>\n<p>O frade concluiu afirmando que todos s\u00e3o chamados, assim como S\u00e3o Francisco, a restaurar a casa de Deus. \u201cSomos chamados a recriarmos a grande fraternidade universal, n\u00e3o apenas entre n\u00f3s, criaturas humanas, mas reconstruir a casa de Deus onde n\u00f3s possamos, de cora\u00e7\u00e3o puro e transparente, convidar todas as criaturas a louvar o Criador e podemos assim dizer: Deus construiu as coisas boas. Se existem rupturas, \u00e9 por causa da gan\u00e2ncia humana. N\u00f3s somos reconvocados a restaurar a Casa do Senhor\u201d, concluiu.<\/p>\n<p>No momento de a\u00e7\u00e3o de gra\u00e7as, Frei Valdecir agradeceu a fraternidade local pela ajuda nos festejos do padroeiro. Ele agradeceu de modo especial aos volunt\u00e1rios, que se dedicam diariamente no servi\u00e7o da comunidade. Ele afirmou que todos que estiveram presentes durante a festa, puderam experimentar a gra\u00e7a de Deus e voltaram um pouco mais felizes para suas casas. Ao final, ele pediu uma salva de palmas, que foi acompanhada por muitos latidos, \u201ctodos ensaiados\u201d, brincou o p\u00e1roco.<\/p>\n<p><iframe loading=\"lazy\" src=\"https:\/\/www.youtube.com\/embed\/-WBjH4tbrio\" width=\"100%\" height=\"420\" frameborder=\"0\" allowfullscreen=\"allowfullscreen\"><\/iframe><\/p>\n<hr \/>\n<h1><strong>A manh\u00e3 franciscana no Centro e na Vila<\/strong><\/h1>\n<p>Mais do que a b\u00ean\u00e7\u00e3o dos animaizinhos, a Festa de S\u00e3o Francisco de Assis, desde o dia 3, com o Tr\u00e2nsito (passagem), at\u00e9 \u00a04 de outubro, \u00e9 sempre um momento celebrativo, reflexivo e muito provocativo. Principalmente em tempos da Enc\u00edclica <em>Laudato Si\u2019<\/em>. Os frades que presidiram as Celebra\u00e7\u00f5es Eucar\u00edsticas na manh\u00e3 desta festa franciscana foram enf\u00e1ticos em citar o Papa Francisco e seu pedido de socorro pela M\u00e3e Terra.<\/p>\n<p>S\u00e3o Francisco de Assis \u00e9 Padroeiro da Par\u00f3quia da Vila Clementino e do Convento na regi\u00e3o central de S\u00e3o Paulo. Os dois lugares s\u00e3o refer\u00eancias neste dia, onde o povo demonstra sua f\u00e9 e devo\u00e7\u00e3o no santo que se encantava com o jeito de Deus humanizar-se com extrema humildade e simplicidade.<\/p>\n<p>O Definidor da Prov\u00edncia da Imaculada, Frei Gustavo Medella, presidiu a Missa das 10h30 no Convento S\u00e3o Francisco, que neste 2017 tamb\u00e9m est\u00e1 celebrando 370 anos de funda\u00e7\u00e3o. Frei Medella fez sua homilia a partir do canto de entrada, a conhecida ora\u00e7\u00e3o &#8220;Senhor, fazei de mim um instrumento de vossa paz&#8221;.<\/p>\n<div id=\"attachment_143124\" style=\"width: 410px\" class=\"wp-caption alignright\"><img aria-describedby=\"caption-attachment-143124\" loading=\"lazy\" class=\"wp-image-143124 size-full\" src=\"http:\/\/franciscanos.org.br\/wp-content\/uploads\/2017\/10\/festasf_041017_3.jpg\" alt=\"festasf_041017_3\" width=\"400\" height=\"430\" \/><p id=\"caption-attachment-143124\" class=\"wp-caption-text\">Ivone e &#8220;Luna&#8221;<\/p><\/div>\n<p>&#8220;Onde houver \u00f3dio, que eu leve amor&#8230; \u00c9 um prop\u00f3sito bonito, muito conforme a espiritualidade crist\u00e3. S\u00f3 que nenhum desses prop\u00f3sitos que aparecem nessa ora\u00e7\u00e3o, pela qual temos tanto carinho, podem ser cumpridos se faltar o pedido introdut\u00f3rio que cont\u00e9m esta ora\u00e7\u00e3o, que \u00e9: &#8216;Senhor, fazei de mim um instrumento de vossa paz&#8217;. Porque Francisco sabia que, sem Deus, nada podemos fazer. Dizia Francisco que se de n\u00f3s for tirada a gra\u00e7a de Deus, s\u00f3 sobram os v\u00edcios e os pecados. &#8216;Ah, mas Francisco tinha uma vis\u00e3o muito negativa do ser humano!&#8217;, pode algu\u00e9m dizer. N\u00e3o tinha, n\u00e3o! Ele tinha uma vis\u00e3o realista e sabia que era limitado, cheio de pecados e dificuldades, mas profundamente amado por Deus. Quando estamos abertos a esta gra\u00e7a, podemos ser, sim, instrumento de paz, de amor e de todo o bem&#8221;, explicou o frade.<\/p>\n<p>Segundo Frei Gustavo, para fazermos tudo isso que a can\u00e7\u00e3o nos prop\u00f5e &#8211; o amor, a esperan\u00e7a, a alegria, a luz -, precisamos ter os reservat\u00f3rios destas virtudes cheios. &#8220;E a\u00ed onde n\u00f3s vamos buscar? Nos valores intu\u00eddos e ensinados por Francisco que aparecem nesta m\u00fasica. Devemos buscar, antes de tudo, como dizia Francisco, o Esp\u00edrito do Senhor e seu santo modo de operar. E n\u00f3s conseguimos esse santo modo de operar atrav\u00e9s da ora\u00e7\u00e3o e da devo\u00e7\u00e3o&#8221;, acrescentou o presidente da celebra\u00e7\u00e3o.<\/p>\n<p>Depois, disse o frade, se estamos conectados com Deus, percebemos que essa conex\u00e3o implica, necessariamente, em uma conex\u00e3o com os irm\u00e3os. &#8220;E a\u00ed entra o valor da fraternidade. Sozinhos n\u00f3s n\u00e3o conseguiremos caminhar muito. N\u00f3s vamos cansar, n\u00f3s vamos sucumbir no meio do caminho&#8221;, alertou o frade.<\/p>\n<p>&#8220;O Papa Francisco, na <em>Laudato Si<\/em>\u2019, ao elencar todos os problemas que assolam o planeta, como a polui\u00e7\u00e3o das \u00e1guas, a falta de recursos, a desigualdade social, diz que s\u00e3o problemas t\u00e3o complexos que, por mais boa vontade que uma pessoa tenha ou um grupo isolado tenha para resolver, n\u00e3o vai conseguir. \u00c9 necess\u00e1rio um esp\u00edrito de convers\u00e3o que perpasse e abrace toda a humanidade, para al\u00e9m daquilo que nos difere, seja elemento de f\u00e9, de cultura, de ra\u00e7a, de modo de pensar. Para al\u00e9m de tudo isso \u00e9 urgente que construamos um esp\u00edrito real e verdadeiro de fraternidade&#8221;, insistiu.<\/p>\n<p>Segundo o frade, a espiritualidade franciscana, mesmo sendo espiritualidade crist\u00e3, cat\u00f3lica, nos lan\u00e7a para esse esp\u00edrito de di\u00e1logo, t\u00e3o procurado e propagado pelo Papa Francisco. &#8220;E a Fraternidade Franciscana se estende \u00e0 Fraternidade Universal com todos os bens criados. E \u00e9 por isso que hoje \u00e9 dia de trazer os nossos animais para receber as b\u00ean\u00e7\u00e3os, de pedir tamb\u00e9m b\u00ean\u00e7\u00e3os sobre n\u00f3s, sobre as situa\u00e7\u00f5es dif\u00edceis que estamos vivendo, mostrando que todos seres humanos, seres criados, brotamos da mesma matriz amorosa que \u00e9 cora\u00e7\u00e3o de Deus, aquele que nos criou&#8221;, lembrou.<\/p>\n<div id=\"attachment_143125\" style=\"width: 310px\" class=\"wp-caption alignleft\"><img aria-describedby=\"caption-attachment-143125\" loading=\"lazy\" class=\"wp-image-143125\" src=\"http:\/\/franciscanos.org.br\/wp-content\/uploads\/2017\/10\/festasf_041017_2.jpg\" alt=\"festasf_041017_2\" width=\"300\" height=\"316\" \/><p id=\"caption-attachment-143125\" class=\"wp-caption-text\">&#8220;Ozzy&#8221; e Maria de F\u00e1tima<\/p><\/div>\n<p>Frei Gustavo disse, ent\u00e3o, que um terceiro elemento, al\u00e9m da conex\u00e3o com Deus e com os irm\u00e3os, \u00e9 o olhar de convers\u00e3o. &#8220;Reconhecer que o primeiro lugar, onde precisa de amor para n\u00e3o dar espa\u00e7o ao \u00f3dio, \u00e9 o nosso cora\u00e7\u00e3o, porque \u00e0s vezes podemos ter a ilus\u00e3o que dentro de mim \u00e9 s\u00f3 amor. Mas n\u00e3o \u00e9 assim. Quantas vezes diante de uma topada, temos \u00f3dio da pedra que estava no caminho; diante de uma fechada do tr\u00e2nsito, temos \u00f3dio daquele que foi imprudente. Ent\u00e3o, o primeiro lugar, onde o \u00f3dio, o ego\u00edsmo, a desordem e a falta de paz precisam ser vencidos, \u00e9 dentro do nosso pr\u00f3prio cora\u00e7\u00e3o. Isso n\u00f3s s\u00f3 conseguimos atrav\u00e9s da gra\u00e7a de Deus no esp\u00edrito de ora\u00e7\u00e3o e devo\u00e7\u00e3o. Todas essas virtudes est\u00e3o interligadas&#8221;, frisou, pedindo a inspira\u00e7\u00e3o de S\u00e3o Francisco para que o Senhor nos mostre o caminho de uma vida mais pac\u00edfica, harmoniosa, feliz, onde todos sejam respeitados e possam, de verdade, se sentirem amados por Deus, &#8220;porque conseguem encontrar em n\u00f3s &#8211; aqueles que admiram Francisco e que desejam seguir a Cristo &#8211; o testemunho de amor, de paz e esperan\u00e7a que procuram&#8221;.<\/p>\n<p>Durante toda a manh\u00e3, \u00a0a igreja esteve cheia. Ivone Aparecida da Silva participou da Celebra\u00e7\u00e3o Eucar\u00edstica das 9 horas, presidida por Frei Vanilton Leme. Durante todo o tempo, &#8220;Luna&#8221; esteve no seu colo, comportada e atenta. S\u00f3 olhou desconfiada na ora\u00e7\u00e3o do Pai Nosso quando uma pessoa ao lado colocou a m\u00e3o no ombro de Da. Ivone. &#8220;Gosto muito de animais. Mas a Luna n\u00e3o \u00e9 minha, mas de minha filha, que n\u00e3o p\u00f4de vir hoje aqui&#8221;, explicou.<\/p>\n<p>Bem pr\u00f3ximo estava &#8220;Ozzy&#8221;, tamb\u00e9m no colo de sua protetora. O c\u00e3ozinho s\u00f3 tem o nome do barulhento roqueiro Ozzy Osbourne, porque ali esbanjava tranquilidade. &#8220;Minha sobrinha \u00e9 a dona dele e ela \u00e9 roqueira&#8221;, explicou a artes\u00e3 Maria de F\u00e1tima Tavares de Nascimento, que reside na av. S\u00e3o Jo\u00e3o, pr\u00f3xima do Convento. &#8220;Sou muito devota de S\u00e3o Francisco e adoro os animais. Acho que quando uma pessoa trata bem dos animais ela tamb\u00e9m respeita o ser humano. Basta ter sentimentos&#8221;, observou Maria de F\u00e1tima.<\/p>\n<p>&nbsp;<\/p>\n<p><img loading=\"lazy\" src=\"http:\/\/franciscanos.org.br\/wp-content\/uploads\/2017\/10\/festasf_041017_4.jpg\" alt=\"festasf_041017_4\" width=\"830\" height=\"552\" \/><\/p>\n<p><strong>TR\u00c2NSITO<\/strong><\/p>\n<p><img loading=\"lazy\" class=\"alignleft wp-image-143128 \" src=\"http:\/\/franciscanos.org.br\/wp-content\/uploads\/2017\/10\/festasf_041017_5.jpg\" alt=\"festasf_041017_5\" width=\"250\" height=\"272\" \/>O Tr\u00e2nsito de S\u00e3o Francisco \u00e9 uma celebra\u00e7\u00e3o que faz mem\u00f3ria dos \u00faltimos momentos do santo na terra atrav\u00e9s de uma piedosa encena\u00e7\u00e3o. No Convento S\u00e3o Francisco foi celebrado ontem (3\/10), \u00e0s 18 horas.<\/p>\n<p>Frei Diego Melo fez a prega\u00e7\u00e3o\u00a0e chamou a aten\u00e7\u00e3o que esta data, 3 de outubro de 1226, pode ser celebrada como uma simples recorda\u00e7\u00e3o dos \u00faltimos momentos de vida de S\u00e3o Francisco, ou seja, um fato acontecido h\u00e1 mais de oito s\u00e9culos, &#8220;que em nada toca a nossa vida concreta, servindo apenas para uma r\u00e1pida e passageira emo\u00e7\u00e3o e, de certa forma, como um tranquilizante de nossas consci\u00eancias&#8221;.<\/p>\n<p>Mas Frei Diego fez a seguinte provoca\u00e7\u00e3o: &#8220;H\u00e1 outra forma de mem\u00f3ria, que \u00e9 uma recorda\u00e7\u00e3o mais desafiadora e at\u00e9 mesmo desconfortante. Trata-se da recorda\u00e7\u00e3o do passado da qual surgem novas e desafiadoras perspectivas para o presente e para o futuro. Essa segunda maneira de fazermos mem\u00f3ria desse tr\u00e2nsito de S\u00e3o Francisco, em que procuramos tirar li\u00e7\u00f5es para a nossa atualidade, talvez esteja mais pr\u00f3xima daquilo que Francisco mesmo nos pediu e advertiu, quando na sua sexta Admoesta\u00e7\u00e3o lembrava que seria &#8216;uma grande vergonha para n\u00f3s, servos de Deus, terem os santos praticado obras dignas de serem exaltadas e n\u00f3s querermos receber honra e gl\u00f3ria somente por contar e pregar o que eles fizeram'(Adm 6)&#8221;, disse.<\/p>\n<p>Participaram desta celebra\u00e7\u00e3o os frades das tr\u00eas Fraternidades da Prov\u00edncia em S\u00e3o Paulo, religiosos (as), a OFS, Jufra, jovens vocacionados e paroquianos.<\/p>\n<hr \/>\n<p><strong>DIA INTENSO NA VILA CLEMENTINO<\/strong><\/p>\n<p>N\u00e3o foram diferentes tamb\u00e9m as Celebra\u00e7\u00f5es na Par\u00f3quia S\u00e3o Francisco de Assis na Vila Clementino (SP). Os frades se revezaram durante a manh\u00e3 e tarde para atender a todas as pessoas que traziam seus animais para as b\u00ean\u00e7\u00e3os, como \u00e9 tradi\u00e7\u00e3o no bairro. Na Missa do meio-dia, presidida pelo p\u00e1roco Frei Valdecir Schwambach, a igreja, que \u00e9 muito grande, lotou.<\/p>\n<p>Frei Valdecir lembrou que no Tr\u00edduo de S\u00e3o Francisco, preparat\u00f3rio para este dia, refletiu-se sobre tr\u00eas aspectos:\u00a0 cuidar do cora\u00e7\u00e3o,\u00a0 cuidar do irm\u00e3o e cuidar da Casa Comum.<\/p>\n<p>&#8220;S\u00e3o Francisco de Assis \u00e9 o santo que nos ensina o cuidado&#8221;, enfatizou o p\u00e1roco, lembrando que ao longo da hist\u00f3ria da f\u00e9, da hist\u00f3ria humana, separou-se muito as coisas de Deus das nossas realidades. &#8220;A nossa f\u00e9, a nossa devo\u00e7\u00e3o \u00e9 perfeita quando n\u00f3s nos envolvemos com aquele que est\u00e1 ao nosso lado. N\u00e3o existe uma liga\u00e7\u00e3o com Deus se a gente se esquecer daquele que est\u00e1 a nossa volta&#8221;, observou.<\/p>\n<div id=\"attachment_143129\" style=\"width: 376px\" class=\"wp-caption alignright\"><img aria-describedby=\"caption-attachment-143129\" loading=\"lazy\" class=\"wp-image-143129\" src=\"http:\/\/franciscanos.org.br\/wp-content\/uploads\/2017\/10\/festasf_041017_7.jpg\" alt=\"festasf_041017_7\" width=\"366\" height=\"458\" \/><p id=\"caption-attachment-143129\" class=\"wp-caption-text\">Luiz Henrique (na frente), Guilherme (\u00e0 esquerda) e Ruan (\u00e0 direita).<\/p><\/div>\n<p>Frei Valdecir chamou a aten\u00e7\u00e3o, citando o Papa Francisco na <em>Laudato Si\u2019<\/em>, que a crise de hoje \u00e9 uma crise de falta de cuidado. &#8220;E talvez a ra\u00e7a que mais esteja amea\u00e7ada \u00e9 a humana, porque n\u00e3o estamos nos cuidando uns dos outros. \u00c9 s\u00f3 olhar, por exemplo, o que est\u00e1 acontecendo no mundo: as trag\u00e9dias, a viol\u00eancia, o terrorismo etc&#8221;, destacou.<\/p>\n<p>Falando do cuidado da Casa Comum, o frade refor\u00e7ou que a ora\u00e7\u00e3o \u00e9 mais perfeita quando conseguimos rezar por todas as criaturas, quando conseguimos rezar louvando a Deus pela \u00e1gua, pelo ar, pela terra. &#8220;Ou seja, todas as criaturas que nos cercam s\u00e3o extens\u00e3o de Deus. Tudo para Deus \u00e9 sagrado. Todas as criaturas sa\u00edram Dele&#8221;, completou.<\/p>\n<p><strong>OS TR\u00caS &#8220;FRADINHOS&#8221; DA VILA<\/strong><\/p>\n<p>Para os irm\u00e3os Luiz Henrique, 4 anos, e Guilherme, 6, e o primo Ruan, 8, o dia de S\u00e3o Francisco foi reservado para pagar promessa. E a car\u00e1ter. &#8220;Fiz promessa a S\u00e3o Francisco de Assis porque os tr\u00eas t\u00eam asma. Gra\u00e7as a Deus, eles est\u00e3o praticamente curados e falta pouco para deixarem os rem\u00e9dios&#8221;, contou Aurenita Souza Costa, a av\u00f3 de Luiz e Guilherme e tia de Ruan. &#8220;Eu iria ao Largo S\u00e3o Francisco pagar essa promessa, mas como moro em Santo Amaro, aqui ficou mais perto. N\u00e3o conhecia esta igreja&#8221;, revelou Aurenita, que \u00e9 natural de Itapetinga, na Bahia. &#8220;Sou devota de S\u00e3o Francisco porque minha m\u00e3e mora do lado de uma igreja dedicada a este santo protetor dos animais. Ali cresci e amadureci minha f\u00e9, tendo ele como meu protetor. Tanto que fiz uma promessa tamb\u00e9m para o meu filho &#8211; que \u00e9 pai de Luiz e Guilherme &#8211; quanto ele tinha 4 anos e fomos pag\u00e1-la no Santu\u00e1rio de Bom Jesus da Lapa&#8221;, contou.<\/p>\n<p>Para d\u00aa Aurenita, n\u00e3o h\u00e1 como viver sem f\u00e9. &#8220;Se n\u00e3o tiver f\u00e9, a gente perde a no\u00e7\u00e3o de vida. \u00c9 ela que nos ajuda a lutar, porque as prova\u00e7\u00f5es est\u00e3o a\u00ed&#8221;, disse, completando: &#8220;Eu estou muito feliz pagando esta promessa!&#8221;<\/p>\n<hr \/>\n<p><em>Comunica\u00e7\u00e3o da Prov\u00edncia da Imaculada Concei\u00e7\u00e3o<\/em><\/p>\n","protected":false},"excerpt":{"rendered":"<p>S\u00e3o Francisco de Assis<\/p>\n","protected":false},"author":1,"featured_media":203372,"comment_status":"open","ping_status":"open","sticky":false,"template":"","format":"standard","meta":[],"categories":[1],"tags":[1249],"acf":[],"yoast_head":"<!-- This site is optimized with the Yoast SEO plugin v19.2 - https:\/\/yoast.com\/wordpress\/plugins\/seo\/ -->\n<title>&#039;Todos s\u00e3o chamados a restaurar a Casa do Senhor&#039; - Not\u00edcias - Franciscanos<\/title>\n<meta name=\"robots\" content=\"index, follow, max-snippet:-1, max-image-preview:large, max-video-preview:-1\" \/>\n<link rel=\"canonical\" href=\"https:\/\/franciscanos.org.br\/noticias\/manha-de-fe-e-devocao-franciscana-em-sao-paulo.html\" \/>\n<meta property=\"og:locale\" content=\"pt_BR\" \/>\n<meta property=\"og:type\" content=\"article\" \/>\n<meta property=\"og:title\" content=\"&#039;Todos s\u00e3o chamados a restaurar a Casa do Senhor&#039; - Not\u00edcias - Franciscanos\" \/>\n<meta property=\"og:description\" content=\"S\u00e3o Francisco de Assis\" \/>\n<meta property=\"og:url\" content=\"https:\/\/franciscanos.org.br\/noticias\/manha-de-fe-e-devocao-franciscana-em-sao-paulo.html\" \/>\n<meta property=\"og:site_name\" content=\"Not\u00edcias - Franciscanos\" \/>\n<meta property=\"article:published_time\" content=\"2017-10-04T19:24:21+00:00\" \/>\n<meta property=\"article:modified_time\" content=\"2023-01-10T12:52:00+00:00\" \/>\n<meta property=\"og:image\" content=\"https:\/\/franciscanos.org.br\/noticias\/wp-content\/uploads\/2017\/10\/vila_041017G.jpg\" \/>\n\t<meta property=\"og:image:width\" content=\"273\" \/>\n\t<meta property=\"og:image:height\" content=\"181\" \/>\n\t<meta property=\"og:image:type\" content=\"image\/jpeg\" \/>\n<meta name=\"author\" content=\"admin\" \/>\n<meta name=\"twitter:card\" content=\"summary_large_image\" \/>\n<meta name=\"twitter:label1\" content=\"Escrito por\" \/>\n\t<meta name=\"twitter:data1\" content=\"admin\" \/>\n\t<meta name=\"twitter:label2\" content=\"Est. tempo de leitura\" \/>\n\t<meta name=\"twitter:data2\" content=\"12 minutos\" \/>\n<script type=\"application\/ld+json\" class=\"yoast-schema-graph\">{\"@context\":\"https:\/\/schema.org\",\"@graph\":[{\"@type\":\"WebSite\",\"@id\":\"https:\/\/franciscanos.org.br\/noticias\/#website\",\"url\":\"https:\/\/franciscanos.org.br\/noticias\/\",\"name\":\"Not\u00edcias - Franciscanos\",\"description\":\"Prov\u00edncia Franciscana da Imaculada Concei\u00e7\u00e3o do Brasil - Ordem dos Frades Menores - OFM\",\"potentialAction\":[{\"@type\":\"SearchAction\",\"target\":{\"@type\":\"EntryPoint\",\"urlTemplate\":\"https:\/\/franciscanos.org.br\/noticias\/?s={search_term_string}\"},\"query-input\":\"required name=search_term_string\"}],\"inLanguage\":\"pt-BR\"},{\"@type\":\"ImageObject\",\"inLanguage\":\"pt-BR\",\"@id\":\"https:\/\/franciscanos.org.br\/noticias\/manha-de-fe-e-devocao-franciscana-em-sao-paulo.html#primaryimage\",\"url\":\"https:\/\/franciscanos.org.br\/noticias\/wp-content\/uploads\/2017\/10\/vila_041017G.jpg\",\"contentUrl\":\"https:\/\/franciscanos.org.br\/noticias\/wp-content\/uploads\/2017\/10\/vila_041017G.jpg\",\"width\":273,\"height\":181},{\"@type\":\"WebPage\",\"@id\":\"https:\/\/franciscanos.org.br\/noticias\/manha-de-fe-e-devocao-franciscana-em-sao-paulo.html#webpage\",\"url\":\"https:\/\/franciscanos.org.br\/noticias\/manha-de-fe-e-devocao-franciscana-em-sao-paulo.html\",\"name\":\"'Todos s\u00e3o chamados a restaurar a Casa do Senhor' - Not\u00edcias - Franciscanos\",\"isPartOf\":{\"@id\":\"https:\/\/franciscanos.org.br\/noticias\/#website\"},\"primaryImageOfPage\":{\"@id\":\"https:\/\/franciscanos.org.br\/noticias\/manha-de-fe-e-devocao-franciscana-em-sao-paulo.html#primaryimage\"},\"datePublished\":\"2017-10-04T19:24:21+00:00\",\"dateModified\":\"2023-01-10T12:52:00+00:00\",\"author\":{\"@id\":\"https:\/\/franciscanos.org.br\/noticias\/#\/schema\/person\/b38fbf43118f02820bd932f2e4b14ad3\"},\"breadcrumb\":{\"@id\":\"https:\/\/franciscanos.org.br\/noticias\/manha-de-fe-e-devocao-franciscana-em-sao-paulo.html#breadcrumb\"},\"inLanguage\":\"pt-BR\",\"potentialAction\":[{\"@type\":\"ReadAction\",\"target\":[\"https:\/\/franciscanos.org.br\/noticias\/manha-de-fe-e-devocao-franciscana-em-sao-paulo.html\"]}]},{\"@type\":\"BreadcrumbList\",\"@id\":\"https:\/\/franciscanos.org.br\/noticias\/manha-de-fe-e-devocao-franciscana-em-sao-paulo.html#breadcrumb\",\"itemListElement\":[{\"@type\":\"ListItem\",\"position\":1,\"name\":\"Home\",\"item\":\"https:\/\/franciscanos.org.br\/noticias\"},{\"@type\":\"ListItem\",\"position\":2,\"name\":\"&#8216;Todos s\u00e3o chamados a restaurar a Casa do Senhor&#8217;\"}]},{\"@type\":\"Person\",\"@id\":\"https:\/\/franciscanos.org.br\/noticias\/#\/schema\/person\/b38fbf43118f02820bd932f2e4b14ad3\",\"name\":\"admin\",\"image\":{\"@type\":\"ImageObject\",\"inLanguage\":\"pt-BR\",\"@id\":\"https:\/\/franciscanos.org.br\/noticias\/#\/schema\/person\/image\/\",\"url\":\"https:\/\/secure.gravatar.com\/avatar\/e8495742d34d0ba6448ea1c628263b3e?s=96&d=mm&r=g\",\"contentUrl\":\"https:\/\/secure.gravatar.com\/avatar\/e8495742d34d0ba6448ea1c628263b3e?s=96&d=mm&r=g\",\"caption\":\"admin\"},\"url\":\"https:\/\/franciscanos.org.br\/noticias\/author\/admin\"}]}<\/script>\n<!-- \/ Yoast SEO plugin. -->","yoast_head_json":{"title":"'Todos s\u00e3o chamados a restaurar a Casa do Senhor' - Not\u00edcias - Franciscanos","robots":{"index":"index","follow":"follow","max-snippet":"max-snippet:-1","max-image-preview":"max-image-preview:large","max-video-preview":"max-video-preview:-1"},"canonical":"https:\/\/franciscanos.org.br\/noticias\/manha-de-fe-e-devocao-franciscana-em-sao-paulo.html","og_locale":"pt_BR","og_type":"article","og_title":"'Todos s\u00e3o chamados a restaurar a Casa do Senhor' - Not\u00edcias - Franciscanos","og_description":"S\u00e3o Francisco de Assis","og_url":"https:\/\/franciscanos.org.br\/noticias\/manha-de-fe-e-devocao-franciscana-em-sao-paulo.html","og_site_name":"Not\u00edcias - Franciscanos","article_published_time":"2017-10-04T19:24:21+00:00","article_modified_time":"2023-01-10T12:52:00+00:00","og_image":[{"width":273,"height":181,"url":"https:\/\/franciscanos.org.br\/noticias\/wp-content\/uploads\/2017\/10\/vila_041017G.jpg","type":"image\/jpeg"}],"author":"admin","twitter_card":"summary_large_image","twitter_misc":{"Escrito por":"admin","Est. tempo de leitura":"12 minutos"},"schema":{"@context":"https:\/\/schema.org","@graph":[{"@type":"WebSite","@id":"https:\/\/franciscanos.org.br\/noticias\/#website","url":"https:\/\/franciscanos.org.br\/noticias\/","name":"Not\u00edcias - Franciscanos","description":"Prov\u00edncia Franciscana da Imaculada Concei\u00e7\u00e3o do Brasil - Ordem dos Frades Menores - OFM","potentialAction":[{"@type":"SearchAction","target":{"@type":"EntryPoint","urlTemplate":"https:\/\/franciscanos.org.br\/noticias\/?s={search_term_string}"},"query-input":"required name=search_term_string"}],"inLanguage":"pt-BR"},{"@type":"ImageObject","inLanguage":"pt-BR","@id":"https:\/\/franciscanos.org.br\/noticias\/manha-de-fe-e-devocao-franciscana-em-sao-paulo.html#primaryimage","url":"https:\/\/franciscanos.org.br\/noticias\/wp-content\/uploads\/2017\/10\/vila_041017G.jpg","contentUrl":"https:\/\/franciscanos.org.br\/noticias\/wp-content\/uploads\/2017\/10\/vila_041017G.jpg","width":273,"height":181},{"@type":"WebPage","@id":"https:\/\/franciscanos.org.br\/noticias\/manha-de-fe-e-devocao-franciscana-em-sao-paulo.html#webpage","url":"https:\/\/franciscanos.org.br\/noticias\/manha-de-fe-e-devocao-franciscana-em-sao-paulo.html","name":"'Todos s\u00e3o chamados a restaurar a Casa do Senhor' - Not\u00edcias - Franciscanos","isPartOf":{"@id":"https:\/\/franciscanos.org.br\/noticias\/#website"},"primaryImageOfPage":{"@id":"https:\/\/franciscanos.org.br\/noticias\/manha-de-fe-e-devocao-franciscana-em-sao-paulo.html#primaryimage"},"datePublished":"2017-10-04T19:24:21+00:00","dateModified":"2023-01-10T12:52:00+00:00","author":{"@id":"https:\/\/franciscanos.org.br\/noticias\/#\/schema\/person\/b38fbf43118f02820bd932f2e4b14ad3"},"breadcrumb":{"@id":"https:\/\/franciscanos.org.br\/noticias\/manha-de-fe-e-devocao-franciscana-em-sao-paulo.html#breadcrumb"},"inLanguage":"pt-BR","potentialAction":[{"@type":"ReadAction","target":["https:\/\/franciscanos.org.br\/noticias\/manha-de-fe-e-devocao-franciscana-em-sao-paulo.html"]}]},{"@type":"BreadcrumbList","@id":"https:\/\/franciscanos.org.br\/noticias\/manha-de-fe-e-devocao-franciscana-em-sao-paulo.html#breadcrumb","itemListElement":[{"@type":"ListItem","position":1,"name":"Home","item":"https:\/\/franciscanos.org.br\/noticias"},{"@type":"ListItem","position":2,"name":"&#8216;Todos s\u00e3o chamados a restaurar a Casa do Senhor&#8217;"}]},{"@type":"Person","@id":"https:\/\/franciscanos.org.br\/noticias\/#\/schema\/person\/b38fbf43118f02820bd932f2e4b14ad3","name":"admin","image":{"@type":"ImageObject","inLanguage":"pt-BR","@id":"https:\/\/franciscanos.org.br\/noticias\/#\/schema\/person\/image\/","url":"https:\/\/secure.gravatar.com\/avatar\/e8495742d34d0ba6448ea1c628263b3e?s=96&d=mm&r=g","contentUrl":"https:\/\/secure.gravatar.com\/avatar\/e8495742d34d0ba6448ea1c628263b3e?s=96&d=mm&r=g","caption":"admin"},"url":"https:\/\/franciscanos.org.br\/noticias\/author\/admin"}]}},"_links":{"self":[{"href":"https:\/\/franciscanos.org.br\/noticias\/wp-json\/wp\/v2\/posts\/143121"}],"collection":[{"href":"https:\/\/franciscanos.org.br\/noticias\/wp-json\/wp\/v2\/posts"}],"about":[{"href":"https:\/\/franciscanos.org.br\/noticias\/wp-json\/wp\/v2\/types\/post"}],"author":[{"embeddable":true,"href":"https:\/\/franciscanos.org.br\/noticias\/wp-json\/wp\/v2\/users\/1"}],"replies":[{"embeddable":true,"href":"https:\/\/franciscanos.org.br\/noticias\/wp-json\/wp\/v2\/comments?post=143121"}],"version-history":[{"count":1,"href":"https:\/\/franciscanos.org.br\/noticias\/wp-json\/wp\/v2\/posts\/143121\/revisions"}],"predecessor-version":[{"id":241679,"href":"https:\/\/franciscanos.org.br\/noticias\/wp-json\/wp\/v2\/posts\/143121\/revisions\/241679"}],"wp:featuredmedia":[{"embeddable":true,"href":"https:\/\/franciscanos.org.br\/noticias\/wp-json\/wp\/v2\/media\/203372"}],"wp:attachment":[{"href":"https:\/\/franciscanos.org.br\/noticias\/wp-json\/wp\/v2\/media?parent=143121"}],"wp:term":[{"taxonomy":"category","embeddable":true,"href":"https:\/\/franciscanos.org.br\/noticias\/wp-json\/wp\/v2\/categories?post=143121"},{"taxonomy":"post_tag","embeddable":true,"href":"https:\/\/franciscanos.org.br\/noticias\/wp-json\/wp\/v2\/tags?post=143121"}],"curies":[{"name":"wp","href":"https:\/\/api.w.org\/{rel}","templated":true}]}}