{"id":143112,"date":"2017-10-04T06:59:39","date_gmt":"2017-10-04T09:59:39","guid":{"rendered":"http:\/\/franciscanos.org.br\/?p=143112"},"modified":"2020-06-08T16:57:19","modified_gmt":"2020-06-08T19:57:19","slug":"papa-chama-francisco-de-grande-missionario-de-esperanca","status":"publish","type":"post","link":"https:\/\/franciscanos.org.br\/noticias\/papa-chama-francisco-de-grande-missionario-de-esperanca.html","title":{"rendered":"Papa chama Francisco de \u201cgrande mission\u00e1rio de esperan\u00e7a\u201d"},"content":{"rendered":"<p><img loading=\"lazy\" src=\"http:\/\/franciscanos.org.br\/wp-content\/uploads\/2017\/10\/papa_041017.jpg\" alt=\"papa_041017\" width=\"830\" height=\"437\" \/><\/p>\n<p><strong>Cidade do Vaticano<\/strong> &#8211; O crist\u00e3o \u00e9 um mission\u00e1rio de esperan\u00e7a, n\u00e3o um profeta de desgra\u00e7as, como se tudo tivesse terminado no calv\u00e1rio ou na sepultura. O essencial do seu an\u00fancio &#8211; com os fatos e o testemunho de vida &#8211; \u00e9 Jesus, que depois de morto, ressuscitou na manh\u00e3 de P\u00e1scoa. E &#8220;quem teve a gra\u00e7a de abra\u00e7ar a ressurrei\u00e7\u00e3o de Jesus, pode ainda esperar no inesperado&#8221;.<\/p>\n<p>O Papa Francisco dedicou a sua Catequese da Audi\u00eancia Geral desta quarta-feira ao tema \u201cmission\u00e1rios de esperan\u00e7a hoje\u201d, ressaltando que o fazia com alegria no in\u00edcio deste m\u00eas, que a Igreja dedica \u201cem particular \u00e0 miss\u00e3o\u201d e tamb\u00e9m no dia da Festa de S\u00e3o Francisco de Assis, \u201cum grande mission\u00e1rio de esperan\u00e7a\u201d.<\/p>\n<p>Dirigindo-se aos mais de 15 mil fi\u00e9is presentes na Pra\u00e7a S\u00e3o Pedro, o Papa recordou que os disc\u00edpulos estavam abatidos depois da crucifix\u00e3o e sepultamento de Jesus. Aquela pedra, rolada contra a entrada do sepulcro, p\u00f4s fim a tr\u00eas anos de vida esperan\u00e7osa e entusiasmante na companhia do Mestre vindo de Nazar\u00e9. Parecia o fim de tudo, e alguns j\u00e1 come\u00e7avam a deixar Jerusal\u00e9m para regressar para suas casas.<\/p>\n<p>\u201cMas Jesus ressuscita!\u201d. Este fato inesperado transformou a mente e o cora\u00e7\u00e3o dos disc\u00edpulos, uma transforma\u00e7\u00e3o que ficou completa quando receberam a for\u00e7a do Esp\u00edrito Santo no dia de Pentecostes. \u201cN\u00e3o ter\u00e3o somente uma bela not\u00edcia para levar a todos \u2013 sublinhou o Santo Padre &#8211; mas estar\u00e3o eles mesmos diferentes de antes, como renascidos para uma vida nova\u201d: \u201cComo \u00e9 bonito pensar que se \u00e9 anunciadores da ressurrei\u00e7\u00e3o de Jesus, n\u00e3o somente com palavras, mas com os fatos e com o testemunho de vida! Jesus n\u00e3o quer disc\u00edpulos capazes somente de repetir f\u00f3rmulas aprendidas de mem\u00f3ria. Quer testemunhos: pessoas que propagam esperan\u00e7a com o seu modo de acolher, de sorrir, de amar. Sobretudo de amar: porque a for\u00e7a da ressurrei\u00e7\u00e3o torna os crist\u00e3os capazes de amar mesmo quando o amor parece ter perdido as suas raz\u00f5es\u201d.<\/p>\n<p>Existe um \u201ca mais\u201d que habita a exist\u00eancia crist\u00e3, inexplic\u00e1vel pela simples for\u00e7a de vontade ou por um cego otimismo. \u201cA f\u00e9, a nossa esperan\u00e7a, n\u00e3o \u00e9 somente um otimismo, diz o Papa. \u00c9 outra coisa, \u00e9 algo a mais! \u00c9 como se os crentes fossem pessoas com um \u201cpeda\u00e7o de c\u00e9u a mais\u201d sobre suas cabe\u00e7as. \u00c9 bonito isto, hein! N\u00f3s somos pessoas com um peda\u00e7o de c\u00e9u sobre a cabe\u00e7a, acompanhados de uma presen\u00e7a\u201d, que o mundo sequer consegue intuir: \u201cAssim a tarefa dos crist\u00e3os neste mundo \u00e9 a de abrir espa\u00e7os de salva\u00e7\u00e3o, como c\u00e9lulas de regenera\u00e7\u00e3o capazes de restituir a seiva vital \u00e0quilo que parecia perdido para sempre. Quando o c\u00e9u se apresenta todo nublado, \u00e9 uma b\u00ean\u00e7\u00e3o a pessoa que sabe falar do sol. Por isso, o verdadeiro crist\u00e3o n\u00e3o \u00e9 assim, lamuriento nem mal-humorado, mas convencido, pela for\u00e7a da ressurrei\u00e7\u00e3o, de que nenhum mal \u00e9 infinito, nenhuma noite \u00e9 sem fim, nenhum homem \u00e9 definitivamente errado, nenhum \u00f3dio \u00e9 invenc\u00edvel diante do amor\u201d.<\/p>\n<p>Francisco falou ent\u00e3o do alto pre\u00e7o que os disc\u00edpulos ter\u00e3o que pagar \u201cpor esta esperan\u00e7a dada a eles por Jesus\u201d:<br \/>\n\u201cPensemos aos tantos crist\u00e3os que n\u00e3o abandonaram o seu povo, quando veio o tempo da persegui\u00e7\u00e3o. Ficaram ali, onde havia incerteza sobre o amanh\u00e3, onde n\u00e3o se podia fazer projetos de nenhum tipo, ficaram esperando em Deus. Quem teve a gra\u00e7a de abra\u00e7ar a ressurrei\u00e7\u00e3o de Jesus, pode ainda esperar no inesperado\u201d.<\/p>\n<p>Os m\u00e1rtires de todos os tempos, com a sua fidelidade a Cristo \u2013 observa o Papa \u2013 confirmam que \u201ca injusti\u00e7a n\u00e3o \u00e9 a \u00faltima palavra na vida. Em Cristo ressuscitado, podemos continuar a esperar\u201d: \u201cOs homens e as mulheres que t\u00eam um \u201cporque\u201d viver, resistem mais do que os outros nos tempos de infort\u00fanio. Mas quem tem Cristo ao seu lado, realmente n\u00e3o teme nada. E por isto os crist\u00e3os nunca s\u00e3o homens f\u00e1ceis e acomodados. A brandura deles n\u00e3o deve ser confundida com um sentimento de inseguran\u00e7a e de submiss\u00e3o (\u2026). Ca\u00eddos, se reerguem sempre\u201d.<\/p>\n<p>Este \u00e9 o motivo \u2013 conclui o Papa \u2013 porque o crist\u00e3o \u00e9 um mission\u00e1rio de esperan\u00e7a. \u201cN\u00e3o por m\u00e9rito seu, mas gra\u00e7as a Jesus, o gr\u00e3o de trigo que, ca\u00eddo em terra, morreu e deu muito fruto\u201d.<\/p>\n<hr \/>\n<p><em>Fonte: Vatican News<\/em><\/p>\n","protected":false},"excerpt":{"rendered":"<p>Audi\u00eancia Geral<\/p>\n","protected":false},"author":1,"featured_media":201906,"comment_status":"open","ping_status":"open","sticky":false,"template":"","format":"standard","meta":[],"categories":[1428],"tags":[487],"acf":[],"yoast_head":"<!-- This site is optimized with the Yoast SEO plugin v19.2 - https:\/\/yoast.com\/wordpress\/plugins\/seo\/ -->\n<title>Papa chama Francisco de \u201cgrande mission\u00e1rio de esperan\u00e7a\u201d - Not\u00edcias - Franciscanos<\/title>\n<meta name=\"robots\" content=\"index, follow, max-snippet:-1, max-image-preview:large, max-video-preview:-1\" \/>\n<link rel=\"canonical\" href=\"https:\/\/franciscanos.org.br\/noticias\/papa-chama-francisco-de-grande-missionario-de-esperanca.html\" \/>\n<meta property=\"og:locale\" content=\"pt_BR\" \/>\n<meta property=\"og:type\" content=\"article\" \/>\n<meta property=\"og:title\" content=\"Papa chama Francisco de \u201cgrande mission\u00e1rio de esperan\u00e7a\u201d - Not\u00edcias - Franciscanos\" \/>\n<meta property=\"og:description\" content=\"Audi\u00eancia Geral\" \/>\n<meta property=\"og:url\" content=\"https:\/\/franciscanos.org.br\/noticias\/papa-chama-francisco-de-grande-missionario-de-esperanca.html\" \/>\n<meta property=\"og:site_name\" content=\"Not\u00edcias - Franciscanos\" \/>\n<meta property=\"article:published_time\" content=\"2017-10-04T09:59:39+00:00\" \/>\n<meta property=\"article:modified_time\" content=\"2020-06-08T19:57:19+00:00\" \/>\n<meta property=\"og:image\" content=\"https:\/\/franciscanos.org.br\/noticias\/wp-content\/uploads\/2017\/10\/papa_041017.jpg\" \/>\n\t<meta property=\"og:image:width\" content=\"273\" \/>\n\t<meta property=\"og:image:height\" content=\"181\" \/>\n\t<meta property=\"og:image:type\" content=\"image\/jpeg\" \/>\n<meta name=\"author\" content=\"admin\" \/>\n<meta name=\"twitter:card\" content=\"summary_large_image\" \/>\n<meta name=\"twitter:label1\" content=\"Escrito por\" \/>\n\t<meta name=\"twitter:data1\" content=\"admin\" \/>\n\t<meta name=\"twitter:label2\" content=\"Est. tempo de leitura\" \/>\n\t<meta name=\"twitter:data2\" content=\"4 minutos\" \/>\n<script type=\"application\/ld+json\" class=\"yoast-schema-graph\">{\"@context\":\"https:\/\/schema.org\",\"@graph\":[{\"@type\":\"WebSite\",\"@id\":\"https:\/\/franciscanos.org.br\/noticias\/#website\",\"url\":\"https:\/\/franciscanos.org.br\/noticias\/\",\"name\":\"Not\u00edcias - Franciscanos\",\"description\":\"Prov\u00edncia Franciscana da Imaculada Concei\u00e7\u00e3o do Brasil - Ordem dos Frades Menores - OFM\",\"potentialAction\":[{\"@type\":\"SearchAction\",\"target\":{\"@type\":\"EntryPoint\",\"urlTemplate\":\"https:\/\/franciscanos.org.br\/noticias\/?s={search_term_string}\"},\"query-input\":\"required name=search_term_string\"}],\"inLanguage\":\"pt-BR\"},{\"@type\":\"ImageObject\",\"inLanguage\":\"pt-BR\",\"@id\":\"https:\/\/franciscanos.org.br\/noticias\/papa-chama-francisco-de-grande-missionario-de-esperanca.html#primaryimage\",\"url\":\"https:\/\/franciscanos.org.br\/noticias\/wp-content\/uploads\/2017\/10\/papa_041017.jpg\",\"contentUrl\":\"https:\/\/franciscanos.org.br\/noticias\/wp-content\/uploads\/2017\/10\/papa_041017.jpg\",\"width\":273,\"height\":181},{\"@type\":\"WebPage\",\"@id\":\"https:\/\/franciscanos.org.br\/noticias\/papa-chama-francisco-de-grande-missionario-de-esperanca.html#webpage\",\"url\":\"https:\/\/franciscanos.org.br\/noticias\/papa-chama-francisco-de-grande-missionario-de-esperanca.html\",\"name\":\"Papa chama Francisco de \u201cgrande mission\u00e1rio de esperan\u00e7a\u201d - Not\u00edcias - Franciscanos\",\"isPartOf\":{\"@id\":\"https:\/\/franciscanos.org.br\/noticias\/#website\"},\"primaryImageOfPage\":{\"@id\":\"https:\/\/franciscanos.org.br\/noticias\/papa-chama-francisco-de-grande-missionario-de-esperanca.html#primaryimage\"},\"datePublished\":\"2017-10-04T09:59:39+00:00\",\"dateModified\":\"2020-06-08T19:57:19+00:00\",\"author\":{\"@id\":\"https:\/\/franciscanos.org.br\/noticias\/#\/schema\/person\/b38fbf43118f02820bd932f2e4b14ad3\"},\"breadcrumb\":{\"@id\":\"https:\/\/franciscanos.org.br\/noticias\/papa-chama-francisco-de-grande-missionario-de-esperanca.html#breadcrumb\"},\"inLanguage\":\"pt-BR\",\"potentialAction\":[{\"@type\":\"ReadAction\",\"target\":[\"https:\/\/franciscanos.org.br\/noticias\/papa-chama-francisco-de-grande-missionario-de-esperanca.html\"]}]},{\"@type\":\"BreadcrumbList\",\"@id\":\"https:\/\/franciscanos.org.br\/noticias\/papa-chama-francisco-de-grande-missionario-de-esperanca.html#breadcrumb\",\"itemListElement\":[{\"@type\":\"ListItem\",\"position\":1,\"name\":\"Home\",\"item\":\"https:\/\/franciscanos.org.br\/noticias\"},{\"@type\":\"ListItem\",\"position\":2,\"name\":\"Papa chama Francisco de \u201cgrande mission\u00e1rio de esperan\u00e7a\u201d\"}]},{\"@type\":\"Person\",\"@id\":\"https:\/\/franciscanos.org.br\/noticias\/#\/schema\/person\/b38fbf43118f02820bd932f2e4b14ad3\",\"name\":\"admin\",\"image\":{\"@type\":\"ImageObject\",\"inLanguage\":\"pt-BR\",\"@id\":\"https:\/\/franciscanos.org.br\/noticias\/#\/schema\/person\/image\/\",\"url\":\"https:\/\/secure.gravatar.com\/avatar\/e8495742d34d0ba6448ea1c628263b3e?s=96&d=mm&r=g\",\"contentUrl\":\"https:\/\/secure.gravatar.com\/avatar\/e8495742d34d0ba6448ea1c628263b3e?s=96&d=mm&r=g\",\"caption\":\"admin\"},\"url\":\"https:\/\/franciscanos.org.br\/noticias\/author\/admin\"}]}<\/script>\n<!-- \/ Yoast SEO plugin. -->","yoast_head_json":{"title":"Papa chama Francisco de \u201cgrande mission\u00e1rio de esperan\u00e7a\u201d - Not\u00edcias - Franciscanos","robots":{"index":"index","follow":"follow","max-snippet":"max-snippet:-1","max-image-preview":"max-image-preview:large","max-video-preview":"max-video-preview:-1"},"canonical":"https:\/\/franciscanos.org.br\/noticias\/papa-chama-francisco-de-grande-missionario-de-esperanca.html","og_locale":"pt_BR","og_type":"article","og_title":"Papa chama Francisco de \u201cgrande mission\u00e1rio de esperan\u00e7a\u201d - Not\u00edcias - Franciscanos","og_description":"Audi\u00eancia Geral","og_url":"https:\/\/franciscanos.org.br\/noticias\/papa-chama-francisco-de-grande-missionario-de-esperanca.html","og_site_name":"Not\u00edcias - Franciscanos","article_published_time":"2017-10-04T09:59:39+00:00","article_modified_time":"2020-06-08T19:57:19+00:00","og_image":[{"width":273,"height":181,"url":"https:\/\/franciscanos.org.br\/noticias\/wp-content\/uploads\/2017\/10\/papa_041017.jpg","type":"image\/jpeg"}],"author":"admin","twitter_card":"summary_large_image","twitter_misc":{"Escrito por":"admin","Est. tempo de leitura":"4 minutos"},"schema":{"@context":"https:\/\/schema.org","@graph":[{"@type":"WebSite","@id":"https:\/\/franciscanos.org.br\/noticias\/#website","url":"https:\/\/franciscanos.org.br\/noticias\/","name":"Not\u00edcias - Franciscanos","description":"Prov\u00edncia Franciscana da Imaculada Concei\u00e7\u00e3o do Brasil - Ordem dos Frades Menores - OFM","potentialAction":[{"@type":"SearchAction","target":{"@type":"EntryPoint","urlTemplate":"https:\/\/franciscanos.org.br\/noticias\/?s={search_term_string}"},"query-input":"required name=search_term_string"}],"inLanguage":"pt-BR"},{"@type":"ImageObject","inLanguage":"pt-BR","@id":"https:\/\/franciscanos.org.br\/noticias\/papa-chama-francisco-de-grande-missionario-de-esperanca.html#primaryimage","url":"https:\/\/franciscanos.org.br\/noticias\/wp-content\/uploads\/2017\/10\/papa_041017.jpg","contentUrl":"https:\/\/franciscanos.org.br\/noticias\/wp-content\/uploads\/2017\/10\/papa_041017.jpg","width":273,"height":181},{"@type":"WebPage","@id":"https:\/\/franciscanos.org.br\/noticias\/papa-chama-francisco-de-grande-missionario-de-esperanca.html#webpage","url":"https:\/\/franciscanos.org.br\/noticias\/papa-chama-francisco-de-grande-missionario-de-esperanca.html","name":"Papa chama Francisco de \u201cgrande mission\u00e1rio de esperan\u00e7a\u201d - Not\u00edcias - Franciscanos","isPartOf":{"@id":"https:\/\/franciscanos.org.br\/noticias\/#website"},"primaryImageOfPage":{"@id":"https:\/\/franciscanos.org.br\/noticias\/papa-chama-francisco-de-grande-missionario-de-esperanca.html#primaryimage"},"datePublished":"2017-10-04T09:59:39+00:00","dateModified":"2020-06-08T19:57:19+00:00","author":{"@id":"https:\/\/franciscanos.org.br\/noticias\/#\/schema\/person\/b38fbf43118f02820bd932f2e4b14ad3"},"breadcrumb":{"@id":"https:\/\/franciscanos.org.br\/noticias\/papa-chama-francisco-de-grande-missionario-de-esperanca.html#breadcrumb"},"inLanguage":"pt-BR","potentialAction":[{"@type":"ReadAction","target":["https:\/\/franciscanos.org.br\/noticias\/papa-chama-francisco-de-grande-missionario-de-esperanca.html"]}]},{"@type":"BreadcrumbList","@id":"https:\/\/franciscanos.org.br\/noticias\/papa-chama-francisco-de-grande-missionario-de-esperanca.html#breadcrumb","itemListElement":[{"@type":"ListItem","position":1,"name":"Home","item":"https:\/\/franciscanos.org.br\/noticias"},{"@type":"ListItem","position":2,"name":"Papa chama Francisco de \u201cgrande mission\u00e1rio de esperan\u00e7a\u201d"}]},{"@type":"Person","@id":"https:\/\/franciscanos.org.br\/noticias\/#\/schema\/person\/b38fbf43118f02820bd932f2e4b14ad3","name":"admin","image":{"@type":"ImageObject","inLanguage":"pt-BR","@id":"https:\/\/franciscanos.org.br\/noticias\/#\/schema\/person\/image\/","url":"https:\/\/secure.gravatar.com\/avatar\/e8495742d34d0ba6448ea1c628263b3e?s=96&d=mm&r=g","contentUrl":"https:\/\/secure.gravatar.com\/avatar\/e8495742d34d0ba6448ea1c628263b3e?s=96&d=mm&r=g","caption":"admin"},"url":"https:\/\/franciscanos.org.br\/noticias\/author\/admin"}]}},"_links":{"self":[{"href":"https:\/\/franciscanos.org.br\/noticias\/wp-json\/wp\/v2\/posts\/143112"}],"collection":[{"href":"https:\/\/franciscanos.org.br\/noticias\/wp-json\/wp\/v2\/posts"}],"about":[{"href":"https:\/\/franciscanos.org.br\/noticias\/wp-json\/wp\/v2\/types\/post"}],"author":[{"embeddable":true,"href":"https:\/\/franciscanos.org.br\/noticias\/wp-json\/wp\/v2\/users\/1"}],"replies":[{"embeddable":true,"href":"https:\/\/franciscanos.org.br\/noticias\/wp-json\/wp\/v2\/comments?post=143112"}],"version-history":[{"count":1,"href":"https:\/\/franciscanos.org.br\/noticias\/wp-json\/wp\/v2\/posts\/143112\/revisions"}],"predecessor-version":[{"id":225228,"href":"https:\/\/franciscanos.org.br\/noticias\/wp-json\/wp\/v2\/posts\/143112\/revisions\/225228"}],"wp:featuredmedia":[{"embeddable":true,"href":"https:\/\/franciscanos.org.br\/noticias\/wp-json\/wp\/v2\/media\/201906"}],"wp:attachment":[{"href":"https:\/\/franciscanos.org.br\/noticias\/wp-json\/wp\/v2\/media?parent=143112"}],"wp:term":[{"taxonomy":"category","embeddable":true,"href":"https:\/\/franciscanos.org.br\/noticias\/wp-json\/wp\/v2\/categories?post=143112"},{"taxonomy":"post_tag","embeddable":true,"href":"https:\/\/franciscanos.org.br\/noticias\/wp-json\/wp\/v2\/tags?post=143112"}],"curies":[{"name":"wp","href":"https:\/\/api.w.org\/{rel}","templated":true}]}}