{"id":143071,"date":"2017-10-03T14:15:09","date_gmt":"2017-10-03T17:15:09","guid":{"rendered":"http:\/\/franciscanos.org.br\/?p=143071"},"modified":"2020-06-08T16:57:55","modified_gmt":"2020-06-08T19:57:55","slug":"alegria-e-gratidao-marcam-o-jubileu-de-ouro-em-nilopolis","status":"publish","type":"post","link":"https:\/\/franciscanos.org.br\/noticias\/alegria-e-gratidao-marcam-o-jubileu-de-ouro-em-nilopolis.html","title":{"rendered":"Alegria e gratid\u00e3o marcam o Jubileu de Ouro em Nil\u00f3polis"},"content":{"rendered":"<p><img loading=\"lazy\" src=\"http:\/\/franciscanos.org.br\/wp-content\/uploads\/2017\/10\/ofs_031017.jpg\" alt=\"ofs_031017\" width=\"830\" height=\"360\" \/><\/p>\n<p><strong>Nil\u00f3polis (RJ) &#8211;<\/strong> O domingo foi de A\u00e7\u00e3o de Gra\u00e7as e de muita festa para celebrar o Jubileu de Ouro da Fraternidade Franciscana Secular Nossa Senhora Aparecida, de Nil\u00f3polis, Baixada Fluminense (RJ). O sentimento de alegria e de gratid\u00e3o deram a t\u00f4nica da celebra\u00e7\u00e3o que reuniu os irm\u00e3os da fraternidade local e de outras fraternidades do Regional Sudeste 2, Ordem Franciscana Secular (OFS), al\u00e9m dos paroquianos que lotaram a Par\u00f3quia Nossa Senhora para prestigiar a celebra\u00e7\u00e3o jubilar.<\/p>\n<p>O Jubileu de Ouro da fraternidade \u00e9 muito especial, pois coincide com o Ano Mariano, concedido pela Papa Francisco \u00e0 Igreja do Brasil.\u00a0Antes da homilia, Frei Walter Ferreira J\u00fanior convidou o irm\u00e3o Jefferson Machado dos Santos para testemunhar um pouco da sua vida em fraternidade. Para ele, celebrar os cinquenta anos \u00e9 uma d\u00e1diva e um momento de gratid\u00e3o pelo dom da vida e da voca\u00e7\u00e3o franciscana de muitos irm\u00e3os e irm\u00e3s que ajudaram a escrever com suas vidas muitas p\u00e1ginas hist\u00f3ria da Par\u00f3quia Nossa Senhora Aparecida. Segundo Jefferson, a presen\u00e7a fraterna e simples dos franciscanos seculares junto ao povo e nas fam\u00edlias revela o frescor e o vigor do carisma franciscano que anima a grande fam\u00edlia franciscana a seguir e testemunhar o Santo Evangelho a exemplo de Francisco e Clara de Assis.<\/p>\n<p>O amor incondicional a Deus e a perfei\u00e7\u00e3o no seguimento do Evangelho fizeram de S\u00e3o Francisco um Cristo redivivo, evangelicamente perfeito e universal, tornando-o uma refer\u00eancia n\u00e3o s\u00f3 entre os cat\u00f3licos, mas para homens e mulheres de diversas religi\u00f5es que nele reconhecem um modelo de vida. O amor alegre e misericordioso presente em seu cora\u00e7\u00e3o e na vida em fraternidade, sobretudo, entre os leprosos de sua \u00e9poca, foi amadurecido na identidade que construiu com o crucificado.<\/p>\n<p>Por \u00faltimo, Jefferson Machado fez mem\u00f3ria dos irm\u00e3os falecidos que precederam os demais na f\u00e9 e na viv\u00eancia do carisma franciscano e pelo apoio e reconhecimento de toda a comunidade paroquial ao trabalho realizados pelos frades e pelos franciscanos seculares que nestes 50 anos sempre buscaram levar a paz e o bem \u00e0s fam\u00edlias e ao povo de Nil\u00f3polis.<\/p>\n<p>Em sua homilia, Frei Walter ressaltou a import\u00e2ncia da presen\u00e7a franciscana secular na par\u00f3quia, destacando que a OFS foi criada por S\u00e3o Francisco para atender o desejo dos casais contempor\u00e2neos ao santo que estavam comprometidos com v\u00ednculos familiares e profissionais, mas que tinham o forte aspira\u00e7\u00e3o de segui-lo.\u00a0O frade afirmou que a voca\u00e7\u00e3o franciscana \u00e9 vivida no mundo, no qual os franciscanos seculares levam com simplicidade, a mensagem de paz e bem \u00e0s fam\u00edlias e a toda sociedade, em especial junto aos pequenos e pobres.<\/p>\n<p>Frei Walter destacou por \u00faltimo que o testemunho de Francisco era alegre, simples, vibrante e que por isso, todos desejavam segui-lo. S\u00e3o Francisco inspirou as fam\u00edlias a seguirem seu exemplo de vida evang\u00e9lica na simplicidade, na paz, na caridade e na piedade crist\u00e3, o que motivou o santo a criar a Ordem Franciscana Secular.<\/p>\n<p>No momento de a\u00e7\u00e3o de gra\u00e7as, jovens da Jufra apresentaram uma coreografia para a m\u00fasica &#8220;Cristo quero ser instrumento&#8221;, do saudoso Frei Fabretti. Ap\u00f3s a tradicional b\u00ean\u00e7\u00e3o de S\u00e3o Francisco e o encerramento da Santa Missa, a fraternidade brindou a todos como uma singela recep\u00e7\u00e3o que reuniu os irm\u00e3os da fraternidade local, convidados e paroquianos que se confraternizaram com singeleza e alegria de cora\u00e7\u00e3o.<\/p>\n<p>Louvemos e bendizemos o Senhor que entre n\u00f3s faz maravilhas!<\/p>\n","protected":false},"excerpt":{"rendered":"<p>OFS<\/p>\n","protected":false},"author":1,"featured_media":203350,"comment_status":"open","ping_status":"open","sticky":false,"template":"","format":"standard","meta":[],"categories":[1],"tags":[60],"acf":[],"yoast_head":"<!-- This site is optimized with the Yoast SEO plugin v19.2 - https:\/\/yoast.com\/wordpress\/plugins\/seo\/ -->\n<title>Alegria e gratid\u00e3o marcam o Jubileu de Ouro em Nil\u00f3polis - Not\u00edcias - Franciscanos<\/title>\n<meta name=\"robots\" content=\"index, follow, max-snippet:-1, max-image-preview:large, max-video-preview:-1\" \/>\n<link rel=\"canonical\" href=\"https:\/\/franciscanos.org.br\/noticias\/alegria-e-gratidao-marcam-o-jubileu-de-ouro-em-nilopolis.html\" \/>\n<meta property=\"og:locale\" content=\"pt_BR\" \/>\n<meta property=\"og:type\" content=\"article\" \/>\n<meta property=\"og:title\" content=\"Alegria e gratid\u00e3o marcam o Jubileu de Ouro em Nil\u00f3polis - Not\u00edcias - Franciscanos\" \/>\n<meta property=\"og:description\" content=\"OFS\" \/>\n<meta property=\"og:url\" content=\"https:\/\/franciscanos.org.br\/noticias\/alegria-e-gratidao-marcam-o-jubileu-de-ouro-em-nilopolis.html\" \/>\n<meta property=\"og:site_name\" content=\"Not\u00edcias - Franciscanos\" \/>\n<meta property=\"article:published_time\" content=\"2017-10-03T17:15:09+00:00\" \/>\n<meta property=\"article:modified_time\" content=\"2020-06-08T19:57:55+00:00\" \/>\n<meta property=\"og:image\" content=\"https:\/\/franciscanos.org.br\/noticias\/wp-content\/uploads\/2017\/10\/ofs_031017.jpg\" \/>\n\t<meta property=\"og:image:width\" content=\"273\" \/>\n\t<meta property=\"og:image:height\" content=\"181\" \/>\n\t<meta property=\"og:image:type\" content=\"image\/jpeg\" \/>\n<meta name=\"author\" content=\"admin\" \/>\n<meta name=\"twitter:card\" content=\"summary_large_image\" \/>\n<meta name=\"twitter:label1\" content=\"Escrito por\" \/>\n\t<meta name=\"twitter:data1\" content=\"admin\" \/>\n\t<meta name=\"twitter:label2\" content=\"Est. tempo de leitura\" \/>\n\t<meta name=\"twitter:data2\" content=\"3 minutos\" \/>\n<script type=\"application\/ld+json\" class=\"yoast-schema-graph\">{\"@context\":\"https:\/\/schema.org\",\"@graph\":[{\"@type\":\"WebSite\",\"@id\":\"https:\/\/franciscanos.org.br\/noticias\/#website\",\"url\":\"https:\/\/franciscanos.org.br\/noticias\/\",\"name\":\"Not\u00edcias - Franciscanos\",\"description\":\"Prov\u00edncia Franciscana da Imaculada Concei\u00e7\u00e3o do Brasil - Ordem dos Frades Menores - OFM\",\"potentialAction\":[{\"@type\":\"SearchAction\",\"target\":{\"@type\":\"EntryPoint\",\"urlTemplate\":\"https:\/\/franciscanos.org.br\/noticias\/?s={search_term_string}\"},\"query-input\":\"required name=search_term_string\"}],\"inLanguage\":\"pt-BR\"},{\"@type\":\"ImageObject\",\"inLanguage\":\"pt-BR\",\"@id\":\"https:\/\/franciscanos.org.br\/noticias\/alegria-e-gratidao-marcam-o-jubileu-de-ouro-em-nilopolis.html#primaryimage\",\"url\":\"https:\/\/franciscanos.org.br\/noticias\/wp-content\/uploads\/2017\/10\/ofs_031017.jpg\",\"contentUrl\":\"https:\/\/franciscanos.org.br\/noticias\/wp-content\/uploads\/2017\/10\/ofs_031017.jpg\",\"width\":273,\"height\":181},{\"@type\":\"WebPage\",\"@id\":\"https:\/\/franciscanos.org.br\/noticias\/alegria-e-gratidao-marcam-o-jubileu-de-ouro-em-nilopolis.html#webpage\",\"url\":\"https:\/\/franciscanos.org.br\/noticias\/alegria-e-gratidao-marcam-o-jubileu-de-ouro-em-nilopolis.html\",\"name\":\"Alegria e gratid\u00e3o marcam o Jubileu de Ouro em Nil\u00f3polis - Not\u00edcias - Franciscanos\",\"isPartOf\":{\"@id\":\"https:\/\/franciscanos.org.br\/noticias\/#website\"},\"primaryImageOfPage\":{\"@id\":\"https:\/\/franciscanos.org.br\/noticias\/alegria-e-gratidao-marcam-o-jubileu-de-ouro-em-nilopolis.html#primaryimage\"},\"datePublished\":\"2017-10-03T17:15:09+00:00\",\"dateModified\":\"2020-06-08T19:57:55+00:00\",\"author\":{\"@id\":\"https:\/\/franciscanos.org.br\/noticias\/#\/schema\/person\/b38fbf43118f02820bd932f2e4b14ad3\"},\"breadcrumb\":{\"@id\":\"https:\/\/franciscanos.org.br\/noticias\/alegria-e-gratidao-marcam-o-jubileu-de-ouro-em-nilopolis.html#breadcrumb\"},\"inLanguage\":\"pt-BR\",\"potentialAction\":[{\"@type\":\"ReadAction\",\"target\":[\"https:\/\/franciscanos.org.br\/noticias\/alegria-e-gratidao-marcam-o-jubileu-de-ouro-em-nilopolis.html\"]}]},{\"@type\":\"BreadcrumbList\",\"@id\":\"https:\/\/franciscanos.org.br\/noticias\/alegria-e-gratidao-marcam-o-jubileu-de-ouro-em-nilopolis.html#breadcrumb\",\"itemListElement\":[{\"@type\":\"ListItem\",\"position\":1,\"name\":\"Home\",\"item\":\"https:\/\/franciscanos.org.br\/noticias\"},{\"@type\":\"ListItem\",\"position\":2,\"name\":\"Alegria e gratid\u00e3o marcam o Jubileu de Ouro em Nil\u00f3polis\"}]},{\"@type\":\"Person\",\"@id\":\"https:\/\/franciscanos.org.br\/noticias\/#\/schema\/person\/b38fbf43118f02820bd932f2e4b14ad3\",\"name\":\"admin\",\"image\":{\"@type\":\"ImageObject\",\"inLanguage\":\"pt-BR\",\"@id\":\"https:\/\/franciscanos.org.br\/noticias\/#\/schema\/person\/image\/\",\"url\":\"https:\/\/secure.gravatar.com\/avatar\/e8495742d34d0ba6448ea1c628263b3e?s=96&d=mm&r=g\",\"contentUrl\":\"https:\/\/secure.gravatar.com\/avatar\/e8495742d34d0ba6448ea1c628263b3e?s=96&d=mm&r=g\",\"caption\":\"admin\"},\"url\":\"https:\/\/franciscanos.org.br\/noticias\/author\/admin\"}]}<\/script>\n<!-- \/ Yoast SEO plugin. -->","yoast_head_json":{"title":"Alegria e gratid\u00e3o marcam o Jubileu de Ouro em Nil\u00f3polis - Not\u00edcias - Franciscanos","robots":{"index":"index","follow":"follow","max-snippet":"max-snippet:-1","max-image-preview":"max-image-preview:large","max-video-preview":"max-video-preview:-1"},"canonical":"https:\/\/franciscanos.org.br\/noticias\/alegria-e-gratidao-marcam-o-jubileu-de-ouro-em-nilopolis.html","og_locale":"pt_BR","og_type":"article","og_title":"Alegria e gratid\u00e3o marcam o Jubileu de Ouro em Nil\u00f3polis - Not\u00edcias - Franciscanos","og_description":"OFS","og_url":"https:\/\/franciscanos.org.br\/noticias\/alegria-e-gratidao-marcam-o-jubileu-de-ouro-em-nilopolis.html","og_site_name":"Not\u00edcias - Franciscanos","article_published_time":"2017-10-03T17:15:09+00:00","article_modified_time":"2020-06-08T19:57:55+00:00","og_image":[{"width":273,"height":181,"url":"https:\/\/franciscanos.org.br\/noticias\/wp-content\/uploads\/2017\/10\/ofs_031017.jpg","type":"image\/jpeg"}],"author":"admin","twitter_card":"summary_large_image","twitter_misc":{"Escrito por":"admin","Est. tempo de leitura":"3 minutos"},"schema":{"@context":"https:\/\/schema.org","@graph":[{"@type":"WebSite","@id":"https:\/\/franciscanos.org.br\/noticias\/#website","url":"https:\/\/franciscanos.org.br\/noticias\/","name":"Not\u00edcias - Franciscanos","description":"Prov\u00edncia Franciscana da Imaculada Concei\u00e7\u00e3o do Brasil - Ordem dos Frades Menores - OFM","potentialAction":[{"@type":"SearchAction","target":{"@type":"EntryPoint","urlTemplate":"https:\/\/franciscanos.org.br\/noticias\/?s={search_term_string}"},"query-input":"required name=search_term_string"}],"inLanguage":"pt-BR"},{"@type":"ImageObject","inLanguage":"pt-BR","@id":"https:\/\/franciscanos.org.br\/noticias\/alegria-e-gratidao-marcam-o-jubileu-de-ouro-em-nilopolis.html#primaryimage","url":"https:\/\/franciscanos.org.br\/noticias\/wp-content\/uploads\/2017\/10\/ofs_031017.jpg","contentUrl":"https:\/\/franciscanos.org.br\/noticias\/wp-content\/uploads\/2017\/10\/ofs_031017.jpg","width":273,"height":181},{"@type":"WebPage","@id":"https:\/\/franciscanos.org.br\/noticias\/alegria-e-gratidao-marcam-o-jubileu-de-ouro-em-nilopolis.html#webpage","url":"https:\/\/franciscanos.org.br\/noticias\/alegria-e-gratidao-marcam-o-jubileu-de-ouro-em-nilopolis.html","name":"Alegria e gratid\u00e3o marcam o Jubileu de Ouro em Nil\u00f3polis - Not\u00edcias - Franciscanos","isPartOf":{"@id":"https:\/\/franciscanos.org.br\/noticias\/#website"},"primaryImageOfPage":{"@id":"https:\/\/franciscanos.org.br\/noticias\/alegria-e-gratidao-marcam-o-jubileu-de-ouro-em-nilopolis.html#primaryimage"},"datePublished":"2017-10-03T17:15:09+00:00","dateModified":"2020-06-08T19:57:55+00:00","author":{"@id":"https:\/\/franciscanos.org.br\/noticias\/#\/schema\/person\/b38fbf43118f02820bd932f2e4b14ad3"},"breadcrumb":{"@id":"https:\/\/franciscanos.org.br\/noticias\/alegria-e-gratidao-marcam-o-jubileu-de-ouro-em-nilopolis.html#breadcrumb"},"inLanguage":"pt-BR","potentialAction":[{"@type":"ReadAction","target":["https:\/\/franciscanos.org.br\/noticias\/alegria-e-gratidao-marcam-o-jubileu-de-ouro-em-nilopolis.html"]}]},{"@type":"BreadcrumbList","@id":"https:\/\/franciscanos.org.br\/noticias\/alegria-e-gratidao-marcam-o-jubileu-de-ouro-em-nilopolis.html#breadcrumb","itemListElement":[{"@type":"ListItem","position":1,"name":"Home","item":"https:\/\/franciscanos.org.br\/noticias"},{"@type":"ListItem","position":2,"name":"Alegria e gratid\u00e3o marcam o Jubileu de Ouro em Nil\u00f3polis"}]},{"@type":"Person","@id":"https:\/\/franciscanos.org.br\/noticias\/#\/schema\/person\/b38fbf43118f02820bd932f2e4b14ad3","name":"admin","image":{"@type":"ImageObject","inLanguage":"pt-BR","@id":"https:\/\/franciscanos.org.br\/noticias\/#\/schema\/person\/image\/","url":"https:\/\/secure.gravatar.com\/avatar\/e8495742d34d0ba6448ea1c628263b3e?s=96&d=mm&r=g","contentUrl":"https:\/\/secure.gravatar.com\/avatar\/e8495742d34d0ba6448ea1c628263b3e?s=96&d=mm&r=g","caption":"admin"},"url":"https:\/\/franciscanos.org.br\/noticias\/author\/admin"}]}},"_links":{"self":[{"href":"https:\/\/franciscanos.org.br\/noticias\/wp-json\/wp\/v2\/posts\/143071"}],"collection":[{"href":"https:\/\/franciscanos.org.br\/noticias\/wp-json\/wp\/v2\/posts"}],"about":[{"href":"https:\/\/franciscanos.org.br\/noticias\/wp-json\/wp\/v2\/types\/post"}],"author":[{"embeddable":true,"href":"https:\/\/franciscanos.org.br\/noticias\/wp-json\/wp\/v2\/users\/1"}],"replies":[{"embeddable":true,"href":"https:\/\/franciscanos.org.br\/noticias\/wp-json\/wp\/v2\/comments?post=143071"}],"version-history":[{"count":1,"href":"https:\/\/franciscanos.org.br\/noticias\/wp-json\/wp\/v2\/posts\/143071\/revisions"}],"predecessor-version":[{"id":225229,"href":"https:\/\/franciscanos.org.br\/noticias\/wp-json\/wp\/v2\/posts\/143071\/revisions\/225229"}],"wp:featuredmedia":[{"embeddable":true,"href":"https:\/\/franciscanos.org.br\/noticias\/wp-json\/wp\/v2\/media\/203350"}],"wp:attachment":[{"href":"https:\/\/franciscanos.org.br\/noticias\/wp-json\/wp\/v2\/media?parent=143071"}],"wp:term":[{"taxonomy":"category","embeddable":true,"href":"https:\/\/franciscanos.org.br\/noticias\/wp-json\/wp\/v2\/categories?post=143071"},{"taxonomy":"post_tag","embeddable":true,"href":"https:\/\/franciscanos.org.br\/noticias\/wp-json\/wp\/v2\/tags?post=143071"}],"curies":[{"name":"wp","href":"https:\/\/api.w.org\/{rel}","templated":true}]}}