{"id":143018,"date":"2017-10-03T11:21:30","date_gmt":"2017-10-03T14:21:30","guid":{"rendered":"http:\/\/franciscanos.org.br\/?p=143018"},"modified":"2019-04-24T11:38:55","modified_gmt":"2019-04-24T14:38:55","slug":"vocacionados-se-encontram-no-convento-do-rio","status":"publish","type":"post","link":"https:\/\/franciscanos.org.br\/noticias\/vocacionados-se-encontram-no-convento-do-rio.html","title":{"rendered":"Vocacionados se encontram no Convento do Rio"},"content":{"rendered":"<p><img loading=\"lazy\" src=\"http:\/\/franciscanos.org.br\/wp-content\/uploads\/2017\/10\/sav_031017.jpg\" alt=\"sav_031017\" width=\"830\" height=\"394\" \/><\/p>\n<p>Os vocacionados do Servi\u00e7o de Anima\u00e7\u00e3o do Rio de Janeiro tiveram, no \u00faltimo final de semana, mais uma oportunidade de vivenciar a vida religiosa franciscana em dois momentos: miss\u00e3o, tr\u00edduo e ordena\u00e7\u00e3o sacerdotal de Frei Alan Maia, e no encontro mensal no Convento Santo Ant\u00f4nio. Frei R\u00f3ger Brunorio e Frei Alan s\u00e3o os animadores vocacionais e este servi\u00e7o promove atividades cujo objetivo \u00e9 dar ao vocacionado a oportunidade de conhecer a vida religiosa franciscana. Sendo assim, o vocacionado, por meio da forma\u00e7\u00e3o pessoal e comunit\u00e1ria, poder\u00e1 fazer o seu discernimento vocacional, bem como experimentar a vida fraterna, conhecer a diversidade de atividades pastorais e os variados modos da presen\u00e7a dos Frades Menores na evangeliza\u00e7\u00e3o. O encontro teve a participa\u00e7\u00e3o do mission\u00e1rio Frei Alo\u00edsio Paulo dos Santos, que falou da miss\u00e3o em Angola, de Frei Jos\u00e9 Pereira, que \u00e9 o guardi\u00e3o do Convento do Rio, e Frei Ant\u00f4nio Ot\u00e1vio Pereira, ou Frei Tat\u00e1, frade do Convento.<\/p>\n<p>&#8220;A experi\u00eancia que tive na ordena\u00e7\u00e3o do Frei Alan foi transcendental. De fato, seria imposs\u00edvel sair da Celebra\u00e7\u00e3o Eucar\u00edstica da mesma forma que cheguei. Como vocacionado franciscano n\u00e3o poderia ter tido outro sentimento sen\u00e3o o de confian\u00e7a no Senhor que nos chama para o servi\u00e7o&#8221;, disse o vocacionado Paulo Andr\u00e9.<\/p>\n<p>J\u00e1 Matheus, estudante de Hist\u00f3ria e iniciando a sua caminhada vocacional, participou pela primeira vez do encontro: &#8220;Foi um momento de forma\u00e7\u00e3o, partilha e ora\u00e7\u00e3o, onde foram apresentadas as diversas formas de ser franciscano e a necessidade da fraternidade, humildade e servi\u00e7o ao pr\u00f3ximo no seguimento de Cristo, a exemplo de Francisco e Clara. Partilhamos textos que nos fazem refletir sobre a nossa vida e nossa voca\u00e7\u00e3o\u201d.<\/p>\n<p><img loading=\"lazy\" src=\"http:\/\/franciscanos.org.br\/wp-content\/uploads\/2017\/10\/sav_031017_2.jpg\" alt=\"sav_031017_2\" width=\"830\" height=\"673\" \/><\/p>\n<p>\u201cFoi tocante ver a uni\u00e3o dos frades ao celebrarem o ingresso de mais um sacerdote \u00e0 Ordem dos Presb\u00edteros, tendo a presid\u00eancia de D. Orani Tempesta, cardeal da cidade do Rio. A simplicidade da celebra\u00e7\u00e3o desta grandeza espiritual e a humildade e despojamento de Frei Alan, que, j\u00e1 sendo sacerdote, pediu ora\u00e7\u00f5es para seu presbiterato e, quando necess\u00e1rio, de corrigi-lo foram momentos que, al\u00e9m de marcarem profundamente, contribu\u00edram ainda mais para a edifica\u00e7\u00e3o da minha caminhada vocacional\u201d, confessou Raphael.<\/p>\n<p>Para o Igor, a participa\u00e7\u00e3o na miss\u00e3o que preparou a ordena\u00e7\u00e3o de Frei Alan \u00e9 um divisor de \u00e1guas &#8220;em meu caminho de discernimento onde pude ter mais conhecimento da viv\u00eancia em fraternidade e o seu modo de vida. Com essa participa\u00e7\u00e3o, pude ter a sensibilidade de notar o qu\u00e3o o nosso povo \u00e9 necessitado de pessoas que levem at\u00e9 eles o evangelho, um abra\u00e7o, um pequeno momento de conforto. Nos dias de visitas as casas, ficou n\u00edtida tamb\u00e9m a f\u00e9 do povo, uma f\u00e9 calorosa, uma f\u00e9 que apesar de todas as situa\u00e7\u00f5es e limita\u00e7\u00f5es n\u00e3o se deixava abalar, lembrando-me das igrejas primitivas, onde o povo se reunia em locais adversos para louvar e agradecer a Deus e cumprindo-se a ordem que o Senhor nos deixou para irmos de dois a dois e anunciarmos a todos a alegria do evangelho&#8221;.<\/p>\n<p>O vocacionado Luan tamb\u00e9m revelou que foram dois momentos muito motivadores. &#8220;Na reflex\u00e3o do encontro tivemos um texto provocativo &#8211; &#8216;demolir os \u00eddolos&#8217; -, que nos ajuda a voltarmos o nosso olhar para aquilo que \u00e9 sagrado\u201d, completou.<\/p>\n<p>Os encontros s\u00e3o mensais e acontecem na Igreja Nossa Senhora da Boa Viagem, na Rocinha, e no Convento Santo Ant\u00f4nio, no Largo da Carioca.<\/p>\n<blockquote><p><em>Equipe de Anima\u00e7\u00e3o Vocacional do Rio<\/em><\/p><\/blockquote>\n","protected":false},"excerpt":{"rendered":"<p>SAV-RJ<\/p>\n","protected":false},"author":1,"featured_media":203270,"comment_status":"open","ping_status":"open","sticky":false,"template":"","format":"standard","meta":[],"categories":[1],"tags":[552],"acf":[],"yoast_head":"<!-- This site is optimized with the Yoast SEO plugin v19.2 - https:\/\/yoast.com\/wordpress\/plugins\/seo\/ -->\n<title>Vocacionados se encontram no Convento do Rio - Not\u00edcias - Franciscanos<\/title>\n<meta name=\"robots\" content=\"index, follow, max-snippet:-1, max-image-preview:large, max-video-preview:-1\" \/>\n<link rel=\"canonical\" href=\"https:\/\/franciscanos.org.br\/noticias\/vocacionados-se-encontram-no-convento-do-rio.html\" \/>\n<meta property=\"og:locale\" content=\"pt_BR\" \/>\n<meta property=\"og:type\" content=\"article\" \/>\n<meta property=\"og:title\" content=\"Vocacionados se encontram no Convento do Rio - Not\u00edcias - Franciscanos\" \/>\n<meta property=\"og:description\" content=\"SAV-RJ\" \/>\n<meta property=\"og:url\" content=\"https:\/\/franciscanos.org.br\/noticias\/vocacionados-se-encontram-no-convento-do-rio.html\" \/>\n<meta property=\"og:site_name\" content=\"Not\u00edcias - Franciscanos\" \/>\n<meta property=\"article:published_time\" content=\"2017-10-03T14:21:30+00:00\" \/>\n<meta property=\"article:modified_time\" content=\"2019-04-24T14:38:55+00:00\" \/>\n<meta property=\"og:image\" content=\"https:\/\/franciscanos.org.br\/noticias\/wp-content\/uploads\/2017\/10\/sav_031017.jpg\" \/>\n\t<meta property=\"og:image:width\" content=\"273\" \/>\n\t<meta property=\"og:image:height\" content=\"181\" \/>\n\t<meta property=\"og:image:type\" content=\"image\/jpeg\" \/>\n<meta name=\"author\" content=\"admin\" \/>\n<meta name=\"twitter:card\" content=\"summary_large_image\" \/>\n<meta name=\"twitter:label1\" content=\"Escrito por\" \/>\n\t<meta name=\"twitter:data1\" content=\"admin\" \/>\n\t<meta name=\"twitter:label2\" content=\"Est. tempo de leitura\" \/>\n\t<meta name=\"twitter:data2\" content=\"3 minutos\" \/>\n<script type=\"application\/ld+json\" class=\"yoast-schema-graph\">{\"@context\":\"https:\/\/schema.org\",\"@graph\":[{\"@type\":\"WebSite\",\"@id\":\"https:\/\/franciscanos.org.br\/noticias\/#website\",\"url\":\"https:\/\/franciscanos.org.br\/noticias\/\",\"name\":\"Not\u00edcias - Franciscanos\",\"description\":\"Prov\u00edncia Franciscana da Imaculada Concei\u00e7\u00e3o do Brasil - Ordem dos Frades Menores - OFM\",\"potentialAction\":[{\"@type\":\"SearchAction\",\"target\":{\"@type\":\"EntryPoint\",\"urlTemplate\":\"https:\/\/franciscanos.org.br\/noticias\/?s={search_term_string}\"},\"query-input\":\"required name=search_term_string\"}],\"inLanguage\":\"pt-BR\"},{\"@type\":\"ImageObject\",\"inLanguage\":\"pt-BR\",\"@id\":\"https:\/\/franciscanos.org.br\/noticias\/vocacionados-se-encontram-no-convento-do-rio.html#primaryimage\",\"url\":\"https:\/\/franciscanos.org.br\/noticias\/wp-content\/uploads\/2017\/10\/sav_031017.jpg\",\"contentUrl\":\"https:\/\/franciscanos.org.br\/noticias\/wp-content\/uploads\/2017\/10\/sav_031017.jpg\",\"width\":273,\"height\":181},{\"@type\":\"WebPage\",\"@id\":\"https:\/\/franciscanos.org.br\/noticias\/vocacionados-se-encontram-no-convento-do-rio.html#webpage\",\"url\":\"https:\/\/franciscanos.org.br\/noticias\/vocacionados-se-encontram-no-convento-do-rio.html\",\"name\":\"Vocacionados se encontram no Convento do Rio - Not\u00edcias - Franciscanos\",\"isPartOf\":{\"@id\":\"https:\/\/franciscanos.org.br\/noticias\/#website\"},\"primaryImageOfPage\":{\"@id\":\"https:\/\/franciscanos.org.br\/noticias\/vocacionados-se-encontram-no-convento-do-rio.html#primaryimage\"},\"datePublished\":\"2017-10-03T14:21:30+00:00\",\"dateModified\":\"2019-04-24T14:38:55+00:00\",\"author\":{\"@id\":\"https:\/\/franciscanos.org.br\/noticias\/#\/schema\/person\/b38fbf43118f02820bd932f2e4b14ad3\"},\"breadcrumb\":{\"@id\":\"https:\/\/franciscanos.org.br\/noticias\/vocacionados-se-encontram-no-convento-do-rio.html#breadcrumb\"},\"inLanguage\":\"pt-BR\",\"potentialAction\":[{\"@type\":\"ReadAction\",\"target\":[\"https:\/\/franciscanos.org.br\/noticias\/vocacionados-se-encontram-no-convento-do-rio.html\"]}]},{\"@type\":\"BreadcrumbList\",\"@id\":\"https:\/\/franciscanos.org.br\/noticias\/vocacionados-se-encontram-no-convento-do-rio.html#breadcrumb\",\"itemListElement\":[{\"@type\":\"ListItem\",\"position\":1,\"name\":\"Home\",\"item\":\"https:\/\/franciscanos.org.br\/noticias\"},{\"@type\":\"ListItem\",\"position\":2,\"name\":\"Vocacionados se encontram no Convento do Rio\"}]},{\"@type\":\"Person\",\"@id\":\"https:\/\/franciscanos.org.br\/noticias\/#\/schema\/person\/b38fbf43118f02820bd932f2e4b14ad3\",\"name\":\"admin\",\"image\":{\"@type\":\"ImageObject\",\"inLanguage\":\"pt-BR\",\"@id\":\"https:\/\/franciscanos.org.br\/noticias\/#\/schema\/person\/image\/\",\"url\":\"https:\/\/secure.gravatar.com\/avatar\/e8495742d34d0ba6448ea1c628263b3e?s=96&d=mm&r=g\",\"contentUrl\":\"https:\/\/secure.gravatar.com\/avatar\/e8495742d34d0ba6448ea1c628263b3e?s=96&d=mm&r=g\",\"caption\":\"admin\"},\"url\":\"https:\/\/franciscanos.org.br\/noticias\/author\/admin\"}]}<\/script>\n<!-- \/ Yoast SEO plugin. -->","yoast_head_json":{"title":"Vocacionados se encontram no Convento do Rio - Not\u00edcias - Franciscanos","robots":{"index":"index","follow":"follow","max-snippet":"max-snippet:-1","max-image-preview":"max-image-preview:large","max-video-preview":"max-video-preview:-1"},"canonical":"https:\/\/franciscanos.org.br\/noticias\/vocacionados-se-encontram-no-convento-do-rio.html","og_locale":"pt_BR","og_type":"article","og_title":"Vocacionados se encontram no Convento do Rio - Not\u00edcias - Franciscanos","og_description":"SAV-RJ","og_url":"https:\/\/franciscanos.org.br\/noticias\/vocacionados-se-encontram-no-convento-do-rio.html","og_site_name":"Not\u00edcias - Franciscanos","article_published_time":"2017-10-03T14:21:30+00:00","article_modified_time":"2019-04-24T14:38:55+00:00","og_image":[{"width":273,"height":181,"url":"https:\/\/franciscanos.org.br\/noticias\/wp-content\/uploads\/2017\/10\/sav_031017.jpg","type":"image\/jpeg"}],"author":"admin","twitter_card":"summary_large_image","twitter_misc":{"Escrito por":"admin","Est. tempo de leitura":"3 minutos"},"schema":{"@context":"https:\/\/schema.org","@graph":[{"@type":"WebSite","@id":"https:\/\/franciscanos.org.br\/noticias\/#website","url":"https:\/\/franciscanos.org.br\/noticias\/","name":"Not\u00edcias - Franciscanos","description":"Prov\u00edncia Franciscana da Imaculada Concei\u00e7\u00e3o do Brasil - Ordem dos Frades Menores - OFM","potentialAction":[{"@type":"SearchAction","target":{"@type":"EntryPoint","urlTemplate":"https:\/\/franciscanos.org.br\/noticias\/?s={search_term_string}"},"query-input":"required name=search_term_string"}],"inLanguage":"pt-BR"},{"@type":"ImageObject","inLanguage":"pt-BR","@id":"https:\/\/franciscanos.org.br\/noticias\/vocacionados-se-encontram-no-convento-do-rio.html#primaryimage","url":"https:\/\/franciscanos.org.br\/noticias\/wp-content\/uploads\/2017\/10\/sav_031017.jpg","contentUrl":"https:\/\/franciscanos.org.br\/noticias\/wp-content\/uploads\/2017\/10\/sav_031017.jpg","width":273,"height":181},{"@type":"WebPage","@id":"https:\/\/franciscanos.org.br\/noticias\/vocacionados-se-encontram-no-convento-do-rio.html#webpage","url":"https:\/\/franciscanos.org.br\/noticias\/vocacionados-se-encontram-no-convento-do-rio.html","name":"Vocacionados se encontram no Convento do Rio - Not\u00edcias - Franciscanos","isPartOf":{"@id":"https:\/\/franciscanos.org.br\/noticias\/#website"},"primaryImageOfPage":{"@id":"https:\/\/franciscanos.org.br\/noticias\/vocacionados-se-encontram-no-convento-do-rio.html#primaryimage"},"datePublished":"2017-10-03T14:21:30+00:00","dateModified":"2019-04-24T14:38:55+00:00","author":{"@id":"https:\/\/franciscanos.org.br\/noticias\/#\/schema\/person\/b38fbf43118f02820bd932f2e4b14ad3"},"breadcrumb":{"@id":"https:\/\/franciscanos.org.br\/noticias\/vocacionados-se-encontram-no-convento-do-rio.html#breadcrumb"},"inLanguage":"pt-BR","potentialAction":[{"@type":"ReadAction","target":["https:\/\/franciscanos.org.br\/noticias\/vocacionados-se-encontram-no-convento-do-rio.html"]}]},{"@type":"BreadcrumbList","@id":"https:\/\/franciscanos.org.br\/noticias\/vocacionados-se-encontram-no-convento-do-rio.html#breadcrumb","itemListElement":[{"@type":"ListItem","position":1,"name":"Home","item":"https:\/\/franciscanos.org.br\/noticias"},{"@type":"ListItem","position":2,"name":"Vocacionados se encontram no Convento do Rio"}]},{"@type":"Person","@id":"https:\/\/franciscanos.org.br\/noticias\/#\/schema\/person\/b38fbf43118f02820bd932f2e4b14ad3","name":"admin","image":{"@type":"ImageObject","inLanguage":"pt-BR","@id":"https:\/\/franciscanos.org.br\/noticias\/#\/schema\/person\/image\/","url":"https:\/\/secure.gravatar.com\/avatar\/e8495742d34d0ba6448ea1c628263b3e?s=96&d=mm&r=g","contentUrl":"https:\/\/secure.gravatar.com\/avatar\/e8495742d34d0ba6448ea1c628263b3e?s=96&d=mm&r=g","caption":"admin"},"url":"https:\/\/franciscanos.org.br\/noticias\/author\/admin"}]}},"_links":{"self":[{"href":"https:\/\/franciscanos.org.br\/noticias\/wp-json\/wp\/v2\/posts\/143018"}],"collection":[{"href":"https:\/\/franciscanos.org.br\/noticias\/wp-json\/wp\/v2\/posts"}],"about":[{"href":"https:\/\/franciscanos.org.br\/noticias\/wp-json\/wp\/v2\/types\/post"}],"author":[{"embeddable":true,"href":"https:\/\/franciscanos.org.br\/noticias\/wp-json\/wp\/v2\/users\/1"}],"replies":[{"embeddable":true,"href":"https:\/\/franciscanos.org.br\/noticias\/wp-json\/wp\/v2\/comments?post=143018"}],"version-history":[{"count":0,"href":"https:\/\/franciscanos.org.br\/noticias\/wp-json\/wp\/v2\/posts\/143018\/revisions"}],"wp:featuredmedia":[{"embeddable":true,"href":"https:\/\/franciscanos.org.br\/noticias\/wp-json\/wp\/v2\/media\/203270"}],"wp:attachment":[{"href":"https:\/\/franciscanos.org.br\/noticias\/wp-json\/wp\/v2\/media?parent=143018"}],"wp:term":[{"taxonomy":"category","embeddable":true,"href":"https:\/\/franciscanos.org.br\/noticias\/wp-json\/wp\/v2\/categories?post=143018"},{"taxonomy":"post_tag","embeddable":true,"href":"https:\/\/franciscanos.org.br\/noticias\/wp-json\/wp\/v2\/tags?post=143018"}],"curies":[{"name":"wp","href":"https:\/\/api.w.org\/{rel}","templated":true}]}}