{"id":142993,"date":"2017-10-03T09:13:09","date_gmt":"2017-10-03T12:13:09","guid":{"rendered":"http:\/\/franciscanos.org.br\/?p=142993"},"modified":"2021-07-05T19:45:54","modified_gmt":"2021-07-05T22:45:54","slug":"feliz-festa-de-sao-francisco-de-assis","status":"publish","type":"post","link":"https:\/\/franciscanos.org.br\/noticias\/feliz-festa-de-sao-francisco-de-assis.html","title":{"rendered":"Mensagem do Ministro Provincial"},"content":{"rendered":"<p><img loading=\"lazy\" src=\"http:\/\/franciscanos.org.br\/wp-content\/uploads\/2017\/10\/arezzo_031017.jpg\" alt=\"arezzo_031017\" width=\"820\" height=\"431\" \/><\/p>\n<p><em>Car\u00edssimos irm\u00e3os e irm\u00e3s,<\/em><\/p>\n<p><em> Que o Senhor lhes d\u00ea a Paz e todo o Bem!<\/em><\/p>\n<p>Na ora\u00e7\u00e3o das primeiras V\u00e9speras da Solenidade de S\u00e3o Francisco de Assis, proclamamos a seguinte ant\u00edfona no respons\u00f3rio breve: \u201cFrancisco, pobre e humilde, entra rico nos c\u00e9us, com hinos celestes \u00e9 honrado\u201d. Este bin\u00f4mio, \u201cpobre e humilde\u201d se repete na ora\u00e7\u00e3o conclusiva de todas as horas can\u00f4nicas: \u201c\u00d3 Deus, que fizestes o ser\u00e1fico Pai S\u00e3o Francisco assemelhar-se ao Cristo por uma vida de humildade e pobreza, concedei que, trilhando o mesmo caminho, sigamos fielmente o vosso Filho, unindo-nos convosco na perfeita alegria\u201d.<\/p>\n<p>Pobreza e humildade s\u00e3o duas virtudes-irm\u00e3s exaltadas pelo pr\u00f3prio Pai Ser\u00e1fico na sua Sauda\u00e7\u00e3o \u00e0s Virtudes: \u201cSenhora santa pobreza, o Senhor te salve com tua irm\u00e3, a santa humildade&#8230; A santa pobreza confunde a gan\u00e2ncia e a avareza e os cuidados deste mundo. A santa humildade confunde a soberba e todos os homens que h\u00e1 no mundo e igualmente todas as coisas que h\u00e1 no mundo\u201d (SV 2.11-12).<\/p>\n<p>Neste ano, por ocasi\u00e3o da Solenidade de S\u00e3o Francisco de Assis, desejo destacar a \u201cvirtude da santa pobreza\u201d vivida e abra\u00e7ada por \u201cFrancisco, pobre e humilde\u201d. E o motivo \u00e9 este: No dia 13 de junho deste ano, justamente na Festa de Santo Ant\u00f4nio, o Papa Francisco editou um bel\u00edssimo texto intitulado \u201cN\u00e3o amemos com palavras, mas com obras\u201d, instituindo o dia 19 de novembro como Dia Mundial dos Pobres.<\/p>\n<p>A Pobreza abra\u00e7ada por Francisco de Assis \u00e9 resposta dada por quem n\u00e3o se fez \u201csurdo ao Evangelho\u201d (1Cel 22): \u201cSe queres ser perfeito, vai, vende tudo o que tens e d\u00e1-o aos pobres, e ter\u00e1s um tesouro nos c\u00e9us\u201d (cf. LTC 29,1-6). Assim, a refer\u00eancia e o n\u00facleo central da pobreza vivida por Francisco \u00e9 a pobreza de Nosso Senhor Jesus Cristo, da forma como prescreveu na Regra: \u201cComo peregrinos e viandantes que servem ao Senhor em pobreza e humildade, pe\u00e7am esmolas com confian\u00e7a; disso n\u00e3o se devem envergonhar, porque o Senhor se fez pobre por n\u00f3s, neste mundo\u201d (RB 6,4).<\/p>\n<p>A convic\u00e7\u00e3o da \u201csublimidade da alt\u00edssima pobreza\u201d \u00e9 fundamental para S\u00e3o Francisco e todos os seus seguidores. Ele estabeleceu a virtude da pobreza de Jesus Cristo como: crit\u00e9rio vocacional para abra\u00e7ar esta forma e regra de vida; apelo para a desapropria\u00e7\u00e3o total, especialmente a alegria do viver \u201csem nada de pr\u00f3prio\u201d, com a demitiza\u00e7\u00e3o do \u201ceu\u201d; incentivo para um estilo de vida s\u00f3brio como peregrinos e itinerantes; fundamento para a gratuidade da \u201cgra\u00e7a de trabalhar com fidelidade e devo\u00e7\u00e3o\u201d; apelo ao desapego e deposi\u00e7\u00e3o de cargos ou mandos; um modo fraternal de relacionar-se com o Criador e as criaturas; atitude permanente de restitui\u00e7\u00e3o ao Senhor pelos dons recebidos; acolhimento da Irm\u00e3 Morte como gesto \u00faltimo e derradeiro para devolver com gratuidade o sopro da vida que um dia recebemos do Criador.<\/p>\n<p>O Papa Francisco, ao proclamar o Dia Mundial dos Pobres, recorda o abra\u00e7o de Francisco de Assis ao leproso, afirmando: \u201cEste testemunho mostra a for\u00e7a transformadora da caridade e o estilo de vida dos crist\u00e3os\u201d. A experi\u00eancia de Francisco, na linguagem do Papa, deveria sensibilizar os crist\u00e3os \u201ca um verdadeiro encontro com os pobres e dar lugar a uma partilha que se torne estilo de vida\u201d. E mais: \u201cSe realmente queremos encontrar Cristo, \u00e9 preciso que toquemos o seu corpo no corpo chagado dos pobres, como resposta \u00e0 comunh\u00e3o sacramental recebida na eucaristia\u201d (n. 3). E ainda, no mesmo texto, o Papa \u00e9 categ\u00f3rico ao usar este imperativo: \u201cAssumamos, pois, o exemplo de S\u00e3o Francisco, testemunha da pobreza genu\u00edna. Ele, precisamente por ter os olhos fixos em Cristo, soube reconhec\u00ea-Lo e servi-Lo nos pobres\u201d (n. 4).<\/p>\n<p>Para al\u00e9m da reflex\u00e3o e a exemplo do Pobre de Assis, o Papa Francisco nos provoca a realizarmos a\u00e7\u00f5es e gestos que deem visibilidade a este Dia Mundial dos Pobres, tanto nas nossas Fraternidades como na a\u00e7\u00e3o evangelizadora. Por exemplo: ter momentos de encontro e amizade, de solidariedade e de ajuda concreta; convidar os pobres para a mesa da comunh\u00e3o fraterna e eucar\u00edstica; aproximar-nos dos pobres e t\u00ea-los como h\u00f3spedes privilegiados na nossa mesa, etc. Eu sonho com o retorno desses gestos! Enviem-nos os seus registros (fatos e fotos), n\u00e3o para nossa vangl\u00f3ria, mas para partilhar entre irm\u00e3os a alegria do abra\u00e7o ao \u201cleproso\u201d. \u00c9 ele que transforma as nossas amarguras em \u201cdo\u00e7ura para a alma e para o corpo\u201d (Test 3).<\/p>\n<p>Que nesta solenidade do Ser\u00e1fico Pai S\u00e3o Francisco possamos retomar a escalada do caminho que nos leva aos esponsais m\u00edsticos com a Senhora Santa Pobreza, t\u00e3o magnificamente descrito no 3\u00ba cap\u00edtulo do Sacrum Commercium:<br \/>\n\u201cApertado \u00e9 o caminho, irm\u00e3os, e estreita a porta que conduz \u00e0 vida, e poucos s\u00e3o os que a encontram. Fortalecei-vos no Senhor e no poder de sua for\u00e7a, pois tudo que \u00e9 dif\u00edcil vai ser f\u00e1cil para v\u00f3s. Deponde a carga da vontade pr\u00f3pria, lan\u00e7ai fora o peso dos pecados, e cingi-vos como homens fortes. Esquecidos do que est\u00e1 atr\u00e1s, ansiai o quanto puderdes pelo que est\u00e1 \u00e0 frente de v\u00f3s. Digo-vos que todo lugar que vosso p\u00e9 pisar ser\u00e1 vosso. Pois diante de v\u00f3s h\u00e1 um esp\u00edrito, o Cristo Senhor, que vos atrair\u00e1 aos cumes da montanha com v\u00ednculos de amor. Coisa extraordin\u00e1ria, irm\u00e3os, \u00e9 desposar a Pobreza, mas facilmente poderemos gozar dos seus amplexos, pois se tornou como vi\u00fava a senhora dos povos, vil e desprez\u00edvel a todos a rainha das virtudes. Ningu\u00e9m h\u00e1 na regi\u00e3o que ouse reclamar, ningu\u00e9m que se nos oponha, ningu\u00e9m que tem direito possa proibir essa salutar alian\u00e7a. Todos os seus amigos a desprezaram e se tornaram seus inimigos. Quando acabou de dizer estas coisas, todos come\u00e7aram a andar atr\u00e1s de S\u00e3o Francisco\u201d.<\/p>\n<h3>Feliz festa de S\u00e3o Francisco de Assis!<\/h3>\n<p><strong>Frei Fid\u00eancio Vanboemmel, OFM<\/strong><\/p>\n<p><em>Ministro Provincial da Prov\u00edncia da Imaculada Concei\u00e7\u00e3o do Brasil<\/em><\/p>\n<p><strong>CONFIRA A REFLEX\u00c3O EM V\u00cdDEO:<\/strong><\/p>\n<p><iframe loading=\"lazy\" src=\"https:\/\/www.youtube.com\/embed\/CqHkMIINgO8\" width=\"100%\" height=\"420\" frameborder=\"0\" allowfullscreen=\"allowfullscreen\"><\/iframe><\/p>\n","protected":false},"excerpt":{"rendered":"<p>S\u00e3o Francisco de Assis<\/p>\n","protected":false},"author":1,"featured_media":203267,"comment_status":"open","ping_status":"open","sticky":false,"template":"","format":"standard","meta":[],"categories":[1],"tags":[1179],"acf":[],"yoast_head":"<!-- This site is optimized with the Yoast SEO plugin v19.2 - https:\/\/yoast.com\/wordpress\/plugins\/seo\/ -->\n<title>Mensagem do Ministro Provincial - Not\u00edcias - Franciscanos<\/title>\n<meta name=\"robots\" content=\"index, follow, max-snippet:-1, max-image-preview:large, max-video-preview:-1\" \/>\n<link rel=\"canonical\" href=\"https:\/\/franciscanos.org.br\/noticias\/feliz-festa-de-sao-francisco-de-assis.html\" \/>\n<meta property=\"og:locale\" content=\"pt_BR\" \/>\n<meta property=\"og:type\" content=\"article\" \/>\n<meta property=\"og:title\" content=\"Mensagem do Ministro Provincial - Not\u00edcias - Franciscanos\" \/>\n<meta property=\"og:description\" content=\"S\u00e3o Francisco de Assis\" \/>\n<meta property=\"og:url\" content=\"https:\/\/franciscanos.org.br\/noticias\/feliz-festa-de-sao-francisco-de-assis.html\" \/>\n<meta property=\"og:site_name\" content=\"Not\u00edcias - Franciscanos\" \/>\n<meta property=\"article:published_time\" content=\"2017-10-03T12:13:09+00:00\" \/>\n<meta property=\"article:modified_time\" content=\"2021-07-05T22:45:54+00:00\" \/>\n<meta property=\"og:image\" content=\"https:\/\/franciscanos.org.br\/noticias\/wp-content\/uploads\/2017\/10\/arezzo_031017.jpg\" \/>\n\t<meta property=\"og:image:width\" content=\"273\" \/>\n\t<meta property=\"og:image:height\" content=\"172\" \/>\n\t<meta property=\"og:image:type\" content=\"image\/jpeg\" \/>\n<meta name=\"author\" content=\"admin\" \/>\n<meta name=\"twitter:card\" content=\"summary_large_image\" \/>\n<meta name=\"twitter:label1\" content=\"Escrito por\" \/>\n\t<meta name=\"twitter:data1\" content=\"admin\" \/>\n\t<meta name=\"twitter:label2\" content=\"Est. tempo de leitura\" \/>\n\t<meta name=\"twitter:data2\" content=\"5 minutos\" \/>\n<script type=\"application\/ld+json\" class=\"yoast-schema-graph\">{\"@context\":\"https:\/\/schema.org\",\"@graph\":[{\"@type\":\"WebSite\",\"@id\":\"https:\/\/franciscanos.org.br\/noticias\/#website\",\"url\":\"https:\/\/franciscanos.org.br\/noticias\/\",\"name\":\"Not\u00edcias - Franciscanos\",\"description\":\"Prov\u00edncia Franciscana da Imaculada Concei\u00e7\u00e3o do Brasil - Ordem dos Frades Menores - OFM\",\"potentialAction\":[{\"@type\":\"SearchAction\",\"target\":{\"@type\":\"EntryPoint\",\"urlTemplate\":\"https:\/\/franciscanos.org.br\/noticias\/?s={search_term_string}\"},\"query-input\":\"required name=search_term_string\"}],\"inLanguage\":\"pt-BR\"},{\"@type\":\"ImageObject\",\"inLanguage\":\"pt-BR\",\"@id\":\"https:\/\/franciscanos.org.br\/noticias\/feliz-festa-de-sao-francisco-de-assis.html#primaryimage\",\"url\":\"https:\/\/franciscanos.org.br\/noticias\/wp-content\/uploads\/2017\/10\/arezzo_031017.jpg\",\"contentUrl\":\"https:\/\/franciscanos.org.br\/noticias\/wp-content\/uploads\/2017\/10\/arezzo_031017.jpg\",\"width\":273,\"height\":172},{\"@type\":\"WebPage\",\"@id\":\"https:\/\/franciscanos.org.br\/noticias\/feliz-festa-de-sao-francisco-de-assis.html#webpage\",\"url\":\"https:\/\/franciscanos.org.br\/noticias\/feliz-festa-de-sao-francisco-de-assis.html\",\"name\":\"Mensagem do Ministro Provincial - Not\u00edcias - Franciscanos\",\"isPartOf\":{\"@id\":\"https:\/\/franciscanos.org.br\/noticias\/#website\"},\"primaryImageOfPage\":{\"@id\":\"https:\/\/franciscanos.org.br\/noticias\/feliz-festa-de-sao-francisco-de-assis.html#primaryimage\"},\"datePublished\":\"2017-10-03T12:13:09+00:00\",\"dateModified\":\"2021-07-05T22:45:54+00:00\",\"author\":{\"@id\":\"https:\/\/franciscanos.org.br\/noticias\/#\/schema\/person\/b38fbf43118f02820bd932f2e4b14ad3\"},\"breadcrumb\":{\"@id\":\"https:\/\/franciscanos.org.br\/noticias\/feliz-festa-de-sao-francisco-de-assis.html#breadcrumb\"},\"inLanguage\":\"pt-BR\",\"potentialAction\":[{\"@type\":\"ReadAction\",\"target\":[\"https:\/\/franciscanos.org.br\/noticias\/feliz-festa-de-sao-francisco-de-assis.html\"]}]},{\"@type\":\"BreadcrumbList\",\"@id\":\"https:\/\/franciscanos.org.br\/noticias\/feliz-festa-de-sao-francisco-de-assis.html#breadcrumb\",\"itemListElement\":[{\"@type\":\"ListItem\",\"position\":1,\"name\":\"Home\",\"item\":\"https:\/\/franciscanos.org.br\/noticias\"},{\"@type\":\"ListItem\",\"position\":2,\"name\":\"Mensagem do Ministro Provincial\"}]},{\"@type\":\"Person\",\"@id\":\"https:\/\/franciscanos.org.br\/noticias\/#\/schema\/person\/b38fbf43118f02820bd932f2e4b14ad3\",\"name\":\"admin\",\"image\":{\"@type\":\"ImageObject\",\"inLanguage\":\"pt-BR\",\"@id\":\"https:\/\/franciscanos.org.br\/noticias\/#\/schema\/person\/image\/\",\"url\":\"https:\/\/secure.gravatar.com\/avatar\/e8495742d34d0ba6448ea1c628263b3e?s=96&d=mm&r=g\",\"contentUrl\":\"https:\/\/secure.gravatar.com\/avatar\/e8495742d34d0ba6448ea1c628263b3e?s=96&d=mm&r=g\",\"caption\":\"admin\"},\"url\":\"https:\/\/franciscanos.org.br\/noticias\/author\/admin\"}]}<\/script>\n<!-- \/ Yoast SEO plugin. -->","yoast_head_json":{"title":"Mensagem do Ministro Provincial - Not\u00edcias - Franciscanos","robots":{"index":"index","follow":"follow","max-snippet":"max-snippet:-1","max-image-preview":"max-image-preview:large","max-video-preview":"max-video-preview:-1"},"canonical":"https:\/\/franciscanos.org.br\/noticias\/feliz-festa-de-sao-francisco-de-assis.html","og_locale":"pt_BR","og_type":"article","og_title":"Mensagem do Ministro Provincial - Not\u00edcias - Franciscanos","og_description":"S\u00e3o Francisco de Assis","og_url":"https:\/\/franciscanos.org.br\/noticias\/feliz-festa-de-sao-francisco-de-assis.html","og_site_name":"Not\u00edcias - Franciscanos","article_published_time":"2017-10-03T12:13:09+00:00","article_modified_time":"2021-07-05T22:45:54+00:00","og_image":[{"width":273,"height":172,"url":"https:\/\/franciscanos.org.br\/noticias\/wp-content\/uploads\/2017\/10\/arezzo_031017.jpg","type":"image\/jpeg"}],"author":"admin","twitter_card":"summary_large_image","twitter_misc":{"Escrito por":"admin","Est. tempo de leitura":"5 minutos"},"schema":{"@context":"https:\/\/schema.org","@graph":[{"@type":"WebSite","@id":"https:\/\/franciscanos.org.br\/noticias\/#website","url":"https:\/\/franciscanos.org.br\/noticias\/","name":"Not\u00edcias - Franciscanos","description":"Prov\u00edncia Franciscana da Imaculada Concei\u00e7\u00e3o do Brasil - Ordem dos Frades Menores - OFM","potentialAction":[{"@type":"SearchAction","target":{"@type":"EntryPoint","urlTemplate":"https:\/\/franciscanos.org.br\/noticias\/?s={search_term_string}"},"query-input":"required name=search_term_string"}],"inLanguage":"pt-BR"},{"@type":"ImageObject","inLanguage":"pt-BR","@id":"https:\/\/franciscanos.org.br\/noticias\/feliz-festa-de-sao-francisco-de-assis.html#primaryimage","url":"https:\/\/franciscanos.org.br\/noticias\/wp-content\/uploads\/2017\/10\/arezzo_031017.jpg","contentUrl":"https:\/\/franciscanos.org.br\/noticias\/wp-content\/uploads\/2017\/10\/arezzo_031017.jpg","width":273,"height":172},{"@type":"WebPage","@id":"https:\/\/franciscanos.org.br\/noticias\/feliz-festa-de-sao-francisco-de-assis.html#webpage","url":"https:\/\/franciscanos.org.br\/noticias\/feliz-festa-de-sao-francisco-de-assis.html","name":"Mensagem do Ministro Provincial - Not\u00edcias - Franciscanos","isPartOf":{"@id":"https:\/\/franciscanos.org.br\/noticias\/#website"},"primaryImageOfPage":{"@id":"https:\/\/franciscanos.org.br\/noticias\/feliz-festa-de-sao-francisco-de-assis.html#primaryimage"},"datePublished":"2017-10-03T12:13:09+00:00","dateModified":"2021-07-05T22:45:54+00:00","author":{"@id":"https:\/\/franciscanos.org.br\/noticias\/#\/schema\/person\/b38fbf43118f02820bd932f2e4b14ad3"},"breadcrumb":{"@id":"https:\/\/franciscanos.org.br\/noticias\/feliz-festa-de-sao-francisco-de-assis.html#breadcrumb"},"inLanguage":"pt-BR","potentialAction":[{"@type":"ReadAction","target":["https:\/\/franciscanos.org.br\/noticias\/feliz-festa-de-sao-francisco-de-assis.html"]}]},{"@type":"BreadcrumbList","@id":"https:\/\/franciscanos.org.br\/noticias\/feliz-festa-de-sao-francisco-de-assis.html#breadcrumb","itemListElement":[{"@type":"ListItem","position":1,"name":"Home","item":"https:\/\/franciscanos.org.br\/noticias"},{"@type":"ListItem","position":2,"name":"Mensagem do Ministro Provincial"}]},{"@type":"Person","@id":"https:\/\/franciscanos.org.br\/noticias\/#\/schema\/person\/b38fbf43118f02820bd932f2e4b14ad3","name":"admin","image":{"@type":"ImageObject","inLanguage":"pt-BR","@id":"https:\/\/franciscanos.org.br\/noticias\/#\/schema\/person\/image\/","url":"https:\/\/secure.gravatar.com\/avatar\/e8495742d34d0ba6448ea1c628263b3e?s=96&d=mm&r=g","contentUrl":"https:\/\/secure.gravatar.com\/avatar\/e8495742d34d0ba6448ea1c628263b3e?s=96&d=mm&r=g","caption":"admin"},"url":"https:\/\/franciscanos.org.br\/noticias\/author\/admin"}]}},"_links":{"self":[{"href":"https:\/\/franciscanos.org.br\/noticias\/wp-json\/wp\/v2\/posts\/142993"}],"collection":[{"href":"https:\/\/franciscanos.org.br\/noticias\/wp-json\/wp\/v2\/posts"}],"about":[{"href":"https:\/\/franciscanos.org.br\/noticias\/wp-json\/wp\/v2\/types\/post"}],"author":[{"embeddable":true,"href":"https:\/\/franciscanos.org.br\/noticias\/wp-json\/wp\/v2\/users\/1"}],"replies":[{"embeddable":true,"href":"https:\/\/franciscanos.org.br\/noticias\/wp-json\/wp\/v2\/comments?post=142993"}],"version-history":[{"count":1,"href":"https:\/\/franciscanos.org.br\/noticias\/wp-json\/wp\/v2\/posts\/142993\/revisions"}],"predecessor-version":[{"id":232856,"href":"https:\/\/franciscanos.org.br\/noticias\/wp-json\/wp\/v2\/posts\/142993\/revisions\/232856"}],"wp:featuredmedia":[{"embeddable":true,"href":"https:\/\/franciscanos.org.br\/noticias\/wp-json\/wp\/v2\/media\/203267"}],"wp:attachment":[{"href":"https:\/\/franciscanos.org.br\/noticias\/wp-json\/wp\/v2\/media?parent=142993"}],"wp:term":[{"taxonomy":"category","embeddable":true,"href":"https:\/\/franciscanos.org.br\/noticias\/wp-json\/wp\/v2\/categories?post=142993"},{"taxonomy":"post_tag","embeddable":true,"href":"https:\/\/franciscanos.org.br\/noticias\/wp-json\/wp\/v2\/tags?post=142993"}],"curies":[{"name":"wp","href":"https:\/\/api.w.org\/{rel}","templated":true}]}}