{"id":14282,"date":"2012-03-31T16:31:42","date_gmt":"2012-03-31T19:31:42","guid":{"rendered":"http:\/\/new.franciscanos.org.br\/?p=14282"},"modified":"2019-09-13T13:55:51","modified_gmt":"2019-09-13T16:55:51","slug":"editora-vozes-esta-pronta-para-o-futuro","status":"publish","type":"post","link":"https:\/\/franciscanos.org.br\/noticias\/editora-vozes-esta-pronta-para-o-futuro.html","title":{"rendered":"Editora Vozes est\u00e1 pronta para o futuro"},"content":{"rendered":"<p><strong>Moacir Beggo<\/strong><\/p>\n<p><strong>Petr\u00f3polis (RJ)<\/strong> &#8211; No corredor do terceiro andar do pr\u00e9dio da rua Frei Lu\u00eds, n\u00ba 100, em Petr\u00f3polis (RJ), est\u00e1 exposta a impressora <em>Alauzet<\/em>, uma m\u00e1quina que n\u00e3o chega a ocupar o espa\u00e7o de um metro quadrado e que deu origem \u00e0 Editora Vozes. Na sexta-feira (30\/3), funcion\u00e1rios e visitantes passaram por ela e nem a notaram, pois na sala ao lado, de mais de 280 m2, estava uma superm\u00e1quina, que era inaugurada e aben\u00e7oada para dar continuidade \u00e0 centen\u00e1ria hist\u00f3ria da Editora. Depois de chegar em seis caminh\u00f5es e exigir uma reestrutura\u00e7\u00e3o do pr\u00e9dio para acomod\u00e1-la, a encadernadora entrou em funcionamento diante dos olhares curiosos dos funcion\u00e1rios e visitantes, ostentando a fama de produzir 6 mil livros em uma hora. No final de tudo, uma certeza: o projeto de evangeliza\u00e7\u00e3o, que come\u00e7ou h\u00e1 111 anos com Frei In\u00e1cio Hinte, vai continuar.<\/p>\n<p>Frei M\u00e1rio Tagliari, representando o Ministro Provincial Frei Fid\u00eancio Vanboemmel, foi o convidado pela diretoria da Vozes para dar a b\u00ean\u00e7\u00e3o inaugural. O diretor-presidente Frei Ant\u00f4nio Moser presidiu a celebra\u00e7\u00e3o, ao lado dos tamb\u00e9m diretores Frei Volney Berkenbrock e Frei Ludovico Garmus. Presentes neste momento hist\u00f3rico, os Definidores Frei Guido Scheidt, Frei C\u00e9sar K\u00fclkamp e o vice ec\u00f4nomo da Prov\u00edncia, Frei Raimundo de Oliveira Castro e todos os frades que trabalham ou trabalharam na editora.<\/p>\n<div id=\"attachment_14286\" style=\"width: 360px\" class=\"wp-caption alignright\"><a href=\"http:\/\/franciscanos.org.br\/wp-content\/uploads\/2012\/03\/lino.jpg\"><img aria-describedby=\"caption-attachment-14286\" loading=\"lazy\" class=\"size-full wp-image-14286 \" title=\"Vozes\" src=\"http:\/\/franciscanos.org.br\/wp-content\/uploads\/2012\/03\/lino.jpg\" alt=\"\" width=\"350\" height=\"488\" \/><\/a><p id=\"caption-attachment-14286\" class=\"wp-caption-text\">A velha impressora Alauzet<\/p><\/div>\n<p>Segundo o diretor-presidente da Editora Vozes, Frei Ant\u00f4nio Moser, a empresa j\u00e1 dispunha de um respeit\u00e1vel parque gr\u00e1fico, mas &#8220;faltava um novo impulso na \u00e1rea do acabamento, um setor que pedia um processo de agiliza\u00e7\u00e3o&#8221;. Frei Volney lembrou que os processos de dobra, al\u00e7amento, costura, prensa da lombada, cola, v\u00ednculo da capa, dobra da orelha etc eram feitos em m\u00e1quinas antigas e separadas. &#8220;De modo que, quando precis\u00e1vamos acelerar a produ\u00e7\u00e3o, depend\u00edamos de uma s\u00e9rie de fatores para que todos esses processos pudessem andar um pouco mais r\u00e1pidos&#8221;, explicou.<\/p>\n<p>Segundo Frei Moser, &#8220;quem deseja ser bom anunciador do Evangelho tem que estar atento aos sinais de Deus no tempo e buscar os recursos para responder a eles&#8221;. E foi isso que a Vozes fez, adiantou Frei Volney. &#8220;Uma das op\u00e7\u00f5es era comprarmos m\u00e1quinas menores para cada um desses setores de acabamento. Mas novamente ter\u00edamos um processo longo para aumentarmos a capacidade de produ\u00e7\u00e3o em m\u00e1quinas separadas. Depois muito estudo e, avaliando a capacidade financeira da empresa, optamos por uma encadernadora&#8221;, contou. Come\u00e7ou, ent\u00e3o, um processo de escolha, j\u00e1 que tr\u00eas empresas europeias produzem este tipo de maquin\u00e1rio. Venceu a marca M\u00fcller Martine.<\/p>\n<p>Mas esse investimento n\u00e3o estaria na contram\u00e3o da hist\u00f3ria, quando o encantador e sofisticado mundo virtual est\u00e1 cada vez mais presente na sociedade? Frei Moser responde que n\u00e3o. &#8220;Tamb\u00e9m estamos investindo nesta dire\u00e7\u00e3o, mas uma coisa me parece certa: as v\u00e1rias tecnologias n\u00e3o se op\u00f5em. Elas se complementam&#8221;, ressaltou, lembrando que a Editora cresceu 7,5% nas vendas de 2011. E, segundo C\u00e2mara Brasileira do Livro (CBL), o segmento religioso foi o que mais cresceu em faturamento e em exemplares produzidos e vendidos.<\/p>\n<div id=\"attachment_14293\" style=\"width: 360px\" class=\"wp-caption alignright\"><a href=\"http:\/\/franciscanos.org.br\/wp-content\/uploads\/2012\/03\/encadernadora_g31.jpg\"><img aria-describedby=\"caption-attachment-14293\" loading=\"lazy\" class=\"size-full wp-image-14293 \" title=\"Editora Vozes\" src=\"http:\/\/franciscanos.org.br\/wp-content\/uploads\/2012\/03\/encadernadora_g31.jpg\" alt=\"\" width=\"350\" height=\"462\" \/><\/a><p id=\"caption-attachment-14293\" class=\"wp-caption-text\">A nova encadernadora<\/p><\/div>\n<p>&#8220;\u00c9 que por mais contradit\u00f3rio que possa parecer, o n\u00famero de leitores aumenta, como aumenta, sobretudo, o n\u00famero de pessoas que buscam subs\u00eddios tanto no campo religioso quanto no cultural. S\u00e3o milh\u00f5es de crian\u00e7as que recebem os fundamentos da f\u00e9 de nossas m\u00faltiplas cole\u00e7\u00f5es de catequese; s\u00e3o milh\u00f5es de pessoas que alimentam sua f\u00e9 buscando nossos livros de cunho teol\u00f3gico, espiritual e devocional; s\u00e3o milhares de universit\u00e1rios que buscam nossos livros de cunho cultural; s\u00e3o milh\u00f5es de pessoas que buscam em nossas publica\u00e7\u00f5es uma raz\u00e3o para viver&#8221; acrescenta Frei Moser. Para se ter uma ideia do poder de evangeliza\u00e7\u00e3o da editora, s\u00f3 no ano passado, foram vendidos 703.900 livros para o segmento da catequese e ensino religioso, enquanto os livros de Teologia e espiritualidade somaram 276.790. Mas n\u00e3o para por a\u00ed. Dois produtos tradicionais da Vozes, como a Folhinha do Sagrado e o\u00a0 &#8220;Minutos de Sabedoria&#8221;, venderam quase um milh\u00e3o de exemplares .<\/p>\n<p>Para o diretor-presidente, a Vozes foi como uma pequena semente boa lan\u00e7ada em terra boa e que cresceu gra\u00e7as ao fruto da dedica\u00e7\u00e3o de gera\u00e7\u00e3o de pessoas que cultivaram sempre o mesmo ideal: &#8220;Inspirados em S\u00e3o Francisco, colaboraram na constru\u00e7\u00e3o de uma nova realidade, tanto em termos de igreja quanto de sociedade&#8221;.<\/p>\n<p><strong>OUSADIA<\/strong><\/p>\n<p>O funcion\u00e1rio \u00c9dson Caillaux faz parte dessa gera\u00e7\u00e3o de pessoas que cresceu com a Vozes, afinal 37 anos de sua vida passou ali. &#8220;Gostei de ver a ousadia da atual diretoria da Vozes ao fazer esse investimento. N\u00e3o havia outra escolha: ou fazia ou n\u00e3o teria mais como avan\u00e7ar&#8221;, acredita o subchefe do setor de acabamento. &#8220;Com este novo equipamento, a Editora entra na competitividade. \u00c9 claro que ainda ser\u00e3o necess\u00e1rios alguns meses de adapta\u00e7\u00e3o&#8221;, avalia \u00c9dson, que quando come\u00e7ou era ajudante no setor de acabamento. Hoje, j\u00e1 pensa na aposentadoria, diz que o novo equipamento foi feito para os jovens e fala em tom de despedida. &#8220;Sempre tive oportunidade na Vozes e nunca desperdicei. Qualquer m\u00e1quina eu sei operar. Sempre trabalhei e cuidei das m\u00e1quinas da Vozes como se fossem minhas. Fui muito feliz trabalhando na Editora e sempre vou falar dela com orgulho, afinal criei minha fam\u00edlia com este trabalho&#8221;, reconhece. Para ele, dois momentos marcaram muito a sua vida na Editora: trabalhar mais de 10 anos com Frei Ludovico Gomes de Castro &#8211; que em 25 anos expandiu a Editora em termos editoriais, gr\u00e1ficos e comerciais &#8211; e passar pela crise nos anos 80, que quase fechou a editora: &#8220;Nessa \u00e9poca senti de perto a crise, mas a nova diretoria voltou a reerguer a Vozes&#8221;, completou.<\/p>\n<p><strong>AGRADECIMENTOS<\/strong><\/p>\n<p>Frei M\u00e1rio Tagliari agradeceu a todos os frades da Prov\u00edncia e, em nome de Frei Moser, de Frei Volney e Frei Ludovico, a todos frades e colaboradores. &#8220;Usando um termo do Cap\u00edtulo Geral, acontecido h\u00e1 tr\u00eas anos na It\u00e1lia, a Ordem nos convida e nos convoca, como frades menores, a partilharmos a evangeliza\u00e7\u00e3o com os leigos e leigas. Com a moderniza\u00e7\u00e3o do parque gr\u00e1fico da Vozes, continuamos a acreditar na grandeza e no ideal sonhado h\u00e1 111 anos. A sementinha do primeiro sonho cresceu e cresceu muito. Por isso mesmo, que todos n\u00f3s saibamos restituir ao Senhor Deus Alt\u00edssimo por tudo o que ele tem operado e transformado atrav\u00e9s da Vozes&#8221;.<\/p>\n<p>Segundo Frei Volney, falando aos funcion\u00e1rios e visitantes, &#8220;podemos dizer que isso s\u00f3 foi poss\u00edvel porque voc\u00eas, na sede e nas filiais, tornaram isso poss\u00edvel&#8221;. J\u00e1 para \u00a0Frei Moser, o momento \u00e9 de agradecimento pelos muitos confrades que, ao longo destes 111 anos, auxiliados por muitas gera\u00e7\u00f5es, acreditaram na for\u00e7a da palavra escrita, e tamb\u00e9m \u00e9 de s\u00faplica: &#8220;Pedimos ainda que Deus nos ajude a conjugarmos sempre a melhor gest\u00e3o empresarial e esp\u00edrito familiar. Penso que se hoje a voz da Editora se faz presente em todo o pa\u00eds e, al\u00e9m de nossas fronteiras, devemos isso a todas essas conjuga\u00e7\u00f5es&#8221;, completou, dizendo que deixava claro que a diretoria atual &#8220;n\u00e3o \u00e9 dona&#8221; da Editora, mas foi designada por uma inst\u00e2ncia maior para lev\u00e1-la em frente pelo que ela representa para a Prov\u00edncia Franciscana da Imaculada Concei\u00e7\u00e3o do Brasil, para a Ordem Franciscana, para a Igreja e para a sociedade.<\/p>\n<p>[nggallery id=157]<\/p>\n","protected":false},"excerpt":{"rendered":"<p>Em Petr\u00f3polis<\/p>\n","protected":false},"author":1,"featured_media":210944,"comment_status":"closed","ping_status":"closed","sticky":false,"template":"","format":"standard","meta":[],"categories":[1],"tags":[238,243],"acf":[],"yoast_head":"<!-- This site is optimized with the Yoast SEO plugin v19.2 - https:\/\/yoast.com\/wordpress\/plugins\/seo\/ -->\n<title>Editora Vozes est\u00e1 pronta para o futuro - Not\u00edcias - Franciscanos<\/title>\n<meta name=\"robots\" content=\"index, follow, max-snippet:-1, max-image-preview:large, max-video-preview:-1\" \/>\n<link rel=\"canonical\" href=\"https:\/\/franciscanos.org.br\/noticias\/editora-vozes-esta-pronta-para-o-futuro.html\" \/>\n<meta property=\"og:locale\" content=\"pt_BR\" \/>\n<meta property=\"og:type\" content=\"article\" \/>\n<meta property=\"og:title\" content=\"Editora Vozes est\u00e1 pronta para o futuro - Not\u00edcias - Franciscanos\" \/>\n<meta property=\"og:description\" content=\"Em Petr\u00f3polis\" \/>\n<meta property=\"og:url\" content=\"https:\/\/franciscanos.org.br\/noticias\/editora-vozes-esta-pronta-para-o-futuro.html\" \/>\n<meta property=\"og:site_name\" content=\"Not\u00edcias - Franciscanos\" \/>\n<meta property=\"article:published_time\" content=\"2012-03-31T19:31:42+00:00\" \/>\n<meta property=\"article:modified_time\" content=\"2019-09-13T16:55:51+00:00\" \/>\n<meta property=\"og:image\" content=\"https:\/\/franciscanos.org.br\/noticias\/wp-content\/uploads\/2012\/03\/lino.jpg\" \/>\n\t<meta property=\"og:image:width\" content=\"273\" \/>\n\t<meta property=\"og:image:height\" content=\"181\" \/>\n\t<meta property=\"og:image:type\" content=\"image\/jpeg\" \/>\n<meta name=\"author\" content=\"admin\" \/>\n<meta name=\"twitter:card\" content=\"summary_large_image\" \/>\n<meta name=\"twitter:label1\" content=\"Escrito por\" \/>\n\t<meta name=\"twitter:data1\" content=\"admin\" \/>\n\t<meta name=\"twitter:label2\" content=\"Est. tempo de leitura\" \/>\n\t<meta name=\"twitter:data2\" content=\"7 minutos\" \/>\n<script type=\"application\/ld+json\" class=\"yoast-schema-graph\">{\"@context\":\"https:\/\/schema.org\",\"@graph\":[{\"@type\":\"WebSite\",\"@id\":\"https:\/\/franciscanos.org.br\/noticias\/#website\",\"url\":\"https:\/\/franciscanos.org.br\/noticias\/\",\"name\":\"Not\u00edcias - Franciscanos\",\"description\":\"Prov\u00edncia Franciscana da Imaculada Concei\u00e7\u00e3o do Brasil - Ordem dos Frades Menores - OFM\",\"potentialAction\":[{\"@type\":\"SearchAction\",\"target\":{\"@type\":\"EntryPoint\",\"urlTemplate\":\"https:\/\/franciscanos.org.br\/noticias\/?s={search_term_string}\"},\"query-input\":\"required name=search_term_string\"}],\"inLanguage\":\"pt-BR\"},{\"@type\":\"ImageObject\",\"inLanguage\":\"pt-BR\",\"@id\":\"https:\/\/franciscanos.org.br\/noticias\/editora-vozes-esta-pronta-para-o-futuro.html#primaryimage\",\"url\":\"https:\/\/franciscanos.org.br\/noticias\/wp-content\/uploads\/2012\/03\/lino.jpg\",\"contentUrl\":\"https:\/\/franciscanos.org.br\/noticias\/wp-content\/uploads\/2012\/03\/lino.jpg\",\"width\":273,\"height\":181},{\"@type\":\"WebPage\",\"@id\":\"https:\/\/franciscanos.org.br\/noticias\/editora-vozes-esta-pronta-para-o-futuro.html#webpage\",\"url\":\"https:\/\/franciscanos.org.br\/noticias\/editora-vozes-esta-pronta-para-o-futuro.html\",\"name\":\"Editora Vozes est\u00e1 pronta para o futuro - Not\u00edcias - Franciscanos\",\"isPartOf\":{\"@id\":\"https:\/\/franciscanos.org.br\/noticias\/#website\"},\"primaryImageOfPage\":{\"@id\":\"https:\/\/franciscanos.org.br\/noticias\/editora-vozes-esta-pronta-para-o-futuro.html#primaryimage\"},\"datePublished\":\"2012-03-31T19:31:42+00:00\",\"dateModified\":\"2019-09-13T16:55:51+00:00\",\"author\":{\"@id\":\"https:\/\/franciscanos.org.br\/noticias\/#\/schema\/person\/b38fbf43118f02820bd932f2e4b14ad3\"},\"breadcrumb\":{\"@id\":\"https:\/\/franciscanos.org.br\/noticias\/editora-vozes-esta-pronta-para-o-futuro.html#breadcrumb\"},\"inLanguage\":\"pt-BR\",\"potentialAction\":[{\"@type\":\"ReadAction\",\"target\":[\"https:\/\/franciscanos.org.br\/noticias\/editora-vozes-esta-pronta-para-o-futuro.html\"]}]},{\"@type\":\"BreadcrumbList\",\"@id\":\"https:\/\/franciscanos.org.br\/noticias\/editora-vozes-esta-pronta-para-o-futuro.html#breadcrumb\",\"itemListElement\":[{\"@type\":\"ListItem\",\"position\":1,\"name\":\"Home\",\"item\":\"https:\/\/franciscanos.org.br\/noticias\"},{\"@type\":\"ListItem\",\"position\":2,\"name\":\"Editora Vozes est\u00e1 pronta para o futuro\"}]},{\"@type\":\"Person\",\"@id\":\"https:\/\/franciscanos.org.br\/noticias\/#\/schema\/person\/b38fbf43118f02820bd932f2e4b14ad3\",\"name\":\"admin\",\"image\":{\"@type\":\"ImageObject\",\"inLanguage\":\"pt-BR\",\"@id\":\"https:\/\/franciscanos.org.br\/noticias\/#\/schema\/person\/image\/\",\"url\":\"https:\/\/secure.gravatar.com\/avatar\/e8495742d34d0ba6448ea1c628263b3e?s=96&d=mm&r=g\",\"contentUrl\":\"https:\/\/secure.gravatar.com\/avatar\/e8495742d34d0ba6448ea1c628263b3e?s=96&d=mm&r=g\",\"caption\":\"admin\"},\"url\":\"https:\/\/franciscanos.org.br\/noticias\/author\/admin\"}]}<\/script>\n<!-- \/ Yoast SEO plugin. -->","yoast_head_json":{"title":"Editora Vozes est\u00e1 pronta para o futuro - Not\u00edcias - Franciscanos","robots":{"index":"index","follow":"follow","max-snippet":"max-snippet:-1","max-image-preview":"max-image-preview:large","max-video-preview":"max-video-preview:-1"},"canonical":"https:\/\/franciscanos.org.br\/noticias\/editora-vozes-esta-pronta-para-o-futuro.html","og_locale":"pt_BR","og_type":"article","og_title":"Editora Vozes est\u00e1 pronta para o futuro - Not\u00edcias - Franciscanos","og_description":"Em Petr\u00f3polis","og_url":"https:\/\/franciscanos.org.br\/noticias\/editora-vozes-esta-pronta-para-o-futuro.html","og_site_name":"Not\u00edcias - Franciscanos","article_published_time":"2012-03-31T19:31:42+00:00","article_modified_time":"2019-09-13T16:55:51+00:00","og_image":[{"width":273,"height":181,"url":"https:\/\/franciscanos.org.br\/noticias\/wp-content\/uploads\/2012\/03\/lino.jpg","type":"image\/jpeg"}],"author":"admin","twitter_card":"summary_large_image","twitter_misc":{"Escrito por":"admin","Est. tempo de leitura":"7 minutos"},"schema":{"@context":"https:\/\/schema.org","@graph":[{"@type":"WebSite","@id":"https:\/\/franciscanos.org.br\/noticias\/#website","url":"https:\/\/franciscanos.org.br\/noticias\/","name":"Not\u00edcias - Franciscanos","description":"Prov\u00edncia Franciscana da Imaculada Concei\u00e7\u00e3o do Brasil - Ordem dos Frades Menores - OFM","potentialAction":[{"@type":"SearchAction","target":{"@type":"EntryPoint","urlTemplate":"https:\/\/franciscanos.org.br\/noticias\/?s={search_term_string}"},"query-input":"required name=search_term_string"}],"inLanguage":"pt-BR"},{"@type":"ImageObject","inLanguage":"pt-BR","@id":"https:\/\/franciscanos.org.br\/noticias\/editora-vozes-esta-pronta-para-o-futuro.html#primaryimage","url":"https:\/\/franciscanos.org.br\/noticias\/wp-content\/uploads\/2012\/03\/lino.jpg","contentUrl":"https:\/\/franciscanos.org.br\/noticias\/wp-content\/uploads\/2012\/03\/lino.jpg","width":273,"height":181},{"@type":"WebPage","@id":"https:\/\/franciscanos.org.br\/noticias\/editora-vozes-esta-pronta-para-o-futuro.html#webpage","url":"https:\/\/franciscanos.org.br\/noticias\/editora-vozes-esta-pronta-para-o-futuro.html","name":"Editora Vozes est\u00e1 pronta para o futuro - Not\u00edcias - Franciscanos","isPartOf":{"@id":"https:\/\/franciscanos.org.br\/noticias\/#website"},"primaryImageOfPage":{"@id":"https:\/\/franciscanos.org.br\/noticias\/editora-vozes-esta-pronta-para-o-futuro.html#primaryimage"},"datePublished":"2012-03-31T19:31:42+00:00","dateModified":"2019-09-13T16:55:51+00:00","author":{"@id":"https:\/\/franciscanos.org.br\/noticias\/#\/schema\/person\/b38fbf43118f02820bd932f2e4b14ad3"},"breadcrumb":{"@id":"https:\/\/franciscanos.org.br\/noticias\/editora-vozes-esta-pronta-para-o-futuro.html#breadcrumb"},"inLanguage":"pt-BR","potentialAction":[{"@type":"ReadAction","target":["https:\/\/franciscanos.org.br\/noticias\/editora-vozes-esta-pronta-para-o-futuro.html"]}]},{"@type":"BreadcrumbList","@id":"https:\/\/franciscanos.org.br\/noticias\/editora-vozes-esta-pronta-para-o-futuro.html#breadcrumb","itemListElement":[{"@type":"ListItem","position":1,"name":"Home","item":"https:\/\/franciscanos.org.br\/noticias"},{"@type":"ListItem","position":2,"name":"Editora Vozes est\u00e1 pronta para o futuro"}]},{"@type":"Person","@id":"https:\/\/franciscanos.org.br\/noticias\/#\/schema\/person\/b38fbf43118f02820bd932f2e4b14ad3","name":"admin","image":{"@type":"ImageObject","inLanguage":"pt-BR","@id":"https:\/\/franciscanos.org.br\/noticias\/#\/schema\/person\/image\/","url":"https:\/\/secure.gravatar.com\/avatar\/e8495742d34d0ba6448ea1c628263b3e?s=96&d=mm&r=g","contentUrl":"https:\/\/secure.gravatar.com\/avatar\/e8495742d34d0ba6448ea1c628263b3e?s=96&d=mm&r=g","caption":"admin"},"url":"https:\/\/franciscanos.org.br\/noticias\/author\/admin"}]}},"_links":{"self":[{"href":"https:\/\/franciscanos.org.br\/noticias\/wp-json\/wp\/v2\/posts\/14282"}],"collection":[{"href":"https:\/\/franciscanos.org.br\/noticias\/wp-json\/wp\/v2\/posts"}],"about":[{"href":"https:\/\/franciscanos.org.br\/noticias\/wp-json\/wp\/v2\/types\/post"}],"author":[{"embeddable":true,"href":"https:\/\/franciscanos.org.br\/noticias\/wp-json\/wp\/v2\/users\/1"}],"replies":[{"embeddable":true,"href":"https:\/\/franciscanos.org.br\/noticias\/wp-json\/wp\/v2\/comments?post=14282"}],"version-history":[{"count":0,"href":"https:\/\/franciscanos.org.br\/noticias\/wp-json\/wp\/v2\/posts\/14282\/revisions"}],"wp:featuredmedia":[{"embeddable":true,"href":"https:\/\/franciscanos.org.br\/noticias\/wp-json\/wp\/v2\/media\/210944"}],"wp:attachment":[{"href":"https:\/\/franciscanos.org.br\/noticias\/wp-json\/wp\/v2\/media?parent=14282"}],"wp:term":[{"taxonomy":"category","embeddable":true,"href":"https:\/\/franciscanos.org.br\/noticias\/wp-json\/wp\/v2\/categories?post=14282"},{"taxonomy":"post_tag","embeddable":true,"href":"https:\/\/franciscanos.org.br\/noticias\/wp-json\/wp\/v2\/tags?post=14282"}],"curies":[{"name":"wp","href":"https:\/\/api.w.org\/{rel}","templated":true}]}}