{"id":14275,"date":"2012-03-30T13:29:50","date_gmt":"2012-03-30T16:29:50","guid":{"rendered":"http:\/\/new.franciscanos.org.br\/?p=14275"},"modified":"2021-07-05T20:23:11","modified_gmt":"2021-07-05T23:23:11","slug":"importancia-dos-corais-na-semana-santa","status":"publish","type":"post","link":"https:\/\/franciscanos.org.br\/noticias\/importancia-dos-corais-na-semana-santa.html","title":{"rendered":"Import\u00e2ncia dos corais na Semana Santa"},"content":{"rendered":"<p><a href=\"http:\/\/franciscanos.org.br\/wp-content\/uploads\/2012\/03\/1823_300312.jpg\"><img loading=\"lazy\" class=\"alignright size-full wp-image-14276\" title=\"1823_300312\" src=\"http:\/\/franciscanos.org.br\/wp-content\/uploads\/2012\/03\/1823_300312.jpg\" alt=\"\" width=\"500\" height=\"281\" \/><\/a>A participa\u00e7\u00e3o de corais nos of\u00edcios lit\u00fargicos da Igreja Cat\u00f3lica \u00e9 muito antiga. H\u00e1 mais de mil e quinhentos anos foi criado o movimento coral com a funda\u00e7\u00e3o da <em>Schola Cantorum<\/em>, em Roma, pelo Papa Greg\u00f3rio Magno. Seus membros passaram a ser respons\u00e1veis pelo repert\u00f3rio mais elaborado da liturgia romana e ainda pela forma\u00e7\u00e3o musical dos cantores da Igreja, inicialmente na It\u00e1lia e depois, em toda a Europa.<\/p>\n<p>Assim se iniciou uma tradi\u00e7\u00e3o que perdura at\u00e9 os dias atuais. Os corais do Instituto dos Meninos Cantores de Petr\u00f3polis, participam dos ritos cat\u00f3licos durante todo o ano, e a Semana Santa \u00e9 o ponto alto dessa atividade. Canarinhos e Meninas dos Canarinhos s\u00e3o parte integrante da hist\u00f3ria da Igreja, que difundiu a m\u00fasica como forma de arte e ora\u00e7\u00e3o.<\/p>\n<p>Trata-se de um momento especial para meninos e meninas que, durante todo o ano, t\u00eam sua forma\u00e7\u00e3o musical aliada \u00e0 liturgia da igreja. Segundo o Diretor Art\u00edstico do IMCP, Marco Aur\u00e9lio Lischt,\u00a0 \u201cquando se trata de forma\u00e7\u00e3o musical e humana de nossos cantores e cantoras, damos continuidade ao que j\u00e1 \u00e9 uma tradi\u00e7\u00e3o milenar\u201d \u2013 revela. O Instituto dos Meninos Cantores de Petr\u00f3polis, como institui\u00e7\u00e3o filantr\u00f3pica e de utilidade p\u00fablica, administra a educa\u00e7\u00e3o musical de meninos e meninas, gratuitamente, dos 8 aos 18 anos de idade . O site do IMCP \u00e9 <a href=\"http:\/\/www.canarinhos.com.br\/\">www.canarinhos.com.br<\/a><\/p>\n<p align=\"center\"><strong><a href=\"http:\/\/franciscanos.org.br\/wp-content\/uploads\/2012\/03\/1824_300312.jpg\"><img loading=\"lazy\" class=\"alignleft size-full wp-image-14277\" title=\"1824_300312\" src=\"http:\/\/franciscanos.org.br\/wp-content\/uploads\/2012\/03\/1824_300312.jpg\" alt=\"\" width=\"300\" height=\"200\" \/><\/a>PROGRAMA\u00c7\u00c3O<\/strong><\/p>\n<p>Igreja do Sagrado Cora\u00e7\u00e3o de Jesus (rua Montecaseros, 95)<\/p>\n<p><strong>Domingo de Ramos<\/strong> \u2013 dia 01\/04, \u00e0s 10h \u2013 Coral das Meninas dos Canarinhos, sob a reg\u00eancia do maestro Marcelo Vizani.<\/p>\n<p><strong>Quinta-feira Santa<\/strong> \u2013 dia 05\/04, \u00e0s15h &#8211; Coral das Meninas dos Canarinhos, sob a reg\u00eancia do maestro Marcelo Vizani, canta durante da Cerim\u00f4nia do Lava-P\u00e9s. \u00c9 a mem\u00f3ria de um acontecimento durante a \u00faltima ceia, que Cristo celebrou com os seus seguidores mais pr\u00f3ximos.<\/p>\n<p><strong>Sexta-feira Santa<\/strong> \u2013 dia 06\/04, \u00e0s 15h, Coral dos Canarinhos de Petr\u00f3polis, sob a reg\u00eancia do maestro Marco Aur\u00e9lio Lischt.\u00a0Cerim\u00f4nia da Paix\u00e3o do Senhor. Os ritos da <strong>Sexta-Feira da Paix\u00e3o<\/strong> lembram a morte de Jesus Cristo. Nesse dia, n\u00e3o ocorre a celebra\u00e7\u00e3o da missa, apenas s\u00e3o feitas leituras e a <strong>Adora\u00e7\u00e3o da Santa Cruz<\/strong>.<\/p>\n<p><strong>Domingo<\/strong> \u2013 dia 08, \u00e0s 10h &#8211; Missa de P\u00e1scoa, Coral dos Canarinhos de Petr\u00f3polis, sob a reg\u00eancia do maestro Marco Aur\u00e9lio Lischt. Celebra\u00e7\u00e3o da Ressurrei\u00e7\u00e3o de Cristo. Alimenta na humanidade a alegria e a esperan\u00e7a, o recome\u00e7o da vida.<\/p>\n<p><strong>Por\u00a0Maril\u00edzia de Azevedo<\/strong><\/p>\n","protected":false},"excerpt":{"rendered":"<p>Canarinhos<\/p>\n","protected":false},"author":1,"featured_media":210942,"comment_status":"open","ping_status":"open","sticky":false,"template":"","format":"standard","meta":[],"categories":[1],"tags":[1378],"acf":[],"yoast_head":"<!-- This site is optimized with the Yoast SEO plugin v19.2 - https:\/\/yoast.com\/wordpress\/plugins\/seo\/ -->\n<title>Import\u00e2ncia dos corais na Semana Santa - Not\u00edcias - Franciscanos<\/title>\n<meta name=\"robots\" content=\"index, follow, max-snippet:-1, max-image-preview:large, max-video-preview:-1\" \/>\n<link rel=\"canonical\" href=\"https:\/\/franciscanos.org.br\/noticias\/importancia-dos-corais-na-semana-santa.html\" \/>\n<meta property=\"og:locale\" content=\"pt_BR\" \/>\n<meta property=\"og:type\" content=\"article\" \/>\n<meta property=\"og:title\" content=\"Import\u00e2ncia dos corais na Semana Santa - Not\u00edcias - Franciscanos\" \/>\n<meta property=\"og:description\" content=\"Canarinhos\" \/>\n<meta property=\"og:url\" content=\"https:\/\/franciscanos.org.br\/noticias\/importancia-dos-corais-na-semana-santa.html\" \/>\n<meta property=\"og:site_name\" content=\"Not\u00edcias - Franciscanos\" \/>\n<meta property=\"article:published_time\" content=\"2012-03-30T16:29:50+00:00\" \/>\n<meta property=\"article:modified_time\" content=\"2021-07-05T23:23:11+00:00\" \/>\n<meta property=\"og:image\" content=\"https:\/\/franciscanos.org.br\/noticias\/wp-content\/uploads\/2012\/03\/1823_300312.jpg\" \/>\n\t<meta property=\"og:image:width\" content=\"273\" \/>\n\t<meta property=\"og:image:height\" content=\"181\" \/>\n\t<meta property=\"og:image:type\" content=\"image\/jpeg\" \/>\n<meta name=\"author\" content=\"admin\" \/>\n<meta name=\"twitter:card\" content=\"summary_large_image\" \/>\n<meta name=\"twitter:label1\" content=\"Escrito por\" \/>\n\t<meta name=\"twitter:data1\" content=\"admin\" \/>\n\t<meta name=\"twitter:label2\" content=\"Est. tempo de leitura\" \/>\n\t<meta name=\"twitter:data2\" content=\"2 minutos\" \/>\n<script type=\"application\/ld+json\" class=\"yoast-schema-graph\">{\"@context\":\"https:\/\/schema.org\",\"@graph\":[{\"@type\":\"WebSite\",\"@id\":\"https:\/\/franciscanos.org.br\/noticias\/#website\",\"url\":\"https:\/\/franciscanos.org.br\/noticias\/\",\"name\":\"Not\u00edcias - Franciscanos\",\"description\":\"Prov\u00edncia Franciscana da Imaculada Concei\u00e7\u00e3o do Brasil - Ordem dos Frades Menores - OFM\",\"potentialAction\":[{\"@type\":\"SearchAction\",\"target\":{\"@type\":\"EntryPoint\",\"urlTemplate\":\"https:\/\/franciscanos.org.br\/noticias\/?s={search_term_string}\"},\"query-input\":\"required name=search_term_string\"}],\"inLanguage\":\"pt-BR\"},{\"@type\":\"ImageObject\",\"inLanguage\":\"pt-BR\",\"@id\":\"https:\/\/franciscanos.org.br\/noticias\/importancia-dos-corais-na-semana-santa.html#primaryimage\",\"url\":\"https:\/\/franciscanos.org.br\/noticias\/wp-content\/uploads\/2012\/03\/1823_300312.jpg\",\"contentUrl\":\"https:\/\/franciscanos.org.br\/noticias\/wp-content\/uploads\/2012\/03\/1823_300312.jpg\",\"width\":273,\"height\":181},{\"@type\":\"WebPage\",\"@id\":\"https:\/\/franciscanos.org.br\/noticias\/importancia-dos-corais-na-semana-santa.html#webpage\",\"url\":\"https:\/\/franciscanos.org.br\/noticias\/importancia-dos-corais-na-semana-santa.html\",\"name\":\"Import\u00e2ncia dos corais na Semana Santa - Not\u00edcias - Franciscanos\",\"isPartOf\":{\"@id\":\"https:\/\/franciscanos.org.br\/noticias\/#website\"},\"primaryImageOfPage\":{\"@id\":\"https:\/\/franciscanos.org.br\/noticias\/importancia-dos-corais-na-semana-santa.html#primaryimage\"},\"datePublished\":\"2012-03-30T16:29:50+00:00\",\"dateModified\":\"2021-07-05T23:23:11+00:00\",\"author\":{\"@id\":\"https:\/\/franciscanos.org.br\/noticias\/#\/schema\/person\/b38fbf43118f02820bd932f2e4b14ad3\"},\"breadcrumb\":{\"@id\":\"https:\/\/franciscanos.org.br\/noticias\/importancia-dos-corais-na-semana-santa.html#breadcrumb\"},\"inLanguage\":\"pt-BR\",\"potentialAction\":[{\"@type\":\"ReadAction\",\"target\":[\"https:\/\/franciscanos.org.br\/noticias\/importancia-dos-corais-na-semana-santa.html\"]}]},{\"@type\":\"BreadcrumbList\",\"@id\":\"https:\/\/franciscanos.org.br\/noticias\/importancia-dos-corais-na-semana-santa.html#breadcrumb\",\"itemListElement\":[{\"@type\":\"ListItem\",\"position\":1,\"name\":\"Home\",\"item\":\"https:\/\/franciscanos.org.br\/noticias\"},{\"@type\":\"ListItem\",\"position\":2,\"name\":\"Import\u00e2ncia dos corais na Semana Santa\"}]},{\"@type\":\"Person\",\"@id\":\"https:\/\/franciscanos.org.br\/noticias\/#\/schema\/person\/b38fbf43118f02820bd932f2e4b14ad3\",\"name\":\"admin\",\"image\":{\"@type\":\"ImageObject\",\"inLanguage\":\"pt-BR\",\"@id\":\"https:\/\/franciscanos.org.br\/noticias\/#\/schema\/person\/image\/\",\"url\":\"https:\/\/secure.gravatar.com\/avatar\/e8495742d34d0ba6448ea1c628263b3e?s=96&d=mm&r=g\",\"contentUrl\":\"https:\/\/secure.gravatar.com\/avatar\/e8495742d34d0ba6448ea1c628263b3e?s=96&d=mm&r=g\",\"caption\":\"admin\"},\"url\":\"https:\/\/franciscanos.org.br\/noticias\/author\/admin\"}]}<\/script>\n<!-- \/ Yoast SEO plugin. -->","yoast_head_json":{"title":"Import\u00e2ncia dos corais na Semana Santa - Not\u00edcias - Franciscanos","robots":{"index":"index","follow":"follow","max-snippet":"max-snippet:-1","max-image-preview":"max-image-preview:large","max-video-preview":"max-video-preview:-1"},"canonical":"https:\/\/franciscanos.org.br\/noticias\/importancia-dos-corais-na-semana-santa.html","og_locale":"pt_BR","og_type":"article","og_title":"Import\u00e2ncia dos corais na Semana Santa - Not\u00edcias - Franciscanos","og_description":"Canarinhos","og_url":"https:\/\/franciscanos.org.br\/noticias\/importancia-dos-corais-na-semana-santa.html","og_site_name":"Not\u00edcias - Franciscanos","article_published_time":"2012-03-30T16:29:50+00:00","article_modified_time":"2021-07-05T23:23:11+00:00","og_image":[{"width":273,"height":181,"url":"https:\/\/franciscanos.org.br\/noticias\/wp-content\/uploads\/2012\/03\/1823_300312.jpg","type":"image\/jpeg"}],"author":"admin","twitter_card":"summary_large_image","twitter_misc":{"Escrito por":"admin","Est. tempo de leitura":"2 minutos"},"schema":{"@context":"https:\/\/schema.org","@graph":[{"@type":"WebSite","@id":"https:\/\/franciscanos.org.br\/noticias\/#website","url":"https:\/\/franciscanos.org.br\/noticias\/","name":"Not\u00edcias - Franciscanos","description":"Prov\u00edncia Franciscana da Imaculada Concei\u00e7\u00e3o do Brasil - Ordem dos Frades Menores - OFM","potentialAction":[{"@type":"SearchAction","target":{"@type":"EntryPoint","urlTemplate":"https:\/\/franciscanos.org.br\/noticias\/?s={search_term_string}"},"query-input":"required name=search_term_string"}],"inLanguage":"pt-BR"},{"@type":"ImageObject","inLanguage":"pt-BR","@id":"https:\/\/franciscanos.org.br\/noticias\/importancia-dos-corais-na-semana-santa.html#primaryimage","url":"https:\/\/franciscanos.org.br\/noticias\/wp-content\/uploads\/2012\/03\/1823_300312.jpg","contentUrl":"https:\/\/franciscanos.org.br\/noticias\/wp-content\/uploads\/2012\/03\/1823_300312.jpg","width":273,"height":181},{"@type":"WebPage","@id":"https:\/\/franciscanos.org.br\/noticias\/importancia-dos-corais-na-semana-santa.html#webpage","url":"https:\/\/franciscanos.org.br\/noticias\/importancia-dos-corais-na-semana-santa.html","name":"Import\u00e2ncia dos corais na Semana Santa - Not\u00edcias - Franciscanos","isPartOf":{"@id":"https:\/\/franciscanos.org.br\/noticias\/#website"},"primaryImageOfPage":{"@id":"https:\/\/franciscanos.org.br\/noticias\/importancia-dos-corais-na-semana-santa.html#primaryimage"},"datePublished":"2012-03-30T16:29:50+00:00","dateModified":"2021-07-05T23:23:11+00:00","author":{"@id":"https:\/\/franciscanos.org.br\/noticias\/#\/schema\/person\/b38fbf43118f02820bd932f2e4b14ad3"},"breadcrumb":{"@id":"https:\/\/franciscanos.org.br\/noticias\/importancia-dos-corais-na-semana-santa.html#breadcrumb"},"inLanguage":"pt-BR","potentialAction":[{"@type":"ReadAction","target":["https:\/\/franciscanos.org.br\/noticias\/importancia-dos-corais-na-semana-santa.html"]}]},{"@type":"BreadcrumbList","@id":"https:\/\/franciscanos.org.br\/noticias\/importancia-dos-corais-na-semana-santa.html#breadcrumb","itemListElement":[{"@type":"ListItem","position":1,"name":"Home","item":"https:\/\/franciscanos.org.br\/noticias"},{"@type":"ListItem","position":2,"name":"Import\u00e2ncia dos corais na Semana Santa"}]},{"@type":"Person","@id":"https:\/\/franciscanos.org.br\/noticias\/#\/schema\/person\/b38fbf43118f02820bd932f2e4b14ad3","name":"admin","image":{"@type":"ImageObject","inLanguage":"pt-BR","@id":"https:\/\/franciscanos.org.br\/noticias\/#\/schema\/person\/image\/","url":"https:\/\/secure.gravatar.com\/avatar\/e8495742d34d0ba6448ea1c628263b3e?s=96&d=mm&r=g","contentUrl":"https:\/\/secure.gravatar.com\/avatar\/e8495742d34d0ba6448ea1c628263b3e?s=96&d=mm&r=g","caption":"admin"},"url":"https:\/\/franciscanos.org.br\/noticias\/author\/admin"}]}},"_links":{"self":[{"href":"https:\/\/franciscanos.org.br\/noticias\/wp-json\/wp\/v2\/posts\/14275"}],"collection":[{"href":"https:\/\/franciscanos.org.br\/noticias\/wp-json\/wp\/v2\/posts"}],"about":[{"href":"https:\/\/franciscanos.org.br\/noticias\/wp-json\/wp\/v2\/types\/post"}],"author":[{"embeddable":true,"href":"https:\/\/franciscanos.org.br\/noticias\/wp-json\/wp\/v2\/users\/1"}],"replies":[{"embeddable":true,"href":"https:\/\/franciscanos.org.br\/noticias\/wp-json\/wp\/v2\/comments?post=14275"}],"version-history":[{"count":1,"href":"https:\/\/franciscanos.org.br\/noticias\/wp-json\/wp\/v2\/posts\/14275\/revisions"}],"predecessor-version":[{"id":232926,"href":"https:\/\/franciscanos.org.br\/noticias\/wp-json\/wp\/v2\/posts\/14275\/revisions\/232926"}],"wp:featuredmedia":[{"embeddable":true,"href":"https:\/\/franciscanos.org.br\/noticias\/wp-json\/wp\/v2\/media\/210942"}],"wp:attachment":[{"href":"https:\/\/franciscanos.org.br\/noticias\/wp-json\/wp\/v2\/media?parent=14275"}],"wp:term":[{"taxonomy":"category","embeddable":true,"href":"https:\/\/franciscanos.org.br\/noticias\/wp-json\/wp\/v2\/categories?post=14275"},{"taxonomy":"post_tag","embeddable":true,"href":"https:\/\/franciscanos.org.br\/noticias\/wp-json\/wp\/v2\/tags?post=14275"}],"curies":[{"name":"wp","href":"https:\/\/api.w.org\/{rel}","templated":true}]}}