{"id":142738,"date":"2017-10-01T17:40:49","date_gmt":"2017-10-01T20:40:49","guid":{"rendered":"http:\/\/franciscanos.org.br\/?p=142738"},"modified":"2023-01-10T09:53:11","modified_gmt":"2023-01-10T12:53:11","slug":"frei-alan-inicia-seu-ministerio-presbiteral","status":"publish","type":"post","link":"https:\/\/franciscanos.org.br\/noticias\/frei-alan-inicia-seu-ministerio-presbiteral.html","title":{"rendered":"Frei Alan Maia inicia seu Minist\u00e9rio Presbiteral"},"content":{"rendered":"<p><img loading=\"lazy\" src=\"http:\/\/franciscanos.org.br\/wp-content\/uploads\/2017\/10\/missa_011017_3.jpg\" alt=\"missa_011017_3\" width=\"830\" height=\"464\" \/><\/p>\n<p><strong>\u00a0<\/strong><strong>Bangu (RJ)<\/strong> &#8211; O sacerdote \u2013 como est\u00e1 escrito em Hebreus 5 &#8211; \u00e9 \u201cum homem tirado por Deus do meio do povo e colocado a servi\u00e7o desse mesmo povo nas coisas de Deus\u201d. \u00c9 em tudo e em primeiro lugar um homem de Deus, algu\u00e9m que foi escolhido por Ele para ser o sinal vis\u00edvel da Sua presen\u00e7a no meio do mundo, como dizia ontem o Cardeal Orani Jo\u00e3o Tempesta. Pois foi com muita alegria e solenidade que a Par\u00f3quia S\u00e3o Judas Tadeu, em Bangu, se reuniu neste domingo, \u00e0s 9h30, para agradecer a Deus pelo in\u00edcio do Minist\u00e9rio Presbiteral de Frei Alan Maia.<\/p>\n<p>O envolvimento da Comunidade Paroquial que se viu durante a ordena\u00e7\u00e3o ontem, s\u00e1bado (30\/9), come\u00e7ou cedo neste domingo de sol e c\u00e9u azul. A comunidade corria pra l\u00e1 e pra c\u00e1, todos preocupados com os detalhes da liturgia, das homenagens, do som. N\u00e3o menos felizes estavam as crian\u00e7as nas primeiras filas de um lado da igreja e, de outro, os familiares de Frei Alan: o pai Marinaldo e a m\u00e3e Anita Maria de Fran\u00e7a Victor; a irm\u00e3 Aline e seu esposo Rodrigo.<\/p>\n<p>Frei Alan presidiu a celebra\u00e7\u00e3o tendo como concelebrantes o Ministro Provincial, Frei Fid\u00eancio Vanboemmel, o p\u00e1roco Pe. Jorge Luiz, Frei Diego Melo, Frei Alexandre Magno e Frei Paulo Santana. Seus confrades, di\u00e1conos, seminaristas, religiosos tamb\u00e9m vieram celebrar com ele esta nova etapa em sua vida religiosa.<\/p>\n<p><img loading=\"lazy\" src=\"http:\/\/franciscanos.org.br\/wp-content\/uploads\/2017\/10\/missa_011017_4.jpg\" alt=\"missa_011017_4\" width=\"830\" height=\"560\" \/><\/p>\n<p>A liturgia da palavra teve in\u00edcio com a entrada da B\u00edblia trazida pelo seu confrade Frei Camilo, que fez a primeira leitura e Frei Jos\u00e9 Raimundo fez a segunda. O di\u00e1cono Frei Vanderlei Silva Neves, que hoje reside em Xaxim, leu o Evangelho. Ele ser\u00e1 o pr\u00f3ximo frade desta Prov\u00edncia a ser ordenado sacerdote.<\/p>\n<p>Frei Gabriel Dellandrea fez a anima\u00e7\u00e3o da Missa e explicou que \u00e9 costume na Prov\u00edncia da Imaculada que, na Primeira Missa, o neo-sacerdote convide outro irm\u00e3o para fazer a prega\u00e7\u00e3o. Frei Alan escolheu Frei Alexandre Magno, que \u00e9 p\u00e1roco e guardi\u00e3o em Curitiba, porque ele fez parte de seu processo de discernimento vocacional e tamb\u00e9m participou da equipe formativa na etapa da Filosofia.<\/p>\n<p>Fazendo refer\u00eancia ao Evangelho do dia (Mt 21,28-32), Frei Alexandre explicou que o filho mais novo, que diz sim ao pai mas acaba n\u00e3o cumprindo a tarefa, lembra muito os sumo-sacerdotes que diziam sim \u00e0 lei antiga, mas eram incapazes de dizer sim ao seguimento do Senhor. Segundo Frei Alexandre, a hist\u00f3ria se repete hoje. &#8220;Existe uma divis\u00e3o entre o que celebramos e o que vivemos. E o que conta para nosso Deus \u00e9, sobretudo, uma viv\u00eancia no dia a dia do seguimento. E o pior \u00e9 que, muitas vezes, por pertencemos ao grupo daqueles que celebram o Senhor, chegamos a julgar aqueles irm\u00e3os que est\u00e3o distantes. Para o Senhor \u00e9 fundamental uma vida coerente&#8221;, disse Frei Alexandre.<\/p>\n<p><img loading=\"lazy\" src=\"http:\/\/franciscanos.org.br\/wp-content\/uploads\/2017\/10\/missa_011017_8.jpg\" alt=\"missa_011017_8\" width=\"830\" height=\"391\" \/><\/p>\n<p>Segundo o pregador <strong>(FOTO ACIMA<\/strong>), o Papa Francisco nos chama a aten\u00e7\u00e3o que \u00e9 tarefa da Igreja levar o Evangelho al\u00e9m das portas da igreja. &#8220;Esses dias, durante as Miss\u00f5es, ficou muito claro: a realidade do culto tem que ser transformada em miss\u00e3o. Tudo que n\u00f3s celebramos aqui diante do Senhor dever\u00e1 ser levado para o dia a dia de nossas vidas. \u00c9 o comprometimento com a vida do irm\u00e3o&#8221;, insistiu.<\/p>\n<p>Ele lembrou que o Papa Francisco prefere uma Igreja acidentada, sofrida, por ter sa\u00eddo para anunciar Jesus a outras pessoas do que uma Igreja que ficou sempre em torno de si mesma. &#8220;\u00c9 prefer\u00edvel o risco daqueles que saem&#8221;, acrescentou.<\/p>\n<p>Falando para Frei Alan, disse que hoje ele \u00e9 o agente da comunidade que sai em nome de Jesus. E deu algumas orienta\u00e7\u00f5es para iluminar a caminhada de Frei Alan. Como primeiro ponto, indicou &#8220;a capacidade de dialogar com a realidade que nos cerca&#8221;. &#8220;E essa realidade hoje clama a centralidade da Palavra. \u00c9 um processo longo e podemos dizer que Francisco tinha isso muito presente: o retorno ao Evangelho&#8221;, explicou.<\/p>\n<p><img loading=\"lazy\" src=\"http:\/\/franciscanos.org.br\/wp-content\/uploads\/2017\/10\/missa_011017_9.jpg\" alt=\"missa_011017_9\" width=\"830\" height=\"400\" \/><\/p>\n<p>Depois, como segundo ponto, disse que a Igreja vive a partir da ministerialidade. &#8220;A Igreja do Senhor \u00e9 uma Igreja ministerial. A\u00ed vemos S\u00e3o Francisco que respeita e valoriza os diversos dons e virtudes dos irm\u00e3os na fraternidade&#8221;.<\/p>\n<p>&#8220;Tamb\u00e9m o Conc\u00edlio Vaticano II coloca a necessidade de uma Igreja ministerial. O Vaticano II chega a dizer que \u00e9 tarefa urgente dos presb\u00edteros despertar nas comunidades novas lideran\u00e7as e ministros que ofere\u00e7am abundantemente o alimento da Palavra. Ser\u00e1 tarefa sua, Frei Alan, l\u00e1 onde estiver, ajudar o povo a Deus a se envolver no compromisso com a Palavra&#8221;, pediu, recordando que no pr\u00f3ximo ano a Igreja do Brasil celebrar\u00e1 o Ano do Laicato.<\/p>\n<p>Em terceiro lugar, lembrou que celebramos um m\u00eas mission\u00e1rio e franciscano. &#8220;Ent\u00e3o temos a necessidade de uma Igreja em sa\u00edda para realidades distantes. Uma Igreja que se compromete, mais e mais, com as periferias existenciais. Ser capaz de anunciar Jesus l\u00e1 onde Ele n\u00e3o \u00e9 anunciado&#8221;, indicou, destacando, por\u00e9m, o trabalho evangelizador dos frades hoje na Rocinha, como instrumentos de paz.<\/p>\n<p>&nbsp;<\/p>\n<p><img loading=\"lazy\" src=\"http:\/\/franciscanos.org.br\/wp-content\/uploads\/2017\/10\/missa_011017_1.jpg\" alt=\"missa_011017_1\" width=\"830\" height=\"443\" \/><\/p>\n<p style=\"text-align: center;\"><em>Frei Alan abra\u00e7a o garoto Jo\u00e3o Miguel que lhe fez uma bela homenagem.<\/em><\/p>\n<p>O pregador tamb\u00e9m ressaltou a import\u00e2ncia do di\u00e1logo, que \u00e9 pr\u00f3prio do carisma franciscano. &#8220;Aquele que \u00e9 realmente disc\u00edpulo, tem a capacidade de acreditar na Palavra e, como mission\u00e1rio, l\u00e1 onde estiver, ser\u00e1 um homem do di\u00e1logo, tamb\u00e9m para com aqueles que pensam diferente. Francisco fez isso quando visitou o sult\u00e3o. A Igreja ia com armas defender os lugares santos e Francisco ia s\u00f3 com a sua t\u00fanica. Gra\u00e7as a esse respeito, a Igreja e os franciscanos at\u00e9 hoje cuidam dos lugares santos&#8221;, recordou.<\/p>\n<p>Frei Alexandre encerrou falando da import\u00e2ncia do S\u00ednodo dos Jovens, convocado pelo Papa Francisco, com o tema &#8220;O jovem, a f\u00e9 e o discernimento vocacional&#8221;. Para se preparar tendo em vista esse grande momento da Igreja, pediu para a Comunidade falar das voca\u00e7\u00f5es, rezar pelas voca\u00e7\u00f5es e convidar nossos jovens e leigos para as miss\u00f5es.<\/p>\n<p>Do come\u00e7o ao fim, Frei Alan conduziu a celebra\u00e7\u00e3o com tanta seguran\u00e7a, tranquilidade, que nem parecia um neo-sacerdote. Apenas segurou a voz embargada em alguns momentos fortes da Eucaristia, como a consagra\u00e7\u00e3o.<\/p>\n<p>No final, depois do rito da Comunh\u00e3o, a Comunidade prestou muitas homenagens a Frei Alan, demonstrando o carinho que t\u00eam pelo novo sacerdote. Pe. Jorge voltou a agradecer os paroquianos e os frades, assim como a Frei Alan, que recebeu homenagens e presentes da Comunidade, atrav\u00e9s do garotinho Jo\u00e3o Miguel, de D\u00aa. Ad\u00e9lia, e da fam\u00edlia, atrav\u00e9s de sua tia S\u00edlvia. Ainda deu uma b\u00ean\u00e7\u00e3o especial \u00e0 sua irm\u00e3 Aline que est\u00e1 gr\u00e1vida e espera um menino que se chamar\u00e1 Afonso.<\/p>\n<p>Neste domingo mesmo, \u00e0s 18 horas, Frei Alan celebra na sua Comunidade da Rocinha.<\/p>\n<hr \/>\n<p><em>Comunica\u00e7\u00e3o da Prov\u00edncia da Imaculada Concei\u00e7\u00e3o<\/em><\/p>\n","protected":false},"excerpt":{"rendered":"<p>Primeira Missa<\/p>\n","protected":false},"author":1,"featured_media":203257,"comment_status":"open","ping_status":"open","sticky":false,"template":"","format":"standard","meta":[],"categories":[1],"tags":[1251,157],"acf":[],"yoast_head":"<!-- This site is optimized with the Yoast SEO plugin v19.2 - https:\/\/yoast.com\/wordpress\/plugins\/seo\/ -->\n<title>Frei Alan Maia inicia seu Minist\u00e9rio Presbiteral - Not\u00edcias - Franciscanos<\/title>\n<meta name=\"robots\" content=\"index, follow, max-snippet:-1, max-image-preview:large, max-video-preview:-1\" \/>\n<link rel=\"canonical\" href=\"https:\/\/franciscanos.org.br\/noticias\/frei-alan-inicia-seu-ministerio-presbiteral.html\" \/>\n<meta property=\"og:locale\" content=\"pt_BR\" \/>\n<meta property=\"og:type\" content=\"article\" \/>\n<meta property=\"og:title\" content=\"Frei Alan Maia inicia seu Minist\u00e9rio Presbiteral - Not\u00edcias - Franciscanos\" \/>\n<meta property=\"og:description\" content=\"Primeira Missa\" \/>\n<meta property=\"og:url\" content=\"https:\/\/franciscanos.org.br\/noticias\/frei-alan-inicia-seu-ministerio-presbiteral.html\" \/>\n<meta property=\"og:site_name\" content=\"Not\u00edcias - Franciscanos\" \/>\n<meta property=\"article:published_time\" content=\"2017-10-01T20:40:49+00:00\" \/>\n<meta property=\"article:modified_time\" content=\"2023-01-10T12:53:11+00:00\" \/>\n<meta property=\"og:image\" content=\"https:\/\/franciscanos.org.br\/noticias\/wp-content\/uploads\/2017\/10\/missa_011017_3.jpg\" \/>\n\t<meta property=\"og:image:width\" content=\"273\" \/>\n\t<meta property=\"og:image:height\" content=\"172\" \/>\n\t<meta property=\"og:image:type\" content=\"image\/jpeg\" \/>\n<meta name=\"author\" content=\"admin\" \/>\n<meta name=\"twitter:card\" content=\"summary_large_image\" \/>\n<meta name=\"twitter:label1\" content=\"Escrito por\" \/>\n\t<meta name=\"twitter:data1\" content=\"admin\" \/>\n\t<meta name=\"twitter:label2\" content=\"Est. tempo de leitura\" \/>\n\t<meta name=\"twitter:data2\" content=\"6 minutos\" \/>\n<script type=\"application\/ld+json\" class=\"yoast-schema-graph\">{\"@context\":\"https:\/\/schema.org\",\"@graph\":[{\"@type\":\"WebSite\",\"@id\":\"https:\/\/franciscanos.org.br\/noticias\/#website\",\"url\":\"https:\/\/franciscanos.org.br\/noticias\/\",\"name\":\"Not\u00edcias - Franciscanos\",\"description\":\"Prov\u00edncia Franciscana da Imaculada Concei\u00e7\u00e3o do Brasil - Ordem dos Frades Menores - OFM\",\"potentialAction\":[{\"@type\":\"SearchAction\",\"target\":{\"@type\":\"EntryPoint\",\"urlTemplate\":\"https:\/\/franciscanos.org.br\/noticias\/?s={search_term_string}\"},\"query-input\":\"required name=search_term_string\"}],\"inLanguage\":\"pt-BR\"},{\"@type\":\"ImageObject\",\"inLanguage\":\"pt-BR\",\"@id\":\"https:\/\/franciscanos.org.br\/noticias\/frei-alan-inicia-seu-ministerio-presbiteral.html#primaryimage\",\"url\":\"https:\/\/franciscanos.org.br\/noticias\/wp-content\/uploads\/2017\/10\/missa_011017_3.jpg\",\"contentUrl\":\"https:\/\/franciscanos.org.br\/noticias\/wp-content\/uploads\/2017\/10\/missa_011017_3.jpg\",\"width\":273,\"height\":172},{\"@type\":\"WebPage\",\"@id\":\"https:\/\/franciscanos.org.br\/noticias\/frei-alan-inicia-seu-ministerio-presbiteral.html#webpage\",\"url\":\"https:\/\/franciscanos.org.br\/noticias\/frei-alan-inicia-seu-ministerio-presbiteral.html\",\"name\":\"Frei Alan Maia inicia seu Minist\u00e9rio Presbiteral - Not\u00edcias - Franciscanos\",\"isPartOf\":{\"@id\":\"https:\/\/franciscanos.org.br\/noticias\/#website\"},\"primaryImageOfPage\":{\"@id\":\"https:\/\/franciscanos.org.br\/noticias\/frei-alan-inicia-seu-ministerio-presbiteral.html#primaryimage\"},\"datePublished\":\"2017-10-01T20:40:49+00:00\",\"dateModified\":\"2023-01-10T12:53:11+00:00\",\"author\":{\"@id\":\"https:\/\/franciscanos.org.br\/noticias\/#\/schema\/person\/b38fbf43118f02820bd932f2e4b14ad3\"},\"breadcrumb\":{\"@id\":\"https:\/\/franciscanos.org.br\/noticias\/frei-alan-inicia-seu-ministerio-presbiteral.html#breadcrumb\"},\"inLanguage\":\"pt-BR\",\"potentialAction\":[{\"@type\":\"ReadAction\",\"target\":[\"https:\/\/franciscanos.org.br\/noticias\/frei-alan-inicia-seu-ministerio-presbiteral.html\"]}]},{\"@type\":\"BreadcrumbList\",\"@id\":\"https:\/\/franciscanos.org.br\/noticias\/frei-alan-inicia-seu-ministerio-presbiteral.html#breadcrumb\",\"itemListElement\":[{\"@type\":\"ListItem\",\"position\":1,\"name\":\"Home\",\"item\":\"https:\/\/franciscanos.org.br\/noticias\"},{\"@type\":\"ListItem\",\"position\":2,\"name\":\"Frei Alan Maia inicia seu Minist\u00e9rio Presbiteral\"}]},{\"@type\":\"Person\",\"@id\":\"https:\/\/franciscanos.org.br\/noticias\/#\/schema\/person\/b38fbf43118f02820bd932f2e4b14ad3\",\"name\":\"admin\",\"image\":{\"@type\":\"ImageObject\",\"inLanguage\":\"pt-BR\",\"@id\":\"https:\/\/franciscanos.org.br\/noticias\/#\/schema\/person\/image\/\",\"url\":\"https:\/\/secure.gravatar.com\/avatar\/e8495742d34d0ba6448ea1c628263b3e?s=96&d=mm&r=g\",\"contentUrl\":\"https:\/\/secure.gravatar.com\/avatar\/e8495742d34d0ba6448ea1c628263b3e?s=96&d=mm&r=g\",\"caption\":\"admin\"},\"url\":\"https:\/\/franciscanos.org.br\/noticias\/author\/admin\"}]}<\/script>\n<!-- \/ Yoast SEO plugin. -->","yoast_head_json":{"title":"Frei Alan Maia inicia seu Minist\u00e9rio Presbiteral - Not\u00edcias - Franciscanos","robots":{"index":"index","follow":"follow","max-snippet":"max-snippet:-1","max-image-preview":"max-image-preview:large","max-video-preview":"max-video-preview:-1"},"canonical":"https:\/\/franciscanos.org.br\/noticias\/frei-alan-inicia-seu-ministerio-presbiteral.html","og_locale":"pt_BR","og_type":"article","og_title":"Frei Alan Maia inicia seu Minist\u00e9rio Presbiteral - Not\u00edcias - Franciscanos","og_description":"Primeira Missa","og_url":"https:\/\/franciscanos.org.br\/noticias\/frei-alan-inicia-seu-ministerio-presbiteral.html","og_site_name":"Not\u00edcias - Franciscanos","article_published_time":"2017-10-01T20:40:49+00:00","article_modified_time":"2023-01-10T12:53:11+00:00","og_image":[{"width":273,"height":172,"url":"https:\/\/franciscanos.org.br\/noticias\/wp-content\/uploads\/2017\/10\/missa_011017_3.jpg","type":"image\/jpeg"}],"author":"admin","twitter_card":"summary_large_image","twitter_misc":{"Escrito por":"admin","Est. tempo de leitura":"6 minutos"},"schema":{"@context":"https:\/\/schema.org","@graph":[{"@type":"WebSite","@id":"https:\/\/franciscanos.org.br\/noticias\/#website","url":"https:\/\/franciscanos.org.br\/noticias\/","name":"Not\u00edcias - Franciscanos","description":"Prov\u00edncia Franciscana da Imaculada Concei\u00e7\u00e3o do Brasil - Ordem dos Frades Menores - OFM","potentialAction":[{"@type":"SearchAction","target":{"@type":"EntryPoint","urlTemplate":"https:\/\/franciscanos.org.br\/noticias\/?s={search_term_string}"},"query-input":"required name=search_term_string"}],"inLanguage":"pt-BR"},{"@type":"ImageObject","inLanguage":"pt-BR","@id":"https:\/\/franciscanos.org.br\/noticias\/frei-alan-inicia-seu-ministerio-presbiteral.html#primaryimage","url":"https:\/\/franciscanos.org.br\/noticias\/wp-content\/uploads\/2017\/10\/missa_011017_3.jpg","contentUrl":"https:\/\/franciscanos.org.br\/noticias\/wp-content\/uploads\/2017\/10\/missa_011017_3.jpg","width":273,"height":172},{"@type":"WebPage","@id":"https:\/\/franciscanos.org.br\/noticias\/frei-alan-inicia-seu-ministerio-presbiteral.html#webpage","url":"https:\/\/franciscanos.org.br\/noticias\/frei-alan-inicia-seu-ministerio-presbiteral.html","name":"Frei Alan Maia inicia seu Minist\u00e9rio Presbiteral - Not\u00edcias - Franciscanos","isPartOf":{"@id":"https:\/\/franciscanos.org.br\/noticias\/#website"},"primaryImageOfPage":{"@id":"https:\/\/franciscanos.org.br\/noticias\/frei-alan-inicia-seu-ministerio-presbiteral.html#primaryimage"},"datePublished":"2017-10-01T20:40:49+00:00","dateModified":"2023-01-10T12:53:11+00:00","author":{"@id":"https:\/\/franciscanos.org.br\/noticias\/#\/schema\/person\/b38fbf43118f02820bd932f2e4b14ad3"},"breadcrumb":{"@id":"https:\/\/franciscanos.org.br\/noticias\/frei-alan-inicia-seu-ministerio-presbiteral.html#breadcrumb"},"inLanguage":"pt-BR","potentialAction":[{"@type":"ReadAction","target":["https:\/\/franciscanos.org.br\/noticias\/frei-alan-inicia-seu-ministerio-presbiteral.html"]}]},{"@type":"BreadcrumbList","@id":"https:\/\/franciscanos.org.br\/noticias\/frei-alan-inicia-seu-ministerio-presbiteral.html#breadcrumb","itemListElement":[{"@type":"ListItem","position":1,"name":"Home","item":"https:\/\/franciscanos.org.br\/noticias"},{"@type":"ListItem","position":2,"name":"Frei Alan Maia inicia seu Minist\u00e9rio Presbiteral"}]},{"@type":"Person","@id":"https:\/\/franciscanos.org.br\/noticias\/#\/schema\/person\/b38fbf43118f02820bd932f2e4b14ad3","name":"admin","image":{"@type":"ImageObject","inLanguage":"pt-BR","@id":"https:\/\/franciscanos.org.br\/noticias\/#\/schema\/person\/image\/","url":"https:\/\/secure.gravatar.com\/avatar\/e8495742d34d0ba6448ea1c628263b3e?s=96&d=mm&r=g","contentUrl":"https:\/\/secure.gravatar.com\/avatar\/e8495742d34d0ba6448ea1c628263b3e?s=96&d=mm&r=g","caption":"admin"},"url":"https:\/\/franciscanos.org.br\/noticias\/author\/admin"}]}},"_links":{"self":[{"href":"https:\/\/franciscanos.org.br\/noticias\/wp-json\/wp\/v2\/posts\/142738"}],"collection":[{"href":"https:\/\/franciscanos.org.br\/noticias\/wp-json\/wp\/v2\/posts"}],"about":[{"href":"https:\/\/franciscanos.org.br\/noticias\/wp-json\/wp\/v2\/types\/post"}],"author":[{"embeddable":true,"href":"https:\/\/franciscanos.org.br\/noticias\/wp-json\/wp\/v2\/users\/1"}],"replies":[{"embeddable":true,"href":"https:\/\/franciscanos.org.br\/noticias\/wp-json\/wp\/v2\/comments?post=142738"}],"version-history":[{"count":1,"href":"https:\/\/franciscanos.org.br\/noticias\/wp-json\/wp\/v2\/posts\/142738\/revisions"}],"predecessor-version":[{"id":241680,"href":"https:\/\/franciscanos.org.br\/noticias\/wp-json\/wp\/v2\/posts\/142738\/revisions\/241680"}],"wp:featuredmedia":[{"embeddable":true,"href":"https:\/\/franciscanos.org.br\/noticias\/wp-json\/wp\/v2\/media\/203257"}],"wp:attachment":[{"href":"https:\/\/franciscanos.org.br\/noticias\/wp-json\/wp\/v2\/media?parent=142738"}],"wp:term":[{"taxonomy":"category","embeddable":true,"href":"https:\/\/franciscanos.org.br\/noticias\/wp-json\/wp\/v2\/categories?post=142738"},{"taxonomy":"post_tag","embeddable":true,"href":"https:\/\/franciscanos.org.br\/noticias\/wp-json\/wp\/v2\/tags?post=142738"}],"curies":[{"name":"wp","href":"https:\/\/api.w.org\/{rel}","templated":true}]}}