{"id":142645,"date":"2017-09-30T23:34:15","date_gmt":"2017-10-01T02:34:15","guid":{"rendered":"http:\/\/franciscanos.org.br\/?p=142645"},"modified":"2023-01-10T09:53:57","modified_gmt":"2023-01-10T12:53:57","slug":"d-orani-pede-a-frei-alan-testemunho-e-servico","status":"publish","type":"post","link":"https:\/\/franciscanos.org.br\/noticias\/d-orani-pede-a-frei-alan-testemunho-e-servico.html","title":{"rendered":"D. Orani pede a Frei Alan testemunho e servi\u00e7o"},"content":{"rendered":"<p><img loading=\"lazy\" src=\"http:\/\/franciscanos.org.br\/wp-content\/uploads\/2017\/09\/alan_300917_1.jpg\" alt=\"alan_300917_1\" width=\"830\" height=\"475\" \/><\/p>\n<p><strong>\u00a0<\/strong><strong>Bangu (RJ)<\/strong> &#8211; A Comunidade Paroquial S\u00e3o Judas Tadeu de Bangu, refor\u00e7ada com a presen\u00e7a de dois \u00f4nibus de fi\u00e9is &#8211; um de Nil\u00f3polis e outro da Rocinha &#8211; fez uma linda celebra\u00e7\u00e3o para marcar o in\u00edcio do Minist\u00e9rio Sacerdotal de Frei Alan Maia de Fran\u00e7a Victor, que foi ordenado presb\u00edtero neste s\u00e1bado, \u00e0s 17 horas, pelo Cardeal Orani Jo\u00e3o Tempesta. O clima no bairro de Bangu, que \u00e9 conhecido pelas altas temperaturas no ver\u00e3o, ficou ameno com a chuva que chegou e deixou a festa ainda mais bonita.<\/p>\n<p>Al\u00e9m do Ministro Provincial, Frei Fid\u00eancio Vanboemmel, confrades de Frei Alan de toda a Prov\u00edncia da Imaculada participaram da celebra\u00e7\u00e3o, assim como sacerdotes e seminaristas da Arquidiocese do Rio. A Igreja ficou pequena para essa grande demonstra\u00e7\u00e3o de carinho pelo ordenando, que levou o p\u00e1roco Pe. Jorge Luiz a instalar um tel\u00e3o no Sal\u00e3o Paroquial.<\/p>\n<p><img loading=\"lazy\" src=\"http:\/\/franciscanos.org.br\/wp-content\/uploads\/2017\/09\/alan_300917_7.jpg\" alt=\"alan_300917_7\" width=\"830\" height=\"455\" \/><\/p>\n<p>Frei Alan teve ao seu lado, na prociss\u00e3o de entrada, o pai Marinaldo e a m\u00e3e Anita Maria de Fran\u00e7a Victor, que permaneceram com ele at\u00e9 ser chamado para se aproximar do Arcebispo, depois da liturgia da Palavra, quando teve in\u00edcio o rito da ordena\u00e7\u00e3o. Frei Fid\u00eancio apresentou Frei Alan e deu seu testemunho, em nome da Prov\u00edncia da Imaculada e do povo de Deus, que ele \u201cera considerado digno\u201d para o minist\u00e9rio sacerdotal.<\/p>\n<p>Na homilia, Dom Orani exortou o neo-sacerdote a ser testemunha e anunciador do amor de Deus. &#8220;Escolhemos esse nosso irm\u00e3o para Ordem do Presbiterato. Pode parecer uma frase do ritual da ordena\u00e7\u00e3o, mas \u00e9 do Evangelho: \u2018N\u00e3o fostes v\u00f3s que Me escolhestes, mas fui Eu que vos escolhi\u2019&#8221;, disse D. Orani. Segundo ele, \u00e9 um mist\u00e9rio o chamado de Deus em meio a toda essa confus\u00e3o do mundo de hoje, de gente perseguida, de crist\u00e3os sendo martirizados, de cidades em caos, n\u00e3o s\u00f3 por quest\u00f5es pol\u00edticas, mas quest\u00f5es \u00e9ticas, sociais etc.<\/p>\n<p>O ordenado deve levar a todos a experi\u00eancia da vida divina e isto lhe d\u00e1 a gra\u00e7a necess\u00e1ria para cumprir diversas tarefas relacionadas ao minist\u00e9rio sacerdotal. &#8220;Entre tantas m\u00e1s not\u00edcias, o ordenado foi escolhido para levar a grande boa not\u00edcia do amor de Deus, do compromisso pela pessoa&#8221;, acrescentou D. Orani.<\/p>\n<p><img loading=\"lazy\" src=\"http:\/\/franciscanos.org.br\/wp-content\/uploads\/2017\/09\/alan_300917_2.jpg\" alt=\"alan_300917_2\" width=\"830\" height=\"510\" \/><\/p>\n<p>&nbsp;<\/p>\n<p>Dom Orani lembrou que a ordena\u00e7\u00e3o de Frei Alan acontece \u00e0s v\u00e9speras da festa de S\u00e3o Francisco de Assis. &#8220;Frei Alan deixou a sua fam\u00edlia, a sua Par\u00f3quia para poder servir o carisma franciscano. Pois como bem nos exorta S\u00e3o Francisco de Assis: &#8216;Pregue o Evangelho em todo tempo. Se necess\u00e1rio use palavras&#8217;. Essa \u00e9 a ess\u00eancia de todo religioso e crist\u00e3o: ser testemunha do Deus ao qual Ele serve&#8221;, lembrou, enfatizando o testemunho do presb\u00edtero por toda a vida.<\/p>\n<p>Segundo D. Orani, viver a sua consagra\u00e7\u00e3o religiosa tornando-se presb\u00edtero \u00e9 uma grande miss\u00e3o e servi\u00e7o. &#8220;\u00c9 muito importante lembrar a sociedade hoje do transcendente, lembrar os valores de Deus, lembrar as pessoas que podem ser melhores e fazer o bem. Ser chamado por Deus para esta miss\u00e3o \u00e9 assumir todas as dores, dificuldades e alegrias que o minist\u00e9rio traz&#8221;, disse.<\/p>\n<p>&#8220;\u00c9 uma grande alegria se doar pelo Reino de Deus na comunica\u00e7\u00e3o do Evangelho&#8221;, completou.<\/p>\n<p><img loading=\"lazy\" src=\"http:\/\/franciscanos.org.br\/wp-content\/uploads\/2017\/09\/alan_300917_4.jpg\" alt=\"alan_300917_4\" width=\"830\" height=\"460\" \/><\/p>\n<p>Ap\u00f3s a homilia, o rito continuou com o prop\u00f3sito do eleito. Em seguida, foi cantada a Ladainha de todos os Santos, quando o eleito prostrou-se, como sinal de sua total entrega a Deus. Em seguida, o momento central da ordena\u00e7\u00e3o com a imposi\u00e7\u00e3o das m\u00e3os e a Prece de Ordena\u00e7\u00e3o. Na sequ\u00eancia, a \u00faltima parte do rito: un\u00e7\u00e3o das m\u00e3os e a veste do eleito com a casula e a estola.<\/p>\n<p>Dois momentos s\u00e3o sempre muito emocionantes: a un\u00e7\u00e3o das m\u00e3os, que s\u00e3o amarradas pelo bispo e depois s\u00e3o desamarradas pelos pais, que recebem a primeira b\u00ean\u00e7\u00e3o do novo presb\u00edtero. Outro momento marcante foi a vesti\u00e7\u00e3o, quando o neo-sacerdote, auxiliado por p\u00e1roco Pe Jorge Luiz, vestiu os paramentos pr\u00f3prios do presb\u00edtero, trazidos pela fam\u00edlia em prociss\u00e3o.<\/p>\n<p>Ordenado, Frei Alan concelebrou no altar e, neste domingo, 1\u00ba de outubro, presidir\u00e1 a sua Primeira Missa nesta Par\u00f3quia.<\/p>\n<p><img loading=\"lazy\" src=\"http:\/\/franciscanos.org.br\/wp-content\/uploads\/2017\/09\/alan_300917_5.jpg\" alt=\"alan_300917_5\" width=\"830\" height=\"445\" \/><\/p>\n<p><strong>AGRADECIMENTOS<\/strong><\/p>\n<p>Pe. Jorge Luiz fez os agradecimentos em nome da Par\u00f3quia e confessou a Frei Diego Melo, coordenador do Servi\u00e7o de Anima\u00e7\u00e3o Vocacional da Prov\u00edncia, que &#8220;j\u00e1 est\u00e3o sentindo saudades&#8221; depois de uma semana em miss\u00f5es em prepara\u00e7\u00e3o para a ordena\u00e7\u00e3o de Frei Alan. Pe. Jorge Luiz tamb\u00e9m enfatizou muito a colabora\u00e7\u00e3o dos paroquianos nesta celebra\u00e7\u00e3o. &#8220;O padre, \u00a0sozinho, n\u00e3o pode fazer nada. Mas quando o padre conta com a comunidade, e a comunidade abra\u00e7a a proposta, n\u00f3s sabemos que o resultado \u00e9 fant\u00e1stico&#8221;, disse, agradecendo muito os paroquianos.<\/p>\n<p><img loading=\"lazy\" class=\"alignleft size-full wp-image-142651\" src=\"http:\/\/franciscanos.org.br\/wp-content\/uploads\/2017\/09\/alan_300917_8.jpg\" alt=\"alan_300917_8\" width=\"337\" height=\"500\" \/>Frei Fid\u00eancio, em nome de toda a Fraternidade Provincial, agradeceu a D. Orani por aceitar ordenar Frei Alan. &#8220;Agrade\u00e7o mais uma vez por esta proximidade de irm\u00e3o e pai, cuidador dos nossos irm\u00e3os, especialmente dos que vivem sua vida penitencial aqui no Rio de Janeiro. Quero agradecer ao Pe. Jorge Luiz porque o Frei Diego nos dizia hoje que foram, desde o primeiro momento,muito\u00a0 bem acolhidos. A esta Comunidade Paroquial o nosso muito, muito, obrigado&#8221;, destacou, agradecendo \u00e0 fam\u00edlia de Frei Alan. &#8220;Eu sempre falo que voc\u00eas nos deram um companheiro, um amigo fiel, um irm\u00e3o necess\u00e1rio para viver conosco a nossa voca\u00e7\u00e3o franciscana nesse projeto evang\u00e9lico de S\u00e3o Francisco de Assis&#8221;, disse, dirigindo-se a Frei Alan: &#8220;Conte sempre com a gente na nossa Fraternidade Provincial. Muito obrigado a voc\u00ea e \u00e0 Comunidade da Rocinha onde voc\u00ea atua&#8221;.<\/p>\n<p>Frei Alan \u00e9 o filho mais velho do casal Marinaldo e Anita Maria de Fran\u00e7a Victor. Tem uma irm\u00e3, que se chama Aline, quatro anos mais nova. Atualmente ele comp\u00f5e a Fraternidade Franciscana Nossa Senhora da Boa Viagem, na Rocinha.<\/p>\n<p>Nos agradecimentos, Frei Alan, emocionado, louvou a Deus pelo dom da vida e da voca\u00e7\u00e3o, agradeceu \u00e0 fam\u00edlia, \u00e0 Prov\u00edncia Franciscana e \u00e0 Igreja, que acabara de acolh\u00ea-lo na Ordem dos Presb\u00edteros.<\/p>\n<p>A Dom Orani demonstrou a sua gratid\u00e3o e de sua fam\u00edlia pedindo que sua m\u00e3e lhe entregasse uma orqu\u00eddea como lembran\u00e7a. Agradeceu ao Pe. Tiago, que h\u00e1 dez anos deu a carta de recomenda\u00e7\u00e3o para entrar na Ordem dos Frades Menores: &#8220;Meu muito obrigado pelos conselhos e pela acolhida&#8221;, disse.<\/p>\n<p>N\u00e3o poupou agradecimentos ao p\u00e1roco Pe. Jorge Luiz, que abriu as portas da Par\u00f3quia e de sua casa para receber os mission\u00e1rios durante a Semana preparat\u00f3ria para a ordena\u00e7\u00e3o. &#8220;Sempre que o procurei para falar da ordena\u00e7\u00e3o, ele me dizia: &#8216;N\u00e3o se preocupe, est\u00e1 tudo certo!'&#8221;.<\/p>\n<p>Frei Alan agradeceu ao povo de Deus de sua Par\u00f3quia, de Nil\u00f3polis, onde passou dois anos fazendo pastoral quando era estudante de Teologia, e da Rocinha, onde vive atualmente. &#8220;Nos momentos de dificuldades, sempre repito nas celebra\u00e7\u00f5es, que sejamos instrumentos de paz naquela comunidade&#8221;, disse, muito aplaudido. A Rocinha viveu dias de ang\u00fastia e medo nas \u00faltimas semanas.<\/p>\n<p>&nbsp;<\/p>\n<p><img loading=\"lazy\" src=\"http:\/\/franciscanos.org.br\/wp-content\/uploads\/2017\/09\/alan_300917_3.jpg\" alt=\"alan_300917_3\" width=\"830\" height=\"484\" \/><\/p>\n<p>No final, Frei Alan surpreendeu e emocionou a todos ao pedir licen\u00e7a a D. Orani, a Frei Fid\u00eancio e ao p\u00e1roco Pe. Jorge para se dirigir ao povo. &#8220;A presen\u00e7a de voc\u00eas aqui nesta noite \u00e9 meu maior presente. Mas eu queria um segundo presente&#8221;, disse, ajoelhando-se e pedindo a todos que estendessem a m\u00e3o e rezassem um Pai Nosso e uma Ave Maria pelo servi\u00e7o que hoje estava abra\u00e7ando. &#8220;Que eu seja sinal e sacramento de Deus na vida do povo de Deus. Me ajudem e, quando necess\u00e1rio, corrijam-me tamb\u00e9m!&#8221;.<\/p>\n<hr \/>\n<p><em>Comunica\u00e7\u00e3o da Prov\u00edncia da Imaculada Concei\u00e7\u00e3o<\/em><\/p>\n","protected":false},"excerpt":{"rendered":"<p>Ordena\u00e7\u00e3o Presbiteral<\/p>\n","protected":false},"author":1,"featured_media":201368,"comment_status":"open","ping_status":"open","sticky":false,"template":"","format":"standard","meta":[],"categories":[1],"tags":[1251,157],"acf":[],"yoast_head":"<!-- This site is optimized with the Yoast SEO plugin v19.2 - https:\/\/yoast.com\/wordpress\/plugins\/seo\/ -->\n<title>D. Orani pede a Frei Alan testemunho e servi\u00e7o - Not\u00edcias - Franciscanos<\/title>\n<meta name=\"robots\" content=\"index, follow, max-snippet:-1, max-image-preview:large, max-video-preview:-1\" \/>\n<link rel=\"canonical\" href=\"https:\/\/franciscanos.org.br\/noticias\/d-orani-pede-a-frei-alan-testemunho-e-servico.html\" \/>\n<meta property=\"og:locale\" content=\"pt_BR\" \/>\n<meta property=\"og:type\" content=\"article\" \/>\n<meta property=\"og:title\" content=\"D. Orani pede a Frei Alan testemunho e servi\u00e7o - Not\u00edcias - Franciscanos\" \/>\n<meta property=\"og:description\" content=\"Ordena\u00e7\u00e3o Presbiteral\" \/>\n<meta property=\"og:url\" content=\"https:\/\/franciscanos.org.br\/noticias\/d-orani-pede-a-frei-alan-testemunho-e-servico.html\" \/>\n<meta property=\"og:site_name\" content=\"Not\u00edcias - Franciscanos\" \/>\n<meta property=\"article:published_time\" content=\"2017-10-01T02:34:15+00:00\" \/>\n<meta property=\"article:modified_time\" content=\"2023-01-10T12:53:57+00:00\" \/>\n<meta property=\"og:image\" content=\"https:\/\/franciscanos.org.br\/noticias\/wp-content\/uploads\/2017\/09\/alan_300917_1-1-1.jpg\" \/>\n\t<meta property=\"og:image:width\" content=\"273\" \/>\n\t<meta property=\"og:image:height\" content=\"181\" \/>\n\t<meta property=\"og:image:type\" content=\"image\/jpeg\" \/>\n<meta name=\"author\" content=\"admin\" \/>\n<meta name=\"twitter:card\" content=\"summary_large_image\" \/>\n<meta name=\"twitter:label1\" content=\"Escrito por\" \/>\n\t<meta name=\"twitter:data1\" content=\"admin\" \/>\n\t<meta name=\"twitter:label2\" content=\"Est. tempo de leitura\" \/>\n\t<meta name=\"twitter:data2\" content=\"7 minutos\" \/>\n<script type=\"application\/ld+json\" class=\"yoast-schema-graph\">{\"@context\":\"https:\/\/schema.org\",\"@graph\":[{\"@type\":\"WebSite\",\"@id\":\"https:\/\/franciscanos.org.br\/noticias\/#website\",\"url\":\"https:\/\/franciscanos.org.br\/noticias\/\",\"name\":\"Not\u00edcias - Franciscanos\",\"description\":\"Prov\u00edncia Franciscana da Imaculada Concei\u00e7\u00e3o do Brasil - Ordem dos Frades Menores - OFM\",\"potentialAction\":[{\"@type\":\"SearchAction\",\"target\":{\"@type\":\"EntryPoint\",\"urlTemplate\":\"https:\/\/franciscanos.org.br\/noticias\/?s={search_term_string}\"},\"query-input\":\"required name=search_term_string\"}],\"inLanguage\":\"pt-BR\"},{\"@type\":\"ImageObject\",\"inLanguage\":\"pt-BR\",\"@id\":\"https:\/\/franciscanos.org.br\/noticias\/d-orani-pede-a-frei-alan-testemunho-e-servico.html#primaryimage\",\"url\":\"https:\/\/franciscanos.org.br\/noticias\/wp-content\/uploads\/2017\/09\/alan_300917_1-1-1.jpg\",\"contentUrl\":\"https:\/\/franciscanos.org.br\/noticias\/wp-content\/uploads\/2017\/09\/alan_300917_1-1-1.jpg\",\"width\":273,\"height\":181},{\"@type\":\"WebPage\",\"@id\":\"https:\/\/franciscanos.org.br\/noticias\/d-orani-pede-a-frei-alan-testemunho-e-servico.html#webpage\",\"url\":\"https:\/\/franciscanos.org.br\/noticias\/d-orani-pede-a-frei-alan-testemunho-e-servico.html\",\"name\":\"D. Orani pede a Frei Alan testemunho e servi\u00e7o - Not\u00edcias - Franciscanos\",\"isPartOf\":{\"@id\":\"https:\/\/franciscanos.org.br\/noticias\/#website\"},\"primaryImageOfPage\":{\"@id\":\"https:\/\/franciscanos.org.br\/noticias\/d-orani-pede-a-frei-alan-testemunho-e-servico.html#primaryimage\"},\"datePublished\":\"2017-10-01T02:34:15+00:00\",\"dateModified\":\"2023-01-10T12:53:57+00:00\",\"author\":{\"@id\":\"https:\/\/franciscanos.org.br\/noticias\/#\/schema\/person\/b38fbf43118f02820bd932f2e4b14ad3\"},\"breadcrumb\":{\"@id\":\"https:\/\/franciscanos.org.br\/noticias\/d-orani-pede-a-frei-alan-testemunho-e-servico.html#breadcrumb\"},\"inLanguage\":\"pt-BR\",\"potentialAction\":[{\"@type\":\"ReadAction\",\"target\":[\"https:\/\/franciscanos.org.br\/noticias\/d-orani-pede-a-frei-alan-testemunho-e-servico.html\"]}]},{\"@type\":\"BreadcrumbList\",\"@id\":\"https:\/\/franciscanos.org.br\/noticias\/d-orani-pede-a-frei-alan-testemunho-e-servico.html#breadcrumb\",\"itemListElement\":[{\"@type\":\"ListItem\",\"position\":1,\"name\":\"Home\",\"item\":\"https:\/\/franciscanos.org.br\/noticias\"},{\"@type\":\"ListItem\",\"position\":2,\"name\":\"D. Orani pede a Frei Alan testemunho e servi\u00e7o\"}]},{\"@type\":\"Person\",\"@id\":\"https:\/\/franciscanos.org.br\/noticias\/#\/schema\/person\/b38fbf43118f02820bd932f2e4b14ad3\",\"name\":\"admin\",\"image\":{\"@type\":\"ImageObject\",\"inLanguage\":\"pt-BR\",\"@id\":\"https:\/\/franciscanos.org.br\/noticias\/#\/schema\/person\/image\/\",\"url\":\"https:\/\/secure.gravatar.com\/avatar\/e8495742d34d0ba6448ea1c628263b3e?s=96&d=mm&r=g\",\"contentUrl\":\"https:\/\/secure.gravatar.com\/avatar\/e8495742d34d0ba6448ea1c628263b3e?s=96&d=mm&r=g\",\"caption\":\"admin\"},\"url\":\"https:\/\/franciscanos.org.br\/noticias\/author\/admin\"}]}<\/script>\n<!-- \/ Yoast SEO plugin. -->","yoast_head_json":{"title":"D. Orani pede a Frei Alan testemunho e servi\u00e7o - Not\u00edcias - Franciscanos","robots":{"index":"index","follow":"follow","max-snippet":"max-snippet:-1","max-image-preview":"max-image-preview:large","max-video-preview":"max-video-preview:-1"},"canonical":"https:\/\/franciscanos.org.br\/noticias\/d-orani-pede-a-frei-alan-testemunho-e-servico.html","og_locale":"pt_BR","og_type":"article","og_title":"D. Orani pede a Frei Alan testemunho e servi\u00e7o - Not\u00edcias - Franciscanos","og_description":"Ordena\u00e7\u00e3o Presbiteral","og_url":"https:\/\/franciscanos.org.br\/noticias\/d-orani-pede-a-frei-alan-testemunho-e-servico.html","og_site_name":"Not\u00edcias - Franciscanos","article_published_time":"2017-10-01T02:34:15+00:00","article_modified_time":"2023-01-10T12:53:57+00:00","og_image":[{"width":273,"height":181,"url":"https:\/\/franciscanos.org.br\/noticias\/wp-content\/uploads\/2017\/09\/alan_300917_1-1-1.jpg","type":"image\/jpeg"}],"author":"admin","twitter_card":"summary_large_image","twitter_misc":{"Escrito por":"admin","Est. tempo de leitura":"7 minutos"},"schema":{"@context":"https:\/\/schema.org","@graph":[{"@type":"WebSite","@id":"https:\/\/franciscanos.org.br\/noticias\/#website","url":"https:\/\/franciscanos.org.br\/noticias\/","name":"Not\u00edcias - Franciscanos","description":"Prov\u00edncia Franciscana da Imaculada Concei\u00e7\u00e3o do Brasil - Ordem dos Frades Menores - OFM","potentialAction":[{"@type":"SearchAction","target":{"@type":"EntryPoint","urlTemplate":"https:\/\/franciscanos.org.br\/noticias\/?s={search_term_string}"},"query-input":"required name=search_term_string"}],"inLanguage":"pt-BR"},{"@type":"ImageObject","inLanguage":"pt-BR","@id":"https:\/\/franciscanos.org.br\/noticias\/d-orani-pede-a-frei-alan-testemunho-e-servico.html#primaryimage","url":"https:\/\/franciscanos.org.br\/noticias\/wp-content\/uploads\/2017\/09\/alan_300917_1-1-1.jpg","contentUrl":"https:\/\/franciscanos.org.br\/noticias\/wp-content\/uploads\/2017\/09\/alan_300917_1-1-1.jpg","width":273,"height":181},{"@type":"WebPage","@id":"https:\/\/franciscanos.org.br\/noticias\/d-orani-pede-a-frei-alan-testemunho-e-servico.html#webpage","url":"https:\/\/franciscanos.org.br\/noticias\/d-orani-pede-a-frei-alan-testemunho-e-servico.html","name":"D. Orani pede a Frei Alan testemunho e servi\u00e7o - Not\u00edcias - Franciscanos","isPartOf":{"@id":"https:\/\/franciscanos.org.br\/noticias\/#website"},"primaryImageOfPage":{"@id":"https:\/\/franciscanos.org.br\/noticias\/d-orani-pede-a-frei-alan-testemunho-e-servico.html#primaryimage"},"datePublished":"2017-10-01T02:34:15+00:00","dateModified":"2023-01-10T12:53:57+00:00","author":{"@id":"https:\/\/franciscanos.org.br\/noticias\/#\/schema\/person\/b38fbf43118f02820bd932f2e4b14ad3"},"breadcrumb":{"@id":"https:\/\/franciscanos.org.br\/noticias\/d-orani-pede-a-frei-alan-testemunho-e-servico.html#breadcrumb"},"inLanguage":"pt-BR","potentialAction":[{"@type":"ReadAction","target":["https:\/\/franciscanos.org.br\/noticias\/d-orani-pede-a-frei-alan-testemunho-e-servico.html"]}]},{"@type":"BreadcrumbList","@id":"https:\/\/franciscanos.org.br\/noticias\/d-orani-pede-a-frei-alan-testemunho-e-servico.html#breadcrumb","itemListElement":[{"@type":"ListItem","position":1,"name":"Home","item":"https:\/\/franciscanos.org.br\/noticias"},{"@type":"ListItem","position":2,"name":"D. Orani pede a Frei Alan testemunho e servi\u00e7o"}]},{"@type":"Person","@id":"https:\/\/franciscanos.org.br\/noticias\/#\/schema\/person\/b38fbf43118f02820bd932f2e4b14ad3","name":"admin","image":{"@type":"ImageObject","inLanguage":"pt-BR","@id":"https:\/\/franciscanos.org.br\/noticias\/#\/schema\/person\/image\/","url":"https:\/\/secure.gravatar.com\/avatar\/e8495742d34d0ba6448ea1c628263b3e?s=96&d=mm&r=g","contentUrl":"https:\/\/secure.gravatar.com\/avatar\/e8495742d34d0ba6448ea1c628263b3e?s=96&d=mm&r=g","caption":"admin"},"url":"https:\/\/franciscanos.org.br\/noticias\/author\/admin"}]}},"_links":{"self":[{"href":"https:\/\/franciscanos.org.br\/noticias\/wp-json\/wp\/v2\/posts\/142645"}],"collection":[{"href":"https:\/\/franciscanos.org.br\/noticias\/wp-json\/wp\/v2\/posts"}],"about":[{"href":"https:\/\/franciscanos.org.br\/noticias\/wp-json\/wp\/v2\/types\/post"}],"author":[{"embeddable":true,"href":"https:\/\/franciscanos.org.br\/noticias\/wp-json\/wp\/v2\/users\/1"}],"replies":[{"embeddable":true,"href":"https:\/\/franciscanos.org.br\/noticias\/wp-json\/wp\/v2\/comments?post=142645"}],"version-history":[{"count":1,"href":"https:\/\/franciscanos.org.br\/noticias\/wp-json\/wp\/v2\/posts\/142645\/revisions"}],"predecessor-version":[{"id":241681,"href":"https:\/\/franciscanos.org.br\/noticias\/wp-json\/wp\/v2\/posts\/142645\/revisions\/241681"}],"wp:featuredmedia":[{"embeddable":true,"href":"https:\/\/franciscanos.org.br\/noticias\/wp-json\/wp\/v2\/media\/201368"}],"wp:attachment":[{"href":"https:\/\/franciscanos.org.br\/noticias\/wp-json\/wp\/v2\/media?parent=142645"}],"wp:term":[{"taxonomy":"category","embeddable":true,"href":"https:\/\/franciscanos.org.br\/noticias\/wp-json\/wp\/v2\/categories?post=142645"},{"taxonomy":"post_tag","embeddable":true,"href":"https:\/\/franciscanos.org.br\/noticias\/wp-json\/wp\/v2\/tags?post=142645"}],"curies":[{"name":"wp","href":"https:\/\/api.w.org\/{rel}","templated":true}]}}