{"id":142554,"date":"2017-09-29T10:38:23","date_gmt":"2017-09-29T13:38:23","guid":{"rendered":"http:\/\/franciscanos.org.br\/?p=142554"},"modified":"2019-04-24T09:22:18","modified_gmt":"2019-04-24T12:22:18","slug":"frei-alan-juramento-de-fidelidade-ao-evangelho","status":"publish","type":"post","link":"https:\/\/franciscanos.org.br\/noticias\/frei-alan-juramento-de-fidelidade-ao-evangelho.html","title":{"rendered":"Frei Alan: juramento de fidelidade ao Evangelho"},"content":{"rendered":"<p><strong>Frei Leandro Costa<\/strong><\/p>\n<p><strong>Bangu (RJ)<\/strong> &#8211; \u00c0s v\u00e9speras da ordena\u00e7\u00e3o de Frei Alan Maia de Fran\u00e7a Victor, os mission\u00e1rios dedicaram seu dia de miss\u00e3o a uma diversidade de atividades evangelizadoras, dentre elas: visita aos doentes, visitas ao Pres\u00eddio Roberto Medeiros, b\u00ean\u00e7\u00e3os de casas. No final do dia, Missa de encerramento e encontro com jovens e adolescentes.<\/p>\n<p>Certamente, a s\u00edntese deste dia de miss\u00f5es \u00e9 o trecho do Evangelho de Mateus 25, 36: \u201cAdoeci, e visitastes-me; estive na pris\u00e3o, e foste me ver\u201d. Esse vers\u00edculo tem o tom e a cor do terceiro dia.<\/p>\n<p>Para a visita ao pres\u00eddio, acompanhou os mission\u00e1rios a Pastoral Carcer\u00e1ria da Par\u00f3quia. Os que foram a essa miss\u00e3o, sentiram-se desafiados. Estiveram diante de uma realidade toda ela fragilizada, em todos os termos poss\u00edveis. Diante da \u201ccultura do \u00f3dio\u201d, colocar-se frente a este contexto, \u00e9 possibilitar nascer de uma nova esperan\u00e7a \u00e0queles que, por seus limites, limitaram suas vidas por entre as grades. Por fim, por um contato todo ele simples, os mission\u00e1rios experimentaram o Cristo na pris\u00e3o.<\/p>\n<p>Para a celebra\u00e7\u00e3o do terceiro dia do Tr\u00edduo, presidiu Pe. Jorge Luiz. Sua homilia foi toda direcionada ao futuro presb\u00edtero. Em sua homilia, Pe. Jorge retomou os caminhos j\u00e1 refletidos nos dois dias do Tr\u00edduo: batismo, vida fraterna e destacou o sacerd\u00f3cio.<\/p>\n<p>\u201cVida de comunidade \u00e9 estar na din\u00e2mica da santidade\u201d, disse o padre. \u201cNa liturgia de hoje est\u00e1 impl\u00edcita e expl\u00edcita a miss\u00e3o do presb\u00edtero, de levar a miseric\u00f3rdia ao pecador a uma vida de arrependimento e n\u00e3o de remorso\u201d. Falando isto, Pe Jorge se referia ao Sacramento da Penit\u00eancia que ser\u00e1 administrado por Frei Alan em sua miss\u00e3o. O celebrante motivou Frei Alan \u00e0 fidelidade a este projeto de Deus, em sua vida.<\/p>\n<p><img loading=\"lazy\" src=\"http:\/\/franciscanos.org.br\/wp-content\/uploads\/2017\/09\/terceiro_290917_2.jpg\" alt=\"terceiro_290917_2\" width=\"820\" height=\"439\" \/><\/p>\n<p>\u201cO desejo da comunidade S\u00e3o Judas\u201d, segundo o padre, \u201c\u00e9 que voc\u00ea (Frei Alan) viva com fidelidade e devo\u00e7\u00e3o o convite de Jesus de assumir a cruz e segui-Lo\u201d. Ap\u00f3s a homilia, com as m\u00e3os sobre a Palavra de Deus, Frei Alan realizou o juramento de fidelidade ao Evangelho, a Deus e a Igreja. De acordo com o juramento, os dias de Frei Alan ser\u00e3o marcados por uma atividade apost\u00f3lica, vivida em comunh\u00e3o com a Santa Igreja.<\/p>\n<p>Amigos de Frei Alan trouxeram as vestes de Presb\u00edtero que foram usadas por Alan na Celebra\u00e7\u00e3o Eucar\u00edstica. A b\u00ean\u00e7\u00e3o foi dada por Padre Jorge. Ap\u00f3s esse momento, retomou ao rito Eucar\u00edstico.<\/p>\n<p>Ap\u00f3s a comunh\u00e3o, Frei Diego agradeceu ao p\u00e1roco Pe. Jorge pela acolhida franciscana nestes dias. O \u00faltimo e terceiro dia teve seu fim com a b\u00ean\u00e7\u00e3o dos frades ao povo, de forma individual. Como lembran\u00e7a, foi dada a famosa fitinha que lembra o compromisso com um mundo de paz e bem.<\/p>\n<p>Houve ainda, na noite anterior, o encontro com os jovens da Par\u00f3quia. Nesse encontro, falou-se sobre o carisma franciscano, uma pitada de apelo vocacional e uma partilha da caminhada de Frei Alan e de Irm\u00e3 Isabel, mission\u00e1ria.<\/p>\n","protected":false},"excerpt":{"rendered":"<p>Tr\u00edduo preparat\u00f3rio para a ordena\u00e7\u00e3o presbiteral<\/p>\n","protected":false},"author":1,"featured_media":203256,"comment_status":"open","ping_status":"open","sticky":false,"template":"","format":"standard","meta":[],"categories":[1],"tags":[1251,157],"acf":[],"yoast_head":"<!-- This site is optimized with the Yoast SEO plugin v19.2 - https:\/\/yoast.com\/wordpress\/plugins\/seo\/ -->\n<title>Frei Alan: juramento de fidelidade ao Evangelho - Not\u00edcias - Franciscanos<\/title>\n<meta name=\"robots\" content=\"index, follow, max-snippet:-1, max-image-preview:large, max-video-preview:-1\" \/>\n<link rel=\"canonical\" href=\"https:\/\/franciscanos.org.br\/noticias\/frei-alan-juramento-de-fidelidade-ao-evangelho.html\" \/>\n<meta property=\"og:locale\" content=\"pt_BR\" \/>\n<meta property=\"og:type\" content=\"article\" \/>\n<meta property=\"og:title\" content=\"Frei Alan: juramento de fidelidade ao Evangelho - Not\u00edcias - Franciscanos\" \/>\n<meta property=\"og:description\" content=\"Tr\u00edduo preparat\u00f3rio para a ordena\u00e7\u00e3o presbiteral\" \/>\n<meta property=\"og:url\" content=\"https:\/\/franciscanos.org.br\/noticias\/frei-alan-juramento-de-fidelidade-ao-evangelho.html\" \/>\n<meta property=\"og:site_name\" content=\"Not\u00edcias - Franciscanos\" \/>\n<meta property=\"article:published_time\" content=\"2017-09-29T13:38:23+00:00\" \/>\n<meta property=\"article:modified_time\" content=\"2019-04-24T12:22:18+00:00\" \/>\n<meta property=\"og:image\" content=\"https:\/\/franciscanos.org.br\/noticias\/wp-content\/uploads\/2017\/09\/terceiro_290917_2.jpg\" \/>\n\t<meta property=\"og:image:width\" content=\"273\" \/>\n\t<meta property=\"og:image:height\" content=\"172\" \/>\n\t<meta property=\"og:image:type\" content=\"image\/jpeg\" \/>\n<meta name=\"author\" content=\"admin\" \/>\n<meta name=\"twitter:card\" content=\"summary_large_image\" \/>\n<meta name=\"twitter:label1\" content=\"Escrito por\" \/>\n\t<meta name=\"twitter:data1\" content=\"admin\" \/>\n\t<meta name=\"twitter:label2\" content=\"Est. tempo de leitura\" \/>\n\t<meta name=\"twitter:data2\" content=\"3 minutos\" \/>\n<script type=\"application\/ld+json\" class=\"yoast-schema-graph\">{\"@context\":\"https:\/\/schema.org\",\"@graph\":[{\"@type\":\"WebSite\",\"@id\":\"https:\/\/franciscanos.org.br\/noticias\/#website\",\"url\":\"https:\/\/franciscanos.org.br\/noticias\/\",\"name\":\"Not\u00edcias - Franciscanos\",\"description\":\"Prov\u00edncia Franciscana da Imaculada Concei\u00e7\u00e3o do Brasil - Ordem dos Frades Menores - OFM\",\"potentialAction\":[{\"@type\":\"SearchAction\",\"target\":{\"@type\":\"EntryPoint\",\"urlTemplate\":\"https:\/\/franciscanos.org.br\/noticias\/?s={search_term_string}\"},\"query-input\":\"required name=search_term_string\"}],\"inLanguage\":\"pt-BR\"},{\"@type\":\"ImageObject\",\"inLanguage\":\"pt-BR\",\"@id\":\"https:\/\/franciscanos.org.br\/noticias\/frei-alan-juramento-de-fidelidade-ao-evangelho.html#primaryimage\",\"url\":\"https:\/\/franciscanos.org.br\/noticias\/wp-content\/uploads\/2017\/09\/terceiro_290917_2.jpg\",\"contentUrl\":\"https:\/\/franciscanos.org.br\/noticias\/wp-content\/uploads\/2017\/09\/terceiro_290917_2.jpg\",\"width\":273,\"height\":172},{\"@type\":\"WebPage\",\"@id\":\"https:\/\/franciscanos.org.br\/noticias\/frei-alan-juramento-de-fidelidade-ao-evangelho.html#webpage\",\"url\":\"https:\/\/franciscanos.org.br\/noticias\/frei-alan-juramento-de-fidelidade-ao-evangelho.html\",\"name\":\"Frei Alan: juramento de fidelidade ao Evangelho - Not\u00edcias - Franciscanos\",\"isPartOf\":{\"@id\":\"https:\/\/franciscanos.org.br\/noticias\/#website\"},\"primaryImageOfPage\":{\"@id\":\"https:\/\/franciscanos.org.br\/noticias\/frei-alan-juramento-de-fidelidade-ao-evangelho.html#primaryimage\"},\"datePublished\":\"2017-09-29T13:38:23+00:00\",\"dateModified\":\"2019-04-24T12:22:18+00:00\",\"author\":{\"@id\":\"https:\/\/franciscanos.org.br\/noticias\/#\/schema\/person\/b38fbf43118f02820bd932f2e4b14ad3\"},\"breadcrumb\":{\"@id\":\"https:\/\/franciscanos.org.br\/noticias\/frei-alan-juramento-de-fidelidade-ao-evangelho.html#breadcrumb\"},\"inLanguage\":\"pt-BR\",\"potentialAction\":[{\"@type\":\"ReadAction\",\"target\":[\"https:\/\/franciscanos.org.br\/noticias\/frei-alan-juramento-de-fidelidade-ao-evangelho.html\"]}]},{\"@type\":\"BreadcrumbList\",\"@id\":\"https:\/\/franciscanos.org.br\/noticias\/frei-alan-juramento-de-fidelidade-ao-evangelho.html#breadcrumb\",\"itemListElement\":[{\"@type\":\"ListItem\",\"position\":1,\"name\":\"Home\",\"item\":\"https:\/\/franciscanos.org.br\/noticias\"},{\"@type\":\"ListItem\",\"position\":2,\"name\":\"Frei Alan: juramento de fidelidade ao Evangelho\"}]},{\"@type\":\"Person\",\"@id\":\"https:\/\/franciscanos.org.br\/noticias\/#\/schema\/person\/b38fbf43118f02820bd932f2e4b14ad3\",\"name\":\"admin\",\"image\":{\"@type\":\"ImageObject\",\"inLanguage\":\"pt-BR\",\"@id\":\"https:\/\/franciscanos.org.br\/noticias\/#\/schema\/person\/image\/\",\"url\":\"https:\/\/secure.gravatar.com\/avatar\/e8495742d34d0ba6448ea1c628263b3e?s=96&d=mm&r=g\",\"contentUrl\":\"https:\/\/secure.gravatar.com\/avatar\/e8495742d34d0ba6448ea1c628263b3e?s=96&d=mm&r=g\",\"caption\":\"admin\"},\"url\":\"https:\/\/franciscanos.org.br\/noticias\/author\/admin\"}]}<\/script>\n<!-- \/ Yoast SEO plugin. -->","yoast_head_json":{"title":"Frei Alan: juramento de fidelidade ao Evangelho - Not\u00edcias - Franciscanos","robots":{"index":"index","follow":"follow","max-snippet":"max-snippet:-1","max-image-preview":"max-image-preview:large","max-video-preview":"max-video-preview:-1"},"canonical":"https:\/\/franciscanos.org.br\/noticias\/frei-alan-juramento-de-fidelidade-ao-evangelho.html","og_locale":"pt_BR","og_type":"article","og_title":"Frei Alan: juramento de fidelidade ao Evangelho - Not\u00edcias - Franciscanos","og_description":"Tr\u00edduo preparat\u00f3rio para a ordena\u00e7\u00e3o presbiteral","og_url":"https:\/\/franciscanos.org.br\/noticias\/frei-alan-juramento-de-fidelidade-ao-evangelho.html","og_site_name":"Not\u00edcias - Franciscanos","article_published_time":"2017-09-29T13:38:23+00:00","article_modified_time":"2019-04-24T12:22:18+00:00","og_image":[{"width":273,"height":172,"url":"https:\/\/franciscanos.org.br\/noticias\/wp-content\/uploads\/2017\/09\/terceiro_290917_2.jpg","type":"image\/jpeg"}],"author":"admin","twitter_card":"summary_large_image","twitter_misc":{"Escrito por":"admin","Est. tempo de leitura":"3 minutos"},"schema":{"@context":"https:\/\/schema.org","@graph":[{"@type":"WebSite","@id":"https:\/\/franciscanos.org.br\/noticias\/#website","url":"https:\/\/franciscanos.org.br\/noticias\/","name":"Not\u00edcias - Franciscanos","description":"Prov\u00edncia Franciscana da Imaculada Concei\u00e7\u00e3o do Brasil - Ordem dos Frades Menores - OFM","potentialAction":[{"@type":"SearchAction","target":{"@type":"EntryPoint","urlTemplate":"https:\/\/franciscanos.org.br\/noticias\/?s={search_term_string}"},"query-input":"required name=search_term_string"}],"inLanguage":"pt-BR"},{"@type":"ImageObject","inLanguage":"pt-BR","@id":"https:\/\/franciscanos.org.br\/noticias\/frei-alan-juramento-de-fidelidade-ao-evangelho.html#primaryimage","url":"https:\/\/franciscanos.org.br\/noticias\/wp-content\/uploads\/2017\/09\/terceiro_290917_2.jpg","contentUrl":"https:\/\/franciscanos.org.br\/noticias\/wp-content\/uploads\/2017\/09\/terceiro_290917_2.jpg","width":273,"height":172},{"@type":"WebPage","@id":"https:\/\/franciscanos.org.br\/noticias\/frei-alan-juramento-de-fidelidade-ao-evangelho.html#webpage","url":"https:\/\/franciscanos.org.br\/noticias\/frei-alan-juramento-de-fidelidade-ao-evangelho.html","name":"Frei Alan: juramento de fidelidade ao Evangelho - Not\u00edcias - Franciscanos","isPartOf":{"@id":"https:\/\/franciscanos.org.br\/noticias\/#website"},"primaryImageOfPage":{"@id":"https:\/\/franciscanos.org.br\/noticias\/frei-alan-juramento-de-fidelidade-ao-evangelho.html#primaryimage"},"datePublished":"2017-09-29T13:38:23+00:00","dateModified":"2019-04-24T12:22:18+00:00","author":{"@id":"https:\/\/franciscanos.org.br\/noticias\/#\/schema\/person\/b38fbf43118f02820bd932f2e4b14ad3"},"breadcrumb":{"@id":"https:\/\/franciscanos.org.br\/noticias\/frei-alan-juramento-de-fidelidade-ao-evangelho.html#breadcrumb"},"inLanguage":"pt-BR","potentialAction":[{"@type":"ReadAction","target":["https:\/\/franciscanos.org.br\/noticias\/frei-alan-juramento-de-fidelidade-ao-evangelho.html"]}]},{"@type":"BreadcrumbList","@id":"https:\/\/franciscanos.org.br\/noticias\/frei-alan-juramento-de-fidelidade-ao-evangelho.html#breadcrumb","itemListElement":[{"@type":"ListItem","position":1,"name":"Home","item":"https:\/\/franciscanos.org.br\/noticias"},{"@type":"ListItem","position":2,"name":"Frei Alan: juramento de fidelidade ao Evangelho"}]},{"@type":"Person","@id":"https:\/\/franciscanos.org.br\/noticias\/#\/schema\/person\/b38fbf43118f02820bd932f2e4b14ad3","name":"admin","image":{"@type":"ImageObject","inLanguage":"pt-BR","@id":"https:\/\/franciscanos.org.br\/noticias\/#\/schema\/person\/image\/","url":"https:\/\/secure.gravatar.com\/avatar\/e8495742d34d0ba6448ea1c628263b3e?s=96&d=mm&r=g","contentUrl":"https:\/\/secure.gravatar.com\/avatar\/e8495742d34d0ba6448ea1c628263b3e?s=96&d=mm&r=g","caption":"admin"},"url":"https:\/\/franciscanos.org.br\/noticias\/author\/admin"}]}},"_links":{"self":[{"href":"https:\/\/franciscanos.org.br\/noticias\/wp-json\/wp\/v2\/posts\/142554"}],"collection":[{"href":"https:\/\/franciscanos.org.br\/noticias\/wp-json\/wp\/v2\/posts"}],"about":[{"href":"https:\/\/franciscanos.org.br\/noticias\/wp-json\/wp\/v2\/types\/post"}],"author":[{"embeddable":true,"href":"https:\/\/franciscanos.org.br\/noticias\/wp-json\/wp\/v2\/users\/1"}],"replies":[{"embeddable":true,"href":"https:\/\/franciscanos.org.br\/noticias\/wp-json\/wp\/v2\/comments?post=142554"}],"version-history":[{"count":0,"href":"https:\/\/franciscanos.org.br\/noticias\/wp-json\/wp\/v2\/posts\/142554\/revisions"}],"wp:featuredmedia":[{"embeddable":true,"href":"https:\/\/franciscanos.org.br\/noticias\/wp-json\/wp\/v2\/media\/203256"}],"wp:attachment":[{"href":"https:\/\/franciscanos.org.br\/noticias\/wp-json\/wp\/v2\/media?parent=142554"}],"wp:term":[{"taxonomy":"category","embeddable":true,"href":"https:\/\/franciscanos.org.br\/noticias\/wp-json\/wp\/v2\/categories?post=142554"},{"taxonomy":"post_tag","embeddable":true,"href":"https:\/\/franciscanos.org.br\/noticias\/wp-json\/wp\/v2\/tags?post=142554"}],"curies":[{"name":"wp","href":"https:\/\/api.w.org\/{rel}","templated":true}]}}