{"id":142532,"date":"2017-09-29T07:18:30","date_gmt":"2017-09-29T10:18:30","guid":{"rendered":"http:\/\/franciscanos.org.br\/?p=142532"},"modified":"2020-06-08T17:02:38","modified_gmt":"2020-06-08T20:02:38","slug":"arcanjos-sao-companheiros-de-vida-diz-o-papa","status":"publish","type":"post","link":"https:\/\/franciscanos.org.br\/noticias\/arcanjos-sao-companheiros-de-vida-diz-o-papa.html","title":{"rendered":"Arcanjos s\u00e3o companheiros de vida, diz o Papa"},"content":{"rendered":"<p><img loading=\"lazy\" src=\"http:\/\/franciscanos.org.br\/wp-content\/uploads\/2017\/09\/papa_290917.jpg\" alt=\"papa_290917\" width=\"820\" height=\"460\" \/><\/p>\n<p><strong>Cidade do Vaticano<\/strong> \u2013 N\u00f3s e os anjos temos a mesma voca\u00e7\u00e3o: \u201cCooperar juntos para o des\u00edgnio de salva\u00e7\u00e3o de Deus\u201d. Foi o que disse o Papa na homilia da Missa celebrada na Casa Santa Marta, por ocasi\u00e3o da Festa dos tr\u00eas arcanjos Miguel, Rafael e Gabriel: \u201cSomos \u2013 por assim dizer \u2013 \u2018irm\u00e3os\u2019 na voca\u00e7\u00e3o. E eles est\u00e3o diante do Senhor para servi-lo, louv\u00e1-lo e tamb\u00e9m para contemplar a gl\u00f3ria do rosto do Senhor. Os anjos s\u00e3o os grandes contemplativos. Eles contemplam o Senhor; servem e contemplam. Mas tamb\u00e9m o Senhor os envia para nos acompanhar no caminho da vida&#8221;.<\/p>\n<p>Em especial, Miguel, Gabriel e Rafael, explicou Francisco, t\u00eam um \u201cpapel importante no nosso caminho rumo \u00e0 salva\u00e7\u00e3o\u201d. \u201cO Grande Miguel \u00e9 que declara guerra ao diabo\u201d, ao \u201cgrande drag\u00e3o\u201d, \u00e0 \u201cvelha serpente\u201d que \u201cperturba a nossa vida\u201d , seduz \u201ctoda a terra habitada\u201d assim como seduziu a nossa m\u00e3e Eva com argumentos convincentes e, depois, quando ca\u00edmos, nos acusa diante de Deus: \u201cMas coma o fruto! Lhe far\u00e1 bem, lhe far\u00e1 conhecer muitas coisas\u201d\u2026 E come\u00e7a, assim como a serpente, a seduzir, a seduzir \u2026 E depois, quando ca\u00edmos nos acusa diante de Deus: \u201c\u00c9 um pecador, \u00e9 meu!\u201d. Ele \u00e9 meu: \u00e9 justamente a palavra do diabo. Nos vence com a sedu\u00e7\u00e3o e, depois, nos acusa diante de Deus: \u201c\u00c9 meu. Eu o levo comigo\u201d. E Miguel declara guerra. O Senhor lhe pediu que declarasse guerra. Para n\u00f3s que estamos em caminho nesta vida rumo ao C\u00e9u, Miguel nos ajuda a declarar guerra ao diabo, a n\u00e3o nos deixar seduzir.<\/p>\n<p>\u00c9 um trabalho de defesa que Miguel faz pela \u201cIgreja\u201d e por \u201ccada um de n\u00f3s\u201d, diferente do papel de Gabriel, \u201co outro arcanjo de hoje\u201d, aquele que, recorda o Papa, \u201ctraz as boas not\u00edcias; aquele que levou a not\u00edcia a Maria, a Zacarias, a Jos\u00e9\u201d: a not\u00edcia da salva\u00e7\u00e3o. Tamb\u00e9m Gabriel est\u00e1 conosco, assegura ainda o Papa, e ajuda-nos no caminho, quando \u201cesquecemos\u201d o Evangelho de Deus, que \u201cJesus veio conosco\u201d para nos salvar.<\/p>\n<p>O terceiro arcanjo que celebramos hoje \u00e9 Rafael, aquele que \u201ccaminha conosco\u201d e que nos ajuda neste caminho: devemos pedir-lhe, \u00e9 o convite do Papa, para nos proteger da \u201csedu\u00e7\u00e3o de dar um passo errado\u201d.<\/p>\n<p>Eis, ent\u00e3o os nossos companheiros ao servi\u00e7o de Deus e da nossa vida que Francisco hoje nos ensina a rezar de maneira simples: \u201cMiguel, ajude-nos na luta; cada um sabe qual luta tem em sua vida hoje. Cada um de n\u00f3s conhece a luta principal, que faz arriscar a salva\u00e7\u00e3o. Ajude-nos. Gabriel, traga-nos not\u00edcias, traga-nos a Boa Not\u00edcia da Salva\u00e7\u00e3o, que Jesus est\u00e1 conosco, que Jesus nos salvou e nos d\u00ea esperan\u00e7a. Rafael, segure a nossa m\u00e3o e nos ajude no caminho para n\u00e3o errarmos a estrada, para n\u00e3o permanecermos parados. Sempre caminhando, mas ajudados por voc\u00ea\u201d.<\/p>\n<hr \/>\n<p><em>Fonte: Vatican News<\/em><\/p>\n","protected":false},"excerpt":{"rendered":"<p>Missa em Santa Marta<\/p>\n","protected":false},"author":1,"featured_media":203247,"comment_status":"open","ping_status":"open","sticky":false,"template":"","format":"standard","meta":[],"categories":[1428],"tags":[1586],"acf":[],"yoast_head":"<!-- This site is optimized with the Yoast SEO plugin v19.2 - https:\/\/yoast.com\/wordpress\/plugins\/seo\/ -->\n<title>Arcanjos s\u00e3o companheiros de vida, diz o Papa - Not\u00edcias - Franciscanos<\/title>\n<meta name=\"robots\" content=\"index, follow, max-snippet:-1, max-image-preview:large, max-video-preview:-1\" \/>\n<link rel=\"canonical\" href=\"https:\/\/franciscanos.org.br\/noticias\/arcanjos-sao-companheiros-de-vida-diz-o-papa.html\" \/>\n<meta property=\"og:locale\" content=\"pt_BR\" \/>\n<meta property=\"og:type\" content=\"article\" \/>\n<meta property=\"og:title\" content=\"Arcanjos s\u00e3o companheiros de vida, diz o Papa - Not\u00edcias - Franciscanos\" \/>\n<meta property=\"og:description\" content=\"Missa em Santa Marta\" \/>\n<meta property=\"og:url\" content=\"https:\/\/franciscanos.org.br\/noticias\/arcanjos-sao-companheiros-de-vida-diz-o-papa.html\" \/>\n<meta property=\"og:site_name\" content=\"Not\u00edcias - Franciscanos\" \/>\n<meta property=\"article:published_time\" content=\"2017-09-29T10:18:30+00:00\" \/>\n<meta property=\"article:modified_time\" content=\"2020-06-08T20:02:38+00:00\" \/>\n<meta property=\"og:image\" content=\"https:\/\/franciscanos.org.br\/noticias\/wp-content\/uploads\/2017\/09\/papa_290917.jpg\" \/>\n\t<meta property=\"og:image:width\" content=\"273\" \/>\n\t<meta property=\"og:image:height\" content=\"172\" \/>\n\t<meta property=\"og:image:type\" content=\"image\/jpeg\" \/>\n<meta name=\"author\" content=\"admin\" \/>\n<meta name=\"twitter:card\" content=\"summary_large_image\" \/>\n<meta name=\"twitter:label1\" content=\"Escrito por\" \/>\n\t<meta name=\"twitter:data1\" content=\"admin\" \/>\n\t<meta name=\"twitter:label2\" content=\"Est. tempo de leitura\" \/>\n\t<meta name=\"twitter:data2\" content=\"3 minutos\" \/>\n<script type=\"application\/ld+json\" class=\"yoast-schema-graph\">{\"@context\":\"https:\/\/schema.org\",\"@graph\":[{\"@type\":\"WebSite\",\"@id\":\"https:\/\/franciscanos.org.br\/noticias\/#website\",\"url\":\"https:\/\/franciscanos.org.br\/noticias\/\",\"name\":\"Not\u00edcias - Franciscanos\",\"description\":\"Prov\u00edncia Franciscana da Imaculada Concei\u00e7\u00e3o do Brasil - Ordem dos Frades Menores - OFM\",\"potentialAction\":[{\"@type\":\"SearchAction\",\"target\":{\"@type\":\"EntryPoint\",\"urlTemplate\":\"https:\/\/franciscanos.org.br\/noticias\/?s={search_term_string}\"},\"query-input\":\"required name=search_term_string\"}],\"inLanguage\":\"pt-BR\"},{\"@type\":\"ImageObject\",\"inLanguage\":\"pt-BR\",\"@id\":\"https:\/\/franciscanos.org.br\/noticias\/arcanjos-sao-companheiros-de-vida-diz-o-papa.html#primaryimage\",\"url\":\"https:\/\/franciscanos.org.br\/noticias\/wp-content\/uploads\/2017\/09\/papa_290917.jpg\",\"contentUrl\":\"https:\/\/franciscanos.org.br\/noticias\/wp-content\/uploads\/2017\/09\/papa_290917.jpg\",\"width\":273,\"height\":172},{\"@type\":\"WebPage\",\"@id\":\"https:\/\/franciscanos.org.br\/noticias\/arcanjos-sao-companheiros-de-vida-diz-o-papa.html#webpage\",\"url\":\"https:\/\/franciscanos.org.br\/noticias\/arcanjos-sao-companheiros-de-vida-diz-o-papa.html\",\"name\":\"Arcanjos s\u00e3o companheiros de vida, diz o Papa - Not\u00edcias - Franciscanos\",\"isPartOf\":{\"@id\":\"https:\/\/franciscanos.org.br\/noticias\/#website\"},\"primaryImageOfPage\":{\"@id\":\"https:\/\/franciscanos.org.br\/noticias\/arcanjos-sao-companheiros-de-vida-diz-o-papa.html#primaryimage\"},\"datePublished\":\"2017-09-29T10:18:30+00:00\",\"dateModified\":\"2020-06-08T20:02:38+00:00\",\"author\":{\"@id\":\"https:\/\/franciscanos.org.br\/noticias\/#\/schema\/person\/b38fbf43118f02820bd932f2e4b14ad3\"},\"breadcrumb\":{\"@id\":\"https:\/\/franciscanos.org.br\/noticias\/arcanjos-sao-companheiros-de-vida-diz-o-papa.html#breadcrumb\"},\"inLanguage\":\"pt-BR\",\"potentialAction\":[{\"@type\":\"ReadAction\",\"target\":[\"https:\/\/franciscanos.org.br\/noticias\/arcanjos-sao-companheiros-de-vida-diz-o-papa.html\"]}]},{\"@type\":\"BreadcrumbList\",\"@id\":\"https:\/\/franciscanos.org.br\/noticias\/arcanjos-sao-companheiros-de-vida-diz-o-papa.html#breadcrumb\",\"itemListElement\":[{\"@type\":\"ListItem\",\"position\":1,\"name\":\"Home\",\"item\":\"https:\/\/franciscanos.org.br\/noticias\"},{\"@type\":\"ListItem\",\"position\":2,\"name\":\"Arcanjos s\u00e3o companheiros de vida, diz o Papa\"}]},{\"@type\":\"Person\",\"@id\":\"https:\/\/franciscanos.org.br\/noticias\/#\/schema\/person\/b38fbf43118f02820bd932f2e4b14ad3\",\"name\":\"admin\",\"image\":{\"@type\":\"ImageObject\",\"inLanguage\":\"pt-BR\",\"@id\":\"https:\/\/franciscanos.org.br\/noticias\/#\/schema\/person\/image\/\",\"url\":\"https:\/\/secure.gravatar.com\/avatar\/e8495742d34d0ba6448ea1c628263b3e?s=96&d=mm&r=g\",\"contentUrl\":\"https:\/\/secure.gravatar.com\/avatar\/e8495742d34d0ba6448ea1c628263b3e?s=96&d=mm&r=g\",\"caption\":\"admin\"},\"url\":\"https:\/\/franciscanos.org.br\/noticias\/author\/admin\"}]}<\/script>\n<!-- \/ Yoast SEO plugin. -->","yoast_head_json":{"title":"Arcanjos s\u00e3o companheiros de vida, diz o Papa - Not\u00edcias - Franciscanos","robots":{"index":"index","follow":"follow","max-snippet":"max-snippet:-1","max-image-preview":"max-image-preview:large","max-video-preview":"max-video-preview:-1"},"canonical":"https:\/\/franciscanos.org.br\/noticias\/arcanjos-sao-companheiros-de-vida-diz-o-papa.html","og_locale":"pt_BR","og_type":"article","og_title":"Arcanjos s\u00e3o companheiros de vida, diz o Papa - Not\u00edcias - Franciscanos","og_description":"Missa em Santa Marta","og_url":"https:\/\/franciscanos.org.br\/noticias\/arcanjos-sao-companheiros-de-vida-diz-o-papa.html","og_site_name":"Not\u00edcias - Franciscanos","article_published_time":"2017-09-29T10:18:30+00:00","article_modified_time":"2020-06-08T20:02:38+00:00","og_image":[{"width":273,"height":172,"url":"https:\/\/franciscanos.org.br\/noticias\/wp-content\/uploads\/2017\/09\/papa_290917.jpg","type":"image\/jpeg"}],"author":"admin","twitter_card":"summary_large_image","twitter_misc":{"Escrito por":"admin","Est. tempo de leitura":"3 minutos"},"schema":{"@context":"https:\/\/schema.org","@graph":[{"@type":"WebSite","@id":"https:\/\/franciscanos.org.br\/noticias\/#website","url":"https:\/\/franciscanos.org.br\/noticias\/","name":"Not\u00edcias - Franciscanos","description":"Prov\u00edncia Franciscana da Imaculada Concei\u00e7\u00e3o do Brasil - Ordem dos Frades Menores - OFM","potentialAction":[{"@type":"SearchAction","target":{"@type":"EntryPoint","urlTemplate":"https:\/\/franciscanos.org.br\/noticias\/?s={search_term_string}"},"query-input":"required name=search_term_string"}],"inLanguage":"pt-BR"},{"@type":"ImageObject","inLanguage":"pt-BR","@id":"https:\/\/franciscanos.org.br\/noticias\/arcanjos-sao-companheiros-de-vida-diz-o-papa.html#primaryimage","url":"https:\/\/franciscanos.org.br\/noticias\/wp-content\/uploads\/2017\/09\/papa_290917.jpg","contentUrl":"https:\/\/franciscanos.org.br\/noticias\/wp-content\/uploads\/2017\/09\/papa_290917.jpg","width":273,"height":172},{"@type":"WebPage","@id":"https:\/\/franciscanos.org.br\/noticias\/arcanjos-sao-companheiros-de-vida-diz-o-papa.html#webpage","url":"https:\/\/franciscanos.org.br\/noticias\/arcanjos-sao-companheiros-de-vida-diz-o-papa.html","name":"Arcanjos s\u00e3o companheiros de vida, diz o Papa - Not\u00edcias - Franciscanos","isPartOf":{"@id":"https:\/\/franciscanos.org.br\/noticias\/#website"},"primaryImageOfPage":{"@id":"https:\/\/franciscanos.org.br\/noticias\/arcanjos-sao-companheiros-de-vida-diz-o-papa.html#primaryimage"},"datePublished":"2017-09-29T10:18:30+00:00","dateModified":"2020-06-08T20:02:38+00:00","author":{"@id":"https:\/\/franciscanos.org.br\/noticias\/#\/schema\/person\/b38fbf43118f02820bd932f2e4b14ad3"},"breadcrumb":{"@id":"https:\/\/franciscanos.org.br\/noticias\/arcanjos-sao-companheiros-de-vida-diz-o-papa.html#breadcrumb"},"inLanguage":"pt-BR","potentialAction":[{"@type":"ReadAction","target":["https:\/\/franciscanos.org.br\/noticias\/arcanjos-sao-companheiros-de-vida-diz-o-papa.html"]}]},{"@type":"BreadcrumbList","@id":"https:\/\/franciscanos.org.br\/noticias\/arcanjos-sao-companheiros-de-vida-diz-o-papa.html#breadcrumb","itemListElement":[{"@type":"ListItem","position":1,"name":"Home","item":"https:\/\/franciscanos.org.br\/noticias"},{"@type":"ListItem","position":2,"name":"Arcanjos s\u00e3o companheiros de vida, diz o Papa"}]},{"@type":"Person","@id":"https:\/\/franciscanos.org.br\/noticias\/#\/schema\/person\/b38fbf43118f02820bd932f2e4b14ad3","name":"admin","image":{"@type":"ImageObject","inLanguage":"pt-BR","@id":"https:\/\/franciscanos.org.br\/noticias\/#\/schema\/person\/image\/","url":"https:\/\/secure.gravatar.com\/avatar\/e8495742d34d0ba6448ea1c628263b3e?s=96&d=mm&r=g","contentUrl":"https:\/\/secure.gravatar.com\/avatar\/e8495742d34d0ba6448ea1c628263b3e?s=96&d=mm&r=g","caption":"admin"},"url":"https:\/\/franciscanos.org.br\/noticias\/author\/admin"}]}},"_links":{"self":[{"href":"https:\/\/franciscanos.org.br\/noticias\/wp-json\/wp\/v2\/posts\/142532"}],"collection":[{"href":"https:\/\/franciscanos.org.br\/noticias\/wp-json\/wp\/v2\/posts"}],"about":[{"href":"https:\/\/franciscanos.org.br\/noticias\/wp-json\/wp\/v2\/types\/post"}],"author":[{"embeddable":true,"href":"https:\/\/franciscanos.org.br\/noticias\/wp-json\/wp\/v2\/users\/1"}],"replies":[{"embeddable":true,"href":"https:\/\/franciscanos.org.br\/noticias\/wp-json\/wp\/v2\/comments?post=142532"}],"version-history":[{"count":1,"href":"https:\/\/franciscanos.org.br\/noticias\/wp-json\/wp\/v2\/posts\/142532\/revisions"}],"predecessor-version":[{"id":225234,"href":"https:\/\/franciscanos.org.br\/noticias\/wp-json\/wp\/v2\/posts\/142532\/revisions\/225234"}],"wp:featuredmedia":[{"embeddable":true,"href":"https:\/\/franciscanos.org.br\/noticias\/wp-json\/wp\/v2\/media\/203247"}],"wp:attachment":[{"href":"https:\/\/franciscanos.org.br\/noticias\/wp-json\/wp\/v2\/media?parent=142532"}],"wp:term":[{"taxonomy":"category","embeddable":true,"href":"https:\/\/franciscanos.org.br\/noticias\/wp-json\/wp\/v2\/categories?post=142532"},{"taxonomy":"post_tag","embeddable":true,"href":"https:\/\/franciscanos.org.br\/noticias\/wp-json\/wp\/v2\/tags?post=142532"}],"curies":[{"name":"wp","href":"https:\/\/api.w.org\/{rel}","templated":true}]}}