{"id":14247,"date":"2012-03-29T07:38:36","date_gmt":"2012-03-29T10:38:36","guid":{"rendered":"http:\/\/new.franciscanos.org.br\/?p=14247"},"modified":"2019-08-06T12:48:31","modified_gmt":"2019-08-06T15:48:31","slug":"ministros-da-ofm-se-reunem-em-campo-grande","status":"publish","type":"post","link":"https:\/\/franciscanos.org.br\/noticias\/ministros-da-ofm-se-reunem-em-campo-grande.html","title":{"rendered":"Ministros da OFM se re\u00fanem em Campo Grande"},"content":{"rendered":"<p><strong><a href=\"http:\/\/franciscanos.org.br\/wp-content\/uploads\/2012\/03\/m_290312_2.jpg\"><img loading=\"lazy\" class=\"alignright size-full wp-image-14249\" title=\"CFMB\" src=\"http:\/\/franciscanos.org.br\/wp-content\/uploads\/2012\/03\/m_290312_2.jpg\" alt=\"\" width=\"300\" height=\"380\" \/><\/a>Campo Grande (MS)<\/strong> &#8211; Os ministros, cust\u00f3dios e presidentes das 11 entidades que comp\u00f5em a Confer\u00eancia dos Frades Menores do Brasil (CFMB) est\u00e3o reunidos no Convento S\u00e3o Francisco de Campo Grande \u2013 MS, para sua reuni\u00e3o ordin\u00e1ria (27 a 30 de mar\u00e7o de 2012).<\/p>\n<p>A entidade anfitri\u00e3 deste encontro da CFMB \u00e9 a\u00a0<strong><em>Cust\u00f3dia Franciscana das Sete Alegrias de Nossa Senhora,<\/em><\/strong>\u00a0que abrange os estados do MS e MT. Seu cust\u00f3dio, rec\u00e9m-eleito para este servi\u00e7o, \u00e9 Frei Roberto Miguel do Nascimento.<\/p>\n<p>As demais Entidades que comp\u00f5em a Confer\u00eancia Brasileira da Ordem dos Frades Menores s\u00e3o:<\/p>\n<p><strong>2)<\/strong>\u00a0<strong><em>Prov\u00edncia de Santo Ant\u00f4nio do Brasil<\/em><\/strong>\u00a0&#8211; Abrange grande parte do Nordeste do Brasil e seu ministro provincial \u00e9 Frei Marconi Lins de Ara\u00fajo.<\/p>\n<p><strong>3)<\/strong>\u00a0<strong><em>Prov\u00edncia Franciscana da Imaculada Concei\u00e7\u00e3o do Brasil &#8211;\u00a0<\/em><\/strong>Abrange boa parte das regi\u00f5es Sudeste e Sul do Brasil. Seu ministro provincial \u00e9 Frei Fid\u00eancio Vanboemmel.<\/p>\n<p><strong>4)<\/strong>\u00a0<strong><em>Prov\u00edncia Franciscana de Santa Cruz &#8211;\u00a0<\/em><\/strong>Est\u00e1 presente no Estado de Minas Gerais. Seu Ministro Provincial \u00e9 Frei Francisco Carvalho Neto.<\/p>\n<p><strong>5<em>) Prov\u00edncia Franciscana de S\u00e3o Francisco de Assis<\/em><\/strong>\u00a0&#8211; Presente no territ\u00f3rio do Rio Grande do Sul. Seu ministro provincial \u00e9 Frei Jo\u00e3o In\u00e1cio Muller, atual presidente da CFMB.<\/p>\n<p><strong><em>6) Prov\u00edncia Franciscana do Sant\u00edssimo Nome de Jesus &#8211;\u00a0<\/em><\/strong>Abrange os estados de Goi\u00e1s e Tocantins. Seu ministro provincial \u00e9 Frei Wanderley Couto.<\/p>\n<p><strong>7)<\/strong>\u00a0<strong><em>Prov\u00edncia Franciscana de Nossa Senhora da Assun\u00e7\u00e3o &#8211;\u00a0<\/em><\/strong>Abrange os estados do Maranh\u00e3o e Piau\u00ed. O ministro provincial \u00e9 Frei Jo\u00e3o Muniz Alves<\/p>\n<p><strong>8<em>) Cust\u00f3dia de S\u00e3o Benedito da Amaz\u00f4nia &#8211;<\/em><\/strong>\u00a0Presente nos estados do Par\u00e1 e Amazonas. Seu Cust\u00f3dio \u00e9 Frei Francisco de Assis Paix\u00e3o.<\/p>\n<p><strong>9) Cust\u00f3dia Franciscana do Sagrado Cora\u00e7\u00e3o de Jesus &#8211;\u00a0<\/strong>Presente no interior do Estado de S\u00e3o Paulo. Seu Cust\u00f3dio \u00e9 Frei Flaerdi Silvestre Valvassori.<\/p>\n<p><strong><em>10) Funda\u00e7\u00e3o Mission\u00e1ria Franciscana de Nossa Senhora de F\u00e1tima &#8211;<\/em><\/strong>\u00a0Presente na regi\u00e3o do Tri\u00e2ngulo Mineiro. Seu presidente \u00e9 Frei Ezimar Alves Pereira.<\/p>\n<p><strong>11) Funda\u00e7\u00e3o Mission\u00e1ria Franciscana de Nossa Senhora das Gra\u00e7as &#8211;<\/strong>\u00a0Presente na regi\u00e3o de Floriano \u2013 PI. Seu presidente \u00e9 Frei Izaias Rosa da Silva.<\/p>\n<p>Os ministros destas entidades iniciaram sua reuni\u00e3o na manh\u00e3 de ontem, dia 27 mar\u00e7o de 2012, rezando e partilhando o subs\u00eddio da OFM intitulado\u00a0<strong><em>\u201cIDENTIDADE FRANCISCANA\u201d.<\/em><\/strong><\/p>\n<p>Na sequ\u00eancia, ap\u00f3s leitura e aprova\u00e7\u00e3o da ata da \u00faltima reuni\u00e3o da CFMB que ocorreu em Bacabal MA, cada ministro, cust\u00f3dio e presidente partilhou aspectos significativos da vida franciscana no cotidiano do seu minist\u00e9rio e servi\u00e7o na sua respectiva entidade. Em todas as entidades existem denominadores comuns quanto aos desafios que clamam por solu\u00e7\u00f5es e, por isso, todas procuram caminhar em sintonia com a Ordem dos Frades Menores na quest\u00e3o do redimensionamento da voca\u00e7\u00e3o de cada irm\u00e3o menor e de cada fraternidade, bem como na redescoberta da nossa miss\u00e3o evangelizadora no mundo de hoje.<\/p>\n<p>Ap\u00f3s esta rica partilha fraterna, o presidente da CFMB, Frei Jo\u00e3o In\u00e1cio M\u00fcller, convidou os ministros a tomarem a pauta da agenda. O primeiro assunto foi o\u00a0<strong>\u201c<em>Relat\u00f3rio da Caminhada do SIFEM<\/em><\/strong><em>\u201d<\/em>, ou seja, uma s\u00edntese do trabalho executado pelo Servi\u00e7o de Evangeliza\u00e7\u00e3o e Miss\u00e3o da CFMB e perspectivas de reuni\u00f5es futuras. Este material foi preparado e enviado pelo secret\u00e1rio interprovincial do SIFEM, Frei Jean de Souza, da Prov\u00edncia de Santo Ant\u00f4nio.<\/p>\n<p>Assim, outros temas de vital import\u00e2ncia est\u00e3o na agenda dos trabalhos dos ministros, como: o Servi\u00e7o interprovincial para a Forma\u00e7\u00e3o e os Estudos; o noviciado interprovincial de Catal\u00e3o; a\u00a0<em>pastoral franciscana<\/em>\u00a0nos centros educativos; o congresso de Educadores Franciscanos; o Congresso Clariano; a miss\u00e3o na Amaz\u00f4nia (projeto da CFMB e da Ordem); a pr\u00f3xima reuni\u00e3o da UCLAF; a Jornada Mundial da Juventude (Rio); a forma\u00e7\u00e3o dos Irm\u00e3os Leigos etc.<\/p>\n<p>Hoje, dia 28 de mar\u00e7o, no amanhecer de um lindo dia de sol e um frio saud\u00e1vel de outono, os ministros, cust\u00f3dios e presidentes das entidades retomam sua agenda de trabalho.<\/p>\n<p><strong>Frei Fid\u00eancio Vanboemmel<\/strong><\/p>\n","protected":false},"excerpt":{"rendered":"<p>CFMB<\/p>\n","protected":false},"author":1,"featured_media":208914,"comment_status":"closed","ping_status":"closed","sticky":false,"template":"","format":"standard","meta":[],"categories":[1],"tags":[240],"acf":[],"yoast_head":"<!-- This site is optimized with the Yoast SEO plugin v19.2 - https:\/\/yoast.com\/wordpress\/plugins\/seo\/ -->\n<title>Ministros da OFM se re\u00fanem em Campo Grande - Not\u00edcias - Franciscanos<\/title>\n<meta name=\"robots\" content=\"index, follow, max-snippet:-1, max-image-preview:large, max-video-preview:-1\" \/>\n<link rel=\"canonical\" href=\"https:\/\/franciscanos.org.br\/noticias\/ministros-da-ofm-se-reunem-em-campo-grande.html\" \/>\n<meta property=\"og:locale\" content=\"pt_BR\" \/>\n<meta property=\"og:type\" content=\"article\" \/>\n<meta property=\"og:title\" content=\"Ministros da OFM se re\u00fanem em Campo Grande - Not\u00edcias - Franciscanos\" \/>\n<meta property=\"og:description\" content=\"CFMB\" \/>\n<meta property=\"og:url\" content=\"https:\/\/franciscanos.org.br\/noticias\/ministros-da-ofm-se-reunem-em-campo-grande.html\" \/>\n<meta property=\"og:site_name\" content=\"Not\u00edcias - Franciscanos\" \/>\n<meta property=\"article:published_time\" content=\"2012-03-29T10:38:36+00:00\" \/>\n<meta property=\"article:modified_time\" content=\"2019-08-06T15:48:31+00:00\" \/>\n<meta property=\"og:image\" content=\"https:\/\/franciscanos.org.br\/noticias\/wp-content\/uploads\/2012\/03\/m_290312_2.jpg\" \/>\n\t<meta property=\"og:image:width\" content=\"273\" \/>\n\t<meta property=\"og:image:height\" content=\"180\" \/>\n\t<meta property=\"og:image:type\" content=\"image\/jpeg\" \/>\n<meta name=\"author\" content=\"admin\" \/>\n<meta name=\"twitter:card\" content=\"summary_large_image\" \/>\n<meta name=\"twitter:label1\" content=\"Escrito por\" \/>\n\t<meta name=\"twitter:data1\" content=\"admin\" \/>\n\t<meta name=\"twitter:label2\" content=\"Est. tempo de leitura\" \/>\n\t<meta name=\"twitter:data2\" content=\"3 minutos\" \/>\n<script type=\"application\/ld+json\" class=\"yoast-schema-graph\">{\"@context\":\"https:\/\/schema.org\",\"@graph\":[{\"@type\":\"WebSite\",\"@id\":\"https:\/\/franciscanos.org.br\/noticias\/#website\",\"url\":\"https:\/\/franciscanos.org.br\/noticias\/\",\"name\":\"Not\u00edcias - Franciscanos\",\"description\":\"Prov\u00edncia Franciscana da Imaculada Concei\u00e7\u00e3o do Brasil - Ordem dos Frades Menores - OFM\",\"potentialAction\":[{\"@type\":\"SearchAction\",\"target\":{\"@type\":\"EntryPoint\",\"urlTemplate\":\"https:\/\/franciscanos.org.br\/noticias\/?s={search_term_string}\"},\"query-input\":\"required name=search_term_string\"}],\"inLanguage\":\"pt-BR\"},{\"@type\":\"ImageObject\",\"inLanguage\":\"pt-BR\",\"@id\":\"https:\/\/franciscanos.org.br\/noticias\/ministros-da-ofm-se-reunem-em-campo-grande.html#primaryimage\",\"url\":\"https:\/\/franciscanos.org.br\/noticias\/wp-content\/uploads\/2012\/03\/m_290312_2.jpg\",\"contentUrl\":\"https:\/\/franciscanos.org.br\/noticias\/wp-content\/uploads\/2012\/03\/m_290312_2.jpg\",\"width\":273,\"height\":180},{\"@type\":\"WebPage\",\"@id\":\"https:\/\/franciscanos.org.br\/noticias\/ministros-da-ofm-se-reunem-em-campo-grande.html#webpage\",\"url\":\"https:\/\/franciscanos.org.br\/noticias\/ministros-da-ofm-se-reunem-em-campo-grande.html\",\"name\":\"Ministros da OFM se re\u00fanem em Campo Grande - Not\u00edcias - Franciscanos\",\"isPartOf\":{\"@id\":\"https:\/\/franciscanos.org.br\/noticias\/#website\"},\"primaryImageOfPage\":{\"@id\":\"https:\/\/franciscanos.org.br\/noticias\/ministros-da-ofm-se-reunem-em-campo-grande.html#primaryimage\"},\"datePublished\":\"2012-03-29T10:38:36+00:00\",\"dateModified\":\"2019-08-06T15:48:31+00:00\",\"author\":{\"@id\":\"https:\/\/franciscanos.org.br\/noticias\/#\/schema\/person\/b38fbf43118f02820bd932f2e4b14ad3\"},\"breadcrumb\":{\"@id\":\"https:\/\/franciscanos.org.br\/noticias\/ministros-da-ofm-se-reunem-em-campo-grande.html#breadcrumb\"},\"inLanguage\":\"pt-BR\",\"potentialAction\":[{\"@type\":\"ReadAction\",\"target\":[\"https:\/\/franciscanos.org.br\/noticias\/ministros-da-ofm-se-reunem-em-campo-grande.html\"]}]},{\"@type\":\"BreadcrumbList\",\"@id\":\"https:\/\/franciscanos.org.br\/noticias\/ministros-da-ofm-se-reunem-em-campo-grande.html#breadcrumb\",\"itemListElement\":[{\"@type\":\"ListItem\",\"position\":1,\"name\":\"Home\",\"item\":\"https:\/\/franciscanos.org.br\/noticias\"},{\"@type\":\"ListItem\",\"position\":2,\"name\":\"Ministros da OFM se re\u00fanem em Campo Grande\"}]},{\"@type\":\"Person\",\"@id\":\"https:\/\/franciscanos.org.br\/noticias\/#\/schema\/person\/b38fbf43118f02820bd932f2e4b14ad3\",\"name\":\"admin\",\"image\":{\"@type\":\"ImageObject\",\"inLanguage\":\"pt-BR\",\"@id\":\"https:\/\/franciscanos.org.br\/noticias\/#\/schema\/person\/image\/\",\"url\":\"https:\/\/secure.gravatar.com\/avatar\/e8495742d34d0ba6448ea1c628263b3e?s=96&d=mm&r=g\",\"contentUrl\":\"https:\/\/secure.gravatar.com\/avatar\/e8495742d34d0ba6448ea1c628263b3e?s=96&d=mm&r=g\",\"caption\":\"admin\"},\"url\":\"https:\/\/franciscanos.org.br\/noticias\/author\/admin\"}]}<\/script>\n<!-- \/ Yoast SEO plugin. -->","yoast_head_json":{"title":"Ministros da OFM se re\u00fanem em Campo Grande - Not\u00edcias - Franciscanos","robots":{"index":"index","follow":"follow","max-snippet":"max-snippet:-1","max-image-preview":"max-image-preview:large","max-video-preview":"max-video-preview:-1"},"canonical":"https:\/\/franciscanos.org.br\/noticias\/ministros-da-ofm-se-reunem-em-campo-grande.html","og_locale":"pt_BR","og_type":"article","og_title":"Ministros da OFM se re\u00fanem em Campo Grande - Not\u00edcias - Franciscanos","og_description":"CFMB","og_url":"https:\/\/franciscanos.org.br\/noticias\/ministros-da-ofm-se-reunem-em-campo-grande.html","og_site_name":"Not\u00edcias - Franciscanos","article_published_time":"2012-03-29T10:38:36+00:00","article_modified_time":"2019-08-06T15:48:31+00:00","og_image":[{"width":273,"height":180,"url":"https:\/\/franciscanos.org.br\/noticias\/wp-content\/uploads\/2012\/03\/m_290312_2.jpg","type":"image\/jpeg"}],"author":"admin","twitter_card":"summary_large_image","twitter_misc":{"Escrito por":"admin","Est. tempo de leitura":"3 minutos"},"schema":{"@context":"https:\/\/schema.org","@graph":[{"@type":"WebSite","@id":"https:\/\/franciscanos.org.br\/noticias\/#website","url":"https:\/\/franciscanos.org.br\/noticias\/","name":"Not\u00edcias - Franciscanos","description":"Prov\u00edncia Franciscana da Imaculada Concei\u00e7\u00e3o do Brasil - Ordem dos Frades Menores - OFM","potentialAction":[{"@type":"SearchAction","target":{"@type":"EntryPoint","urlTemplate":"https:\/\/franciscanos.org.br\/noticias\/?s={search_term_string}"},"query-input":"required name=search_term_string"}],"inLanguage":"pt-BR"},{"@type":"ImageObject","inLanguage":"pt-BR","@id":"https:\/\/franciscanos.org.br\/noticias\/ministros-da-ofm-se-reunem-em-campo-grande.html#primaryimage","url":"https:\/\/franciscanos.org.br\/noticias\/wp-content\/uploads\/2012\/03\/m_290312_2.jpg","contentUrl":"https:\/\/franciscanos.org.br\/noticias\/wp-content\/uploads\/2012\/03\/m_290312_2.jpg","width":273,"height":180},{"@type":"WebPage","@id":"https:\/\/franciscanos.org.br\/noticias\/ministros-da-ofm-se-reunem-em-campo-grande.html#webpage","url":"https:\/\/franciscanos.org.br\/noticias\/ministros-da-ofm-se-reunem-em-campo-grande.html","name":"Ministros da OFM se re\u00fanem em Campo Grande - Not\u00edcias - Franciscanos","isPartOf":{"@id":"https:\/\/franciscanos.org.br\/noticias\/#website"},"primaryImageOfPage":{"@id":"https:\/\/franciscanos.org.br\/noticias\/ministros-da-ofm-se-reunem-em-campo-grande.html#primaryimage"},"datePublished":"2012-03-29T10:38:36+00:00","dateModified":"2019-08-06T15:48:31+00:00","author":{"@id":"https:\/\/franciscanos.org.br\/noticias\/#\/schema\/person\/b38fbf43118f02820bd932f2e4b14ad3"},"breadcrumb":{"@id":"https:\/\/franciscanos.org.br\/noticias\/ministros-da-ofm-se-reunem-em-campo-grande.html#breadcrumb"},"inLanguage":"pt-BR","potentialAction":[{"@type":"ReadAction","target":["https:\/\/franciscanos.org.br\/noticias\/ministros-da-ofm-se-reunem-em-campo-grande.html"]}]},{"@type":"BreadcrumbList","@id":"https:\/\/franciscanos.org.br\/noticias\/ministros-da-ofm-se-reunem-em-campo-grande.html#breadcrumb","itemListElement":[{"@type":"ListItem","position":1,"name":"Home","item":"https:\/\/franciscanos.org.br\/noticias"},{"@type":"ListItem","position":2,"name":"Ministros da OFM se re\u00fanem em Campo Grande"}]},{"@type":"Person","@id":"https:\/\/franciscanos.org.br\/noticias\/#\/schema\/person\/b38fbf43118f02820bd932f2e4b14ad3","name":"admin","image":{"@type":"ImageObject","inLanguage":"pt-BR","@id":"https:\/\/franciscanos.org.br\/noticias\/#\/schema\/person\/image\/","url":"https:\/\/secure.gravatar.com\/avatar\/e8495742d34d0ba6448ea1c628263b3e?s=96&d=mm&r=g","contentUrl":"https:\/\/secure.gravatar.com\/avatar\/e8495742d34d0ba6448ea1c628263b3e?s=96&d=mm&r=g","caption":"admin"},"url":"https:\/\/franciscanos.org.br\/noticias\/author\/admin"}]}},"_links":{"self":[{"href":"https:\/\/franciscanos.org.br\/noticias\/wp-json\/wp\/v2\/posts\/14247"}],"collection":[{"href":"https:\/\/franciscanos.org.br\/noticias\/wp-json\/wp\/v2\/posts"}],"about":[{"href":"https:\/\/franciscanos.org.br\/noticias\/wp-json\/wp\/v2\/types\/post"}],"author":[{"embeddable":true,"href":"https:\/\/franciscanos.org.br\/noticias\/wp-json\/wp\/v2\/users\/1"}],"replies":[{"embeddable":true,"href":"https:\/\/franciscanos.org.br\/noticias\/wp-json\/wp\/v2\/comments?post=14247"}],"version-history":[{"count":0,"href":"https:\/\/franciscanos.org.br\/noticias\/wp-json\/wp\/v2\/posts\/14247\/revisions"}],"wp:featuredmedia":[{"embeddable":true,"href":"https:\/\/franciscanos.org.br\/noticias\/wp-json\/wp\/v2\/media\/208914"}],"wp:attachment":[{"href":"https:\/\/franciscanos.org.br\/noticias\/wp-json\/wp\/v2\/media?parent=14247"}],"wp:term":[{"taxonomy":"category","embeddable":true,"href":"https:\/\/franciscanos.org.br\/noticias\/wp-json\/wp\/v2\/categories?post=14247"},{"taxonomy":"post_tag","embeddable":true,"href":"https:\/\/franciscanos.org.br\/noticias\/wp-json\/wp\/v2\/tags?post=14247"}],"curies":[{"name":"wp","href":"https:\/\/api.w.org\/{rel}","templated":true}]}}