{"id":142272,"date":"2017-09-28T07:08:26","date_gmt":"2017-09-28T10:08:26","guid":{"rendered":"http:\/\/franciscanos.org.br\/?p=142272"},"modified":"2020-06-08T17:06:54","modified_gmt":"2020-06-08T20:06:54","slug":"nao-tenha-medo-dos-remorsos-da-consciencia-sao-um-sintoma-de-salvacao","status":"publish","type":"post","link":"https:\/\/franciscanos.org.br\/noticias\/nao-tenha-medo-dos-remorsos-da-consciencia-sao-um-sintoma-de-salvacao.html","title":{"rendered":"Remorsos da consci\u00eancia s\u00e3o sintomas de salva\u00e7\u00e3o"},"content":{"rendered":"<p><img loading=\"lazy\" src=\"http:\/\/franciscanos.org.br\/wp-content\/uploads\/2017\/09\/papa_280917.jpg\" alt=\"papa_280917\" width=\"820\" height=\"456\" \/><\/p>\n<p><strong>Cidade do Vaticano<\/strong> &#8211; O Papa Francisco celebrou a Missa na capela da Casa Santa Marta, nesta quinta-feira (28\/09), e em sua homilia exortou a n\u00e3o ter medo de dizer a verdade sobre a nossa vida, a tomar consci\u00eancia de nossos pecados e confess\u00e1-los ao Senhor para que nos perdoe.<\/p>\n<p>Citando o Evangelho do dia sobre o comportamento de Herodes em rela\u00e7\u00e3o \u00e0 prega\u00e7\u00e3o de Jesus, o Papa lembrou que alguns associavam Jesus a Jo\u00e3o Batista e a Elias, e outros o identificavam como um profeta. Herodes n\u00e3o sabia \u201co que pensar\u201d, mas \u201csentia dentro\u201d de si alguma coisa, que \u201cn\u00e3o era uma curiosidade\u201d, era \u201cum remorso na alma, no cora\u00e7\u00e3o\u201d: procurava ver Jesus para tranquilizar-se. \u201cQueria ver milagres realizados por Cristo, mas Jesus\u201d, disse o Papa, \u201cn\u00e3o fez um circo diante dele e foi entregue a Pilatos. E Jesus pagou com a morte.\u201d<\/p>\n<p>Herodes cobriu \u201cum crime com outro, o remorso da consci\u00eancia com outro crime, como quem mata por temor. O remorso da consci\u00eancia n\u00e3o \u00e9 uma simples recorda\u00e7\u00e3o, mas uma chaga\u201d, disse o Papa, que acrescentou: \u201cUma chaga que quando na vida fizemos alguns males, d\u00f3i. \u00c9 uma chaga escondida, n\u00e3o se v\u00ea; nem eu a vejo, porque me acostumo a carreg\u00e1-la e depois se anestesia. Esta ali, alguns a tocam, mas a ferida est\u00e1 dentro. Quando esta chaga faz mal, sentimos remorso. N\u00e3o somente estou consciente de ter feito o mal, mas o sinto: o sinto no cora\u00e7\u00e3o, no corpo, na alma e na vida. Dali nasce a tenta\u00e7\u00e3o de cobri-lo para n\u00e3o mais senti-lo.\u201d<\/p>\n<p>\u201c\u00c9 uma gra\u00e7a sentir que a consci\u00eancia nos acusa, nos diz alguma coisa\u201d, frisou o Papa. Por outro lado, \u201cnenhum de n\u00f3s \u00e9 santo\u201d e todos somos inclinados a olhar para os pecados dos outros e n\u00e3o para os nossos, tendo compaix\u00e3o por quem talvez sofre na guerra ou por causa de \u201cditadores que matam as pessoas\u201d: \u201cN\u00f3s devemos \u2013 permitam\u2013me a palavra \u2013 &#8216;batizar&#8217; a chaga, isto \u00e9, dar-lhe um nome. Onde voc\u00ea tem a chaga? \u2018Padre como eu fa\u00e7o para tir\u00e1-la fora?\u2019 \u2013 \u2018Mas antes de tudo reze: Senhor, tenha piedade de mim que sou pecador\u2019. O Senhor escuta a sua ora\u00e7\u00e3o. Depois examine a sua vida. \u2018Se eu n\u00e3o vejo como e onde est\u00e1 aquela dor, de onde vem, que \u00e9 um sintoma, como posso fazer?\u2019 \u2013 \u2018Pe\u00e7a a algu\u00e9m para ajud\u00e1-lo a tirar a chaga; que a chaga saia e depois dar-lhe um nome\u2019. Eu tenho esse remorso de consci\u00eancia porque eu fiz isso, concreto; concretude. E esta \u00e9 a verdadeira humildade diante de Deus e Deus se comove diante da concretude\u201d.<\/p>\n<p>A concretude, explica o Pont\u00edfice, expressada pelas crian\u00e7as na confiss\u00e3o. Uma concretude de dizer o que fez para que a verdade \u201csaia fora\u201d. \u201cAssim nos curamos\u201d: \u201cAprender a ci\u00eancia, a sabedoria de acusar a si mesmo. Eu me acuso, sinto a dor da chaga, fa\u00e7o de tudo para saber de onde vem esse sintoma e depois eu me acuso. N\u00e3o tenha medo dos remorsos da consci\u00eancia: eles s\u00e3o sintomas de salva\u00e7\u00e3o. Tenha medo de cobri-los, de maqui\u00e1-los, dissimul\u00e1-los, escond\u00ea-los &#8230; isto sim, mas ser claro. E assim o Senhor nos cura\u201d.<\/p>\n<p>A ora\u00e7\u00e3o final \u00e9 que o Senhor nos d\u00ea a gra\u00e7a de \u201ctermos a coragem de nos acusarmos\u201d para caminharmos na estrada do perd\u00e3o.<\/p>\n<hr \/>\n<p><em>Fonte: Vatican News<\/em><\/p>\n","protected":false},"excerpt":{"rendered":"<p>Missa em Santa Marta<\/p>\n","protected":false},"author":1,"featured_media":203053,"comment_status":"open","ping_status":"open","sticky":false,"template":"","format":"standard","meta":[],"categories":[1428],"tags":[1586],"acf":[],"yoast_head":"<!-- This site is optimized with the Yoast SEO plugin v19.2 - https:\/\/yoast.com\/wordpress\/plugins\/seo\/ -->\n<title>Remorsos da consci\u00eancia s\u00e3o sintomas de salva\u00e7\u00e3o - Not\u00edcias - Franciscanos<\/title>\n<meta name=\"robots\" content=\"index, follow, max-snippet:-1, max-image-preview:large, max-video-preview:-1\" \/>\n<link rel=\"canonical\" href=\"https:\/\/franciscanos.org.br\/noticias\/nao-tenha-medo-dos-remorsos-da-consciencia-sao-um-sintoma-de-salvacao.html\" \/>\n<meta property=\"og:locale\" content=\"pt_BR\" \/>\n<meta property=\"og:type\" content=\"article\" \/>\n<meta property=\"og:title\" content=\"Remorsos da consci\u00eancia s\u00e3o sintomas de salva\u00e7\u00e3o - Not\u00edcias - Franciscanos\" \/>\n<meta property=\"og:description\" content=\"Missa em Santa Marta\" \/>\n<meta property=\"og:url\" content=\"https:\/\/franciscanos.org.br\/noticias\/nao-tenha-medo-dos-remorsos-da-consciencia-sao-um-sintoma-de-salvacao.html\" \/>\n<meta property=\"og:site_name\" content=\"Not\u00edcias - Franciscanos\" \/>\n<meta property=\"article:published_time\" content=\"2017-09-28T10:08:26+00:00\" \/>\n<meta property=\"article:modified_time\" content=\"2020-06-08T20:06:54+00:00\" \/>\n<meta property=\"og:image\" content=\"https:\/\/franciscanos.org.br\/noticias\/wp-content\/uploads\/2017\/09\/papa_280917.jpg\" \/>\n\t<meta property=\"og:image:width\" content=\"273\" \/>\n\t<meta property=\"og:image:height\" content=\"181\" \/>\n\t<meta property=\"og:image:type\" content=\"image\/jpeg\" \/>\n<meta name=\"author\" content=\"admin\" \/>\n<meta name=\"twitter:card\" content=\"summary_large_image\" \/>\n<meta name=\"twitter:label1\" content=\"Escrito por\" \/>\n\t<meta name=\"twitter:data1\" content=\"admin\" \/>\n\t<meta name=\"twitter:label2\" content=\"Est. tempo de leitura\" \/>\n\t<meta name=\"twitter:data2\" content=\"3 minutos\" \/>\n<script type=\"application\/ld+json\" class=\"yoast-schema-graph\">{\"@context\":\"https:\/\/schema.org\",\"@graph\":[{\"@type\":\"WebSite\",\"@id\":\"https:\/\/franciscanos.org.br\/noticias\/#website\",\"url\":\"https:\/\/franciscanos.org.br\/noticias\/\",\"name\":\"Not\u00edcias - Franciscanos\",\"description\":\"Prov\u00edncia Franciscana da Imaculada Concei\u00e7\u00e3o do Brasil - Ordem dos Frades Menores - OFM\",\"potentialAction\":[{\"@type\":\"SearchAction\",\"target\":{\"@type\":\"EntryPoint\",\"urlTemplate\":\"https:\/\/franciscanos.org.br\/noticias\/?s={search_term_string}\"},\"query-input\":\"required name=search_term_string\"}],\"inLanguage\":\"pt-BR\"},{\"@type\":\"ImageObject\",\"inLanguage\":\"pt-BR\",\"@id\":\"https:\/\/franciscanos.org.br\/noticias\/nao-tenha-medo-dos-remorsos-da-consciencia-sao-um-sintoma-de-salvacao.html#primaryimage\",\"url\":\"https:\/\/franciscanos.org.br\/noticias\/wp-content\/uploads\/2017\/09\/papa_280917.jpg\",\"contentUrl\":\"https:\/\/franciscanos.org.br\/noticias\/wp-content\/uploads\/2017\/09\/papa_280917.jpg\",\"width\":273,\"height\":181},{\"@type\":\"WebPage\",\"@id\":\"https:\/\/franciscanos.org.br\/noticias\/nao-tenha-medo-dos-remorsos-da-consciencia-sao-um-sintoma-de-salvacao.html#webpage\",\"url\":\"https:\/\/franciscanos.org.br\/noticias\/nao-tenha-medo-dos-remorsos-da-consciencia-sao-um-sintoma-de-salvacao.html\",\"name\":\"Remorsos da consci\u00eancia s\u00e3o sintomas de salva\u00e7\u00e3o - Not\u00edcias - Franciscanos\",\"isPartOf\":{\"@id\":\"https:\/\/franciscanos.org.br\/noticias\/#website\"},\"primaryImageOfPage\":{\"@id\":\"https:\/\/franciscanos.org.br\/noticias\/nao-tenha-medo-dos-remorsos-da-consciencia-sao-um-sintoma-de-salvacao.html#primaryimage\"},\"datePublished\":\"2017-09-28T10:08:26+00:00\",\"dateModified\":\"2020-06-08T20:06:54+00:00\",\"author\":{\"@id\":\"https:\/\/franciscanos.org.br\/noticias\/#\/schema\/person\/b38fbf43118f02820bd932f2e4b14ad3\"},\"breadcrumb\":{\"@id\":\"https:\/\/franciscanos.org.br\/noticias\/nao-tenha-medo-dos-remorsos-da-consciencia-sao-um-sintoma-de-salvacao.html#breadcrumb\"},\"inLanguage\":\"pt-BR\",\"potentialAction\":[{\"@type\":\"ReadAction\",\"target\":[\"https:\/\/franciscanos.org.br\/noticias\/nao-tenha-medo-dos-remorsos-da-consciencia-sao-um-sintoma-de-salvacao.html\"]}]},{\"@type\":\"BreadcrumbList\",\"@id\":\"https:\/\/franciscanos.org.br\/noticias\/nao-tenha-medo-dos-remorsos-da-consciencia-sao-um-sintoma-de-salvacao.html#breadcrumb\",\"itemListElement\":[{\"@type\":\"ListItem\",\"position\":1,\"name\":\"Home\",\"item\":\"https:\/\/franciscanos.org.br\/noticias\"},{\"@type\":\"ListItem\",\"position\":2,\"name\":\"Remorsos da consci\u00eancia s\u00e3o sintomas de salva\u00e7\u00e3o\"}]},{\"@type\":\"Person\",\"@id\":\"https:\/\/franciscanos.org.br\/noticias\/#\/schema\/person\/b38fbf43118f02820bd932f2e4b14ad3\",\"name\":\"admin\",\"image\":{\"@type\":\"ImageObject\",\"inLanguage\":\"pt-BR\",\"@id\":\"https:\/\/franciscanos.org.br\/noticias\/#\/schema\/person\/image\/\",\"url\":\"https:\/\/secure.gravatar.com\/avatar\/e8495742d34d0ba6448ea1c628263b3e?s=96&d=mm&r=g\",\"contentUrl\":\"https:\/\/secure.gravatar.com\/avatar\/e8495742d34d0ba6448ea1c628263b3e?s=96&d=mm&r=g\",\"caption\":\"admin\"},\"url\":\"https:\/\/franciscanos.org.br\/noticias\/author\/admin\"}]}<\/script>\n<!-- \/ Yoast SEO plugin. -->","yoast_head_json":{"title":"Remorsos da consci\u00eancia s\u00e3o sintomas de salva\u00e7\u00e3o - Not\u00edcias - Franciscanos","robots":{"index":"index","follow":"follow","max-snippet":"max-snippet:-1","max-image-preview":"max-image-preview:large","max-video-preview":"max-video-preview:-1"},"canonical":"https:\/\/franciscanos.org.br\/noticias\/nao-tenha-medo-dos-remorsos-da-consciencia-sao-um-sintoma-de-salvacao.html","og_locale":"pt_BR","og_type":"article","og_title":"Remorsos da consci\u00eancia s\u00e3o sintomas de salva\u00e7\u00e3o - Not\u00edcias - Franciscanos","og_description":"Missa em Santa Marta","og_url":"https:\/\/franciscanos.org.br\/noticias\/nao-tenha-medo-dos-remorsos-da-consciencia-sao-um-sintoma-de-salvacao.html","og_site_name":"Not\u00edcias - Franciscanos","article_published_time":"2017-09-28T10:08:26+00:00","article_modified_time":"2020-06-08T20:06:54+00:00","og_image":[{"width":273,"height":181,"url":"https:\/\/franciscanos.org.br\/noticias\/wp-content\/uploads\/2017\/09\/papa_280917.jpg","type":"image\/jpeg"}],"author":"admin","twitter_card":"summary_large_image","twitter_misc":{"Escrito por":"admin","Est. tempo de leitura":"3 minutos"},"schema":{"@context":"https:\/\/schema.org","@graph":[{"@type":"WebSite","@id":"https:\/\/franciscanos.org.br\/noticias\/#website","url":"https:\/\/franciscanos.org.br\/noticias\/","name":"Not\u00edcias - Franciscanos","description":"Prov\u00edncia Franciscana da Imaculada Concei\u00e7\u00e3o do Brasil - Ordem dos Frades Menores - OFM","potentialAction":[{"@type":"SearchAction","target":{"@type":"EntryPoint","urlTemplate":"https:\/\/franciscanos.org.br\/noticias\/?s={search_term_string}"},"query-input":"required name=search_term_string"}],"inLanguage":"pt-BR"},{"@type":"ImageObject","inLanguage":"pt-BR","@id":"https:\/\/franciscanos.org.br\/noticias\/nao-tenha-medo-dos-remorsos-da-consciencia-sao-um-sintoma-de-salvacao.html#primaryimage","url":"https:\/\/franciscanos.org.br\/noticias\/wp-content\/uploads\/2017\/09\/papa_280917.jpg","contentUrl":"https:\/\/franciscanos.org.br\/noticias\/wp-content\/uploads\/2017\/09\/papa_280917.jpg","width":273,"height":181},{"@type":"WebPage","@id":"https:\/\/franciscanos.org.br\/noticias\/nao-tenha-medo-dos-remorsos-da-consciencia-sao-um-sintoma-de-salvacao.html#webpage","url":"https:\/\/franciscanos.org.br\/noticias\/nao-tenha-medo-dos-remorsos-da-consciencia-sao-um-sintoma-de-salvacao.html","name":"Remorsos da consci\u00eancia s\u00e3o sintomas de salva\u00e7\u00e3o - Not\u00edcias - Franciscanos","isPartOf":{"@id":"https:\/\/franciscanos.org.br\/noticias\/#website"},"primaryImageOfPage":{"@id":"https:\/\/franciscanos.org.br\/noticias\/nao-tenha-medo-dos-remorsos-da-consciencia-sao-um-sintoma-de-salvacao.html#primaryimage"},"datePublished":"2017-09-28T10:08:26+00:00","dateModified":"2020-06-08T20:06:54+00:00","author":{"@id":"https:\/\/franciscanos.org.br\/noticias\/#\/schema\/person\/b38fbf43118f02820bd932f2e4b14ad3"},"breadcrumb":{"@id":"https:\/\/franciscanos.org.br\/noticias\/nao-tenha-medo-dos-remorsos-da-consciencia-sao-um-sintoma-de-salvacao.html#breadcrumb"},"inLanguage":"pt-BR","potentialAction":[{"@type":"ReadAction","target":["https:\/\/franciscanos.org.br\/noticias\/nao-tenha-medo-dos-remorsos-da-consciencia-sao-um-sintoma-de-salvacao.html"]}]},{"@type":"BreadcrumbList","@id":"https:\/\/franciscanos.org.br\/noticias\/nao-tenha-medo-dos-remorsos-da-consciencia-sao-um-sintoma-de-salvacao.html#breadcrumb","itemListElement":[{"@type":"ListItem","position":1,"name":"Home","item":"https:\/\/franciscanos.org.br\/noticias"},{"@type":"ListItem","position":2,"name":"Remorsos da consci\u00eancia s\u00e3o sintomas de salva\u00e7\u00e3o"}]},{"@type":"Person","@id":"https:\/\/franciscanos.org.br\/noticias\/#\/schema\/person\/b38fbf43118f02820bd932f2e4b14ad3","name":"admin","image":{"@type":"ImageObject","inLanguage":"pt-BR","@id":"https:\/\/franciscanos.org.br\/noticias\/#\/schema\/person\/image\/","url":"https:\/\/secure.gravatar.com\/avatar\/e8495742d34d0ba6448ea1c628263b3e?s=96&d=mm&r=g","contentUrl":"https:\/\/secure.gravatar.com\/avatar\/e8495742d34d0ba6448ea1c628263b3e?s=96&d=mm&r=g","caption":"admin"},"url":"https:\/\/franciscanos.org.br\/noticias\/author\/admin"}]}},"_links":{"self":[{"href":"https:\/\/franciscanos.org.br\/noticias\/wp-json\/wp\/v2\/posts\/142272"}],"collection":[{"href":"https:\/\/franciscanos.org.br\/noticias\/wp-json\/wp\/v2\/posts"}],"about":[{"href":"https:\/\/franciscanos.org.br\/noticias\/wp-json\/wp\/v2\/types\/post"}],"author":[{"embeddable":true,"href":"https:\/\/franciscanos.org.br\/noticias\/wp-json\/wp\/v2\/users\/1"}],"replies":[{"embeddable":true,"href":"https:\/\/franciscanos.org.br\/noticias\/wp-json\/wp\/v2\/comments?post=142272"}],"version-history":[{"count":2,"href":"https:\/\/franciscanos.org.br\/noticias\/wp-json\/wp\/v2\/posts\/142272\/revisions"}],"predecessor-version":[{"id":225236,"href":"https:\/\/franciscanos.org.br\/noticias\/wp-json\/wp\/v2\/posts\/142272\/revisions\/225236"}],"wp:featuredmedia":[{"embeddable":true,"href":"https:\/\/franciscanos.org.br\/noticias\/wp-json\/wp\/v2\/media\/203053"}],"wp:attachment":[{"href":"https:\/\/franciscanos.org.br\/noticias\/wp-json\/wp\/v2\/media?parent=142272"}],"wp:term":[{"taxonomy":"category","embeddable":true,"href":"https:\/\/franciscanos.org.br\/noticias\/wp-json\/wp\/v2\/categories?post=142272"},{"taxonomy":"post_tag","embeddable":true,"href":"https:\/\/franciscanos.org.br\/noticias\/wp-json\/wp\/v2\/tags?post=142272"}],"curies":[{"name":"wp","href":"https:\/\/api.w.org\/{rel}","templated":true}]}}