{"id":141822,"date":"2017-09-27T07:35:49","date_gmt":"2017-09-27T10:35:49","guid":{"rendered":"http:\/\/franciscanos.org.br\/?p=141822"},"modified":"2020-06-08T17:07:50","modified_gmt":"2020-06-08T20:07:50","slug":"a-alma-vazia-e-o-pior-obstaculo-a-esperanca","status":"publish","type":"post","link":"https:\/\/franciscanos.org.br\/noticias\/a-alma-vazia-e-o-pior-obstaculo-a-esperanca.html","title":{"rendered":"\u201cA alma vazia \u00e9 o pior obst\u00e1culo \u00e0 esperan\u00e7a&#8221;"},"content":{"rendered":"<p><img loading=\"lazy\" src=\"http:\/\/franciscanos.org.br\/wp-content\/uploads\/2017\/09\/papa_270917.jpg\" alt=\"papa_270917\" width=\"820\" height=\"479\" \/><\/p>\n<p><strong>Cidade do Vaticano<\/strong> &#8211; \u201cN\u00e3o estamos sozinhos na luta contra o desespero\u201d. \u201cJesus \u00e9 capaz de vencer em n\u00f3s tudo aquilo que se op\u00f5e ao bem\u201d. E \u201cse Deus est\u00e1 conosco, ningu\u00e9m nos roubar\u00e1 aquela virtude de que temos necessidade para viver. Ningu\u00e9m nos roubar\u00e1 a esperan\u00e7a\u201d. Na Audi\u00eancia Geral em que foi lan\u00e7ada a Campanha da Caritas Internacionalis \u201cPartilhar a viagem\u201d, o Papa Francisco dedicou sua catequese aos \u201cinimigos da esperan\u00e7a\u201d, usando frases como \u201cter tudo da vida \u00e9 um infort\u00fanio\u201d, \u201ca esperan\u00e7a n\u00e3o \u00e9 virtude para pessoas com o est\u00f4mago cheio\u201d e \u201cter uma alma vazia \u00e9 o pior obst\u00e1culo \u00e0 esperan\u00e7a\u201d.<\/p>\n<p>Sua reflex\u00e3o partiu do \u201cantigo mito da caixa de Pandorra\u201d, que nos conta porque a esperan\u00e7a \u00e9 t\u00e3o importante para a humanidade. O Papa afirma que \u201c\u00e9 a esperan\u00e7a que mant\u00e9m em p\u00e9 a vida, que a protege, a cust\u00f3dia e a faz crescer\u201d, diferente do que se costuma dizer de que \u201cenquanto houver vida h\u00e1 esperan\u00e7a\u201d.<\/p>\n<p>\u201cSe os homens n\u00e3o tivessem cultivado a esperan\u00e7a \u2013 observou &#8211; \u201cnunca teriam sa\u00eddo das cavernas e n\u00e3o teriam deixado marcas na hist\u00f3ria do mundo\u201d. \u00c9 uma das coisas mais divinas que existe no cora\u00e7\u00e3o do homem.<\/p>\n<p>Ao referir-se ao poeta franc\u00eas Charles P\u00e9guy &#8211; \u201cque deixou p\u00e1ginas estupendas sobre a esperan\u00e7a\u201d \u2013 o Papa observou que a imagem de um de seus textos evoca \u201cos rostos de tanta gente que passou por este mundo \u2013 agricultores, pobres, oper\u00e1rios, migrantes em busca de um futuro melhor \u2013 que lutaram tenazmente n\u00e3o obstante a amargura de um hoje dif\u00edcil, cheio de tantas prova\u00e7\u00f5es, animados por\u00e9m pela confian\u00e7a de que os filhos teriam uma vida mais justa e mais serena\u201d.<\/p>\n<p>Assim, \u201ca esperan\u00e7a \u00e9 o impulso no cora\u00e7\u00e3o de quem parte deixando a casa, a terra, \u00e0s vezes familiares e parentes, para buscar uma vida melhor, mais digna para si e para os pr\u00f3prios familiares\u201d, mas \u00e9 tamb\u00e9m \u201c o impulso no cora\u00e7\u00e3o de quem acolhe, o desejo de encontrar-se, de conhecer-se, de dialogar\u201d.<\/p>\n<p>\u201cA esperan\u00e7a \u00e9 o impulso para \u201cpartilhar a viagem\u201d da vida, como nos recorda a Campanha da Caritas que hoje iniciamos\u201d, enfatizou Francisco, que exortou: \u201cIrm\u00e3os, n\u00e3o tenhamos medo de partilhar a viagem! N\u00e3o tenhamos medo de compartilhar a esperan\u00e7a!\u201d.<\/p>\n<p>O Papa recorda ent\u00e3o que \u201ca esperan\u00e7a n\u00e3o \u00e9 virtude para pessoas com o est\u00f4mago cheio\u201d, motivo pelo qual \u201cos pobres s\u00e3o os primeiros portadores da esperan\u00e7a\u201d, como Jos\u00e9 e Maria e os pastores de Bel\u00e9m. \u201cEnquanto o mundo dormia recostado nas tantas certezas adquiridas, os humildes preparavam no sil\u00eancio a revolu\u00e7\u00e3o da bondade. Eram pobres de tudo\u201d, mas \u201ceram ricos do bem mais precioso que existe no mundo, isto \u00e9, o desejo de mudan\u00e7a\u201d.<\/p>\n<p><img loading=\"lazy\" src=\"http:\/\/franciscanos.org.br\/wp-content\/uploads\/2017\/09\/papa_270917_1.jpg\" alt=\"papa_270917_1\" width=\"820\" height=\"440\" \/><\/p>\n<p>\u201c\u00c0s vezes \u2013 observou Francisco \u2013 ter tudo na vida \u00e9 um infort\u00fanio\u201d: \u201cPensem em um jovem a quem n\u00e3o foi ensinada a virtude da espera e da paci\u00eancia, que n\u00e3o teve que suar por nada, que queimou as etapas e aos vinte anos \u201cj\u00e1 sabe como funciona o mundo\u201d. Est\u00e1 destinado \u00e0 pior condena\u00e7\u00e3o: a de n\u00e3o desejar mais nada. Parece um jovem, mas j\u00e1 entrou o outono em seu cora\u00e7\u00e3o\u201d.<\/p>\n<p>Mas tamb\u00e9m \u201ca alma vazia \u00e9 o pior obst\u00e1culo \u00e0 esperan\u00e7a\u201d, recordou o Papa, \u201cum risco do qual ningu\u00e9m est\u00e1 exclu\u00eddo, porque ser tentados contra a esperan\u00e7a pode acontecer tamb\u00e9m quando se percorre o caminho da vida crist\u00e3\u201d, como advertiam os monges da antiguidade, ao denunciar um dos priores inimigos do fervor, aquele \u201cdem\u00f4nio do meio-dia\u201d.<\/p>\n<p>A pregui\u00e7a, de fato, \u2013 como a definiam os Padres \u2013 \u201c\u00e9 uma tenta\u00e7\u00e3o que nos surpreende quando menos esperamos: os dias tornam-se mon\u00f3tonos e enfadonhos\u201d, nenhum valor mais parece merecer algum esfor\u00e7o: \u201cQuando isto acontece, o crist\u00e3o sabe que aquela condi\u00e7\u00e3o deve ser combatida, nunca aceita passivamente. Deus nos criou para a alegria e para a felicidade, e n\u00e3o para ardermos em pensamentos melanc\u00f3licos\u201d.<\/p>\n<p>Por esta raz\u00e3o, devemos custodiar o cora\u00e7\u00e3o, \u201cnos opondo \u00e0s tenta\u00e7\u00f5es de infelicidade, que certamente n\u00e3o prov\u00e9m de Deus. E l\u00e1 onde as nossas for\u00e7as parecem fracas e a batalha contra a ang\u00fastia dura, podemos sempre recorrer ao nome de Jesus. Podemos repetir aquela ora\u00e7\u00e3o simples, que encontramos partes tamb\u00e9m nos Evangelhos e que se tornou a base de tantas tradi\u00e7\u00f5es espirituais crist\u00e3s: Senhor Jesus Cristo, Filho de Deus, tenha piedade de mim pecador!\u201d.<\/p>\n<p>\u201cN\u00e3o estamos sozinhos na luta contra o desespero\u201d. \u201cJesus \u2013 concluiu o Papa \u2013\u201c\u00e9 capaz de vencer em n\u00f3s tudo aquilo que se op\u00f5e ao bem\u201d. E \u201cse Deus est\u00e1 conosco, ningu\u00e9m nos roubar\u00e1 aquela virtude que temos necessidade para viver. Ningu\u00e9m nos roubar\u00e1 a esperan\u00e7a\u201d.<\/p>\n<p><strong>COMPARTILHE A VIAGEM<\/strong><\/p>\n<p>Com os bra\u00e7os abertos, o Papa Francisco inaugurou oficialmente a campanha da Caritas Internacional \u201cCompartilhe a viagem\u201d, em prol das fam\u00edlias obrigadas a migrar. Ao final da catequese na Audi\u00eancia Geral, o Pont\u00edfice recordou que \u00e9 o pr\u00f3prio Cristo que nos pede para acolher os nossos irm\u00e3os e irm\u00e3s migrantes e refugiados com os bra\u00e7os bem abertos:\u00a0\u201cJustamente assim \u2013 gesticulou o Papa \u2013 com os bra\u00e7os bem abertos, prontos a um abra\u00e7o sincero, afetuoso e envolvente, um pouco como esta colunata da Pra\u00e7a S. Pedro, que representa a Igreja m\u00e3e que abra\u00e7a todos na compartilha da viagem comum.\u201d<\/p>\n<p>Francisco deu as boas-vindas aos refugiados presentes na Pra\u00e7a S. Pedro e agradeceu aos agentes da Caritas Internacional pelo empenho para realizar um abaixo-assinado para pedir uma nova lei migrat\u00f3rio mais pertinente ao contexto atual.<\/p>\n<p>No Brasil, o lan\u00e7amento da campanha foi feito tamb\u00e9m no Cristo Redentor.<\/p>\n<hr \/>\n<p><em>Fonte: Vatican News<\/em><\/p>\n","protected":false},"excerpt":{"rendered":"<p>Audi\u00eancia Geral <\/p>\n","protected":false},"author":1,"featured_media":201704,"comment_status":"open","ping_status":"open","sticky":false,"template":"","format":"standard","meta":[],"categories":[1428],"tags":[487],"acf":[],"yoast_head":"<!-- This site is optimized with the Yoast SEO plugin v19.2 - https:\/\/yoast.com\/wordpress\/plugins\/seo\/ -->\n<title>\u201cA alma vazia \u00e9 o pior obst\u00e1culo \u00e0 esperan\u00e7a&quot; - Not\u00edcias - Franciscanos<\/title>\n<meta name=\"robots\" content=\"index, follow, max-snippet:-1, max-image-preview:large, max-video-preview:-1\" \/>\n<link rel=\"canonical\" href=\"https:\/\/franciscanos.org.br\/noticias\/a-alma-vazia-e-o-pior-obstaculo-a-esperanca.html\" \/>\n<meta property=\"og:locale\" content=\"pt_BR\" \/>\n<meta property=\"og:type\" content=\"article\" \/>\n<meta property=\"og:title\" content=\"\u201cA alma vazia \u00e9 o pior obst\u00e1culo \u00e0 esperan\u00e7a&quot; - Not\u00edcias - Franciscanos\" \/>\n<meta property=\"og:description\" content=\"Audi\u00eancia Geral\" \/>\n<meta property=\"og:url\" content=\"https:\/\/franciscanos.org.br\/noticias\/a-alma-vazia-e-o-pior-obstaculo-a-esperanca.html\" \/>\n<meta property=\"og:site_name\" content=\"Not\u00edcias - Franciscanos\" \/>\n<meta property=\"article:published_time\" content=\"2017-09-27T10:35:49+00:00\" \/>\n<meta property=\"article:modified_time\" content=\"2020-06-08T20:07:50+00:00\" \/>\n<meta property=\"og:image\" content=\"https:\/\/franciscanos.org.br\/noticias\/wp-content\/uploads\/2017\/09\/papa_270917.jpg\" \/>\n\t<meta property=\"og:image:width\" content=\"273\" \/>\n\t<meta property=\"og:image:height\" content=\"181\" \/>\n\t<meta property=\"og:image:type\" content=\"image\/jpeg\" \/>\n<meta name=\"author\" content=\"admin\" \/>\n<meta name=\"twitter:card\" content=\"summary_large_image\" \/>\n<meta name=\"twitter:label1\" content=\"Escrito por\" \/>\n\t<meta name=\"twitter:data1\" content=\"admin\" \/>\n\t<meta name=\"twitter:label2\" content=\"Est. tempo de leitura\" \/>\n\t<meta name=\"twitter:data2\" content=\"5 minutos\" \/>\n<script type=\"application\/ld+json\" class=\"yoast-schema-graph\">{\"@context\":\"https:\/\/schema.org\",\"@graph\":[{\"@type\":\"WebSite\",\"@id\":\"https:\/\/franciscanos.org.br\/noticias\/#website\",\"url\":\"https:\/\/franciscanos.org.br\/noticias\/\",\"name\":\"Not\u00edcias - Franciscanos\",\"description\":\"Prov\u00edncia Franciscana da Imaculada Concei\u00e7\u00e3o do Brasil - Ordem dos Frades Menores - OFM\",\"potentialAction\":[{\"@type\":\"SearchAction\",\"target\":{\"@type\":\"EntryPoint\",\"urlTemplate\":\"https:\/\/franciscanos.org.br\/noticias\/?s={search_term_string}\"},\"query-input\":\"required name=search_term_string\"}],\"inLanguage\":\"pt-BR\"},{\"@type\":\"ImageObject\",\"inLanguage\":\"pt-BR\",\"@id\":\"https:\/\/franciscanos.org.br\/noticias\/a-alma-vazia-e-o-pior-obstaculo-a-esperanca.html#primaryimage\",\"url\":\"https:\/\/franciscanos.org.br\/noticias\/wp-content\/uploads\/2017\/09\/papa_270917.jpg\",\"contentUrl\":\"https:\/\/franciscanos.org.br\/noticias\/wp-content\/uploads\/2017\/09\/papa_270917.jpg\",\"width\":273,\"height\":181},{\"@type\":\"WebPage\",\"@id\":\"https:\/\/franciscanos.org.br\/noticias\/a-alma-vazia-e-o-pior-obstaculo-a-esperanca.html#webpage\",\"url\":\"https:\/\/franciscanos.org.br\/noticias\/a-alma-vazia-e-o-pior-obstaculo-a-esperanca.html\",\"name\":\"\u201cA alma vazia \u00e9 o pior obst\u00e1culo \u00e0 esperan\u00e7a\\\" - Not\u00edcias - Franciscanos\",\"isPartOf\":{\"@id\":\"https:\/\/franciscanos.org.br\/noticias\/#website\"},\"primaryImageOfPage\":{\"@id\":\"https:\/\/franciscanos.org.br\/noticias\/a-alma-vazia-e-o-pior-obstaculo-a-esperanca.html#primaryimage\"},\"datePublished\":\"2017-09-27T10:35:49+00:00\",\"dateModified\":\"2020-06-08T20:07:50+00:00\",\"author\":{\"@id\":\"https:\/\/franciscanos.org.br\/noticias\/#\/schema\/person\/b38fbf43118f02820bd932f2e4b14ad3\"},\"breadcrumb\":{\"@id\":\"https:\/\/franciscanos.org.br\/noticias\/a-alma-vazia-e-o-pior-obstaculo-a-esperanca.html#breadcrumb\"},\"inLanguage\":\"pt-BR\",\"potentialAction\":[{\"@type\":\"ReadAction\",\"target\":[\"https:\/\/franciscanos.org.br\/noticias\/a-alma-vazia-e-o-pior-obstaculo-a-esperanca.html\"]}]},{\"@type\":\"BreadcrumbList\",\"@id\":\"https:\/\/franciscanos.org.br\/noticias\/a-alma-vazia-e-o-pior-obstaculo-a-esperanca.html#breadcrumb\",\"itemListElement\":[{\"@type\":\"ListItem\",\"position\":1,\"name\":\"Home\",\"item\":\"https:\/\/franciscanos.org.br\/noticias\"},{\"@type\":\"ListItem\",\"position\":2,\"name\":\"\u201cA alma vazia \u00e9 o pior obst\u00e1culo \u00e0 esperan\u00e7a&#8221;\"}]},{\"@type\":\"Person\",\"@id\":\"https:\/\/franciscanos.org.br\/noticias\/#\/schema\/person\/b38fbf43118f02820bd932f2e4b14ad3\",\"name\":\"admin\",\"image\":{\"@type\":\"ImageObject\",\"inLanguage\":\"pt-BR\",\"@id\":\"https:\/\/franciscanos.org.br\/noticias\/#\/schema\/person\/image\/\",\"url\":\"https:\/\/secure.gravatar.com\/avatar\/e8495742d34d0ba6448ea1c628263b3e?s=96&d=mm&r=g\",\"contentUrl\":\"https:\/\/secure.gravatar.com\/avatar\/e8495742d34d0ba6448ea1c628263b3e?s=96&d=mm&r=g\",\"caption\":\"admin\"},\"url\":\"https:\/\/franciscanos.org.br\/noticias\/author\/admin\"}]}<\/script>\n<!-- \/ Yoast SEO plugin. -->","yoast_head_json":{"title":"\u201cA alma vazia \u00e9 o pior obst\u00e1culo \u00e0 esperan\u00e7a\" - Not\u00edcias - Franciscanos","robots":{"index":"index","follow":"follow","max-snippet":"max-snippet:-1","max-image-preview":"max-image-preview:large","max-video-preview":"max-video-preview:-1"},"canonical":"https:\/\/franciscanos.org.br\/noticias\/a-alma-vazia-e-o-pior-obstaculo-a-esperanca.html","og_locale":"pt_BR","og_type":"article","og_title":"\u201cA alma vazia \u00e9 o pior obst\u00e1culo \u00e0 esperan\u00e7a\" - Not\u00edcias - Franciscanos","og_description":"Audi\u00eancia Geral","og_url":"https:\/\/franciscanos.org.br\/noticias\/a-alma-vazia-e-o-pior-obstaculo-a-esperanca.html","og_site_name":"Not\u00edcias - Franciscanos","article_published_time":"2017-09-27T10:35:49+00:00","article_modified_time":"2020-06-08T20:07:50+00:00","og_image":[{"width":273,"height":181,"url":"https:\/\/franciscanos.org.br\/noticias\/wp-content\/uploads\/2017\/09\/papa_270917.jpg","type":"image\/jpeg"}],"author":"admin","twitter_card":"summary_large_image","twitter_misc":{"Escrito por":"admin","Est. tempo de leitura":"5 minutos"},"schema":{"@context":"https:\/\/schema.org","@graph":[{"@type":"WebSite","@id":"https:\/\/franciscanos.org.br\/noticias\/#website","url":"https:\/\/franciscanos.org.br\/noticias\/","name":"Not\u00edcias - Franciscanos","description":"Prov\u00edncia Franciscana da Imaculada Concei\u00e7\u00e3o do Brasil - Ordem dos Frades Menores - OFM","potentialAction":[{"@type":"SearchAction","target":{"@type":"EntryPoint","urlTemplate":"https:\/\/franciscanos.org.br\/noticias\/?s={search_term_string}"},"query-input":"required name=search_term_string"}],"inLanguage":"pt-BR"},{"@type":"ImageObject","inLanguage":"pt-BR","@id":"https:\/\/franciscanos.org.br\/noticias\/a-alma-vazia-e-o-pior-obstaculo-a-esperanca.html#primaryimage","url":"https:\/\/franciscanos.org.br\/noticias\/wp-content\/uploads\/2017\/09\/papa_270917.jpg","contentUrl":"https:\/\/franciscanos.org.br\/noticias\/wp-content\/uploads\/2017\/09\/papa_270917.jpg","width":273,"height":181},{"@type":"WebPage","@id":"https:\/\/franciscanos.org.br\/noticias\/a-alma-vazia-e-o-pior-obstaculo-a-esperanca.html#webpage","url":"https:\/\/franciscanos.org.br\/noticias\/a-alma-vazia-e-o-pior-obstaculo-a-esperanca.html","name":"\u201cA alma vazia \u00e9 o pior obst\u00e1culo \u00e0 esperan\u00e7a\" - Not\u00edcias - Franciscanos","isPartOf":{"@id":"https:\/\/franciscanos.org.br\/noticias\/#website"},"primaryImageOfPage":{"@id":"https:\/\/franciscanos.org.br\/noticias\/a-alma-vazia-e-o-pior-obstaculo-a-esperanca.html#primaryimage"},"datePublished":"2017-09-27T10:35:49+00:00","dateModified":"2020-06-08T20:07:50+00:00","author":{"@id":"https:\/\/franciscanos.org.br\/noticias\/#\/schema\/person\/b38fbf43118f02820bd932f2e4b14ad3"},"breadcrumb":{"@id":"https:\/\/franciscanos.org.br\/noticias\/a-alma-vazia-e-o-pior-obstaculo-a-esperanca.html#breadcrumb"},"inLanguage":"pt-BR","potentialAction":[{"@type":"ReadAction","target":["https:\/\/franciscanos.org.br\/noticias\/a-alma-vazia-e-o-pior-obstaculo-a-esperanca.html"]}]},{"@type":"BreadcrumbList","@id":"https:\/\/franciscanos.org.br\/noticias\/a-alma-vazia-e-o-pior-obstaculo-a-esperanca.html#breadcrumb","itemListElement":[{"@type":"ListItem","position":1,"name":"Home","item":"https:\/\/franciscanos.org.br\/noticias"},{"@type":"ListItem","position":2,"name":"\u201cA alma vazia \u00e9 o pior obst\u00e1culo \u00e0 esperan\u00e7a&#8221;"}]},{"@type":"Person","@id":"https:\/\/franciscanos.org.br\/noticias\/#\/schema\/person\/b38fbf43118f02820bd932f2e4b14ad3","name":"admin","image":{"@type":"ImageObject","inLanguage":"pt-BR","@id":"https:\/\/franciscanos.org.br\/noticias\/#\/schema\/person\/image\/","url":"https:\/\/secure.gravatar.com\/avatar\/e8495742d34d0ba6448ea1c628263b3e?s=96&d=mm&r=g","contentUrl":"https:\/\/secure.gravatar.com\/avatar\/e8495742d34d0ba6448ea1c628263b3e?s=96&d=mm&r=g","caption":"admin"},"url":"https:\/\/franciscanos.org.br\/noticias\/author\/admin"}]}},"_links":{"self":[{"href":"https:\/\/franciscanos.org.br\/noticias\/wp-json\/wp\/v2\/posts\/141822"}],"collection":[{"href":"https:\/\/franciscanos.org.br\/noticias\/wp-json\/wp\/v2\/posts"}],"about":[{"href":"https:\/\/franciscanos.org.br\/noticias\/wp-json\/wp\/v2\/types\/post"}],"author":[{"embeddable":true,"href":"https:\/\/franciscanos.org.br\/noticias\/wp-json\/wp\/v2\/users\/1"}],"replies":[{"embeddable":true,"href":"https:\/\/franciscanos.org.br\/noticias\/wp-json\/wp\/v2\/comments?post=141822"}],"version-history":[{"count":1,"href":"https:\/\/franciscanos.org.br\/noticias\/wp-json\/wp\/v2\/posts\/141822\/revisions"}],"predecessor-version":[{"id":225237,"href":"https:\/\/franciscanos.org.br\/noticias\/wp-json\/wp\/v2\/posts\/141822\/revisions\/225237"}],"wp:featuredmedia":[{"embeddable":true,"href":"https:\/\/franciscanos.org.br\/noticias\/wp-json\/wp\/v2\/media\/201704"}],"wp:attachment":[{"href":"https:\/\/franciscanos.org.br\/noticias\/wp-json\/wp\/v2\/media?parent=141822"}],"wp:term":[{"taxonomy":"category","embeddable":true,"href":"https:\/\/franciscanos.org.br\/noticias\/wp-json\/wp\/v2\/categories?post=141822"},{"taxonomy":"post_tag","embeddable":true,"href":"https:\/\/franciscanos.org.br\/noticias\/wp-json\/wp\/v2\/tags?post=141822"}],"curies":[{"name":"wp","href":"https:\/\/api.w.org\/{rel}","templated":true}]}}