{"id":141799,"date":"2017-09-26T19:16:40","date_gmt":"2017-09-26T22:16:40","guid":{"rendered":"http:\/\/franciscanos.org.br\/?p=141799"},"modified":"2019-04-23T13:18:58","modified_gmt":"2019-04-23T16:18:58","slug":"ecologia-espiritualidade-e-educacao-no-primeiro-dia-do-encontro-da-frente-da-educacao","status":"publish","type":"post","link":"https:\/\/franciscanos.org.br\/noticias\/ecologia-espiritualidade-e-educacao-no-primeiro-dia-do-encontro-da-frente-da-educacao.html","title":{"rendered":"Termina o Encontro da Frente da Educa\u00e7\u00e3o"},"content":{"rendered":"<p><img loading=\"lazy\" src=\"http:\/\/franciscanos.org.br\/wp-content\/uploads\/2017\/09\/educa_260917.jpg\" alt=\"educa_260917\" width=\"830\" height=\"445\" \/><\/p>\n<p><strong>Ana Paula Moreira de Souza, da USF\u00a0<\/strong><\/p>\n<p><strong>Bragan\u00e7a Paulista<\/strong> &#8211; A Universidade S\u00e3o Francisco (USF) sediou nos dias 26 e 27 de setembro o Encontro Ampliado da Frente de Evangeliza\u00e7\u00e3o da Educa\u00e7\u00e3o da Prov\u00edncia Franciscana da Imaculada Concei\u00e7\u00e3o, no Campus Bragan\u00e7a Paulista. O evento provincial re\u00fane frades e leigos da USF, FAE, Col\u00e9gio Bom Jesus, Educafro, Instituto Teol\u00f3gico Franciscano (ITF), Sefras e Meninos Cantores de Petr\u00f3polis.<\/p>\n<p>O encontrou contou com a presen\u00e7a do Ministro Provincial e Chanceler da USF, Frei Fid\u00eancio Vanboemmel, que explicou a import\u00e2ncia da Frente de Educa\u00e7\u00e3o para a Prov\u00edncia. \u201cH\u00e1 dois anos estamos fazendo esse trabalho provincial no sentido de usar mais a mesma linguagem, a mesma m\u00edstica, para juntos fortalecermos a miss\u00e3o que temos de cumprir dentro da Igreja, a de educar franciscanamente\u201d, ressaltou Frei Fid\u00eancio.<\/p>\n<p>O encontro teve in\u00edcio com a palestra do professor Breno Herrera da Silva Coelho, com o tema \u201cEcologia, espiritualidade e educa\u00e7\u00e3o para o bem viver\u201d. O professor iniciou a discuss\u00e3o apresentando as atuais correntes dentro da ecologia, baseado na obra do escritor Joan Martinez Alier, autor do livro \u201cO ecologismo dos pobres\u201d.<\/p>\n<p><img loading=\"lazy\" src=\"http:\/\/franciscanos.org.br\/wp-content\/uploads\/2017\/09\/educa_260917_2.jpg\" alt=\"educa_260917_2\" width=\"830\" height=\"445\" \/><\/p>\n<p>O docente destacou a import\u00e2ncia de estimular as crian\u00e7as a participarem desde cedo de discuss\u00f5es ambientais e n\u00e3o apenas vivenciar uma quest\u00e3o l\u00fadica. Durante a palestra foi abordada tamb\u00e9m a relev\u00e2ncia da Nova Enc\u00edclica do Papa Francisco, Laudato Si\u2019 \u2013 \u201cLouvado Seja\u201d, que aborda a preserva\u00e7\u00e3o do meio ambiente. \u201cFrancisco de Assis como o irm\u00e3o dos pobres e irm\u00e3o da Terra foi a inspira\u00e7\u00e3o do Papa Francisco nesta Enc\u00edclica, que representa o que h\u00e1 de mais avan\u00e7ado no debate acad\u00eamico sobre o tema. \u00c9 um documento muito bem desenhado e que explica que s\u00e3o insepar\u00e1veis a preocupa\u00e7\u00e3o com a natureza, a justi\u00e7a com os pobres e o empenho da sociedade com a paz interior\u201d, afirmou Herrera.<\/p>\n<p>Ap\u00f3s a palestra foi iniciado um debate sobre o tema. \u201cPrecisamos repensar essa vis\u00e3o equivocada que o ser humano tem de si mesmo, que n\u00e3o se compreende como pessoa. \u00c9 preciso compreender sua rela\u00e7\u00e3o com a natureza e com os outros. Viver em comunh\u00e3o e n\u00e3o ser superior ao outro. Precisamos da vis\u00e3o franciscana do mundo, que fazemos parte de um todo\u201d, ressaltou o Coordenador da Frente da Educa\u00e7\u00e3o, Frei Jo\u00e3o Mannes.<\/p>\n<p>No per\u00edodo da tarde foi apresentado o regimento da Frente da Educa\u00e7\u00e3o, o plano operacional do Bom Jesus. O plano operacional da USF foi apresentado pelo Diretor Presidente da CNSP-ASF, Frei Thiago Alexandre Hayakawa, e pela Pr\u00f3-Reitora de Ensino, Pesquisa e Extens\u00e3o, professora Iara Andrea Alvares Fernandes. Entre os objetivos espec\u00edficos do plano operacional est\u00e1 estimular uma cultura institucional de fraternidade, a servi\u00e7o da dignidade da vida de todos, \u00e0 luz do Evangelho e dos valores franciscanos.<\/p>\n<p><strong>Segundo dia <\/strong><\/p>\n<p>O segundo dia de encontro, teve in\u00edcio com a apresenta\u00e7\u00e3o das atividades desenvolvidas pelo N\u00facleo de Extens\u00e3o Universit\u00e1ria (NEXT) da USF. A professora D\u00e9bora Reis Garcia apresentou os principais projetos desenvolvidos no ano de 2016 e o p\u00fablico beneficiado.<\/p>\n<p>Na sequ\u00eancia, representantes do Instituto Meninos Cantores de Petr\u00f3polis apresentaram o Plano Operacional e um v\u00eddeo Institucional. O ITF apresentou os objetivos espec\u00edficos. \u201cEstimular uma cultura Institucional de fraternidade e em sa\u00edda, a servi\u00e7o da dignidade da vida de todos, \u00e0 luz do Evangelho e dos valores franciscanos\u201d, afirmou Frei El\u00f3i Dion\u00edsio Piva.<\/p>\n<p>O Educafro, que participou pela primeira vez do encontro trouxe depoimentos de representantes que mostraram a import\u00e2ncia das cotas nas institui\u00e7\u00f5es de ensino p\u00fablicas e privadas do pa\u00eds. Tamb\u00e9m foi abordado a import\u00e2ncia de se desenvolver a\u00e7\u00f5es de celebra\u00e7\u00e3o do 1\u00ba dia Mundial dos Pobres, que ser\u00e1 no dia 19 de novembro.<\/p>\n<p>&nbsp;<\/p>\n","protected":false},"excerpt":{"rendered":"<p>Frentes de Evangeliza\u00e7\u00e3o da Prov\u00edncia<\/p>\n","protected":false},"author":1,"featured_media":203051,"comment_status":"open","ping_status":"open","sticky":false,"template":"","format":"standard","meta":[],"categories":[1],"tags":[1117],"acf":[],"yoast_head":"<!-- This site is optimized with the Yoast SEO plugin v19.2 - https:\/\/yoast.com\/wordpress\/plugins\/seo\/ -->\n<title>Termina o Encontro da Frente da Educa\u00e7\u00e3o - Not\u00edcias - Franciscanos<\/title>\n<meta name=\"robots\" content=\"index, follow, max-snippet:-1, max-image-preview:large, max-video-preview:-1\" \/>\n<link rel=\"canonical\" href=\"https:\/\/franciscanos.org.br\/noticias\/ecologia-espiritualidade-e-educacao-no-primeiro-dia-do-encontro-da-frente-da-educacao.html\" \/>\n<meta property=\"og:locale\" content=\"pt_BR\" \/>\n<meta property=\"og:type\" content=\"article\" \/>\n<meta property=\"og:title\" content=\"Termina o Encontro da Frente da Educa\u00e7\u00e3o - Not\u00edcias - Franciscanos\" \/>\n<meta property=\"og:description\" content=\"Frentes de Evangeliza\u00e7\u00e3o da Prov\u00edncia\" \/>\n<meta property=\"og:url\" content=\"https:\/\/franciscanos.org.br\/noticias\/ecologia-espiritualidade-e-educacao-no-primeiro-dia-do-encontro-da-frente-da-educacao.html\" \/>\n<meta property=\"og:site_name\" content=\"Not\u00edcias - Franciscanos\" \/>\n<meta property=\"article:published_time\" content=\"2017-09-26T22:16:40+00:00\" \/>\n<meta property=\"article:modified_time\" content=\"2019-04-23T16:18:58+00:00\" \/>\n<meta property=\"og:image\" content=\"https:\/\/franciscanos.org.br\/noticias\/wp-content\/uploads\/2017\/09\/educa_260917.jpg\" \/>\n\t<meta property=\"og:image:width\" content=\"273\" \/>\n\t<meta property=\"og:image:height\" content=\"181\" \/>\n\t<meta property=\"og:image:type\" content=\"image\/jpeg\" \/>\n<meta name=\"author\" content=\"admin\" \/>\n<meta name=\"twitter:card\" content=\"summary_large_image\" \/>\n<meta name=\"twitter:label1\" content=\"Escrito por\" \/>\n\t<meta name=\"twitter:data1\" content=\"admin\" \/>\n\t<meta name=\"twitter:label2\" content=\"Est. tempo de leitura\" \/>\n\t<meta name=\"twitter:data2\" content=\"3 minutos\" \/>\n<script type=\"application\/ld+json\" class=\"yoast-schema-graph\">{\"@context\":\"https:\/\/schema.org\",\"@graph\":[{\"@type\":\"WebSite\",\"@id\":\"https:\/\/franciscanos.org.br\/noticias\/#website\",\"url\":\"https:\/\/franciscanos.org.br\/noticias\/\",\"name\":\"Not\u00edcias - Franciscanos\",\"description\":\"Prov\u00edncia Franciscana da Imaculada Concei\u00e7\u00e3o do Brasil - Ordem dos Frades Menores - OFM\",\"potentialAction\":[{\"@type\":\"SearchAction\",\"target\":{\"@type\":\"EntryPoint\",\"urlTemplate\":\"https:\/\/franciscanos.org.br\/noticias\/?s={search_term_string}\"},\"query-input\":\"required name=search_term_string\"}],\"inLanguage\":\"pt-BR\"},{\"@type\":\"ImageObject\",\"inLanguage\":\"pt-BR\",\"@id\":\"https:\/\/franciscanos.org.br\/noticias\/ecologia-espiritualidade-e-educacao-no-primeiro-dia-do-encontro-da-frente-da-educacao.html#primaryimage\",\"url\":\"https:\/\/franciscanos.org.br\/noticias\/wp-content\/uploads\/2017\/09\/educa_260917.jpg\",\"contentUrl\":\"https:\/\/franciscanos.org.br\/noticias\/wp-content\/uploads\/2017\/09\/educa_260917.jpg\",\"width\":273,\"height\":181},{\"@type\":\"WebPage\",\"@id\":\"https:\/\/franciscanos.org.br\/noticias\/ecologia-espiritualidade-e-educacao-no-primeiro-dia-do-encontro-da-frente-da-educacao.html#webpage\",\"url\":\"https:\/\/franciscanos.org.br\/noticias\/ecologia-espiritualidade-e-educacao-no-primeiro-dia-do-encontro-da-frente-da-educacao.html\",\"name\":\"Termina o Encontro da Frente da Educa\u00e7\u00e3o - Not\u00edcias - Franciscanos\",\"isPartOf\":{\"@id\":\"https:\/\/franciscanos.org.br\/noticias\/#website\"},\"primaryImageOfPage\":{\"@id\":\"https:\/\/franciscanos.org.br\/noticias\/ecologia-espiritualidade-e-educacao-no-primeiro-dia-do-encontro-da-frente-da-educacao.html#primaryimage\"},\"datePublished\":\"2017-09-26T22:16:40+00:00\",\"dateModified\":\"2019-04-23T16:18:58+00:00\",\"author\":{\"@id\":\"https:\/\/franciscanos.org.br\/noticias\/#\/schema\/person\/b38fbf43118f02820bd932f2e4b14ad3\"},\"breadcrumb\":{\"@id\":\"https:\/\/franciscanos.org.br\/noticias\/ecologia-espiritualidade-e-educacao-no-primeiro-dia-do-encontro-da-frente-da-educacao.html#breadcrumb\"},\"inLanguage\":\"pt-BR\",\"potentialAction\":[{\"@type\":\"ReadAction\",\"target\":[\"https:\/\/franciscanos.org.br\/noticias\/ecologia-espiritualidade-e-educacao-no-primeiro-dia-do-encontro-da-frente-da-educacao.html\"]}]},{\"@type\":\"BreadcrumbList\",\"@id\":\"https:\/\/franciscanos.org.br\/noticias\/ecologia-espiritualidade-e-educacao-no-primeiro-dia-do-encontro-da-frente-da-educacao.html#breadcrumb\",\"itemListElement\":[{\"@type\":\"ListItem\",\"position\":1,\"name\":\"Home\",\"item\":\"https:\/\/franciscanos.org.br\/noticias\"},{\"@type\":\"ListItem\",\"position\":2,\"name\":\"Termina o Encontro da Frente da Educa\u00e7\u00e3o\"}]},{\"@type\":\"Person\",\"@id\":\"https:\/\/franciscanos.org.br\/noticias\/#\/schema\/person\/b38fbf43118f02820bd932f2e4b14ad3\",\"name\":\"admin\",\"image\":{\"@type\":\"ImageObject\",\"inLanguage\":\"pt-BR\",\"@id\":\"https:\/\/franciscanos.org.br\/noticias\/#\/schema\/person\/image\/\",\"url\":\"https:\/\/secure.gravatar.com\/avatar\/e8495742d34d0ba6448ea1c628263b3e?s=96&d=mm&r=g\",\"contentUrl\":\"https:\/\/secure.gravatar.com\/avatar\/e8495742d34d0ba6448ea1c628263b3e?s=96&d=mm&r=g\",\"caption\":\"admin\"},\"url\":\"https:\/\/franciscanos.org.br\/noticias\/author\/admin\"}]}<\/script>\n<!-- \/ Yoast SEO plugin. -->","yoast_head_json":{"title":"Termina o Encontro da Frente da Educa\u00e7\u00e3o - Not\u00edcias - Franciscanos","robots":{"index":"index","follow":"follow","max-snippet":"max-snippet:-1","max-image-preview":"max-image-preview:large","max-video-preview":"max-video-preview:-1"},"canonical":"https:\/\/franciscanos.org.br\/noticias\/ecologia-espiritualidade-e-educacao-no-primeiro-dia-do-encontro-da-frente-da-educacao.html","og_locale":"pt_BR","og_type":"article","og_title":"Termina o Encontro da Frente da Educa\u00e7\u00e3o - Not\u00edcias - Franciscanos","og_description":"Frentes de Evangeliza\u00e7\u00e3o da Prov\u00edncia","og_url":"https:\/\/franciscanos.org.br\/noticias\/ecologia-espiritualidade-e-educacao-no-primeiro-dia-do-encontro-da-frente-da-educacao.html","og_site_name":"Not\u00edcias - Franciscanos","article_published_time":"2017-09-26T22:16:40+00:00","article_modified_time":"2019-04-23T16:18:58+00:00","og_image":[{"width":273,"height":181,"url":"https:\/\/franciscanos.org.br\/noticias\/wp-content\/uploads\/2017\/09\/educa_260917.jpg","type":"image\/jpeg"}],"author":"admin","twitter_card":"summary_large_image","twitter_misc":{"Escrito por":"admin","Est. tempo de leitura":"3 minutos"},"schema":{"@context":"https:\/\/schema.org","@graph":[{"@type":"WebSite","@id":"https:\/\/franciscanos.org.br\/noticias\/#website","url":"https:\/\/franciscanos.org.br\/noticias\/","name":"Not\u00edcias - Franciscanos","description":"Prov\u00edncia Franciscana da Imaculada Concei\u00e7\u00e3o do Brasil - Ordem dos Frades Menores - OFM","potentialAction":[{"@type":"SearchAction","target":{"@type":"EntryPoint","urlTemplate":"https:\/\/franciscanos.org.br\/noticias\/?s={search_term_string}"},"query-input":"required name=search_term_string"}],"inLanguage":"pt-BR"},{"@type":"ImageObject","inLanguage":"pt-BR","@id":"https:\/\/franciscanos.org.br\/noticias\/ecologia-espiritualidade-e-educacao-no-primeiro-dia-do-encontro-da-frente-da-educacao.html#primaryimage","url":"https:\/\/franciscanos.org.br\/noticias\/wp-content\/uploads\/2017\/09\/educa_260917.jpg","contentUrl":"https:\/\/franciscanos.org.br\/noticias\/wp-content\/uploads\/2017\/09\/educa_260917.jpg","width":273,"height":181},{"@type":"WebPage","@id":"https:\/\/franciscanos.org.br\/noticias\/ecologia-espiritualidade-e-educacao-no-primeiro-dia-do-encontro-da-frente-da-educacao.html#webpage","url":"https:\/\/franciscanos.org.br\/noticias\/ecologia-espiritualidade-e-educacao-no-primeiro-dia-do-encontro-da-frente-da-educacao.html","name":"Termina o Encontro da Frente da Educa\u00e7\u00e3o - Not\u00edcias - Franciscanos","isPartOf":{"@id":"https:\/\/franciscanos.org.br\/noticias\/#website"},"primaryImageOfPage":{"@id":"https:\/\/franciscanos.org.br\/noticias\/ecologia-espiritualidade-e-educacao-no-primeiro-dia-do-encontro-da-frente-da-educacao.html#primaryimage"},"datePublished":"2017-09-26T22:16:40+00:00","dateModified":"2019-04-23T16:18:58+00:00","author":{"@id":"https:\/\/franciscanos.org.br\/noticias\/#\/schema\/person\/b38fbf43118f02820bd932f2e4b14ad3"},"breadcrumb":{"@id":"https:\/\/franciscanos.org.br\/noticias\/ecologia-espiritualidade-e-educacao-no-primeiro-dia-do-encontro-da-frente-da-educacao.html#breadcrumb"},"inLanguage":"pt-BR","potentialAction":[{"@type":"ReadAction","target":["https:\/\/franciscanos.org.br\/noticias\/ecologia-espiritualidade-e-educacao-no-primeiro-dia-do-encontro-da-frente-da-educacao.html"]}]},{"@type":"BreadcrumbList","@id":"https:\/\/franciscanos.org.br\/noticias\/ecologia-espiritualidade-e-educacao-no-primeiro-dia-do-encontro-da-frente-da-educacao.html#breadcrumb","itemListElement":[{"@type":"ListItem","position":1,"name":"Home","item":"https:\/\/franciscanos.org.br\/noticias"},{"@type":"ListItem","position":2,"name":"Termina o Encontro da Frente da Educa\u00e7\u00e3o"}]},{"@type":"Person","@id":"https:\/\/franciscanos.org.br\/noticias\/#\/schema\/person\/b38fbf43118f02820bd932f2e4b14ad3","name":"admin","image":{"@type":"ImageObject","inLanguage":"pt-BR","@id":"https:\/\/franciscanos.org.br\/noticias\/#\/schema\/person\/image\/","url":"https:\/\/secure.gravatar.com\/avatar\/e8495742d34d0ba6448ea1c628263b3e?s=96&d=mm&r=g","contentUrl":"https:\/\/secure.gravatar.com\/avatar\/e8495742d34d0ba6448ea1c628263b3e?s=96&d=mm&r=g","caption":"admin"},"url":"https:\/\/franciscanos.org.br\/noticias\/author\/admin"}]}},"_links":{"self":[{"href":"https:\/\/franciscanos.org.br\/noticias\/wp-json\/wp\/v2\/posts\/141799"}],"collection":[{"href":"https:\/\/franciscanos.org.br\/noticias\/wp-json\/wp\/v2\/posts"}],"about":[{"href":"https:\/\/franciscanos.org.br\/noticias\/wp-json\/wp\/v2\/types\/post"}],"author":[{"embeddable":true,"href":"https:\/\/franciscanos.org.br\/noticias\/wp-json\/wp\/v2\/users\/1"}],"replies":[{"embeddable":true,"href":"https:\/\/franciscanos.org.br\/noticias\/wp-json\/wp\/v2\/comments?post=141799"}],"version-history":[{"count":0,"href":"https:\/\/franciscanos.org.br\/noticias\/wp-json\/wp\/v2\/posts\/141799\/revisions"}],"wp:featuredmedia":[{"embeddable":true,"href":"https:\/\/franciscanos.org.br\/noticias\/wp-json\/wp\/v2\/media\/203051"}],"wp:attachment":[{"href":"https:\/\/franciscanos.org.br\/noticias\/wp-json\/wp\/v2\/media?parent=141799"}],"wp:term":[{"taxonomy":"category","embeddable":true,"href":"https:\/\/franciscanos.org.br\/noticias\/wp-json\/wp\/v2\/categories?post=141799"},{"taxonomy":"post_tag","embeddable":true,"href":"https:\/\/franciscanos.org.br\/noticias\/wp-json\/wp\/v2\/tags?post=141799"}],"curies":[{"name":"wp","href":"https:\/\/api.w.org\/{rel}","templated":true}]}}