{"id":141711,"date":"2017-09-26T07:24:44","date_gmt":"2017-09-26T10:24:44","guid":{"rendered":"http:\/\/franciscanos.org.br\/?p=141711"},"modified":"2020-06-08T17:08:33","modified_gmt":"2020-06-08T20:08:33","slug":"papa-a-familiaridade-com-jesus-nos-liberta","status":"publish","type":"post","link":"https:\/\/franciscanos.org.br\/noticias\/papa-a-familiaridade-com-jesus-nos-liberta.html","title":{"rendered":"Papa: a familiaridade com Jesus nos liberta"},"content":{"rendered":"<p><img loading=\"lazy\" src=\"http:\/\/franciscanos.org.br\/wp-content\/uploads\/2017\/09\/papa_260917.jpg\" alt=\"papa_260917\" width=\"820\" height=\"487\" \/><\/p>\n<p><strong>Cidade do Vaticano<\/strong> \u2013 O Papa Francisco celebrou na manh\u00e3 desta ter\u00e7a-feira (26\/09) a Missa na capela da Casa Santa Marta. Em sua homilia, falou do conceito de fam\u00edlia, inspirando-se no Evangelho de Lucas proposto pela liturgia do dia.\u00a0Para Jesus, fam\u00edlia s\u00e3o os que ouvem a Palavra de Deus e a colocam em pr\u00e1tica. No Evangelho, \u00e9 o Senhor que chama \u201cm\u00e3e\u201d, \u201cirm\u00e3os\u201d e \u201cfam\u00edlia\u201d os que o circundavam e o ouviam na prega\u00e7\u00e3o. E isso, observou o Papa, &#8220;faz pensar no conceito de familiaridade com Deus e com Jesus\u201d, que \u00e9 algo a mais em rela\u00e7\u00e3o ao ser \u201cdisc\u00edpulos\u201d ou \u201camigos\u201d; \u201cn\u00e3o \u00e9 uma atitude formal nem educada e muito menos diplom\u00e1tica\u201d, afirmou o Papa.<\/p>\n<p>E ent\u00e3o &#8220;o que significa esta palavra que os padres espirituais na Igreja tanto usaram e nos ensinaram?&#8221;.<\/p>\n<p>Antes de tudo, explicou Francisco, significa &#8220;entrar na casa de Jesus: entrar naquela atmosfera, viver aquela atmosfera, que est\u00e1 na casa de Jesus. Viver ali, contemplar, ser livres, ali. Porque os filhos s\u00e3o os livres, os que moram na casa do Senhor s\u00e3o os livres, os que t\u00eam familiaridade com Ele com os livres. Os outros, usando uma palavra da B\u00edblia, s\u00e3o os \u2018filhos da escrava\u2019, digamos assim, s\u00e3o crist\u00e3os, mas n\u00e3o ousam se aproximar, n\u00e3o ousam ter esta familiaridade com o Senhor, e sempre h\u00e1 uma dist\u00e2ncia que os separa do Senhor&#8221;.<\/p>\n<p>Mas familiaridade com Jesus, como nos ensinam os grandes Santos, acrescentou o Papa, significa tamb\u00e9m \u201cestar com Ele, olh\u00e1-Lo, ouvir a sua Palavra, tentar pratic\u00e1-la, falar com Ele&#8221;.<\/p>\n<p>E a palavra \u00e9 ora\u00e7\u00e3o, destacou Francisco: &#8220;Aquela ora\u00e7\u00e3o que se faz inclusive na rua: &#8216;Mas, Senhor o que acha?&#8217; Esta \u00e9 a familiaridade, n\u00e3o? Sempre. Os santos tinham isso. Santa Teresa, \u00e9 bonito, porque diz que via o Senhor em todos os lugares, era familiar com o Senhor por todos os lados, mesmo entre as panelas na cozinha, era assim&#8221;.<\/p>\n<p>Por fim, familiaridade \u00e9 &#8220;permanecer&#8221; na presen\u00e7a de Jesus como Ele mesmo nos aconselha na \u00daltima Ceia ou como nos recorda o in\u00edcio do Evangelho, destacou Francisco, quando Jo\u00e3o indica: &#8220;Este \u00e9 o cordeiro de Deus que tira os pecados do mundo. E Andr\u00e9 e Jo\u00e3o foram atr\u00e1s de Jesus&#8221; e, como est\u00e1 escrito, \u201cpermaneceram, ficaram com Ele todo o dia\u201d.<\/p>\n<p>Esta \u00e9, portanto, reiterou o Papa, a atitude de familiaridade, n\u00e3o aquela dos crist\u00e3os que, por\u00e9m, mant\u00eam dist\u00e2ncia de Jesus. E ent\u00e3o Francisco pede a cada um: &#8220;Vamos dar um passo nesta atitude de familiaridade com o Senhor. Aquele crist\u00e3o, com problemas, que vai no \u00f4nibus, no metr\u00f4 e interiormente fala com o Senhor ou pelo menos sabe que o Senhor o v\u00ea, lhe est\u00e1 pr\u00f3ximo: esta \u00e9 a familiaridade, \u00e9 proximidade, \u00e9 sentir-se da fam\u00edlia de Jesus. Pe\u00e7amos esta gra\u00e7a para todos n\u00f3s, entender o que significa familiaridade com o Senhor. Que o Senhor nos conceda esta gra\u00e7a&#8221;.<\/p>\n<hr \/>\n<p><em>Fonte: Vatican News<\/em><\/p>\n","protected":false},"excerpt":{"rendered":"<p>Missa em Santa Marta<\/p>\n","protected":false},"author":1,"featured_media":199520,"comment_status":"open","ping_status":"open","sticky":false,"template":"","format":"standard","meta":[],"categories":[1428],"tags":[1586],"acf":[],"yoast_head":"<!-- This site is optimized with the Yoast SEO plugin v19.2 - https:\/\/yoast.com\/wordpress\/plugins\/seo\/ -->\n<title>Papa: a familiaridade com Jesus nos liberta - Not\u00edcias - Franciscanos<\/title>\n<meta name=\"robots\" content=\"index, follow, max-snippet:-1, max-image-preview:large, max-video-preview:-1\" \/>\n<link rel=\"canonical\" href=\"https:\/\/franciscanos.org.br\/noticias\/papa-a-familiaridade-com-jesus-nos-liberta.html\" \/>\n<meta property=\"og:locale\" content=\"pt_BR\" \/>\n<meta property=\"og:type\" content=\"article\" \/>\n<meta property=\"og:title\" content=\"Papa: a familiaridade com Jesus nos liberta - Not\u00edcias - Franciscanos\" \/>\n<meta property=\"og:description\" content=\"Missa em Santa Marta\" \/>\n<meta property=\"og:url\" content=\"https:\/\/franciscanos.org.br\/noticias\/papa-a-familiaridade-com-jesus-nos-liberta.html\" \/>\n<meta property=\"og:site_name\" content=\"Not\u00edcias - Franciscanos\" \/>\n<meta property=\"article:published_time\" content=\"2017-09-26T10:24:44+00:00\" \/>\n<meta property=\"article:modified_time\" content=\"2020-06-08T20:08:33+00:00\" \/>\n<meta property=\"og:image\" content=\"https:\/\/franciscanos.org.br\/noticias\/wp-content\/uploads\/2017\/09\/papa_260917.jpg\" \/>\n\t<meta property=\"og:image:width\" content=\"273\" \/>\n\t<meta property=\"og:image:height\" content=\"181\" \/>\n\t<meta property=\"og:image:type\" content=\"image\/jpeg\" \/>\n<meta name=\"author\" content=\"admin\" \/>\n<meta name=\"twitter:card\" content=\"summary_large_image\" \/>\n<meta name=\"twitter:label1\" content=\"Escrito por\" \/>\n\t<meta name=\"twitter:data1\" content=\"admin\" \/>\n\t<meta name=\"twitter:label2\" content=\"Est. tempo de leitura\" \/>\n\t<meta name=\"twitter:data2\" content=\"3 minutos\" \/>\n<script type=\"application\/ld+json\" class=\"yoast-schema-graph\">{\"@context\":\"https:\/\/schema.org\",\"@graph\":[{\"@type\":\"WebSite\",\"@id\":\"https:\/\/franciscanos.org.br\/noticias\/#website\",\"url\":\"https:\/\/franciscanos.org.br\/noticias\/\",\"name\":\"Not\u00edcias - Franciscanos\",\"description\":\"Prov\u00edncia Franciscana da Imaculada Concei\u00e7\u00e3o do Brasil - Ordem dos Frades Menores - OFM\",\"potentialAction\":[{\"@type\":\"SearchAction\",\"target\":{\"@type\":\"EntryPoint\",\"urlTemplate\":\"https:\/\/franciscanos.org.br\/noticias\/?s={search_term_string}\"},\"query-input\":\"required name=search_term_string\"}],\"inLanguage\":\"pt-BR\"},{\"@type\":\"ImageObject\",\"inLanguage\":\"pt-BR\",\"@id\":\"https:\/\/franciscanos.org.br\/noticias\/papa-a-familiaridade-com-jesus-nos-liberta.html#primaryimage\",\"url\":\"https:\/\/franciscanos.org.br\/noticias\/wp-content\/uploads\/2017\/09\/papa_260917.jpg\",\"contentUrl\":\"https:\/\/franciscanos.org.br\/noticias\/wp-content\/uploads\/2017\/09\/papa_260917.jpg\",\"width\":273,\"height\":181},{\"@type\":\"WebPage\",\"@id\":\"https:\/\/franciscanos.org.br\/noticias\/papa-a-familiaridade-com-jesus-nos-liberta.html#webpage\",\"url\":\"https:\/\/franciscanos.org.br\/noticias\/papa-a-familiaridade-com-jesus-nos-liberta.html\",\"name\":\"Papa: a familiaridade com Jesus nos liberta - Not\u00edcias - Franciscanos\",\"isPartOf\":{\"@id\":\"https:\/\/franciscanos.org.br\/noticias\/#website\"},\"primaryImageOfPage\":{\"@id\":\"https:\/\/franciscanos.org.br\/noticias\/papa-a-familiaridade-com-jesus-nos-liberta.html#primaryimage\"},\"datePublished\":\"2017-09-26T10:24:44+00:00\",\"dateModified\":\"2020-06-08T20:08:33+00:00\",\"author\":{\"@id\":\"https:\/\/franciscanos.org.br\/noticias\/#\/schema\/person\/b38fbf43118f02820bd932f2e4b14ad3\"},\"breadcrumb\":{\"@id\":\"https:\/\/franciscanos.org.br\/noticias\/papa-a-familiaridade-com-jesus-nos-liberta.html#breadcrumb\"},\"inLanguage\":\"pt-BR\",\"potentialAction\":[{\"@type\":\"ReadAction\",\"target\":[\"https:\/\/franciscanos.org.br\/noticias\/papa-a-familiaridade-com-jesus-nos-liberta.html\"]}]},{\"@type\":\"BreadcrumbList\",\"@id\":\"https:\/\/franciscanos.org.br\/noticias\/papa-a-familiaridade-com-jesus-nos-liberta.html#breadcrumb\",\"itemListElement\":[{\"@type\":\"ListItem\",\"position\":1,\"name\":\"Home\",\"item\":\"https:\/\/franciscanos.org.br\/noticias\"},{\"@type\":\"ListItem\",\"position\":2,\"name\":\"Papa: a familiaridade com Jesus nos liberta\"}]},{\"@type\":\"Person\",\"@id\":\"https:\/\/franciscanos.org.br\/noticias\/#\/schema\/person\/b38fbf43118f02820bd932f2e4b14ad3\",\"name\":\"admin\",\"image\":{\"@type\":\"ImageObject\",\"inLanguage\":\"pt-BR\",\"@id\":\"https:\/\/franciscanos.org.br\/noticias\/#\/schema\/person\/image\/\",\"url\":\"https:\/\/secure.gravatar.com\/avatar\/e8495742d34d0ba6448ea1c628263b3e?s=96&d=mm&r=g\",\"contentUrl\":\"https:\/\/secure.gravatar.com\/avatar\/e8495742d34d0ba6448ea1c628263b3e?s=96&d=mm&r=g\",\"caption\":\"admin\"},\"url\":\"https:\/\/franciscanos.org.br\/noticias\/author\/admin\"}]}<\/script>\n<!-- \/ Yoast SEO plugin. -->","yoast_head_json":{"title":"Papa: a familiaridade com Jesus nos liberta - Not\u00edcias - Franciscanos","robots":{"index":"index","follow":"follow","max-snippet":"max-snippet:-1","max-image-preview":"max-image-preview:large","max-video-preview":"max-video-preview:-1"},"canonical":"https:\/\/franciscanos.org.br\/noticias\/papa-a-familiaridade-com-jesus-nos-liberta.html","og_locale":"pt_BR","og_type":"article","og_title":"Papa: a familiaridade com Jesus nos liberta - Not\u00edcias - Franciscanos","og_description":"Missa em Santa Marta","og_url":"https:\/\/franciscanos.org.br\/noticias\/papa-a-familiaridade-com-jesus-nos-liberta.html","og_site_name":"Not\u00edcias - Franciscanos","article_published_time":"2017-09-26T10:24:44+00:00","article_modified_time":"2020-06-08T20:08:33+00:00","og_image":[{"width":273,"height":181,"url":"https:\/\/franciscanos.org.br\/noticias\/wp-content\/uploads\/2017\/09\/papa_260917.jpg","type":"image\/jpeg"}],"author":"admin","twitter_card":"summary_large_image","twitter_misc":{"Escrito por":"admin","Est. tempo de leitura":"3 minutos"},"schema":{"@context":"https:\/\/schema.org","@graph":[{"@type":"WebSite","@id":"https:\/\/franciscanos.org.br\/noticias\/#website","url":"https:\/\/franciscanos.org.br\/noticias\/","name":"Not\u00edcias - Franciscanos","description":"Prov\u00edncia Franciscana da Imaculada Concei\u00e7\u00e3o do Brasil - Ordem dos Frades Menores - OFM","potentialAction":[{"@type":"SearchAction","target":{"@type":"EntryPoint","urlTemplate":"https:\/\/franciscanos.org.br\/noticias\/?s={search_term_string}"},"query-input":"required name=search_term_string"}],"inLanguage":"pt-BR"},{"@type":"ImageObject","inLanguage":"pt-BR","@id":"https:\/\/franciscanos.org.br\/noticias\/papa-a-familiaridade-com-jesus-nos-liberta.html#primaryimage","url":"https:\/\/franciscanos.org.br\/noticias\/wp-content\/uploads\/2017\/09\/papa_260917.jpg","contentUrl":"https:\/\/franciscanos.org.br\/noticias\/wp-content\/uploads\/2017\/09\/papa_260917.jpg","width":273,"height":181},{"@type":"WebPage","@id":"https:\/\/franciscanos.org.br\/noticias\/papa-a-familiaridade-com-jesus-nos-liberta.html#webpage","url":"https:\/\/franciscanos.org.br\/noticias\/papa-a-familiaridade-com-jesus-nos-liberta.html","name":"Papa: a familiaridade com Jesus nos liberta - Not\u00edcias - Franciscanos","isPartOf":{"@id":"https:\/\/franciscanos.org.br\/noticias\/#website"},"primaryImageOfPage":{"@id":"https:\/\/franciscanos.org.br\/noticias\/papa-a-familiaridade-com-jesus-nos-liberta.html#primaryimage"},"datePublished":"2017-09-26T10:24:44+00:00","dateModified":"2020-06-08T20:08:33+00:00","author":{"@id":"https:\/\/franciscanos.org.br\/noticias\/#\/schema\/person\/b38fbf43118f02820bd932f2e4b14ad3"},"breadcrumb":{"@id":"https:\/\/franciscanos.org.br\/noticias\/papa-a-familiaridade-com-jesus-nos-liberta.html#breadcrumb"},"inLanguage":"pt-BR","potentialAction":[{"@type":"ReadAction","target":["https:\/\/franciscanos.org.br\/noticias\/papa-a-familiaridade-com-jesus-nos-liberta.html"]}]},{"@type":"BreadcrumbList","@id":"https:\/\/franciscanos.org.br\/noticias\/papa-a-familiaridade-com-jesus-nos-liberta.html#breadcrumb","itemListElement":[{"@type":"ListItem","position":1,"name":"Home","item":"https:\/\/franciscanos.org.br\/noticias"},{"@type":"ListItem","position":2,"name":"Papa: a familiaridade com Jesus nos liberta"}]},{"@type":"Person","@id":"https:\/\/franciscanos.org.br\/noticias\/#\/schema\/person\/b38fbf43118f02820bd932f2e4b14ad3","name":"admin","image":{"@type":"ImageObject","inLanguage":"pt-BR","@id":"https:\/\/franciscanos.org.br\/noticias\/#\/schema\/person\/image\/","url":"https:\/\/secure.gravatar.com\/avatar\/e8495742d34d0ba6448ea1c628263b3e?s=96&d=mm&r=g","contentUrl":"https:\/\/secure.gravatar.com\/avatar\/e8495742d34d0ba6448ea1c628263b3e?s=96&d=mm&r=g","caption":"admin"},"url":"https:\/\/franciscanos.org.br\/noticias\/author\/admin"}]}},"_links":{"self":[{"href":"https:\/\/franciscanos.org.br\/noticias\/wp-json\/wp\/v2\/posts\/141711"}],"collection":[{"href":"https:\/\/franciscanos.org.br\/noticias\/wp-json\/wp\/v2\/posts"}],"about":[{"href":"https:\/\/franciscanos.org.br\/noticias\/wp-json\/wp\/v2\/types\/post"}],"author":[{"embeddable":true,"href":"https:\/\/franciscanos.org.br\/noticias\/wp-json\/wp\/v2\/users\/1"}],"replies":[{"embeddable":true,"href":"https:\/\/franciscanos.org.br\/noticias\/wp-json\/wp\/v2\/comments?post=141711"}],"version-history":[{"count":1,"href":"https:\/\/franciscanos.org.br\/noticias\/wp-json\/wp\/v2\/posts\/141711\/revisions"}],"predecessor-version":[{"id":225238,"href":"https:\/\/franciscanos.org.br\/noticias\/wp-json\/wp\/v2\/posts\/141711\/revisions\/225238"}],"wp:featuredmedia":[{"embeddable":true,"href":"https:\/\/franciscanos.org.br\/noticias\/wp-json\/wp\/v2\/media\/199520"}],"wp:attachment":[{"href":"https:\/\/franciscanos.org.br\/noticias\/wp-json\/wp\/v2\/media?parent=141711"}],"wp:term":[{"taxonomy":"category","embeddable":true,"href":"https:\/\/franciscanos.org.br\/noticias\/wp-json\/wp\/v2\/categories?post=141711"},{"taxonomy":"post_tag","embeddable":true,"href":"https:\/\/franciscanos.org.br\/noticias\/wp-json\/wp\/v2\/tags?post=141711"}],"curies":[{"name":"wp","href":"https:\/\/api.w.org\/{rel}","templated":true}]}}