{"id":141666,"date":"2017-09-25T09:34:58","date_gmt":"2017-09-25T12:34:58","guid":{"rendered":"http:\/\/franciscanos.org.br\/?p=141666"},"modified":"2020-06-08T17:10:10","modified_gmt":"2020-06-08T20:10:10","slug":"consolo-nao-e-diversao-mas-paz-do-senhor","status":"publish","type":"post","link":"https:\/\/franciscanos.org.br\/noticias\/consolo-nao-e-diversao-mas-paz-do-senhor.html","title":{"rendered":"Consolo n\u00e3o \u00e9 divers\u00e3o, mas paz do Senhor"},"content":{"rendered":"<p><img loading=\"lazy\" src=\"http:\/\/franciscanos.org.br\/wp-content\/uploads\/2017\/05\/marta_290517G.jpg\" alt=\"marta_290517G\" width=\"830\" height=\"399\" \/><\/p>\n<p><strong>Cidade do Vaticano<\/strong> \u2013 O Papa come\u00e7ou a semana celebrando a missa na capela da Casa Santa Marta (25\/09). Em sua homilia, Francisco comentou a Primeira Leitura, que narra o momento no qual o povo de Israel \u00e9 libertado do ex\u00edlio: \u201co Senhor \u2013 destacou o Pont\u00edfice \u2013 visitou o seu povo e o conduziu de volta a Jerusal\u00e9m\u201d. A palavra \u201cvisita\u201d, explicou, \u00e9 \u201cimportante\u201d na hist\u00f3ria da salva\u00e7\u00e3o, porque \u201ctoda liberta\u00e7\u00e3o, toda a\u00e7\u00e3o de reden\u00e7\u00e3o de Deus \u00e9 uma visita\u201d:\u00a0\u201cQuando o Senhor nos visita nos d\u00e1 a alegria, isto \u00e9, nos leva a um estado de consola\u00e7\u00e3o. Este dar alegria\u2026 Sim, semearam nas l\u00e1grimas, mas agora o Senhor nos consola e nos d\u00e1 esta consola\u00e7\u00e3o espiritual. E a consola\u00e7\u00e3o acontece n\u00e3o s\u00f3 naquele tempo, \u00e9 um estado na vida espiritual de todo crist\u00e3o. Toda a B\u00edblia nos ensina isso\u201d.<\/p>\n<p>O Papa exortou a \u201cesperar\u201d, portanto, a visita de Deus \u201ca cada um de n\u00f3s\u201d. Existem \u201cmomentos mais fracos\u201d e \u201cmomentos mais fortes\u201d, mas o Senhor \u201cnos faz sentir a sua presen\u00e7a\u201d sempre, com a consola\u00e7\u00e3o espiritual, enchendo-nos \u201cde alegria\u201d.<\/p>\n<p>Neste sentido, esperar este evento com a virtude \u201cmais humilde de todas\u201d: a esperan\u00e7a, que \u201c\u00e9 sempre pequena\u201d, mas \u201ctantas vezes \u00e9 forte quando est\u00e1 escondida como as brasas sob as cinzas\u201d.<br \/>\nAssim, o crist\u00e3o vive \u201cem tens\u00e3o\u201d pelo encontro com Deus, pela consola\u00e7\u00e3o \u201cque d\u00e1 este encontro com o Senhor\u201d.<\/p>\n<p>Se um crist\u00e3o n\u00e3o est\u00e1 em tens\u00e3o por tal encontro \u00e9 \u2013 acrescenta o Papa \u2013 um crist\u00e3o \u201cfechado\u201d, \u201cmeio que no dep\u00f3sito da vida\u201d, sem saber \u201co que fazer\u201d.<\/p>\n<p>O convite, ent\u00e3o, \u00e9 para \u201creconhecer\u201d a consola\u00e7\u00e3o, \u201cporque existem falsos profetas que parecem nos consolar, mas pelo contr\u00e1rio, nos enganam\u201d. Esta n\u00e3o \u00e9 \u201cuma alegria que se pode comparar\u201d:<br \/>\n\u201cA consola\u00e7\u00e3o do Senhor toca dentro e te move, faz aumentar em ti a caridade, a f\u00e9, a esperan\u00e7a e tamb\u00e9m te leva a chorar pelos [teus] pr\u00f3prios pecados. E tamb\u00e9m quando olhamos para Jesus e para a Paix\u00e3o de Jesus, chorar com Jesus. E tamb\u00e9m te eleva a alma para as coisas do C\u00e9u, para as coisas de Deus e tamb\u00e9m, acalma a alma na paz do Senhor. Esta \u00e9 a verdadeira consola\u00e7\u00e3o. N\u00e3o \u00e9 um divertimento \u2013 o divertimento n\u00e3o \u00e9 uma coisa m\u00e1 quando \u00e9 bom, somos humanos, devemos t\u00ea-lo -, mas a consola\u00e7\u00e3o te envolve e justamente a presen\u00e7a de Deus se sente e se reconhece: este \u00e9 o Senhor\u201d.<\/p>\n<p>O Papa recorda de agradecer &#8211; com a ora\u00e7\u00e3o &#8211; o Senhor \u201cque passa\u201d para nos visitar, para nos ajudar a \u201ca ir para frente, para esperar, para carregar a Cruz\u201d. Enfim, pede para conservar a consola\u00e7\u00e3o recebida:\u00a0 &#8220;\u00c9 verdade, a consola\u00e7\u00e3o \u00e9 forte e n\u00e3o se conserva assim forte &#8211; \u00e9 um momento &#8211; mas deixa seus tra\u00e7os. E conservar esses tra\u00e7os, e conservar com a mem\u00f3ria; conservar como o povo conservou esta liberta\u00e7\u00e3o. Retornamos a Jerusal\u00e9m porque Ele nos libertou de l\u00e1. Esperar a consola\u00e7\u00e3o, reconhecer a consola\u00e7\u00e3o e conservar a consola\u00e7\u00e3o. E quando esse momento forte passa o que permanece? A paz. E a paz \u00e9 o \u00faltimo n\u00edvel da consola\u00e7\u00e3o\u201d.<\/p>\n<hr \/>\n<p><em>Fonte: Vatican News<\/em><\/p>\n","protected":false},"excerpt":{"rendered":"<p>Missa em Santa Marta<\/p>\n","protected":false},"author":1,"featured_media":203049,"comment_status":"open","ping_status":"open","sticky":false,"template":"","format":"standard","meta":[],"categories":[1428],"tags":[1586],"acf":[],"yoast_head":"<!-- This site is optimized with the Yoast SEO plugin v19.2 - https:\/\/yoast.com\/wordpress\/plugins\/seo\/ -->\n<title>Consolo n\u00e3o \u00e9 divers\u00e3o, mas paz do Senhor - Not\u00edcias - Franciscanos<\/title>\n<meta name=\"robots\" content=\"index, follow, max-snippet:-1, max-image-preview:large, max-video-preview:-1\" \/>\n<link rel=\"canonical\" href=\"https:\/\/franciscanos.org.br\/noticias\/consolo-nao-e-diversao-mas-paz-do-senhor.html\" \/>\n<meta property=\"og:locale\" content=\"pt_BR\" \/>\n<meta property=\"og:type\" content=\"article\" \/>\n<meta property=\"og:title\" content=\"Consolo n\u00e3o \u00e9 divers\u00e3o, mas paz do Senhor - Not\u00edcias - Franciscanos\" \/>\n<meta property=\"og:description\" content=\"Missa em Santa Marta\" \/>\n<meta property=\"og:url\" content=\"https:\/\/franciscanos.org.br\/noticias\/consolo-nao-e-diversao-mas-paz-do-senhor.html\" \/>\n<meta property=\"og:site_name\" content=\"Not\u00edcias - Franciscanos\" \/>\n<meta property=\"article:published_time\" content=\"2017-09-25T12:34:58+00:00\" \/>\n<meta property=\"article:modified_time\" content=\"2020-06-08T20:10:10+00:00\" \/>\n<meta property=\"og:image\" content=\"https:\/\/franciscanos.org.br\/noticias\/wp-content\/uploads\/2017\/09\/marta_290517G.jpg\" \/>\n\t<meta property=\"og:image:width\" content=\"273\" \/>\n\t<meta property=\"og:image:height\" content=\"181\" \/>\n\t<meta property=\"og:image:type\" content=\"image\/jpeg\" \/>\n<meta name=\"author\" content=\"admin\" \/>\n<meta name=\"twitter:card\" content=\"summary_large_image\" \/>\n<meta name=\"twitter:label1\" content=\"Escrito por\" \/>\n\t<meta name=\"twitter:data1\" content=\"admin\" \/>\n\t<meta name=\"twitter:label2\" content=\"Est. tempo de leitura\" \/>\n\t<meta name=\"twitter:data2\" content=\"3 minutos\" \/>\n<script type=\"application\/ld+json\" class=\"yoast-schema-graph\">{\"@context\":\"https:\/\/schema.org\",\"@graph\":[{\"@type\":\"WebSite\",\"@id\":\"https:\/\/franciscanos.org.br\/noticias\/#website\",\"url\":\"https:\/\/franciscanos.org.br\/noticias\/\",\"name\":\"Not\u00edcias - Franciscanos\",\"description\":\"Prov\u00edncia Franciscana da Imaculada Concei\u00e7\u00e3o do Brasil - Ordem dos Frades Menores - OFM\",\"potentialAction\":[{\"@type\":\"SearchAction\",\"target\":{\"@type\":\"EntryPoint\",\"urlTemplate\":\"https:\/\/franciscanos.org.br\/noticias\/?s={search_term_string}\"},\"query-input\":\"required name=search_term_string\"}],\"inLanguage\":\"pt-BR\"},{\"@type\":\"ImageObject\",\"inLanguage\":\"pt-BR\",\"@id\":\"https:\/\/franciscanos.org.br\/noticias\/consolo-nao-e-diversao-mas-paz-do-senhor.html#primaryimage\",\"url\":\"https:\/\/franciscanos.org.br\/noticias\/wp-content\/uploads\/2017\/09\/marta_290517G.jpg\",\"contentUrl\":\"https:\/\/franciscanos.org.br\/noticias\/wp-content\/uploads\/2017\/09\/marta_290517G.jpg\",\"width\":273,\"height\":181},{\"@type\":\"WebPage\",\"@id\":\"https:\/\/franciscanos.org.br\/noticias\/consolo-nao-e-diversao-mas-paz-do-senhor.html#webpage\",\"url\":\"https:\/\/franciscanos.org.br\/noticias\/consolo-nao-e-diversao-mas-paz-do-senhor.html\",\"name\":\"Consolo n\u00e3o \u00e9 divers\u00e3o, mas paz do Senhor - Not\u00edcias - Franciscanos\",\"isPartOf\":{\"@id\":\"https:\/\/franciscanos.org.br\/noticias\/#website\"},\"primaryImageOfPage\":{\"@id\":\"https:\/\/franciscanos.org.br\/noticias\/consolo-nao-e-diversao-mas-paz-do-senhor.html#primaryimage\"},\"datePublished\":\"2017-09-25T12:34:58+00:00\",\"dateModified\":\"2020-06-08T20:10:10+00:00\",\"author\":{\"@id\":\"https:\/\/franciscanos.org.br\/noticias\/#\/schema\/person\/b38fbf43118f02820bd932f2e4b14ad3\"},\"breadcrumb\":{\"@id\":\"https:\/\/franciscanos.org.br\/noticias\/consolo-nao-e-diversao-mas-paz-do-senhor.html#breadcrumb\"},\"inLanguage\":\"pt-BR\",\"potentialAction\":[{\"@type\":\"ReadAction\",\"target\":[\"https:\/\/franciscanos.org.br\/noticias\/consolo-nao-e-diversao-mas-paz-do-senhor.html\"]}]},{\"@type\":\"BreadcrumbList\",\"@id\":\"https:\/\/franciscanos.org.br\/noticias\/consolo-nao-e-diversao-mas-paz-do-senhor.html#breadcrumb\",\"itemListElement\":[{\"@type\":\"ListItem\",\"position\":1,\"name\":\"Home\",\"item\":\"https:\/\/franciscanos.org.br\/noticias\"},{\"@type\":\"ListItem\",\"position\":2,\"name\":\"Consolo n\u00e3o \u00e9 divers\u00e3o, mas paz do Senhor\"}]},{\"@type\":\"Person\",\"@id\":\"https:\/\/franciscanos.org.br\/noticias\/#\/schema\/person\/b38fbf43118f02820bd932f2e4b14ad3\",\"name\":\"admin\",\"image\":{\"@type\":\"ImageObject\",\"inLanguage\":\"pt-BR\",\"@id\":\"https:\/\/franciscanos.org.br\/noticias\/#\/schema\/person\/image\/\",\"url\":\"https:\/\/secure.gravatar.com\/avatar\/e8495742d34d0ba6448ea1c628263b3e?s=96&d=mm&r=g\",\"contentUrl\":\"https:\/\/secure.gravatar.com\/avatar\/e8495742d34d0ba6448ea1c628263b3e?s=96&d=mm&r=g\",\"caption\":\"admin\"},\"url\":\"https:\/\/franciscanos.org.br\/noticias\/author\/admin\"}]}<\/script>\n<!-- \/ Yoast SEO plugin. -->","yoast_head_json":{"title":"Consolo n\u00e3o \u00e9 divers\u00e3o, mas paz do Senhor - Not\u00edcias - Franciscanos","robots":{"index":"index","follow":"follow","max-snippet":"max-snippet:-1","max-image-preview":"max-image-preview:large","max-video-preview":"max-video-preview:-1"},"canonical":"https:\/\/franciscanos.org.br\/noticias\/consolo-nao-e-diversao-mas-paz-do-senhor.html","og_locale":"pt_BR","og_type":"article","og_title":"Consolo n\u00e3o \u00e9 divers\u00e3o, mas paz do Senhor - Not\u00edcias - Franciscanos","og_description":"Missa em Santa Marta","og_url":"https:\/\/franciscanos.org.br\/noticias\/consolo-nao-e-diversao-mas-paz-do-senhor.html","og_site_name":"Not\u00edcias - Franciscanos","article_published_time":"2017-09-25T12:34:58+00:00","article_modified_time":"2020-06-08T20:10:10+00:00","og_image":[{"width":273,"height":181,"url":"https:\/\/franciscanos.org.br\/noticias\/wp-content\/uploads\/2017\/09\/marta_290517G.jpg","type":"image\/jpeg"}],"author":"admin","twitter_card":"summary_large_image","twitter_misc":{"Escrito por":"admin","Est. tempo de leitura":"3 minutos"},"schema":{"@context":"https:\/\/schema.org","@graph":[{"@type":"WebSite","@id":"https:\/\/franciscanos.org.br\/noticias\/#website","url":"https:\/\/franciscanos.org.br\/noticias\/","name":"Not\u00edcias - Franciscanos","description":"Prov\u00edncia Franciscana da Imaculada Concei\u00e7\u00e3o do Brasil - Ordem dos Frades Menores - OFM","potentialAction":[{"@type":"SearchAction","target":{"@type":"EntryPoint","urlTemplate":"https:\/\/franciscanos.org.br\/noticias\/?s={search_term_string}"},"query-input":"required name=search_term_string"}],"inLanguage":"pt-BR"},{"@type":"ImageObject","inLanguage":"pt-BR","@id":"https:\/\/franciscanos.org.br\/noticias\/consolo-nao-e-diversao-mas-paz-do-senhor.html#primaryimage","url":"https:\/\/franciscanos.org.br\/noticias\/wp-content\/uploads\/2017\/09\/marta_290517G.jpg","contentUrl":"https:\/\/franciscanos.org.br\/noticias\/wp-content\/uploads\/2017\/09\/marta_290517G.jpg","width":273,"height":181},{"@type":"WebPage","@id":"https:\/\/franciscanos.org.br\/noticias\/consolo-nao-e-diversao-mas-paz-do-senhor.html#webpage","url":"https:\/\/franciscanos.org.br\/noticias\/consolo-nao-e-diversao-mas-paz-do-senhor.html","name":"Consolo n\u00e3o \u00e9 divers\u00e3o, mas paz do Senhor - Not\u00edcias - Franciscanos","isPartOf":{"@id":"https:\/\/franciscanos.org.br\/noticias\/#website"},"primaryImageOfPage":{"@id":"https:\/\/franciscanos.org.br\/noticias\/consolo-nao-e-diversao-mas-paz-do-senhor.html#primaryimage"},"datePublished":"2017-09-25T12:34:58+00:00","dateModified":"2020-06-08T20:10:10+00:00","author":{"@id":"https:\/\/franciscanos.org.br\/noticias\/#\/schema\/person\/b38fbf43118f02820bd932f2e4b14ad3"},"breadcrumb":{"@id":"https:\/\/franciscanos.org.br\/noticias\/consolo-nao-e-diversao-mas-paz-do-senhor.html#breadcrumb"},"inLanguage":"pt-BR","potentialAction":[{"@type":"ReadAction","target":["https:\/\/franciscanos.org.br\/noticias\/consolo-nao-e-diversao-mas-paz-do-senhor.html"]}]},{"@type":"BreadcrumbList","@id":"https:\/\/franciscanos.org.br\/noticias\/consolo-nao-e-diversao-mas-paz-do-senhor.html#breadcrumb","itemListElement":[{"@type":"ListItem","position":1,"name":"Home","item":"https:\/\/franciscanos.org.br\/noticias"},{"@type":"ListItem","position":2,"name":"Consolo n\u00e3o \u00e9 divers\u00e3o, mas paz do Senhor"}]},{"@type":"Person","@id":"https:\/\/franciscanos.org.br\/noticias\/#\/schema\/person\/b38fbf43118f02820bd932f2e4b14ad3","name":"admin","image":{"@type":"ImageObject","inLanguage":"pt-BR","@id":"https:\/\/franciscanos.org.br\/noticias\/#\/schema\/person\/image\/","url":"https:\/\/secure.gravatar.com\/avatar\/e8495742d34d0ba6448ea1c628263b3e?s=96&d=mm&r=g","contentUrl":"https:\/\/secure.gravatar.com\/avatar\/e8495742d34d0ba6448ea1c628263b3e?s=96&d=mm&r=g","caption":"admin"},"url":"https:\/\/franciscanos.org.br\/noticias\/author\/admin"}]}},"_links":{"self":[{"href":"https:\/\/franciscanos.org.br\/noticias\/wp-json\/wp\/v2\/posts\/141666"}],"collection":[{"href":"https:\/\/franciscanos.org.br\/noticias\/wp-json\/wp\/v2\/posts"}],"about":[{"href":"https:\/\/franciscanos.org.br\/noticias\/wp-json\/wp\/v2\/types\/post"}],"author":[{"embeddable":true,"href":"https:\/\/franciscanos.org.br\/noticias\/wp-json\/wp\/v2\/users\/1"}],"replies":[{"embeddable":true,"href":"https:\/\/franciscanos.org.br\/noticias\/wp-json\/wp\/v2\/comments?post=141666"}],"version-history":[{"count":2,"href":"https:\/\/franciscanos.org.br\/noticias\/wp-json\/wp\/v2\/posts\/141666\/revisions"}],"predecessor-version":[{"id":225240,"href":"https:\/\/franciscanos.org.br\/noticias\/wp-json\/wp\/v2\/posts\/141666\/revisions\/225240"}],"wp:featuredmedia":[{"embeddable":true,"href":"https:\/\/franciscanos.org.br\/noticias\/wp-json\/wp\/v2\/media\/203049"}],"wp:attachment":[{"href":"https:\/\/franciscanos.org.br\/noticias\/wp-json\/wp\/v2\/media?parent=141666"}],"wp:term":[{"taxonomy":"category","embeddable":true,"href":"https:\/\/franciscanos.org.br\/noticias\/wp-json\/wp\/v2\/categories?post=141666"},{"taxonomy":"post_tag","embeddable":true,"href":"https:\/\/franciscanos.org.br\/noticias\/wp-json\/wp\/v2\/tags?post=141666"}],"curies":[{"name":"wp","href":"https:\/\/api.w.org\/{rel}","templated":true}]}}