{"id":141559,"date":"2017-09-25T00:37:15","date_gmt":"2017-09-25T03:37:15","guid":{"rendered":"http:\/\/franciscanos.org.br\/?p=141559"},"modified":"2019-04-23T13:11:38","modified_gmt":"2019-04-23T16:11:38","slug":"provincia-e-fimda-acolhem-tres-novos-professos-solenes","status":"publish","type":"post","link":"https:\/\/franciscanos.org.br\/noticias\/provincia-e-fimda-acolhem-tres-novos-professos-solenes.html","title":{"rendered":"Prov\u00edncia e FIMDA acolhem novos professos solenes"},"content":{"rendered":"<p><img loading=\"lazy\" src=\"http:\/\/franciscanos.org.br\/wp-content\/uploads\/2017\/09\/profissao_240917-830.jpg\" alt=\"profissao_240917-830\" width=\"830\" height=\"400\" \/><\/p>\n<p><strong>\u00c9rika Augusto<\/strong><\/p>\n<p><strong>Petr\u00f3polis (RJ) &#8211;<\/strong> Domingo de clima ameno na Cidade Imperial. Por volta das 9h30 a movimenta\u00e7\u00e3o j\u00e1 era grande na igreja do Sagrado Cora\u00e7\u00e3o de Jesus. Paroquianos, amigos, familiares, religiosas e muitos frades reunidos para a Profiss\u00e3o Solene de Frei Ermelindo Francisco Bambi, Frei Jo\u00e3o Alberto Bunga e Frei Jos\u00e9 Raimundo de Souza. Os dois primeiros pertencem \u00e0 Funda\u00e7\u00e3o Imaculada M\u00e3e de Deus de Angola (FIMDA) e Frei Jos\u00e9 \u00e0 Prov\u00edncia Franciscana da Imaculada Concei\u00e7\u00e3o.<\/p>\n<p>\u201cO momento mais importante da vida de um frade\u201d, como definiu Frei Jo\u00e3o Alberto, aconteceu dentro da Celebra\u00e7\u00e3o Eucar\u00edstica das 10h. O Ministro Provincial, Frei Fid\u00eancio Vanboemmel, presidiu a celebra\u00e7\u00e3o, ao lado dos di\u00e1conos Frei Alan Maia de Fran\u00e7a e Frei Vanderlei Silva Neves. Concelebraram frades de diversas fraternidades do Rio de Janeiro, S\u00e3o Paulo, Esp\u00edrito Santo e Paran\u00e1 e Santa Catarina. O Vig\u00e1rio Provincial, Frei C\u00e9sar K\u00fclkamp, esteve presente, assim como o Definidor, Frei Jo\u00e3o Francisco da Silva; o Guardi\u00e3o da Fraternidade local, Frei Jorge Schiavini; o p\u00e1roco, Frei James Girardi; o Mestre do Noviciado, Frei Samuel Ferreira de Lima; da Filosofia, Frei Rodrigo da Silva Santos e da Teologia, Frei Marcos Andrade A missa contou ainda com a presen\u00e7a do Coral dos Canarinhos de Petr\u00f3polis, que tornou o momento ainda mais especial. A missa foi transmitida ao vivo pelo Facebook da Par\u00f3quia e pela R\u00e1dio Imperial, de Petr\u00f3polis.<br \/>\nAp\u00f3s a proclama\u00e7\u00e3o do Evangelho, os tr\u00eas jovens frades foram chamados por Frei Marcos Andrade. Ao chamado, cada um respondeu: \u201cAqui estou\u201d. Em seguida, o Mestre leu um breve hist\u00f3rico da forma\u00e7\u00e3o de cada um.<\/p>\n<p>Em sua homilia, Frei Fid\u00eancio recordou que os frades, ao final do Noviciado, fizeram a Primeira Profiss\u00e3o, que \u00e9 renovada anualmente. Mas que a Profiss\u00e3o Solene celebrada neste domingo, tinha um grande diferencial. \u201cHoje, as palavras que voc\u00eas ir\u00e3o pronunciar s\u00e3o as mesmas, mas com um detalhe de suma import\u00e2ncia e que determina e d\u00e1 o tom a toda esta celebra\u00e7\u00e3o da Profiss\u00e3o Solene: eu fa\u00e7o votos a Deus Pai Onipotente Todo Poderoso, de viver por todo o tempo da minha vida o Santo Evangelho em pobreza, obedi\u00eancia e castidade, que \u00e9 a ess\u00eancia fundamental da vida religiosa franciscana; a vida em Fraternidade, constitu\u00edda por irm\u00e3os formados pelo Senhor, irm\u00e3os espirituais; seguir a Constitui\u00e7\u00f5es Gerais da Ordem, o que diz com clareza o que \u00e9 a nossa forma de vida, nosso projeto evang\u00e9lico; a servi\u00e7o e pelo bem do povo de Deus\u201d, disse, frisando que este voto \u00e9 feito por toda a vida e n\u00e3o somente por um ano. \u201cEsta vida, segundo o Santo Evangelho, esta vida em fraternidade, esta vida vivida segundo as exig\u00eancias legais, n\u00f3s n\u00e3o vivemos esta vida em fun\u00e7\u00e3o de n\u00f3s mesmos ou para dentro de n\u00f3s mesmos. N\u00f3s vivemos esta vida a servi\u00e7o da Igreja de Deus, do povo de Deus\u201d, acrescentou o Ministro Provincial.<\/p>\n<p><img loading=\"lazy\" class=\"alignleft size-full wp-image-141561\" src=\"http:\/\/franciscanos.org.br\/wp-content\/uploads\/2017\/09\/profissao_240917-dest.jpg\" alt=\"profissao_240917-dest\" width=\"500\" height=\"500\" \/>Frei Fid\u00eancio sinalizou tr\u00eas indica\u00e7\u00f5es, extra\u00eddas da liturgia do 25\u00ba domingo do Tempo Comum: empenho de buscar sempre o Senhor, viver em Cristo e deixar-se conduzir pelos crit\u00e9rios do amor de Deus. \u201cRecome\u00e7ar: uma palavra que Francisco de Assis tamb\u00e9m gosta. Recome\u00e7ar, come\u00e7ar sempre de novo. A nossa vida penitencial, a nossa vida franciscana, a nossa vida crist\u00e3 \u00e9 sempre um recome\u00e7ar. O recome\u00e7ar a confrontar-se com Deus. Recome\u00e7ar a deixar Deus ser o centro da nossa exist\u00eancia e nos lan\u00e7ar com confian\u00e7a nos caminhos do Senhor\u201d, exortou.<\/p>\n<p>Destacando a segunda leitura, o frade falou sobre a import\u00e2ncia de morrer para si mesmo. \u201cCada um de n\u00f3s, sobretudo n\u00f3s, irm\u00e3os menores, precisamos transmitir atrav\u00e9s da nossa vida o brilho do Senhor Jesus. E para viver esse brilho do Senhor Jesus, \u00e9 preciso que a gente fa\u00e7a a experi\u00eancia de morrer para si mesmo. E a voca\u00e7\u00e3o religiosa \u00e9 exatamente isso, morrer para si, para deixar o brilho de Deus crescer na vida religiosa que voc\u00eas v\u00e3o professar solenemente\u201d, disse. \u201cO decisivo da nossa vida \u00e9 a resposta generosa que n\u00f3s daremos a Deus na hora do nosso chamado, na hora da nossa convoca\u00e7\u00e3o. O decisivo \u00e9 viver segundo a forma do Santo Evangelho\u201d, concluiu.<\/p>\n<p>Ap\u00f3s a homilia e a Ladainha dos Santos, deu-se continuidade no rito da Profiss\u00e3o Solene. Cada um fez o seguinte pedido:<br \/>\nPara louvor e gl\u00f3ria da Sant\u00edssima Trindade, eu, movido por inspira\u00e7\u00e3o divina a seguir mais de perto o Evangelho e os passos de Nosso Senhor Jesus Cristo, perante os irm\u00e3os aqui presentes, em tuas m\u00e3os, Frei Fid\u00eancio Vanboemmel, com firme vontade e prop\u00f3sito, fa\u00e7o voto a Deus Pai Santo e Todo-Poderoso, de viver por todo o tempo de minha vida, em obedi\u00eancia, sem nada de pr\u00f3prio e em castidade. Ao mesmo tempo, prometo observar fielmente a vida e a Regra dos Frades Menores, confirmada pelo Papa Hon\u00f3rio, segundo as Constitui\u00e7\u00f5es Gerais da Ordem dos Frades Menores. Entrego-me, pois, de todo o cora\u00e7\u00e3o a esta Fraternidade, para que, pela a\u00e7\u00e3o do Esp\u00edrito Santo, a exemplo de Maria Imaculada, por intercess\u00e3o de nosso Pai S\u00e3o Francisco e de todos os santos, e com a ajuda dos irm\u00e3os, eu possa chegar \u00e0 perfei\u00e7\u00e3o da caridade no servi\u00e7o de Deus, da Igreja e da humanidade.<\/p>\n<p><img loading=\"lazy\" src=\"http:\/\/franciscanos.org.br\/wp-content\/uploads\/2017\/09\/profissao_240917-dest3.jpg\" alt=\"profissao_240917-dest3\" width=\"830\" height=\"400\" \/><\/p>\n<p><strong>Os frutos dos 27 anos da Miss\u00e3o em Angola<\/strong><br \/>\nNos agradecimentos, Frei Ermelindo recordou que h\u00e1 exatos 27 anos, a Prov\u00edncia Franciscana da Imaculada Concei\u00e7\u00e3o iniciava a Miss\u00e3o em Angola. Hoje, com a Profiss\u00e3o Solene destes dois frades angolanos, a FIMDA possui seis professos solenes. Frei Samuel, Mestre de Novi\u00e7os, foi mission\u00e1rio em Angola e afirma que hoje, ao ver estes jovens professando solenemente, sente que a gra\u00e7a de Deus atuando e dando frutos. \u201cInteressante ver o processo de crescimento, a caminhada, alguns deles foram aspirantes enquanto eu estava l\u00e1. Ent\u00e3o voc\u00ea v\u00ea toda a caminhada, o desenvolvimento da pessoa, os frutos de todo um trabalho. Quando eu vejo eles ali, fazendo a Profiss\u00e3o, voc\u00ea faz um retrospecto de tudo o que foi vivenciado no tempo da guerra, os esfor\u00e7os. A forma como a gra\u00e7a de Deus vai atuando, mesmo no meio de toda esta viv\u00eancia conturbada, de situa\u00e7\u00f5es dif\u00edceis, voc\u00ea v\u00ea a gra\u00e7a de Deus agindo e vendo os jovens despontando para o carisma, sendo o futuro do carisma franciscano em Angola\u201d, afirmou.<\/p>\n<p>Antes de encerrar a celebra\u00e7\u00e3o, Frei Fid\u00eancio agradeceu aos benfeitores do Pr\u00f3-Voca\u00e7\u00f5es e Miss\u00f5es Franciscanas, pela contribui\u00e7\u00e3o na forma\u00e7\u00e3o dos frades e na manuten\u00e7\u00e3o da Miss\u00e3o em Angola. Em seguida, chamou todos os frades angolanos no presbit\u00e9rio para cantar uma can\u00e7\u00e3o e agradecer pela celebra\u00e7\u00e3o.<\/p>\n","protected":false},"excerpt":{"rendered":"<p>Profiss\u00e3o Solene<\/p>\n","protected":false},"author":1,"featured_media":203048,"comment_status":"open","ping_status":"open","sticky":false,"template":"","format":"standard","meta":[],"categories":[1],"tags":[418],"acf":[],"yoast_head":"<!-- This site is optimized with the Yoast SEO plugin v19.2 - https:\/\/yoast.com\/wordpress\/plugins\/seo\/ -->\n<title>Prov\u00edncia e FIMDA acolhem novos professos solenes - Not\u00edcias - Franciscanos<\/title>\n<meta name=\"robots\" content=\"index, follow, max-snippet:-1, max-image-preview:large, max-video-preview:-1\" \/>\n<link rel=\"canonical\" href=\"https:\/\/franciscanos.org.br\/noticias\/provincia-e-fimda-acolhem-tres-novos-professos-solenes.html\" \/>\n<meta property=\"og:locale\" content=\"pt_BR\" \/>\n<meta property=\"og:type\" content=\"article\" \/>\n<meta property=\"og:title\" content=\"Prov\u00edncia e FIMDA acolhem novos professos solenes - Not\u00edcias - Franciscanos\" \/>\n<meta property=\"og:description\" content=\"Profiss\u00e3o Solene\" \/>\n<meta property=\"og:url\" content=\"https:\/\/franciscanos.org.br\/noticias\/provincia-e-fimda-acolhem-tres-novos-professos-solenes.html\" \/>\n<meta property=\"og:site_name\" content=\"Not\u00edcias - Franciscanos\" \/>\n<meta property=\"article:published_time\" content=\"2017-09-25T03:37:15+00:00\" \/>\n<meta property=\"article:modified_time\" content=\"2019-04-23T16:11:38+00:00\" \/>\n<meta property=\"og:image\" content=\"https:\/\/franciscanos.org.br\/noticias\/wp-content\/uploads\/2017\/09\/profissao_240917-830.jpg\" \/>\n\t<meta property=\"og:image:width\" content=\"273\" \/>\n\t<meta property=\"og:image:height\" content=\"181\" \/>\n\t<meta property=\"og:image:type\" content=\"image\/jpeg\" \/>\n<meta name=\"author\" content=\"admin\" \/>\n<meta name=\"twitter:card\" content=\"summary_large_image\" \/>\n<meta name=\"twitter:label1\" content=\"Escrito por\" \/>\n\t<meta name=\"twitter:data1\" content=\"admin\" \/>\n\t<meta name=\"twitter:label2\" content=\"Est. tempo de leitura\" \/>\n\t<meta name=\"twitter:data2\" content=\"6 minutos\" \/>\n<script type=\"application\/ld+json\" class=\"yoast-schema-graph\">{\"@context\":\"https:\/\/schema.org\",\"@graph\":[{\"@type\":\"WebSite\",\"@id\":\"https:\/\/franciscanos.org.br\/noticias\/#website\",\"url\":\"https:\/\/franciscanos.org.br\/noticias\/\",\"name\":\"Not\u00edcias - Franciscanos\",\"description\":\"Prov\u00edncia Franciscana da Imaculada Concei\u00e7\u00e3o do Brasil - Ordem dos Frades Menores - OFM\",\"potentialAction\":[{\"@type\":\"SearchAction\",\"target\":{\"@type\":\"EntryPoint\",\"urlTemplate\":\"https:\/\/franciscanos.org.br\/noticias\/?s={search_term_string}\"},\"query-input\":\"required name=search_term_string\"}],\"inLanguage\":\"pt-BR\"},{\"@type\":\"ImageObject\",\"inLanguage\":\"pt-BR\",\"@id\":\"https:\/\/franciscanos.org.br\/noticias\/provincia-e-fimda-acolhem-tres-novos-professos-solenes.html#primaryimage\",\"url\":\"https:\/\/franciscanos.org.br\/noticias\/wp-content\/uploads\/2017\/09\/profissao_240917-830.jpg\",\"contentUrl\":\"https:\/\/franciscanos.org.br\/noticias\/wp-content\/uploads\/2017\/09\/profissao_240917-830.jpg\",\"width\":273,\"height\":181},{\"@type\":\"WebPage\",\"@id\":\"https:\/\/franciscanos.org.br\/noticias\/provincia-e-fimda-acolhem-tres-novos-professos-solenes.html#webpage\",\"url\":\"https:\/\/franciscanos.org.br\/noticias\/provincia-e-fimda-acolhem-tres-novos-professos-solenes.html\",\"name\":\"Prov\u00edncia e FIMDA acolhem novos professos solenes - Not\u00edcias - Franciscanos\",\"isPartOf\":{\"@id\":\"https:\/\/franciscanos.org.br\/noticias\/#website\"},\"primaryImageOfPage\":{\"@id\":\"https:\/\/franciscanos.org.br\/noticias\/provincia-e-fimda-acolhem-tres-novos-professos-solenes.html#primaryimage\"},\"datePublished\":\"2017-09-25T03:37:15+00:00\",\"dateModified\":\"2019-04-23T16:11:38+00:00\",\"author\":{\"@id\":\"https:\/\/franciscanos.org.br\/noticias\/#\/schema\/person\/b38fbf43118f02820bd932f2e4b14ad3\"},\"breadcrumb\":{\"@id\":\"https:\/\/franciscanos.org.br\/noticias\/provincia-e-fimda-acolhem-tres-novos-professos-solenes.html#breadcrumb\"},\"inLanguage\":\"pt-BR\",\"potentialAction\":[{\"@type\":\"ReadAction\",\"target\":[\"https:\/\/franciscanos.org.br\/noticias\/provincia-e-fimda-acolhem-tres-novos-professos-solenes.html\"]}]},{\"@type\":\"BreadcrumbList\",\"@id\":\"https:\/\/franciscanos.org.br\/noticias\/provincia-e-fimda-acolhem-tres-novos-professos-solenes.html#breadcrumb\",\"itemListElement\":[{\"@type\":\"ListItem\",\"position\":1,\"name\":\"Home\",\"item\":\"https:\/\/franciscanos.org.br\/noticias\"},{\"@type\":\"ListItem\",\"position\":2,\"name\":\"Prov\u00edncia e FIMDA acolhem novos professos solenes\"}]},{\"@type\":\"Person\",\"@id\":\"https:\/\/franciscanos.org.br\/noticias\/#\/schema\/person\/b38fbf43118f02820bd932f2e4b14ad3\",\"name\":\"admin\",\"image\":{\"@type\":\"ImageObject\",\"inLanguage\":\"pt-BR\",\"@id\":\"https:\/\/franciscanos.org.br\/noticias\/#\/schema\/person\/image\/\",\"url\":\"https:\/\/secure.gravatar.com\/avatar\/e8495742d34d0ba6448ea1c628263b3e?s=96&d=mm&r=g\",\"contentUrl\":\"https:\/\/secure.gravatar.com\/avatar\/e8495742d34d0ba6448ea1c628263b3e?s=96&d=mm&r=g\",\"caption\":\"admin\"},\"url\":\"https:\/\/franciscanos.org.br\/noticias\/author\/admin\"}]}<\/script>\n<!-- \/ Yoast SEO plugin. -->","yoast_head_json":{"title":"Prov\u00edncia e FIMDA acolhem novos professos solenes - Not\u00edcias - Franciscanos","robots":{"index":"index","follow":"follow","max-snippet":"max-snippet:-1","max-image-preview":"max-image-preview:large","max-video-preview":"max-video-preview:-1"},"canonical":"https:\/\/franciscanos.org.br\/noticias\/provincia-e-fimda-acolhem-tres-novos-professos-solenes.html","og_locale":"pt_BR","og_type":"article","og_title":"Prov\u00edncia e FIMDA acolhem novos professos solenes - Not\u00edcias - Franciscanos","og_description":"Profiss\u00e3o Solene","og_url":"https:\/\/franciscanos.org.br\/noticias\/provincia-e-fimda-acolhem-tres-novos-professos-solenes.html","og_site_name":"Not\u00edcias - Franciscanos","article_published_time":"2017-09-25T03:37:15+00:00","article_modified_time":"2019-04-23T16:11:38+00:00","og_image":[{"width":273,"height":181,"url":"https:\/\/franciscanos.org.br\/noticias\/wp-content\/uploads\/2017\/09\/profissao_240917-830.jpg","type":"image\/jpeg"}],"author":"admin","twitter_card":"summary_large_image","twitter_misc":{"Escrito por":"admin","Est. tempo de leitura":"6 minutos"},"schema":{"@context":"https:\/\/schema.org","@graph":[{"@type":"WebSite","@id":"https:\/\/franciscanos.org.br\/noticias\/#website","url":"https:\/\/franciscanos.org.br\/noticias\/","name":"Not\u00edcias - Franciscanos","description":"Prov\u00edncia Franciscana da Imaculada Concei\u00e7\u00e3o do Brasil - Ordem dos Frades Menores - OFM","potentialAction":[{"@type":"SearchAction","target":{"@type":"EntryPoint","urlTemplate":"https:\/\/franciscanos.org.br\/noticias\/?s={search_term_string}"},"query-input":"required name=search_term_string"}],"inLanguage":"pt-BR"},{"@type":"ImageObject","inLanguage":"pt-BR","@id":"https:\/\/franciscanos.org.br\/noticias\/provincia-e-fimda-acolhem-tres-novos-professos-solenes.html#primaryimage","url":"https:\/\/franciscanos.org.br\/noticias\/wp-content\/uploads\/2017\/09\/profissao_240917-830.jpg","contentUrl":"https:\/\/franciscanos.org.br\/noticias\/wp-content\/uploads\/2017\/09\/profissao_240917-830.jpg","width":273,"height":181},{"@type":"WebPage","@id":"https:\/\/franciscanos.org.br\/noticias\/provincia-e-fimda-acolhem-tres-novos-professos-solenes.html#webpage","url":"https:\/\/franciscanos.org.br\/noticias\/provincia-e-fimda-acolhem-tres-novos-professos-solenes.html","name":"Prov\u00edncia e FIMDA acolhem novos professos solenes - Not\u00edcias - Franciscanos","isPartOf":{"@id":"https:\/\/franciscanos.org.br\/noticias\/#website"},"primaryImageOfPage":{"@id":"https:\/\/franciscanos.org.br\/noticias\/provincia-e-fimda-acolhem-tres-novos-professos-solenes.html#primaryimage"},"datePublished":"2017-09-25T03:37:15+00:00","dateModified":"2019-04-23T16:11:38+00:00","author":{"@id":"https:\/\/franciscanos.org.br\/noticias\/#\/schema\/person\/b38fbf43118f02820bd932f2e4b14ad3"},"breadcrumb":{"@id":"https:\/\/franciscanos.org.br\/noticias\/provincia-e-fimda-acolhem-tres-novos-professos-solenes.html#breadcrumb"},"inLanguage":"pt-BR","potentialAction":[{"@type":"ReadAction","target":["https:\/\/franciscanos.org.br\/noticias\/provincia-e-fimda-acolhem-tres-novos-professos-solenes.html"]}]},{"@type":"BreadcrumbList","@id":"https:\/\/franciscanos.org.br\/noticias\/provincia-e-fimda-acolhem-tres-novos-professos-solenes.html#breadcrumb","itemListElement":[{"@type":"ListItem","position":1,"name":"Home","item":"https:\/\/franciscanos.org.br\/noticias"},{"@type":"ListItem","position":2,"name":"Prov\u00edncia e FIMDA acolhem novos professos solenes"}]},{"@type":"Person","@id":"https:\/\/franciscanos.org.br\/noticias\/#\/schema\/person\/b38fbf43118f02820bd932f2e4b14ad3","name":"admin","image":{"@type":"ImageObject","inLanguage":"pt-BR","@id":"https:\/\/franciscanos.org.br\/noticias\/#\/schema\/person\/image\/","url":"https:\/\/secure.gravatar.com\/avatar\/e8495742d34d0ba6448ea1c628263b3e?s=96&d=mm&r=g","contentUrl":"https:\/\/secure.gravatar.com\/avatar\/e8495742d34d0ba6448ea1c628263b3e?s=96&d=mm&r=g","caption":"admin"},"url":"https:\/\/franciscanos.org.br\/noticias\/author\/admin"}]}},"_links":{"self":[{"href":"https:\/\/franciscanos.org.br\/noticias\/wp-json\/wp\/v2\/posts\/141559"}],"collection":[{"href":"https:\/\/franciscanos.org.br\/noticias\/wp-json\/wp\/v2\/posts"}],"about":[{"href":"https:\/\/franciscanos.org.br\/noticias\/wp-json\/wp\/v2\/types\/post"}],"author":[{"embeddable":true,"href":"https:\/\/franciscanos.org.br\/noticias\/wp-json\/wp\/v2\/users\/1"}],"replies":[{"embeddable":true,"href":"https:\/\/franciscanos.org.br\/noticias\/wp-json\/wp\/v2\/comments?post=141559"}],"version-history":[{"count":0,"href":"https:\/\/franciscanos.org.br\/noticias\/wp-json\/wp\/v2\/posts\/141559\/revisions"}],"wp:featuredmedia":[{"embeddable":true,"href":"https:\/\/franciscanos.org.br\/noticias\/wp-json\/wp\/v2\/media\/203048"}],"wp:attachment":[{"href":"https:\/\/franciscanos.org.br\/noticias\/wp-json\/wp\/v2\/media?parent=141559"}],"wp:term":[{"taxonomy":"category","embeddable":true,"href":"https:\/\/franciscanos.org.br\/noticias\/wp-json\/wp\/v2\/categories?post=141559"},{"taxonomy":"post_tag","embeddable":true,"href":"https:\/\/franciscanos.org.br\/noticias\/wp-json\/wp\/v2\/tags?post=141559"}],"curies":[{"name":"wp","href":"https:\/\/api.w.org\/{rel}","templated":true}]}}