{"id":141553,"date":"2017-09-24T08:48:46","date_gmt":"2017-09-24T11:48:46","guid":{"rendered":"http:\/\/franciscanos.org.br\/?p=141553"},"modified":"2020-06-08T17:11:04","modified_gmt":"2020-06-08T20:11:04","slug":"papa-no-angelus-deus-nao-exclui-ninguem-no-reino-ha-lugar-para-todos","status":"publish","type":"post","link":"https:\/\/franciscanos.org.br\/noticias\/papa-no-angelus-deus-nao-exclui-ninguem-no-reino-ha-lugar-para-todos.html","title":{"rendered":"Deus n\u00e3o exclui ningu\u00e9m, no Reino h\u00e1 lugar para todos"},"content":{"rendered":"<p><img loading=\"lazy\" src=\"http:\/\/franciscanos.org.br\/wp-content\/uploads\/2017\/09\/angelus_240917.jpg\" alt=\"Vatican Pope\" width=\"830\" height=\"389\" \/><\/p>\n<p><strong>Cidade do Vaticano<\/strong> \u2013 \u201cDeus n\u00e3o exclui ningu\u00e9m e quer que cada um chegue a sua plenitude\u201d: foi o que disse o Papa Francisco comentando na sua alocu\u00e7\u00e3o que precedeu a ora\u00e7\u00e3o mariana do Angelus neste domingo, na Pra\u00e7a S\u00e3o Pedro, a par\u00e1bola do patr\u00e3o que recompensa do mesmo modo, trabalhadores que trabalharam por tempos diversos.<\/p>\n<p>\u201cA recompensa \u2013 explicou \u2013 \u00e9 a salva\u00e7\u00e3o eterna. Jesus n\u00e3o quer falar do problema do trabalho e do sal\u00e1rio justo, mas do Reino de Deus! E a mensagem \u00e9 essa: no Reino de Deus n\u00e3o h\u00e1 desempregados, todos s\u00e3o chamados a fazer a sua parte; e para todos, no final, haver\u00e1 a recompensa que vem da justi\u00e7a divina, n\u00e3o humana, para a nossa sorte, isto \u00e9 a salva\u00e7\u00e3o que Jesus Cristo nos adquiriu com a sua morte e ressurrei\u00e7\u00e3o\u201d.<\/p>\n<p>Em m\u00e9rito a isso, o Papa recordou: \u201cA salva\u00e7\u00e3o n\u00e3o \u00e9 merecida, mas doada, gratuita, porque os \u00faltimos ser\u00e3o os primeiros e os primeiros ser\u00e3o os \u00faltimos\u201d.\u00a0Segundo Francisco, \u201ccom esta par\u00e1bola, Jesus quer abrir os nossos cora\u00e7\u00f5es \u00e0 l\u00f3gica do amor do Pai, que \u00e9 gratuito e generoso. Trata-se de deixar-se maravilhar e fascinar pelos pensamentos e pelos caminhos de Deus, que como recorda o profeta Isa\u00edas, n\u00e3o s\u00e3o os nossos pensamentos e n\u00e3o s\u00e3o os nossos caminhos\u201d.<\/p>\n<p>\u201cOs pensamentos humanos \u2013 disse Francisco -, s\u00e3o muitas vezes marcados por ego\u00edsmos e ambi\u00e7\u00f5es pessoais, e os nossos estreitos e tortuosos caminhos n\u00e3o s\u00e3o compar\u00e1veis \u200b\u200bcom os caminhos largos e retos do Senhor. Ele usa miseric\u00f3rdia, perdoa amplamente, \u00e9 cheio de generosidade e bondade que derrama sobre cada um de n\u00f3s, abre a todos os territ\u00f3rios ilimitados de seu amor e de sua gra\u00e7a, que somente podem dar ao cora\u00e7\u00e3o humano a plenitude da alegria\u201d.<\/p>\n<p>\u201cJesus \u2013 sintetizou o Papa -, quer que contemplemos o olhar daquele patr\u00e3o: o olhar com o qual ele v\u00ea cada um dos trabalhadores que esperam trabalho, e os chama a ir \u00e0 sua vinha\u201d.<\/p>\n<p>\u201c\u00c9 um olhar cheio de aten\u00e7\u00e3o, de benevol\u00eancia; \u00e9 um olhar que chama, que convida a se levantar, a caminhar, porque deseja a vida para cada um de n\u00f3s, quer uma vida plena, comprometida, salvada do vazio e da in\u00e9rcia. Deus n\u00e3o exclui ningu\u00e9m e quer que cada um alcance sua plenitude. \u00c9 esse o amor do nosso Deus que \u00e9 Pai\u201d.<br \/>\nEnfim o Papa invocou Maria Sant\u00edssima para que nos ajude a acolher em nossa vida a l\u00f3gica do amor, que nos liberta da presun\u00e7\u00e3o de merecer a recompensa de Deus e do julgamento negativo sobre os outros.<\/p>\n<p>Em seguida o Papa rezou a ora\u00e7\u00e3o do Angelus e concedeu a todos a sua Ben\u00e7\u00e3o Apost\u00f3lica. Ap\u00f3s a ora\u00e7\u00e3o o Papa recordou que neste s\u00e1bado em Oklahoma City (Estados Unidos da Am\u00e9rica), foi proclamado Beato Stanley Francis Rother, sacerdote mission\u00e1rio, assassinado por \u00f3dio \u00e0 f\u00e9 por seu trabalho de evangeliza\u00e7\u00e3o e promo\u00e7\u00e3o humana em favor dos mais pobres na Guatemala. Seu exemplo her\u00f3ico \u2013 disse o Papa -, nos ajude a sermos testemunhas corajosas do Evangelho, comprometendo-nos em favor da dignidade do homem.<\/p>\n<p><strong>PAPA E OS CISTERCENSES<\/strong><\/p>\n<p>O Papa Francisco concluiu sua s\u00e9rie de audi\u00eancias, na manh\u00e3 deste s\u00e1bado (23\/9), no Vaticano, recebendo, na Sala Clementina, cerca de 230 participantes no Cap\u00edtulo Geral da Ordem dos Cistercienses de Estreita Observ\u00e2ncia.<\/p>\n<p>A sua vida contemplativa \u00e9 caracterizada pela ora\u00e7\u00e3o ass\u00eddua, express\u00e3o do seu amor a Deus e reflexo de um amor que abrange toda a humanidade. Por isso, exorto-os a dar grande import\u00e2ncia \u00e0 medita\u00e7\u00e3o da palavra de Deus, especialmente a \u2018lectio divina\u2019, que \u00e9 fonte de ora\u00e7\u00e3o e escola de contempla\u00e7\u00e3o. Ser contemplativos requer um caminho fiel e perseverante, para tornar-se homens e mulheres de ora\u00e7\u00e3o\u201d.<\/p>\n<p>N\u00e3o se trata de ser \u2018profissionais\u201d, frisou o Papa, mas apaixonados pela ora\u00e7\u00e3o, levando em conta a fidelidade exterior \u00e0s pr\u00e1ticas e \u00e0s normas para uma rela\u00e7\u00e3o mais pessoal com Deus. Assim, voc\u00eas se tornam mestres e testemunhas do louvor e da intercess\u00e3o pela salva\u00e7\u00e3o do mundo. Seus mosteiros continuam sendo espa\u00e7os privilegiados, onde se pode encontrar paz verdadeira e felicidade genu\u00edna. E Francisco acrescentou: \u201cDesde as suas origens, os Cistercienses de estreita observ\u00e2ncia se caracterizam por uma grande sobriedade de vida, uma v\u00e1lida ajuda para se concentrar no essencial. A sua simplicidade espiritual e existencial mant\u00e9m todo o seu valor no contexto cultural, que favorece sua vida monacal interna e externa. Voc\u00eas s\u00e3o como cenobitas em um deserto especial, onde Deus se manifesta na solid\u00e3o e na solidariedade\u201d.<\/p>\n<hr \/>\n<p><em>Fonte: Vatican News<\/em><\/p>\n","protected":false},"excerpt":{"rendered":"<p>Angelus<\/p>\n","protected":false},"author":1,"featured_media":201149,"comment_status":"open","ping_status":"open","sticky":false,"template":"","format":"standard","meta":[],"categories":[1428],"tags":[403],"acf":[],"yoast_head":"<!-- This site is optimized with the Yoast SEO plugin v19.2 - https:\/\/yoast.com\/wordpress\/plugins\/seo\/ -->\n<title>Deus n\u00e3o exclui ningu\u00e9m, no Reino h\u00e1 lugar para todos - Not\u00edcias - Franciscanos<\/title>\n<meta name=\"robots\" content=\"index, follow, max-snippet:-1, max-image-preview:large, max-video-preview:-1\" \/>\n<link rel=\"canonical\" href=\"https:\/\/franciscanos.org.br\/noticias\/papa-no-angelus-deus-nao-exclui-ninguem-no-reino-ha-lugar-para-todos.html\" \/>\n<meta property=\"og:locale\" content=\"pt_BR\" \/>\n<meta property=\"og:type\" content=\"article\" \/>\n<meta property=\"og:title\" content=\"Deus n\u00e3o exclui ningu\u00e9m, no Reino h\u00e1 lugar para todos - Not\u00edcias - Franciscanos\" \/>\n<meta property=\"og:description\" content=\"Angelus\" \/>\n<meta property=\"og:url\" content=\"https:\/\/franciscanos.org.br\/noticias\/papa-no-angelus-deus-nao-exclui-ninguem-no-reino-ha-lugar-para-todos.html\" \/>\n<meta property=\"og:site_name\" content=\"Not\u00edcias - Franciscanos\" \/>\n<meta property=\"article:published_time\" content=\"2017-09-24T11:48:46+00:00\" \/>\n<meta property=\"article:modified_time\" content=\"2020-06-08T20:11:04+00:00\" \/>\n<meta property=\"og:image\" content=\"https:\/\/franciscanos.org.br\/noticias\/wp-content\/uploads\/2017\/08\/papa_060817.jpg\" \/>\n\t<meta property=\"og:image:width\" content=\"273\" \/>\n\t<meta property=\"og:image:height\" content=\"181\" \/>\n\t<meta property=\"og:image:type\" content=\"image\/jpeg\" \/>\n<meta name=\"author\" content=\"admin\" \/>\n<meta name=\"twitter:card\" content=\"summary_large_image\" \/>\n<meta name=\"twitter:label1\" content=\"Escrito por\" \/>\n\t<meta name=\"twitter:data1\" content=\"admin\" \/>\n\t<meta name=\"twitter:label2\" content=\"Est. tempo de leitura\" \/>\n\t<meta name=\"twitter:data2\" content=\"4 minutos\" \/>\n<script type=\"application\/ld+json\" class=\"yoast-schema-graph\">{\"@context\":\"https:\/\/schema.org\",\"@graph\":[{\"@type\":\"WebSite\",\"@id\":\"https:\/\/franciscanos.org.br\/noticias\/#website\",\"url\":\"https:\/\/franciscanos.org.br\/noticias\/\",\"name\":\"Not\u00edcias - Franciscanos\",\"description\":\"Prov\u00edncia Franciscana da Imaculada Concei\u00e7\u00e3o do Brasil - Ordem dos Frades Menores - OFM\",\"potentialAction\":[{\"@type\":\"SearchAction\",\"target\":{\"@type\":\"EntryPoint\",\"urlTemplate\":\"https:\/\/franciscanos.org.br\/noticias\/?s={search_term_string}\"},\"query-input\":\"required name=search_term_string\"}],\"inLanguage\":\"pt-BR\"},{\"@type\":\"ImageObject\",\"inLanguage\":\"pt-BR\",\"@id\":\"https:\/\/franciscanos.org.br\/noticias\/papa-no-angelus-deus-nao-exclui-ninguem-no-reino-ha-lugar-para-todos.html#primaryimage\",\"url\":\"https:\/\/franciscanos.org.br\/noticias\/wp-content\/uploads\/2017\/08\/papa_060817.jpg\",\"contentUrl\":\"https:\/\/franciscanos.org.br\/noticias\/wp-content\/uploads\/2017\/08\/papa_060817.jpg\",\"width\":273,\"height\":181},{\"@type\":\"WebPage\",\"@id\":\"https:\/\/franciscanos.org.br\/noticias\/papa-no-angelus-deus-nao-exclui-ninguem-no-reino-ha-lugar-para-todos.html#webpage\",\"url\":\"https:\/\/franciscanos.org.br\/noticias\/papa-no-angelus-deus-nao-exclui-ninguem-no-reino-ha-lugar-para-todos.html\",\"name\":\"Deus n\u00e3o exclui ningu\u00e9m, no Reino h\u00e1 lugar para todos - Not\u00edcias - Franciscanos\",\"isPartOf\":{\"@id\":\"https:\/\/franciscanos.org.br\/noticias\/#website\"},\"primaryImageOfPage\":{\"@id\":\"https:\/\/franciscanos.org.br\/noticias\/papa-no-angelus-deus-nao-exclui-ninguem-no-reino-ha-lugar-para-todos.html#primaryimage\"},\"datePublished\":\"2017-09-24T11:48:46+00:00\",\"dateModified\":\"2020-06-08T20:11:04+00:00\",\"author\":{\"@id\":\"https:\/\/franciscanos.org.br\/noticias\/#\/schema\/person\/b38fbf43118f02820bd932f2e4b14ad3\"},\"breadcrumb\":{\"@id\":\"https:\/\/franciscanos.org.br\/noticias\/papa-no-angelus-deus-nao-exclui-ninguem-no-reino-ha-lugar-para-todos.html#breadcrumb\"},\"inLanguage\":\"pt-BR\",\"potentialAction\":[{\"@type\":\"ReadAction\",\"target\":[\"https:\/\/franciscanos.org.br\/noticias\/papa-no-angelus-deus-nao-exclui-ninguem-no-reino-ha-lugar-para-todos.html\"]}]},{\"@type\":\"BreadcrumbList\",\"@id\":\"https:\/\/franciscanos.org.br\/noticias\/papa-no-angelus-deus-nao-exclui-ninguem-no-reino-ha-lugar-para-todos.html#breadcrumb\",\"itemListElement\":[{\"@type\":\"ListItem\",\"position\":1,\"name\":\"Home\",\"item\":\"https:\/\/franciscanos.org.br\/noticias\"},{\"@type\":\"ListItem\",\"position\":2,\"name\":\"Deus n\u00e3o exclui ningu\u00e9m, no Reino h\u00e1 lugar para todos\"}]},{\"@type\":\"Person\",\"@id\":\"https:\/\/franciscanos.org.br\/noticias\/#\/schema\/person\/b38fbf43118f02820bd932f2e4b14ad3\",\"name\":\"admin\",\"image\":{\"@type\":\"ImageObject\",\"inLanguage\":\"pt-BR\",\"@id\":\"https:\/\/franciscanos.org.br\/noticias\/#\/schema\/person\/image\/\",\"url\":\"https:\/\/secure.gravatar.com\/avatar\/e8495742d34d0ba6448ea1c628263b3e?s=96&d=mm&r=g\",\"contentUrl\":\"https:\/\/secure.gravatar.com\/avatar\/e8495742d34d0ba6448ea1c628263b3e?s=96&d=mm&r=g\",\"caption\":\"admin\"},\"url\":\"https:\/\/franciscanos.org.br\/noticias\/author\/admin\"}]}<\/script>\n<!-- \/ Yoast SEO plugin. -->","yoast_head_json":{"title":"Deus n\u00e3o exclui ningu\u00e9m, no Reino h\u00e1 lugar para todos - Not\u00edcias - Franciscanos","robots":{"index":"index","follow":"follow","max-snippet":"max-snippet:-1","max-image-preview":"max-image-preview:large","max-video-preview":"max-video-preview:-1"},"canonical":"https:\/\/franciscanos.org.br\/noticias\/papa-no-angelus-deus-nao-exclui-ninguem-no-reino-ha-lugar-para-todos.html","og_locale":"pt_BR","og_type":"article","og_title":"Deus n\u00e3o exclui ningu\u00e9m, no Reino h\u00e1 lugar para todos - Not\u00edcias - Franciscanos","og_description":"Angelus","og_url":"https:\/\/franciscanos.org.br\/noticias\/papa-no-angelus-deus-nao-exclui-ninguem-no-reino-ha-lugar-para-todos.html","og_site_name":"Not\u00edcias - Franciscanos","article_published_time":"2017-09-24T11:48:46+00:00","article_modified_time":"2020-06-08T20:11:04+00:00","og_image":[{"width":273,"height":181,"url":"https:\/\/franciscanos.org.br\/noticias\/wp-content\/uploads\/2017\/08\/papa_060817.jpg","type":"image\/jpeg"}],"author":"admin","twitter_card":"summary_large_image","twitter_misc":{"Escrito por":"admin","Est. tempo de leitura":"4 minutos"},"schema":{"@context":"https:\/\/schema.org","@graph":[{"@type":"WebSite","@id":"https:\/\/franciscanos.org.br\/noticias\/#website","url":"https:\/\/franciscanos.org.br\/noticias\/","name":"Not\u00edcias - Franciscanos","description":"Prov\u00edncia Franciscana da Imaculada Concei\u00e7\u00e3o do Brasil - Ordem dos Frades Menores - OFM","potentialAction":[{"@type":"SearchAction","target":{"@type":"EntryPoint","urlTemplate":"https:\/\/franciscanos.org.br\/noticias\/?s={search_term_string}"},"query-input":"required name=search_term_string"}],"inLanguage":"pt-BR"},{"@type":"ImageObject","inLanguage":"pt-BR","@id":"https:\/\/franciscanos.org.br\/noticias\/papa-no-angelus-deus-nao-exclui-ninguem-no-reino-ha-lugar-para-todos.html#primaryimage","url":"https:\/\/franciscanos.org.br\/noticias\/wp-content\/uploads\/2017\/08\/papa_060817.jpg","contentUrl":"https:\/\/franciscanos.org.br\/noticias\/wp-content\/uploads\/2017\/08\/papa_060817.jpg","width":273,"height":181},{"@type":"WebPage","@id":"https:\/\/franciscanos.org.br\/noticias\/papa-no-angelus-deus-nao-exclui-ninguem-no-reino-ha-lugar-para-todos.html#webpage","url":"https:\/\/franciscanos.org.br\/noticias\/papa-no-angelus-deus-nao-exclui-ninguem-no-reino-ha-lugar-para-todos.html","name":"Deus n\u00e3o exclui ningu\u00e9m, no Reino h\u00e1 lugar para todos - Not\u00edcias - Franciscanos","isPartOf":{"@id":"https:\/\/franciscanos.org.br\/noticias\/#website"},"primaryImageOfPage":{"@id":"https:\/\/franciscanos.org.br\/noticias\/papa-no-angelus-deus-nao-exclui-ninguem-no-reino-ha-lugar-para-todos.html#primaryimage"},"datePublished":"2017-09-24T11:48:46+00:00","dateModified":"2020-06-08T20:11:04+00:00","author":{"@id":"https:\/\/franciscanos.org.br\/noticias\/#\/schema\/person\/b38fbf43118f02820bd932f2e4b14ad3"},"breadcrumb":{"@id":"https:\/\/franciscanos.org.br\/noticias\/papa-no-angelus-deus-nao-exclui-ninguem-no-reino-ha-lugar-para-todos.html#breadcrumb"},"inLanguage":"pt-BR","potentialAction":[{"@type":"ReadAction","target":["https:\/\/franciscanos.org.br\/noticias\/papa-no-angelus-deus-nao-exclui-ninguem-no-reino-ha-lugar-para-todos.html"]}]},{"@type":"BreadcrumbList","@id":"https:\/\/franciscanos.org.br\/noticias\/papa-no-angelus-deus-nao-exclui-ninguem-no-reino-ha-lugar-para-todos.html#breadcrumb","itemListElement":[{"@type":"ListItem","position":1,"name":"Home","item":"https:\/\/franciscanos.org.br\/noticias"},{"@type":"ListItem","position":2,"name":"Deus n\u00e3o exclui ningu\u00e9m, no Reino h\u00e1 lugar para todos"}]},{"@type":"Person","@id":"https:\/\/franciscanos.org.br\/noticias\/#\/schema\/person\/b38fbf43118f02820bd932f2e4b14ad3","name":"admin","image":{"@type":"ImageObject","inLanguage":"pt-BR","@id":"https:\/\/franciscanos.org.br\/noticias\/#\/schema\/person\/image\/","url":"https:\/\/secure.gravatar.com\/avatar\/e8495742d34d0ba6448ea1c628263b3e?s=96&d=mm&r=g","contentUrl":"https:\/\/secure.gravatar.com\/avatar\/e8495742d34d0ba6448ea1c628263b3e?s=96&d=mm&r=g","caption":"admin"},"url":"https:\/\/franciscanos.org.br\/noticias\/author\/admin"}]}},"_links":{"self":[{"href":"https:\/\/franciscanos.org.br\/noticias\/wp-json\/wp\/v2\/posts\/141553"}],"collection":[{"href":"https:\/\/franciscanos.org.br\/noticias\/wp-json\/wp\/v2\/posts"}],"about":[{"href":"https:\/\/franciscanos.org.br\/noticias\/wp-json\/wp\/v2\/types\/post"}],"author":[{"embeddable":true,"href":"https:\/\/franciscanos.org.br\/noticias\/wp-json\/wp\/v2\/users\/1"}],"replies":[{"embeddable":true,"href":"https:\/\/franciscanos.org.br\/noticias\/wp-json\/wp\/v2\/comments?post=141553"}],"version-history":[{"count":1,"href":"https:\/\/franciscanos.org.br\/noticias\/wp-json\/wp\/v2\/posts\/141553\/revisions"}],"predecessor-version":[{"id":225241,"href":"https:\/\/franciscanos.org.br\/noticias\/wp-json\/wp\/v2\/posts\/141553\/revisions\/225241"}],"wp:featuredmedia":[{"embeddable":true,"href":"https:\/\/franciscanos.org.br\/noticias\/wp-json\/wp\/v2\/media\/201149"}],"wp:attachment":[{"href":"https:\/\/franciscanos.org.br\/noticias\/wp-json\/wp\/v2\/media?parent=141553"}],"wp:term":[{"taxonomy":"category","embeddable":true,"href":"https:\/\/franciscanos.org.br\/noticias\/wp-json\/wp\/v2\/categories?post=141553"},{"taxonomy":"post_tag","embeddable":true,"href":"https:\/\/franciscanos.org.br\/noticias\/wp-json\/wp\/v2\/tags?post=141553"}],"curies":[{"name":"wp","href":"https:\/\/api.w.org\/{rel}","templated":true}]}}