{"id":141530,"date":"2017-09-22T10:39:26","date_gmt":"2017-09-22T13:39:26","guid":{"rendered":"http:\/\/franciscanos.org.br\/?p=141530"},"modified":"2020-06-08T17:12:40","modified_gmt":"2020-06-08T20:12:40","slug":"papa-alerta-para-intolerancia-e-xenofobia-na-europa","status":"publish","type":"post","link":"https:\/\/franciscanos.org.br\/noticias\/papa-alerta-para-intolerancia-e-xenofobia-na-europa.html","title":{"rendered":"Papa alerta para intoler\u00e2ncia e xenofobia na Europa"},"content":{"rendered":"<p><img loading=\"lazy\" src=\"http:\/\/franciscanos.org.br\/wp-content\/uploads\/2017\/09\/papa_220917G.jpg\" alt=\"papa_220917G\" width=\"830\" height=\"401\" \/><\/p>\n<p><strong>Cidade do Vaticano<\/strong>\u00a0\u2013 O Papa Francisco concluiu sua s\u00e9rie de audi\u00eancias esta sexta-feira (22\/09) recebendo os respons\u00e1veis nacionais pelas migra\u00e7\u00f5es, que participam do encontro promovido pelo Conselho das Confer\u00eancias Episcopais da Europa.\u00a0A audi\u00eancia foi a ocasi\u00e3o para o Pont\u00edfice reafirmar a miss\u00e3o da Igreja diante dos fluxos migrat\u00f3rios maci\u00e7os: amar Jesus Cristo particularmente nos mais pobres e abandonados, e entre eles certamente est\u00e3o os migrantes e refugiados.<\/p>\n<p>\u201cN\u00e3o escondo a minha preocupa\u00e7\u00e3o diante dos sinais de intoler\u00e2ncia, discrimina\u00e7\u00e3o e xenofobia que se verificam em v\u00e1rias regi\u00f5es da Europa. Com frequ\u00eancia, esses sinais s\u00e3o motivados pela desconfian\u00e7a e pelo temor em rela\u00e7\u00e3o ao outro, ao diferente, ao estrangeiro. Preocupa-me ainda mais a triste constata\u00e7\u00e3o de que as nossas comunidades cat\u00f3licas na Europa n\u00e3o est\u00e3o isentas dessas rea\u00e7\u00f5es de defesa e rejei\u00e7\u00e3o, justificadas por um \u2018dever moral\u2019 de preservar a identidade cultural e religiosa origin\u00e1ria.\u201d<\/p>\n<p>O Papa recordou que a Igreja se propagou em todos os continentes gra\u00e7as \u00e0 \u201cmigra\u00e7\u00e3o\u201d de mission\u00e1rios, e que hoje percebe uma \u201cprofunda dificuldade\u201d das Igrejas na Europa diante da chegada dos migrantes. Para Francisco, essa dificuldade espelha os limites dos processos de unifica\u00e7\u00e3o europeia e da aplica\u00e7\u00e3o concreta da universalidade dos direitos humanos.<br \/>\nDo ponto de vista estritamente eclesiol\u00f3gico, a chegada de in\u00fameros irm\u00e3os oferece \u00e0s Igrejas locais uma oportunidade a mais de realizar plenamente a pr\u00f3pria catolicidade e uma nova fronteira mission\u00e1ria.<\/p>\n<p>Al\u00e9m disso, o encontro com migrantes e refugiados de outras confiss\u00f5es e religi\u00f5es \u00e9 um \u201cterreno fecundo para o desenvolvimento de um di\u00e1logo ecum\u00eanico e inter-religioso sincero e enriquecedor\u201d.<\/p>\n<p>Por fim, o Papa citou a sua Mensagem para o Dia Mundial do Migrante e Refugiado do pr\u00f3ximo ano, na qual indica a resposta pastoral aos desafios migrat\u00f3rios em quatro verbos: acolher, proteger, promover e integrar. Na mesma Mensagem, tamb\u00e9m se enfatiza a import\u00e2ncia dos Pactos Globais, que as na\u00e7\u00f5es do mundo se empenharam em redigir at\u00e9 o final de 2018, nos quais a Santa S\u00e9 est\u00e1 preparando uma contribui\u00e7\u00e3o especial. Francisco concluiu com uma exorta\u00e7\u00e3o:\u00a0\u201cQue a voz da Igreja seja sempre tempestiva e prof\u00e9tica e, sobretudo, seja precedida por um trabalho coerente e inspirado nos princ\u00edpios da doutrina crist\u00e3.\u201d<\/p>\n<hr \/>\n<p><em>Fonte: Vatican News<\/em><\/p>\n","protected":false},"excerpt":{"rendered":"<p>Audi\u00eancia Geral<\/p>\n","protected":false},"author":1,"featured_media":203043,"comment_status":"open","ping_status":"open","sticky":false,"template":"","format":"standard","meta":[],"categories":[1428],"tags":[487],"acf":[],"yoast_head":"<!-- This site is optimized with the Yoast SEO plugin v19.2 - https:\/\/yoast.com\/wordpress\/plugins\/seo\/ -->\n<title>Papa alerta para intoler\u00e2ncia e xenofobia na Europa - Not\u00edcias - Franciscanos<\/title>\n<meta name=\"robots\" content=\"index, follow, max-snippet:-1, max-image-preview:large, max-video-preview:-1\" \/>\n<link rel=\"canonical\" href=\"https:\/\/franciscanos.org.br\/noticias\/papa-alerta-para-intolerancia-e-xenofobia-na-europa.html\" \/>\n<meta property=\"og:locale\" content=\"pt_BR\" \/>\n<meta property=\"og:type\" content=\"article\" \/>\n<meta property=\"og:title\" content=\"Papa alerta para intoler\u00e2ncia e xenofobia na Europa - Not\u00edcias - Franciscanos\" \/>\n<meta property=\"og:description\" content=\"Audi\u00eancia Geral\" \/>\n<meta property=\"og:url\" content=\"https:\/\/franciscanos.org.br\/noticias\/papa-alerta-para-intolerancia-e-xenofobia-na-europa.html\" \/>\n<meta property=\"og:site_name\" content=\"Not\u00edcias - Franciscanos\" \/>\n<meta property=\"article:published_time\" content=\"2017-09-22T13:39:26+00:00\" \/>\n<meta property=\"article:modified_time\" content=\"2020-06-08T20:12:40+00:00\" \/>\n<meta property=\"og:image\" content=\"https:\/\/franciscanos.org.br\/noticias\/wp-content\/uploads\/2017\/09\/papa_220917G.jpg\" \/>\n\t<meta property=\"og:image:width\" content=\"273\" \/>\n\t<meta property=\"og:image:height\" content=\"181\" \/>\n\t<meta property=\"og:image:type\" content=\"image\/jpeg\" \/>\n<meta name=\"author\" content=\"admin\" \/>\n<meta name=\"twitter:card\" content=\"summary_large_image\" \/>\n<meta name=\"twitter:label1\" content=\"Escrito por\" \/>\n\t<meta name=\"twitter:data1\" content=\"admin\" \/>\n\t<meta name=\"twitter:label2\" content=\"Est. tempo de leitura\" \/>\n\t<meta name=\"twitter:data2\" content=\"2 minutos\" \/>\n<script type=\"application\/ld+json\" class=\"yoast-schema-graph\">{\"@context\":\"https:\/\/schema.org\",\"@graph\":[{\"@type\":\"WebSite\",\"@id\":\"https:\/\/franciscanos.org.br\/noticias\/#website\",\"url\":\"https:\/\/franciscanos.org.br\/noticias\/\",\"name\":\"Not\u00edcias - Franciscanos\",\"description\":\"Prov\u00edncia Franciscana da Imaculada Concei\u00e7\u00e3o do Brasil - Ordem dos Frades Menores - OFM\",\"potentialAction\":[{\"@type\":\"SearchAction\",\"target\":{\"@type\":\"EntryPoint\",\"urlTemplate\":\"https:\/\/franciscanos.org.br\/noticias\/?s={search_term_string}\"},\"query-input\":\"required name=search_term_string\"}],\"inLanguage\":\"pt-BR\"},{\"@type\":\"ImageObject\",\"inLanguage\":\"pt-BR\",\"@id\":\"https:\/\/franciscanos.org.br\/noticias\/papa-alerta-para-intolerancia-e-xenofobia-na-europa.html#primaryimage\",\"url\":\"https:\/\/franciscanos.org.br\/noticias\/wp-content\/uploads\/2017\/09\/papa_220917G.jpg\",\"contentUrl\":\"https:\/\/franciscanos.org.br\/noticias\/wp-content\/uploads\/2017\/09\/papa_220917G.jpg\",\"width\":273,\"height\":181},{\"@type\":\"WebPage\",\"@id\":\"https:\/\/franciscanos.org.br\/noticias\/papa-alerta-para-intolerancia-e-xenofobia-na-europa.html#webpage\",\"url\":\"https:\/\/franciscanos.org.br\/noticias\/papa-alerta-para-intolerancia-e-xenofobia-na-europa.html\",\"name\":\"Papa alerta para intoler\u00e2ncia e xenofobia na Europa - Not\u00edcias - Franciscanos\",\"isPartOf\":{\"@id\":\"https:\/\/franciscanos.org.br\/noticias\/#website\"},\"primaryImageOfPage\":{\"@id\":\"https:\/\/franciscanos.org.br\/noticias\/papa-alerta-para-intolerancia-e-xenofobia-na-europa.html#primaryimage\"},\"datePublished\":\"2017-09-22T13:39:26+00:00\",\"dateModified\":\"2020-06-08T20:12:40+00:00\",\"author\":{\"@id\":\"https:\/\/franciscanos.org.br\/noticias\/#\/schema\/person\/b38fbf43118f02820bd932f2e4b14ad3\"},\"breadcrumb\":{\"@id\":\"https:\/\/franciscanos.org.br\/noticias\/papa-alerta-para-intolerancia-e-xenofobia-na-europa.html#breadcrumb\"},\"inLanguage\":\"pt-BR\",\"potentialAction\":[{\"@type\":\"ReadAction\",\"target\":[\"https:\/\/franciscanos.org.br\/noticias\/papa-alerta-para-intolerancia-e-xenofobia-na-europa.html\"]}]},{\"@type\":\"BreadcrumbList\",\"@id\":\"https:\/\/franciscanos.org.br\/noticias\/papa-alerta-para-intolerancia-e-xenofobia-na-europa.html#breadcrumb\",\"itemListElement\":[{\"@type\":\"ListItem\",\"position\":1,\"name\":\"Home\",\"item\":\"https:\/\/franciscanos.org.br\/noticias\"},{\"@type\":\"ListItem\",\"position\":2,\"name\":\"Papa alerta para intoler\u00e2ncia e xenofobia na Europa\"}]},{\"@type\":\"Person\",\"@id\":\"https:\/\/franciscanos.org.br\/noticias\/#\/schema\/person\/b38fbf43118f02820bd932f2e4b14ad3\",\"name\":\"admin\",\"image\":{\"@type\":\"ImageObject\",\"inLanguage\":\"pt-BR\",\"@id\":\"https:\/\/franciscanos.org.br\/noticias\/#\/schema\/person\/image\/\",\"url\":\"https:\/\/secure.gravatar.com\/avatar\/e8495742d34d0ba6448ea1c628263b3e?s=96&d=mm&r=g\",\"contentUrl\":\"https:\/\/secure.gravatar.com\/avatar\/e8495742d34d0ba6448ea1c628263b3e?s=96&d=mm&r=g\",\"caption\":\"admin\"},\"url\":\"https:\/\/franciscanos.org.br\/noticias\/author\/admin\"}]}<\/script>\n<!-- \/ Yoast SEO plugin. -->","yoast_head_json":{"title":"Papa alerta para intoler\u00e2ncia e xenofobia na Europa - Not\u00edcias - Franciscanos","robots":{"index":"index","follow":"follow","max-snippet":"max-snippet:-1","max-image-preview":"max-image-preview:large","max-video-preview":"max-video-preview:-1"},"canonical":"https:\/\/franciscanos.org.br\/noticias\/papa-alerta-para-intolerancia-e-xenofobia-na-europa.html","og_locale":"pt_BR","og_type":"article","og_title":"Papa alerta para intoler\u00e2ncia e xenofobia na Europa - Not\u00edcias - Franciscanos","og_description":"Audi\u00eancia Geral","og_url":"https:\/\/franciscanos.org.br\/noticias\/papa-alerta-para-intolerancia-e-xenofobia-na-europa.html","og_site_name":"Not\u00edcias - Franciscanos","article_published_time":"2017-09-22T13:39:26+00:00","article_modified_time":"2020-06-08T20:12:40+00:00","og_image":[{"width":273,"height":181,"url":"https:\/\/franciscanos.org.br\/noticias\/wp-content\/uploads\/2017\/09\/papa_220917G.jpg","type":"image\/jpeg"}],"author":"admin","twitter_card":"summary_large_image","twitter_misc":{"Escrito por":"admin","Est. tempo de leitura":"2 minutos"},"schema":{"@context":"https:\/\/schema.org","@graph":[{"@type":"WebSite","@id":"https:\/\/franciscanos.org.br\/noticias\/#website","url":"https:\/\/franciscanos.org.br\/noticias\/","name":"Not\u00edcias - Franciscanos","description":"Prov\u00edncia Franciscana da Imaculada Concei\u00e7\u00e3o do Brasil - Ordem dos Frades Menores - OFM","potentialAction":[{"@type":"SearchAction","target":{"@type":"EntryPoint","urlTemplate":"https:\/\/franciscanos.org.br\/noticias\/?s={search_term_string}"},"query-input":"required name=search_term_string"}],"inLanguage":"pt-BR"},{"@type":"ImageObject","inLanguage":"pt-BR","@id":"https:\/\/franciscanos.org.br\/noticias\/papa-alerta-para-intolerancia-e-xenofobia-na-europa.html#primaryimage","url":"https:\/\/franciscanos.org.br\/noticias\/wp-content\/uploads\/2017\/09\/papa_220917G.jpg","contentUrl":"https:\/\/franciscanos.org.br\/noticias\/wp-content\/uploads\/2017\/09\/papa_220917G.jpg","width":273,"height":181},{"@type":"WebPage","@id":"https:\/\/franciscanos.org.br\/noticias\/papa-alerta-para-intolerancia-e-xenofobia-na-europa.html#webpage","url":"https:\/\/franciscanos.org.br\/noticias\/papa-alerta-para-intolerancia-e-xenofobia-na-europa.html","name":"Papa alerta para intoler\u00e2ncia e xenofobia na Europa - Not\u00edcias - Franciscanos","isPartOf":{"@id":"https:\/\/franciscanos.org.br\/noticias\/#website"},"primaryImageOfPage":{"@id":"https:\/\/franciscanos.org.br\/noticias\/papa-alerta-para-intolerancia-e-xenofobia-na-europa.html#primaryimage"},"datePublished":"2017-09-22T13:39:26+00:00","dateModified":"2020-06-08T20:12:40+00:00","author":{"@id":"https:\/\/franciscanos.org.br\/noticias\/#\/schema\/person\/b38fbf43118f02820bd932f2e4b14ad3"},"breadcrumb":{"@id":"https:\/\/franciscanos.org.br\/noticias\/papa-alerta-para-intolerancia-e-xenofobia-na-europa.html#breadcrumb"},"inLanguage":"pt-BR","potentialAction":[{"@type":"ReadAction","target":["https:\/\/franciscanos.org.br\/noticias\/papa-alerta-para-intolerancia-e-xenofobia-na-europa.html"]}]},{"@type":"BreadcrumbList","@id":"https:\/\/franciscanos.org.br\/noticias\/papa-alerta-para-intolerancia-e-xenofobia-na-europa.html#breadcrumb","itemListElement":[{"@type":"ListItem","position":1,"name":"Home","item":"https:\/\/franciscanos.org.br\/noticias"},{"@type":"ListItem","position":2,"name":"Papa alerta para intoler\u00e2ncia e xenofobia na Europa"}]},{"@type":"Person","@id":"https:\/\/franciscanos.org.br\/noticias\/#\/schema\/person\/b38fbf43118f02820bd932f2e4b14ad3","name":"admin","image":{"@type":"ImageObject","inLanguage":"pt-BR","@id":"https:\/\/franciscanos.org.br\/noticias\/#\/schema\/person\/image\/","url":"https:\/\/secure.gravatar.com\/avatar\/e8495742d34d0ba6448ea1c628263b3e?s=96&d=mm&r=g","contentUrl":"https:\/\/secure.gravatar.com\/avatar\/e8495742d34d0ba6448ea1c628263b3e?s=96&d=mm&r=g","caption":"admin"},"url":"https:\/\/franciscanos.org.br\/noticias\/author\/admin"}]}},"_links":{"self":[{"href":"https:\/\/franciscanos.org.br\/noticias\/wp-json\/wp\/v2\/posts\/141530"}],"collection":[{"href":"https:\/\/franciscanos.org.br\/noticias\/wp-json\/wp\/v2\/posts"}],"about":[{"href":"https:\/\/franciscanos.org.br\/noticias\/wp-json\/wp\/v2\/types\/post"}],"author":[{"embeddable":true,"href":"https:\/\/franciscanos.org.br\/noticias\/wp-json\/wp\/v2\/users\/1"}],"replies":[{"embeddable":true,"href":"https:\/\/franciscanos.org.br\/noticias\/wp-json\/wp\/v2\/comments?post=141530"}],"version-history":[{"count":2,"href":"https:\/\/franciscanos.org.br\/noticias\/wp-json\/wp\/v2\/posts\/141530\/revisions"}],"predecessor-version":[{"id":225243,"href":"https:\/\/franciscanos.org.br\/noticias\/wp-json\/wp\/v2\/posts\/141530\/revisions\/225243"}],"wp:featuredmedia":[{"embeddable":true,"href":"https:\/\/franciscanos.org.br\/noticias\/wp-json\/wp\/v2\/media\/203043"}],"wp:attachment":[{"href":"https:\/\/franciscanos.org.br\/noticias\/wp-json\/wp\/v2\/media?parent=141530"}],"wp:term":[{"taxonomy":"category","embeddable":true,"href":"https:\/\/franciscanos.org.br\/noticias\/wp-json\/wp\/v2\/categories?post=141530"},{"taxonomy":"post_tag","embeddable":true,"href":"https:\/\/franciscanos.org.br\/noticias\/wp-json\/wp\/v2\/tags?post=141530"}],"curies":[{"name":"wp","href":"https:\/\/api.w.org\/{rel}","templated":true}]}}