{"id":141502,"date":"2017-09-22T08:37:41","date_gmt":"2017-09-22T11:37:41","guid":{"rendered":"http:\/\/franciscanos.org.br\/?p=141502"},"modified":"2019-04-23T12:58:52","modified_gmt":"2019-04-23T15:58:52","slug":"divulgado-o-logotipo-do-iii-encontro-nacional-franciscano-de-juventudes","status":"publish","type":"post","link":"https:\/\/franciscanos.org.br\/noticias\/divulgado-o-logotipo-do-iii-encontro-nacional-franciscano-de-juventudes.html","title":{"rendered":"Divulgado o logotipo do III Encontro de Juventudes"},"content":{"rendered":"<p><img loading=\"lazy\" src=\"http:\/\/franciscanos.org.br\/wp-content\/uploads\/2017\/09\/enjf_220917.jpg\" alt=\"enjf_220917\" width=\"830\" height=\"400\" \/><br \/>\n<strong>S\u00e3o Paulo (SP) &#8211;<\/strong> Foi divulgado nesta sexta-feira (22), o logotipo do III Encontro Nacional Franciscano de Juventudes, que ser\u00e1 realizado de 19 a 22 de julho de 2018 em Vila Velha (ES). Promovido pelo SIFEM \u2013 Servi\u00e7o Interprovincial Franciscano de Evangeliza\u00e7\u00e3o e Miss\u00e3o, da Confer\u00eancia dos Frades Menores do Brasil, o encontro tem os seguintes objetivos:<\/p>\n<ul>\n<li>Fortalecer a presen\u00e7a da OFM entre os jovens;<\/li>\n<li>Sensibilizar a juventude para a m\u00edstica franciscana;<\/li>\n<li>Promover o discipulado mission\u00e1rio da juventude;<\/li>\n<li>Possibilitar o interc\u00e2mbio entre as juventudes em \u00e2mbito de Brasil.<\/li>\n<\/ul>\n<p>O tema escolhido para o encontro foi <em>\u201c&#8230;E o des\u00e2nimo se converteu em ardor. Permanece conosco, Senhor!\u201d<\/em> (Lc 24, 29). Segundo os organizadores, o\u00a0diferencial deste encontro \u00e9 o forte sentido mission\u00e1rio, por isso a escolha o tema \u00e9 inspirado no\u00a0encontro de Cristo Ressuscitado com os Disc\u00edpulos de Ema\u00fas.<\/p>\n<p>O logotipo foi elaborado por Frei Leandro Costa, da fraternidade do Divino Esp\u00edrito Santo, em Vila Velha. As cores e elementos remetem \u00e0 espiritualidade franciscana e ao Estado do Esp\u00edrito Santo. O tau envolve todos os elementos do logotipo. Jesus e os disc\u00edpulos de Ema\u00fas aparecem no centro. Em cada um deles, um cora\u00e7\u00e3o. No centro Jesus, com o cora\u00e7\u00e3o maior. Logo abaixo aparece o Convento da Penha, maior s\u00edmbolo religioso capixaba, fundado em 1568. Tamb\u00e9m est\u00e3o registradas as palmeiras, que comp\u00f5em a paisagem do Convento da Penha. Ao lado, a igreja do Ros\u00e1rio, a matriz, que sediar\u00e1 o encontro. Ela foi fundada em 1551 e \u00e9 a igreja mais antiga do Brasil em funcionamento.<\/p>\n<p>As cores rosa, azul, verde e laranja fazem alus\u00e3o ao Esp\u00edrito Santo. O rosa aparece na bandeira do Estado e tamb\u00e9m remete ao c\u00e9u capixaba ao entardecer, assim como o laranja. A cidade de Vila Velha \u00e9 cercada pelo litoral, representado no logotipo em azul e verde.<\/p>\n<p>O II Encontro aconteceu em 2015 e reuniu 500 participantes na cidade de An\u00e1polis, em Goi\u00e1s. Para o III Encontro, s\u00e3o esperados mais de 700 participantes, entre delegados e equipe de trabalho.<\/p>\n","protected":false},"excerpt":{"rendered":"<p>III Encontro Nacional Franciscano de Juventudes<\/p>\n","protected":false},"author":1,"featured_media":203042,"comment_status":"open","ping_status":"open","sticky":false,"template":"","format":"standard","meta":[],"categories":[1],"tags":[1163,1253],"acf":[],"yoast_head":"<!-- This site is optimized with the Yoast SEO plugin v19.2 - https:\/\/yoast.com\/wordpress\/plugins\/seo\/ -->\n<title>Divulgado o logotipo do III Encontro de Juventudes - Not\u00edcias - Franciscanos<\/title>\n<meta name=\"robots\" content=\"index, follow, max-snippet:-1, max-image-preview:large, max-video-preview:-1\" \/>\n<link rel=\"canonical\" href=\"https:\/\/franciscanos.org.br\/noticias\/divulgado-o-logotipo-do-iii-encontro-nacional-franciscano-de-juventudes.html\" \/>\n<meta property=\"og:locale\" content=\"pt_BR\" \/>\n<meta property=\"og:type\" content=\"article\" \/>\n<meta property=\"og:title\" content=\"Divulgado o logotipo do III Encontro de Juventudes - Not\u00edcias - Franciscanos\" \/>\n<meta property=\"og:description\" content=\"III Encontro Nacional Franciscano de Juventudes\" \/>\n<meta property=\"og:url\" content=\"https:\/\/franciscanos.org.br\/noticias\/divulgado-o-logotipo-do-iii-encontro-nacional-franciscano-de-juventudes.html\" \/>\n<meta property=\"og:site_name\" content=\"Not\u00edcias - Franciscanos\" \/>\n<meta property=\"article:published_time\" content=\"2017-09-22T11:37:41+00:00\" \/>\n<meta property=\"article:modified_time\" content=\"2019-04-23T15:58:52+00:00\" \/>\n<meta property=\"og:image\" content=\"https:\/\/franciscanos.org.br\/noticias\/wp-content\/uploads\/2017\/09\/enjf_220917.jpg\" \/>\n\t<meta property=\"og:image:width\" content=\"273\" \/>\n\t<meta property=\"og:image:height\" content=\"181\" \/>\n\t<meta property=\"og:image:type\" content=\"image\/jpeg\" \/>\n<meta name=\"author\" content=\"admin\" \/>\n<meta name=\"twitter:card\" content=\"summary_large_image\" \/>\n<meta name=\"twitter:label1\" content=\"Escrito por\" \/>\n\t<meta name=\"twitter:data1\" content=\"admin\" \/>\n\t<meta name=\"twitter:label2\" content=\"Est. tempo de leitura\" \/>\n\t<meta name=\"twitter:data2\" content=\"2 minutos\" \/>\n<script type=\"application\/ld+json\" class=\"yoast-schema-graph\">{\"@context\":\"https:\/\/schema.org\",\"@graph\":[{\"@type\":\"WebSite\",\"@id\":\"https:\/\/franciscanos.org.br\/noticias\/#website\",\"url\":\"https:\/\/franciscanos.org.br\/noticias\/\",\"name\":\"Not\u00edcias - Franciscanos\",\"description\":\"Prov\u00edncia Franciscana da Imaculada Concei\u00e7\u00e3o do Brasil - Ordem dos Frades Menores - OFM\",\"potentialAction\":[{\"@type\":\"SearchAction\",\"target\":{\"@type\":\"EntryPoint\",\"urlTemplate\":\"https:\/\/franciscanos.org.br\/noticias\/?s={search_term_string}\"},\"query-input\":\"required name=search_term_string\"}],\"inLanguage\":\"pt-BR\"},{\"@type\":\"ImageObject\",\"inLanguage\":\"pt-BR\",\"@id\":\"https:\/\/franciscanos.org.br\/noticias\/divulgado-o-logotipo-do-iii-encontro-nacional-franciscano-de-juventudes.html#primaryimage\",\"url\":\"https:\/\/franciscanos.org.br\/noticias\/wp-content\/uploads\/2017\/09\/enjf_220917.jpg\",\"contentUrl\":\"https:\/\/franciscanos.org.br\/noticias\/wp-content\/uploads\/2017\/09\/enjf_220917.jpg\",\"width\":273,\"height\":181},{\"@type\":\"WebPage\",\"@id\":\"https:\/\/franciscanos.org.br\/noticias\/divulgado-o-logotipo-do-iii-encontro-nacional-franciscano-de-juventudes.html#webpage\",\"url\":\"https:\/\/franciscanos.org.br\/noticias\/divulgado-o-logotipo-do-iii-encontro-nacional-franciscano-de-juventudes.html\",\"name\":\"Divulgado o logotipo do III Encontro de Juventudes - Not\u00edcias - Franciscanos\",\"isPartOf\":{\"@id\":\"https:\/\/franciscanos.org.br\/noticias\/#website\"},\"primaryImageOfPage\":{\"@id\":\"https:\/\/franciscanos.org.br\/noticias\/divulgado-o-logotipo-do-iii-encontro-nacional-franciscano-de-juventudes.html#primaryimage\"},\"datePublished\":\"2017-09-22T11:37:41+00:00\",\"dateModified\":\"2019-04-23T15:58:52+00:00\",\"author\":{\"@id\":\"https:\/\/franciscanos.org.br\/noticias\/#\/schema\/person\/b38fbf43118f02820bd932f2e4b14ad3\"},\"breadcrumb\":{\"@id\":\"https:\/\/franciscanos.org.br\/noticias\/divulgado-o-logotipo-do-iii-encontro-nacional-franciscano-de-juventudes.html#breadcrumb\"},\"inLanguage\":\"pt-BR\",\"potentialAction\":[{\"@type\":\"ReadAction\",\"target\":[\"https:\/\/franciscanos.org.br\/noticias\/divulgado-o-logotipo-do-iii-encontro-nacional-franciscano-de-juventudes.html\"]}]},{\"@type\":\"BreadcrumbList\",\"@id\":\"https:\/\/franciscanos.org.br\/noticias\/divulgado-o-logotipo-do-iii-encontro-nacional-franciscano-de-juventudes.html#breadcrumb\",\"itemListElement\":[{\"@type\":\"ListItem\",\"position\":1,\"name\":\"Home\",\"item\":\"https:\/\/franciscanos.org.br\/noticias\"},{\"@type\":\"ListItem\",\"position\":2,\"name\":\"Divulgado o logotipo do III Encontro de Juventudes\"}]},{\"@type\":\"Person\",\"@id\":\"https:\/\/franciscanos.org.br\/noticias\/#\/schema\/person\/b38fbf43118f02820bd932f2e4b14ad3\",\"name\":\"admin\",\"image\":{\"@type\":\"ImageObject\",\"inLanguage\":\"pt-BR\",\"@id\":\"https:\/\/franciscanos.org.br\/noticias\/#\/schema\/person\/image\/\",\"url\":\"https:\/\/secure.gravatar.com\/avatar\/e8495742d34d0ba6448ea1c628263b3e?s=96&d=mm&r=g\",\"contentUrl\":\"https:\/\/secure.gravatar.com\/avatar\/e8495742d34d0ba6448ea1c628263b3e?s=96&d=mm&r=g\",\"caption\":\"admin\"},\"url\":\"https:\/\/franciscanos.org.br\/noticias\/author\/admin\"}]}<\/script>\n<!-- \/ Yoast SEO plugin. -->","yoast_head_json":{"title":"Divulgado o logotipo do III Encontro de Juventudes - Not\u00edcias - Franciscanos","robots":{"index":"index","follow":"follow","max-snippet":"max-snippet:-1","max-image-preview":"max-image-preview:large","max-video-preview":"max-video-preview:-1"},"canonical":"https:\/\/franciscanos.org.br\/noticias\/divulgado-o-logotipo-do-iii-encontro-nacional-franciscano-de-juventudes.html","og_locale":"pt_BR","og_type":"article","og_title":"Divulgado o logotipo do III Encontro de Juventudes - Not\u00edcias - Franciscanos","og_description":"III Encontro Nacional Franciscano de Juventudes","og_url":"https:\/\/franciscanos.org.br\/noticias\/divulgado-o-logotipo-do-iii-encontro-nacional-franciscano-de-juventudes.html","og_site_name":"Not\u00edcias - Franciscanos","article_published_time":"2017-09-22T11:37:41+00:00","article_modified_time":"2019-04-23T15:58:52+00:00","og_image":[{"width":273,"height":181,"url":"https:\/\/franciscanos.org.br\/noticias\/wp-content\/uploads\/2017\/09\/enjf_220917.jpg","type":"image\/jpeg"}],"author":"admin","twitter_card":"summary_large_image","twitter_misc":{"Escrito por":"admin","Est. tempo de leitura":"2 minutos"},"schema":{"@context":"https:\/\/schema.org","@graph":[{"@type":"WebSite","@id":"https:\/\/franciscanos.org.br\/noticias\/#website","url":"https:\/\/franciscanos.org.br\/noticias\/","name":"Not\u00edcias - Franciscanos","description":"Prov\u00edncia Franciscana da Imaculada Concei\u00e7\u00e3o do Brasil - Ordem dos Frades Menores - OFM","potentialAction":[{"@type":"SearchAction","target":{"@type":"EntryPoint","urlTemplate":"https:\/\/franciscanos.org.br\/noticias\/?s={search_term_string}"},"query-input":"required name=search_term_string"}],"inLanguage":"pt-BR"},{"@type":"ImageObject","inLanguage":"pt-BR","@id":"https:\/\/franciscanos.org.br\/noticias\/divulgado-o-logotipo-do-iii-encontro-nacional-franciscano-de-juventudes.html#primaryimage","url":"https:\/\/franciscanos.org.br\/noticias\/wp-content\/uploads\/2017\/09\/enjf_220917.jpg","contentUrl":"https:\/\/franciscanos.org.br\/noticias\/wp-content\/uploads\/2017\/09\/enjf_220917.jpg","width":273,"height":181},{"@type":"WebPage","@id":"https:\/\/franciscanos.org.br\/noticias\/divulgado-o-logotipo-do-iii-encontro-nacional-franciscano-de-juventudes.html#webpage","url":"https:\/\/franciscanos.org.br\/noticias\/divulgado-o-logotipo-do-iii-encontro-nacional-franciscano-de-juventudes.html","name":"Divulgado o logotipo do III Encontro de Juventudes - Not\u00edcias - Franciscanos","isPartOf":{"@id":"https:\/\/franciscanos.org.br\/noticias\/#website"},"primaryImageOfPage":{"@id":"https:\/\/franciscanos.org.br\/noticias\/divulgado-o-logotipo-do-iii-encontro-nacional-franciscano-de-juventudes.html#primaryimage"},"datePublished":"2017-09-22T11:37:41+00:00","dateModified":"2019-04-23T15:58:52+00:00","author":{"@id":"https:\/\/franciscanos.org.br\/noticias\/#\/schema\/person\/b38fbf43118f02820bd932f2e4b14ad3"},"breadcrumb":{"@id":"https:\/\/franciscanos.org.br\/noticias\/divulgado-o-logotipo-do-iii-encontro-nacional-franciscano-de-juventudes.html#breadcrumb"},"inLanguage":"pt-BR","potentialAction":[{"@type":"ReadAction","target":["https:\/\/franciscanos.org.br\/noticias\/divulgado-o-logotipo-do-iii-encontro-nacional-franciscano-de-juventudes.html"]}]},{"@type":"BreadcrumbList","@id":"https:\/\/franciscanos.org.br\/noticias\/divulgado-o-logotipo-do-iii-encontro-nacional-franciscano-de-juventudes.html#breadcrumb","itemListElement":[{"@type":"ListItem","position":1,"name":"Home","item":"https:\/\/franciscanos.org.br\/noticias"},{"@type":"ListItem","position":2,"name":"Divulgado o logotipo do III Encontro de Juventudes"}]},{"@type":"Person","@id":"https:\/\/franciscanos.org.br\/noticias\/#\/schema\/person\/b38fbf43118f02820bd932f2e4b14ad3","name":"admin","image":{"@type":"ImageObject","inLanguage":"pt-BR","@id":"https:\/\/franciscanos.org.br\/noticias\/#\/schema\/person\/image\/","url":"https:\/\/secure.gravatar.com\/avatar\/e8495742d34d0ba6448ea1c628263b3e?s=96&d=mm&r=g","contentUrl":"https:\/\/secure.gravatar.com\/avatar\/e8495742d34d0ba6448ea1c628263b3e?s=96&d=mm&r=g","caption":"admin"},"url":"https:\/\/franciscanos.org.br\/noticias\/author\/admin"}]}},"_links":{"self":[{"href":"https:\/\/franciscanos.org.br\/noticias\/wp-json\/wp\/v2\/posts\/141502"}],"collection":[{"href":"https:\/\/franciscanos.org.br\/noticias\/wp-json\/wp\/v2\/posts"}],"about":[{"href":"https:\/\/franciscanos.org.br\/noticias\/wp-json\/wp\/v2\/types\/post"}],"author":[{"embeddable":true,"href":"https:\/\/franciscanos.org.br\/noticias\/wp-json\/wp\/v2\/users\/1"}],"replies":[{"embeddable":true,"href":"https:\/\/franciscanos.org.br\/noticias\/wp-json\/wp\/v2\/comments?post=141502"}],"version-history":[{"count":0,"href":"https:\/\/franciscanos.org.br\/noticias\/wp-json\/wp\/v2\/posts\/141502\/revisions"}],"wp:featuredmedia":[{"embeddable":true,"href":"https:\/\/franciscanos.org.br\/noticias\/wp-json\/wp\/v2\/media\/203042"}],"wp:attachment":[{"href":"https:\/\/franciscanos.org.br\/noticias\/wp-json\/wp\/v2\/media?parent=141502"}],"wp:term":[{"taxonomy":"category","embeddable":true,"href":"https:\/\/franciscanos.org.br\/noticias\/wp-json\/wp\/v2\/categories?post=141502"},{"taxonomy":"post_tag","embeddable":true,"href":"https:\/\/franciscanos.org.br\/noticias\/wp-json\/wp\/v2\/tags?post=141502"}],"curies":[{"name":"wp","href":"https:\/\/api.w.org\/{rel}","templated":true}]}}