{"id":141494,"date":"2017-09-21T06:30:50","date_gmt":"2017-09-21T09:30:50","guid":{"rendered":"http:\/\/franciscanos.org.br\/?p=141494"},"modified":"2019-04-23T11:17:45","modified_gmt":"2019-04-23T14:17:45","slug":"imagem-peregrina-de-nossa-senhora-aparecida-e-festa-das-chagas","status":"publish","type":"post","link":"https:\/\/franciscanos.org.br\/noticias\/imagem-peregrina-de-nossa-senhora-aparecida-e-festa-das-chagas.html","title":{"rendered":"Imagem peregrina de Nossa Senhora Aparecida e festa das Chagas"},"content":{"rendered":"<p><img loading=\"lazy\" src=\"http:\/\/franciscanos.org.br\/wp-content\/uploads\/2017\/09\/ofs_210917_2.jpg\" alt=\"ofs_210917_2\" width=\"820\" height=\"406\" \/><\/p>\n<p>A grande fam\u00edlia franciscana herdou do pr\u00f3prio S\u00e3o Francisco de Assis a devo\u00e7\u00e3o mariana, pois ele confiou \u00e0 prote\u00e7\u00e3o de Nossa Senhora dos Anjos as tr\u00eas Ordens que criou. Para marcar o jubileu e a devo\u00e7\u00e3o mariana dos filhos e filhas do Ser\u00e1fico Pai S\u00e3o Francisco, o Regional Sudeste 2 da Ordem Franciscana Secular do Brasil (OFS) est\u00e1 promovendo uma peregrina\u00e7\u00e3o da imagem de Nossa Senhora Aparecida por suas Fraternidades.<\/p>\n<p>A imagem j\u00e1 percorreu quase todas as 35 fraternidades do Regional e, em cada regi\u00e3o, fam\u00edlias e grupos se re\u00fanem para acolher e venerar a imagem de Nossa Senhora Aparecida M\u00e3e de Deus e nossa M\u00e3e. A imagem j\u00e1 percorreu comunidades, estabelecimentos comerciais, fam\u00edlias, hospitais, pra\u00e7as e resid\u00eancias, levando o amor materno de Maria a todos.<\/p>\n<p>A manh\u00e3 do \u00faltimo domingo (17) foi marcada pela alegria do encontro das Fraternidades Franciscanas Seculares de Santo Ant\u00f4nio e Santa Clara, localizadas, respectivamente, no Cento de Duque de Caxias e em Jardim Primavera, Diocese de Duque de Caxias (RJ). O encontro foi duplamente especial: os irm\u00e3os celebraram juntos a festa da impress\u00e3o das Chagas de S\u00e3o Francisco e a Fraternidade Santo Ant\u00f4nio fez a entrega da imagem peregrina de Nossa Senhora Aparecida para a fraternidade local que dar\u00e1 continuidade a peregrina\u00e7\u00e3o pelas 35 fraternidades do Regional Sudeste 2, da Ordem Franciscana Secular do Brasil.<\/p>\n<p>A programa\u00e7\u00e3o foi iniciada com a Celebra\u00e7\u00e3o da Palavra, na Comunidade Cat\u00f3lica S\u00e3o Judas Tadeu, presidida pelo Frei Jo\u00e3o Batista, OFM, que refletiu com a comunidade a dimens\u00e3o do perd\u00e3o e seu valor na vida crist\u00e3 e comunit\u00e1ria.<\/p>\n<p>O Ser\u00e1fico Pai Francisco, desde o in\u00edcio de sua convers\u00e3o, na pequena capela de S\u00e3o Dami\u00e3o, dedicou-se de uma maneira toda especial \u00e0 devo\u00e7\u00e3o e venera\u00e7\u00e3o do Cristo crucificado, devo\u00e7\u00e3o que at\u00e9 a morte ele inculcava a todos por palavras e exemplo. O Monte Alverne foi o Calv\u00e1rio na vida de S\u00e3o Francisco. Dentro de nove ou dez anos (1214\/15 &#8211; 1224) ele foi at\u00e9 ele seis vezes, a fim de contemplar na absoluta solid\u00e3o a sagrada Paix\u00e3o de Cristo.<\/p>\n<p><img loading=\"lazy\" src=\"http:\/\/franciscanos.org.br\/wp-content\/uploads\/2017\/09\/ofs_210917_3.jpg\" alt=\"ofs_210917_3\" width=\"820\" height=\"334\" \/><\/p>\n<p><strong>Encontro de Cantos Franciscanos<\/strong><\/p>\n<p>A alegria ao celebrar a cria\u00e7\u00e3o de Deus \u00e9 uma marca da espiritualidade franciscana, assim como o amor e a dedica\u00e7\u00e3o \u00e0 Igreja. Ter a oportunidade de servir e louvar ao Senhor por meio da m\u00fasica \u00e9 tamb\u00e9m uma forma de aprofundar a viv\u00eancia do carisma franciscano. Foi com esse sentimento de louvar o Alt\u00edssimo e Bom Senhor com alegria, que a Fam\u00edlia Franciscana do Regional Sudeste 2, realizou, nos dias 9 e 10 de setembro, na Casa S\u00e3o Francisco de Assis, Diocese de Duque de Caxias (RJ), o primeiro Encontro de Cantos Franciscanos, destinado a par\u00f3quias, comunidades, equipes de liturgia, catequista e para qualquer pessoa que gosta de cantar, louvar e servir ao Bom Senhor.<\/p>\n<p>Nesses dias, os presentes puderam ensaiar, relembrar can\u00e7\u00f5es, aprimorar e aprender cantos apropriados para os diferentes momentos lit\u00fargicos com o toque todo especial da mensagem de paz e de bem herdados de Francisco e Clara de Assis. Cantos que falam da pobreza, da humildade, do \u201cAmor n\u00e3o amado\u201d, das criaturas. Cantos que embalam nossos cora\u00e7\u00f5es para cantar as maravilhas de Deus, assim como fizeram Francisco e Clara de Assis, que em tudo louvavam e cantavam o Criador. O encontro foi dirigido pelo jovem Frei Zilmar Augusto, OFM, que, em seu repert\u00f3rio, possui diversas composi\u00e7\u00f5es sacras que encantam a todos pela beleza e singeleza que resgatam n\u00e3o s\u00f3 a alegria, mas o frescor e o vigor do carisma franciscano das origens.<\/p>\n<p><em>Fraternidade Santo Ant\u00f4nio (OFS)<\/em><\/p>\n","protected":false},"excerpt":{"rendered":"<p>OFS de Duque de Caxias<\/p>\n","protected":false},"author":1,"featured_media":203013,"comment_status":"open","ping_status":"open","sticky":false,"template":"","format":"standard","meta":[],"categories":[1],"tags":[60],"acf":[],"yoast_head":"<!-- This site is optimized with the Yoast SEO plugin v19.2 - https:\/\/yoast.com\/wordpress\/plugins\/seo\/ -->\n<title>Imagem peregrina de Nossa Senhora Aparecida e festa das Chagas - Not\u00edcias - Franciscanos<\/title>\n<meta name=\"robots\" content=\"index, follow, max-snippet:-1, max-image-preview:large, max-video-preview:-1\" \/>\n<link rel=\"canonical\" href=\"https:\/\/franciscanos.org.br\/noticias\/imagem-peregrina-de-nossa-senhora-aparecida-e-festa-das-chagas.html\" \/>\n<meta property=\"og:locale\" content=\"pt_BR\" \/>\n<meta property=\"og:type\" content=\"article\" \/>\n<meta property=\"og:title\" content=\"Imagem peregrina de Nossa Senhora Aparecida e festa das Chagas - Not\u00edcias - Franciscanos\" \/>\n<meta property=\"og:description\" content=\"OFS de Duque de Caxias\" \/>\n<meta property=\"og:url\" content=\"https:\/\/franciscanos.org.br\/noticias\/imagem-peregrina-de-nossa-senhora-aparecida-e-festa-das-chagas.html\" \/>\n<meta property=\"og:site_name\" content=\"Not\u00edcias - Franciscanos\" \/>\n<meta property=\"article:published_time\" content=\"2017-09-21T09:30:50+00:00\" \/>\n<meta property=\"article:modified_time\" content=\"2019-04-23T14:17:45+00:00\" \/>\n<meta property=\"og:image\" content=\"https:\/\/franciscanos.org.br\/noticias\/wp-content\/uploads\/2017\/09\/ofs_210917_2.jpg\" \/>\n\t<meta property=\"og:image:width\" content=\"273\" \/>\n\t<meta property=\"og:image:height\" content=\"181\" \/>\n\t<meta property=\"og:image:type\" content=\"image\/jpeg\" \/>\n<meta name=\"author\" content=\"admin\" \/>\n<meta name=\"twitter:card\" content=\"summary_large_image\" \/>\n<meta name=\"twitter:label1\" content=\"Escrito por\" \/>\n\t<meta name=\"twitter:data1\" content=\"admin\" \/>\n\t<meta name=\"twitter:label2\" content=\"Est. tempo de leitura\" \/>\n\t<meta name=\"twitter:data2\" content=\"3 minutos\" \/>\n<script type=\"application\/ld+json\" class=\"yoast-schema-graph\">{\"@context\":\"https:\/\/schema.org\",\"@graph\":[{\"@type\":\"WebSite\",\"@id\":\"https:\/\/franciscanos.org.br\/noticias\/#website\",\"url\":\"https:\/\/franciscanos.org.br\/noticias\/\",\"name\":\"Not\u00edcias - Franciscanos\",\"description\":\"Prov\u00edncia Franciscana da Imaculada Concei\u00e7\u00e3o do Brasil - Ordem dos Frades Menores - OFM\",\"potentialAction\":[{\"@type\":\"SearchAction\",\"target\":{\"@type\":\"EntryPoint\",\"urlTemplate\":\"https:\/\/franciscanos.org.br\/noticias\/?s={search_term_string}\"},\"query-input\":\"required name=search_term_string\"}],\"inLanguage\":\"pt-BR\"},{\"@type\":\"ImageObject\",\"inLanguage\":\"pt-BR\",\"@id\":\"https:\/\/franciscanos.org.br\/noticias\/imagem-peregrina-de-nossa-senhora-aparecida-e-festa-das-chagas.html#primaryimage\",\"url\":\"https:\/\/franciscanos.org.br\/noticias\/wp-content\/uploads\/2017\/09\/ofs_210917_2.jpg\",\"contentUrl\":\"https:\/\/franciscanos.org.br\/noticias\/wp-content\/uploads\/2017\/09\/ofs_210917_2.jpg\",\"width\":273,\"height\":181},{\"@type\":\"WebPage\",\"@id\":\"https:\/\/franciscanos.org.br\/noticias\/imagem-peregrina-de-nossa-senhora-aparecida-e-festa-das-chagas.html#webpage\",\"url\":\"https:\/\/franciscanos.org.br\/noticias\/imagem-peregrina-de-nossa-senhora-aparecida-e-festa-das-chagas.html\",\"name\":\"Imagem peregrina de Nossa Senhora Aparecida e festa das Chagas - Not\u00edcias - Franciscanos\",\"isPartOf\":{\"@id\":\"https:\/\/franciscanos.org.br\/noticias\/#website\"},\"primaryImageOfPage\":{\"@id\":\"https:\/\/franciscanos.org.br\/noticias\/imagem-peregrina-de-nossa-senhora-aparecida-e-festa-das-chagas.html#primaryimage\"},\"datePublished\":\"2017-09-21T09:30:50+00:00\",\"dateModified\":\"2019-04-23T14:17:45+00:00\",\"author\":{\"@id\":\"https:\/\/franciscanos.org.br\/noticias\/#\/schema\/person\/b38fbf43118f02820bd932f2e4b14ad3\"},\"breadcrumb\":{\"@id\":\"https:\/\/franciscanos.org.br\/noticias\/imagem-peregrina-de-nossa-senhora-aparecida-e-festa-das-chagas.html#breadcrumb\"},\"inLanguage\":\"pt-BR\",\"potentialAction\":[{\"@type\":\"ReadAction\",\"target\":[\"https:\/\/franciscanos.org.br\/noticias\/imagem-peregrina-de-nossa-senhora-aparecida-e-festa-das-chagas.html\"]}]},{\"@type\":\"BreadcrumbList\",\"@id\":\"https:\/\/franciscanos.org.br\/noticias\/imagem-peregrina-de-nossa-senhora-aparecida-e-festa-das-chagas.html#breadcrumb\",\"itemListElement\":[{\"@type\":\"ListItem\",\"position\":1,\"name\":\"Home\",\"item\":\"https:\/\/franciscanos.org.br\/noticias\"},{\"@type\":\"ListItem\",\"position\":2,\"name\":\"Imagem peregrina de Nossa Senhora Aparecida e festa das Chagas\"}]},{\"@type\":\"Person\",\"@id\":\"https:\/\/franciscanos.org.br\/noticias\/#\/schema\/person\/b38fbf43118f02820bd932f2e4b14ad3\",\"name\":\"admin\",\"image\":{\"@type\":\"ImageObject\",\"inLanguage\":\"pt-BR\",\"@id\":\"https:\/\/franciscanos.org.br\/noticias\/#\/schema\/person\/image\/\",\"url\":\"https:\/\/secure.gravatar.com\/avatar\/e8495742d34d0ba6448ea1c628263b3e?s=96&d=mm&r=g\",\"contentUrl\":\"https:\/\/secure.gravatar.com\/avatar\/e8495742d34d0ba6448ea1c628263b3e?s=96&d=mm&r=g\",\"caption\":\"admin\"},\"url\":\"https:\/\/franciscanos.org.br\/noticias\/author\/admin\"}]}<\/script>\n<!-- \/ Yoast SEO plugin. -->","yoast_head_json":{"title":"Imagem peregrina de Nossa Senhora Aparecida e festa das Chagas - Not\u00edcias - Franciscanos","robots":{"index":"index","follow":"follow","max-snippet":"max-snippet:-1","max-image-preview":"max-image-preview:large","max-video-preview":"max-video-preview:-1"},"canonical":"https:\/\/franciscanos.org.br\/noticias\/imagem-peregrina-de-nossa-senhora-aparecida-e-festa-das-chagas.html","og_locale":"pt_BR","og_type":"article","og_title":"Imagem peregrina de Nossa Senhora Aparecida e festa das Chagas - Not\u00edcias - Franciscanos","og_description":"OFS de Duque de Caxias","og_url":"https:\/\/franciscanos.org.br\/noticias\/imagem-peregrina-de-nossa-senhora-aparecida-e-festa-das-chagas.html","og_site_name":"Not\u00edcias - Franciscanos","article_published_time":"2017-09-21T09:30:50+00:00","article_modified_time":"2019-04-23T14:17:45+00:00","og_image":[{"width":273,"height":181,"url":"https:\/\/franciscanos.org.br\/noticias\/wp-content\/uploads\/2017\/09\/ofs_210917_2.jpg","type":"image\/jpeg"}],"author":"admin","twitter_card":"summary_large_image","twitter_misc":{"Escrito por":"admin","Est. tempo de leitura":"3 minutos"},"schema":{"@context":"https:\/\/schema.org","@graph":[{"@type":"WebSite","@id":"https:\/\/franciscanos.org.br\/noticias\/#website","url":"https:\/\/franciscanos.org.br\/noticias\/","name":"Not\u00edcias - Franciscanos","description":"Prov\u00edncia Franciscana da Imaculada Concei\u00e7\u00e3o do Brasil - Ordem dos Frades Menores - OFM","potentialAction":[{"@type":"SearchAction","target":{"@type":"EntryPoint","urlTemplate":"https:\/\/franciscanos.org.br\/noticias\/?s={search_term_string}"},"query-input":"required name=search_term_string"}],"inLanguage":"pt-BR"},{"@type":"ImageObject","inLanguage":"pt-BR","@id":"https:\/\/franciscanos.org.br\/noticias\/imagem-peregrina-de-nossa-senhora-aparecida-e-festa-das-chagas.html#primaryimage","url":"https:\/\/franciscanos.org.br\/noticias\/wp-content\/uploads\/2017\/09\/ofs_210917_2.jpg","contentUrl":"https:\/\/franciscanos.org.br\/noticias\/wp-content\/uploads\/2017\/09\/ofs_210917_2.jpg","width":273,"height":181},{"@type":"WebPage","@id":"https:\/\/franciscanos.org.br\/noticias\/imagem-peregrina-de-nossa-senhora-aparecida-e-festa-das-chagas.html#webpage","url":"https:\/\/franciscanos.org.br\/noticias\/imagem-peregrina-de-nossa-senhora-aparecida-e-festa-das-chagas.html","name":"Imagem peregrina de Nossa Senhora Aparecida e festa das Chagas - Not\u00edcias - Franciscanos","isPartOf":{"@id":"https:\/\/franciscanos.org.br\/noticias\/#website"},"primaryImageOfPage":{"@id":"https:\/\/franciscanos.org.br\/noticias\/imagem-peregrina-de-nossa-senhora-aparecida-e-festa-das-chagas.html#primaryimage"},"datePublished":"2017-09-21T09:30:50+00:00","dateModified":"2019-04-23T14:17:45+00:00","author":{"@id":"https:\/\/franciscanos.org.br\/noticias\/#\/schema\/person\/b38fbf43118f02820bd932f2e4b14ad3"},"breadcrumb":{"@id":"https:\/\/franciscanos.org.br\/noticias\/imagem-peregrina-de-nossa-senhora-aparecida-e-festa-das-chagas.html#breadcrumb"},"inLanguage":"pt-BR","potentialAction":[{"@type":"ReadAction","target":["https:\/\/franciscanos.org.br\/noticias\/imagem-peregrina-de-nossa-senhora-aparecida-e-festa-das-chagas.html"]}]},{"@type":"BreadcrumbList","@id":"https:\/\/franciscanos.org.br\/noticias\/imagem-peregrina-de-nossa-senhora-aparecida-e-festa-das-chagas.html#breadcrumb","itemListElement":[{"@type":"ListItem","position":1,"name":"Home","item":"https:\/\/franciscanos.org.br\/noticias"},{"@type":"ListItem","position":2,"name":"Imagem peregrina de Nossa Senhora Aparecida e festa das Chagas"}]},{"@type":"Person","@id":"https:\/\/franciscanos.org.br\/noticias\/#\/schema\/person\/b38fbf43118f02820bd932f2e4b14ad3","name":"admin","image":{"@type":"ImageObject","inLanguage":"pt-BR","@id":"https:\/\/franciscanos.org.br\/noticias\/#\/schema\/person\/image\/","url":"https:\/\/secure.gravatar.com\/avatar\/e8495742d34d0ba6448ea1c628263b3e?s=96&d=mm&r=g","contentUrl":"https:\/\/secure.gravatar.com\/avatar\/e8495742d34d0ba6448ea1c628263b3e?s=96&d=mm&r=g","caption":"admin"},"url":"https:\/\/franciscanos.org.br\/noticias\/author\/admin"}]}},"_links":{"self":[{"href":"https:\/\/franciscanos.org.br\/noticias\/wp-json\/wp\/v2\/posts\/141494"}],"collection":[{"href":"https:\/\/franciscanos.org.br\/noticias\/wp-json\/wp\/v2\/posts"}],"about":[{"href":"https:\/\/franciscanos.org.br\/noticias\/wp-json\/wp\/v2\/types\/post"}],"author":[{"embeddable":true,"href":"https:\/\/franciscanos.org.br\/noticias\/wp-json\/wp\/v2\/users\/1"}],"replies":[{"embeddable":true,"href":"https:\/\/franciscanos.org.br\/noticias\/wp-json\/wp\/v2\/comments?post=141494"}],"version-history":[{"count":0,"href":"https:\/\/franciscanos.org.br\/noticias\/wp-json\/wp\/v2\/posts\/141494\/revisions"}],"wp:featuredmedia":[{"embeddable":true,"href":"https:\/\/franciscanos.org.br\/noticias\/wp-json\/wp\/v2\/media\/203013"}],"wp:attachment":[{"href":"https:\/\/franciscanos.org.br\/noticias\/wp-json\/wp\/v2\/media?parent=141494"}],"wp:term":[{"taxonomy":"category","embeddable":true,"href":"https:\/\/franciscanos.org.br\/noticias\/wp-json\/wp\/v2\/categories?post=141494"},{"taxonomy":"post_tag","embeddable":true,"href":"https:\/\/franciscanos.org.br\/noticias\/wp-json\/wp\/v2\/tags?post=141494"}],"curies":[{"name":"wp","href":"https:\/\/api.w.org\/{rel}","templated":true}]}}