{"id":141430,"date":"2017-09-19T07:27:18","date_gmt":"2017-09-19T10:27:18","guid":{"rendered":"http:\/\/franciscanos.org.br\/?p=141430"},"modified":"2020-06-08T17:25:36","modified_gmt":"2020-06-08T20:25:36","slug":"eu-sou-capaz-de-ter-compaixao","status":"publish","type":"post","link":"https:\/\/franciscanos.org.br\/noticias\/eu-sou-capaz-de-ter-compaixao.html","title":{"rendered":"Papa: \u201cEu sou capaz de ter compaix\u00e3o?&#8221;"},"content":{"rendered":"<p><img loading=\"lazy\" src=\"http:\/\/franciscanos.org.br\/wp-content\/uploads\/2017\/09\/papa_190917.jpg\" alt=\"papa_190917\" width=\"820\" height=\"487\" \/><\/p>\n<p><strong>Cidade do Vaticano<\/strong> &#8211; \u201cCompaix\u00e3o\u201d, \u201caproximar-se\u201d e \u201crestituir\u201d. Na Missa matutina na Casa Santa Marta (19\/09), o Papa Francisco pediu ao Senhor que nos d\u00ea a \u201cgra\u00e7a\u201d de sentir compaix\u00e3o \u201cdiante de tanta gente que sofre\u201d, de nos aproximar e levar essas pessoas \u201cpela m\u00e3o\u201d at\u00e9 a \u201cdignidade que Deus deu para elas\u201d.<\/p>\n<p>Inspirando-se no Evangelho do dia de Lucas, dedicado \u00e0 narra\u00e7\u00e3o da ressurrei\u00e7\u00e3o do filho da vi\u00fava de Naim por obra de Jesus, o Pont\u00edfice explicou que no Antigo Testamento os \u201cmais pobres dos escravos\u201d eram justamente as vi\u00favas, os \u00f3rf\u00e3os, os estrangeiros e os forasteiros. E o convite \u00e9 para cuidar deles, de modo que se insiram \u201cna sociedade\u201d. Jesus, que tem a capacidade de \u201colhar o detalhe\u201d, porque \u201colha com o cora\u00e7\u00e3o\u201d, tem compaix\u00e3o: \u201cA compaix\u00e3o \u00e9 um sentimento envolvente, \u00e9 um sentimento do cora\u00e7\u00e3o, das v\u00edsceras, envolve tudo. N\u00e3o \u00e9 o mesmo que a \u201cpena\u201d ou \u2026 \u201cque d\u00f3, pobre gente!\u201d: n\u00e3o, n\u00e3o \u00e9 a mesma coisa. A compaix\u00e3o envolve. \u00c9 \u201cpadecer com\u201d. Isso \u00e9 a compaix\u00e3o. O Senhor se envolve com uma vi\u00fava e com um \u00f3rf\u00e3o&#8230;. Mas diga, h\u00e1 uma multid\u00e3o aqui, por que n\u00e3o fala para a multid\u00e3o? Deixe \u2026 a vida \u00e9 assim \u2026 s\u00e3o trag\u00e9dias que acontecem, acontecem&#8230;. N\u00e3o. Para Ele, era mais importante aquela vi\u00fava e aquele \u00f3rf\u00e3o morto do que a multid\u00e3o para a qual Ele estava falando e que o seguia. Por qu\u00ea? Porque o seu cora\u00e7\u00e3o, as suas v\u00edsceras se envolveram. O Senhor, com a sua compaix\u00e3o, se envolveu neste caso. Teve compaix\u00e3o\u201d.<\/p>\n<p>A compaix\u00e3o, portanto, impulsiona \u201ca aproximar-se\u201d, observou o Papa: podem-se ver muitas coisas, mas n\u00e3o se aproximar delas: \u201cAproximar-se e tocar a realidade. N\u00e3o olh\u00e1-la de longe. Teve compaix\u00e3o \u2013 primeira palavra \u2013 se aproximou \u2013 segunda palavra. Depois fez o milagre e Jesus n\u00e3o disse: \u2018At\u00e9 logo, eu continuo o caminho\u2019: n\u00e3o. Pegou o rapaz e o que fez? \u2018O devolveu para sua m\u00e3e\u2019: devolver, a terceira palavra. Jesus faz milagres para restituir, para colocar as pessoas no pr\u00f3prio lugar. E foi o que fez com a reden\u00e7\u00e3o. Teve compaix\u00e3o \u2013 Deus teve compaix\u00e3o \u2013 se aproximou de n\u00f3s no seu Filho, e restituiu a todos n\u00f3s a dignidade de filhos de Deus. Ele recriou todos n\u00f3s\u201d.<\/p>\n<p>A exorta\u00e7\u00e3o \u00e9 a \u201cfazer o mesmo\u201d, seguir o exemplo de Cristo, aproximar-se dos necessitados, n\u00e3o ajud\u00e1-los \u201cde longe, porque h\u00e1 aqueles que est\u00e3o sujos\u201d, n\u00e3o tomam banho\u201d, \u201ct\u00eam mau cheiro\u201d.<\/p>\n<p>\u201cMuitas vezes vemos os jornais ou a primeira p\u00e1gina dos jornais, as trag\u00e9dias&#8230; mas olhe, as crian\u00e7as naquele pa\u00eds n\u00e3o t\u00eam o que comer; naquele pa\u00eds, as crian\u00e7as s\u00e3o soldados; naquele pa\u00eds as mulheres s\u00e3o escravizadas; naquele pa\u00eds &#8230; oh, que calamidade! Pobre gente &#8230; Viro a p\u00e1gina e passo ao romance, para a telenovela que vem depois. E isso n\u00e3o \u00e9 crist\u00e3o. E a pergunta que eu faria agora, olhando para todos, tamb\u00e9m para mim: \u201cEu sou capaz de ter compaix\u00e3o? De rezar? Quando eu vejo essas coisas, que me trazem a casa, atrav\u00e9s da m\u00eddia &#8230; as v\u00edsceras se movem? O cora\u00e7\u00e3o sofre com essas pessoas, ou sinto pena, digo \u201cpobre gente\u201d, e assim &#8230; \u201cE se voc\u00ea n\u00e3o pode ter compaix\u00e3o, pe\u00e7a a gra\u00e7a: \u2018Senhor, d\u00e1-me a gra\u00e7a da compaix\u00e3o\u2019\u201d!<\/p>\n<p>Com a \u201cora\u00e7\u00e3o de intercess\u00e3o\u201d, com o nosso \u201ctrabalho\u201d de crist\u00e3os &#8211; devemos ser capazes de ajudar as pessoas que sofrem, para que \u201cretornem \u00e0 sociedade\u201d, \u00e0 \u201cvida familiar\u201d, de trabalho; em s\u00edntese: \u00e0 \u201cvida cotidiana\u201d.<\/p>\n<hr \/>\n<p><em>Fonte: R\u00e1dio Vaticano<\/em><\/p>\n","protected":false},"excerpt":{"rendered":"<p>Missa em Santa Marta<\/p>\n","protected":false},"author":1,"featured_media":203009,"comment_status":"open","ping_status":"open","sticky":false,"template":"","format":"standard","meta":[],"categories":[1428],"tags":[1586],"acf":[],"yoast_head":"<!-- This site is optimized with the Yoast SEO plugin v19.2 - https:\/\/yoast.com\/wordpress\/plugins\/seo\/ -->\n<title>Papa: \u201cEu sou capaz de ter compaix\u00e3o?&quot; - Not\u00edcias - Franciscanos<\/title>\n<meta name=\"robots\" content=\"index, follow, max-snippet:-1, max-image-preview:large, max-video-preview:-1\" \/>\n<link rel=\"canonical\" href=\"https:\/\/franciscanos.org.br\/noticias\/eu-sou-capaz-de-ter-compaixao.html\" \/>\n<meta property=\"og:locale\" content=\"pt_BR\" \/>\n<meta property=\"og:type\" content=\"article\" \/>\n<meta property=\"og:title\" content=\"Papa: \u201cEu sou capaz de ter compaix\u00e3o?&quot; - Not\u00edcias - Franciscanos\" \/>\n<meta property=\"og:description\" content=\"Missa em Santa Marta\" \/>\n<meta property=\"og:url\" content=\"https:\/\/franciscanos.org.br\/noticias\/eu-sou-capaz-de-ter-compaixao.html\" \/>\n<meta property=\"og:site_name\" content=\"Not\u00edcias - Franciscanos\" \/>\n<meta property=\"article:published_time\" content=\"2017-09-19T10:27:18+00:00\" \/>\n<meta property=\"article:modified_time\" content=\"2020-06-08T20:25:36+00:00\" \/>\n<meta property=\"og:image\" content=\"https:\/\/franciscanos.org.br\/noticias\/wp-content\/uploads\/2017\/09\/papa_190917.jpg\" \/>\n\t<meta property=\"og:image:width\" content=\"273\" \/>\n\t<meta property=\"og:image:height\" content=\"181\" \/>\n\t<meta property=\"og:image:type\" content=\"image\/jpeg\" \/>\n<meta name=\"author\" content=\"admin\" \/>\n<meta name=\"twitter:card\" content=\"summary_large_image\" \/>\n<meta name=\"twitter:label1\" content=\"Escrito por\" \/>\n\t<meta name=\"twitter:data1\" content=\"admin\" \/>\n\t<meta name=\"twitter:label2\" content=\"Est. tempo de leitura\" \/>\n\t<meta name=\"twitter:data2\" content=\"3 minutos\" \/>\n<script type=\"application\/ld+json\" class=\"yoast-schema-graph\">{\"@context\":\"https:\/\/schema.org\",\"@graph\":[{\"@type\":\"WebSite\",\"@id\":\"https:\/\/franciscanos.org.br\/noticias\/#website\",\"url\":\"https:\/\/franciscanos.org.br\/noticias\/\",\"name\":\"Not\u00edcias - Franciscanos\",\"description\":\"Prov\u00edncia Franciscana da Imaculada Concei\u00e7\u00e3o do Brasil - Ordem dos Frades Menores - OFM\",\"potentialAction\":[{\"@type\":\"SearchAction\",\"target\":{\"@type\":\"EntryPoint\",\"urlTemplate\":\"https:\/\/franciscanos.org.br\/noticias\/?s={search_term_string}\"},\"query-input\":\"required name=search_term_string\"}],\"inLanguage\":\"pt-BR\"},{\"@type\":\"ImageObject\",\"inLanguage\":\"pt-BR\",\"@id\":\"https:\/\/franciscanos.org.br\/noticias\/eu-sou-capaz-de-ter-compaixao.html#primaryimage\",\"url\":\"https:\/\/franciscanos.org.br\/noticias\/wp-content\/uploads\/2017\/09\/papa_190917.jpg\",\"contentUrl\":\"https:\/\/franciscanos.org.br\/noticias\/wp-content\/uploads\/2017\/09\/papa_190917.jpg\",\"width\":273,\"height\":181},{\"@type\":\"WebPage\",\"@id\":\"https:\/\/franciscanos.org.br\/noticias\/eu-sou-capaz-de-ter-compaixao.html#webpage\",\"url\":\"https:\/\/franciscanos.org.br\/noticias\/eu-sou-capaz-de-ter-compaixao.html\",\"name\":\"Papa: \u201cEu sou capaz de ter compaix\u00e3o?\\\" - Not\u00edcias - Franciscanos\",\"isPartOf\":{\"@id\":\"https:\/\/franciscanos.org.br\/noticias\/#website\"},\"primaryImageOfPage\":{\"@id\":\"https:\/\/franciscanos.org.br\/noticias\/eu-sou-capaz-de-ter-compaixao.html#primaryimage\"},\"datePublished\":\"2017-09-19T10:27:18+00:00\",\"dateModified\":\"2020-06-08T20:25:36+00:00\",\"author\":{\"@id\":\"https:\/\/franciscanos.org.br\/noticias\/#\/schema\/person\/b38fbf43118f02820bd932f2e4b14ad3\"},\"breadcrumb\":{\"@id\":\"https:\/\/franciscanos.org.br\/noticias\/eu-sou-capaz-de-ter-compaixao.html#breadcrumb\"},\"inLanguage\":\"pt-BR\",\"potentialAction\":[{\"@type\":\"ReadAction\",\"target\":[\"https:\/\/franciscanos.org.br\/noticias\/eu-sou-capaz-de-ter-compaixao.html\"]}]},{\"@type\":\"BreadcrumbList\",\"@id\":\"https:\/\/franciscanos.org.br\/noticias\/eu-sou-capaz-de-ter-compaixao.html#breadcrumb\",\"itemListElement\":[{\"@type\":\"ListItem\",\"position\":1,\"name\":\"Home\",\"item\":\"https:\/\/franciscanos.org.br\/noticias\"},{\"@type\":\"ListItem\",\"position\":2,\"name\":\"Papa: \u201cEu sou capaz de ter compaix\u00e3o?&#8221;\"}]},{\"@type\":\"Person\",\"@id\":\"https:\/\/franciscanos.org.br\/noticias\/#\/schema\/person\/b38fbf43118f02820bd932f2e4b14ad3\",\"name\":\"admin\",\"image\":{\"@type\":\"ImageObject\",\"inLanguage\":\"pt-BR\",\"@id\":\"https:\/\/franciscanos.org.br\/noticias\/#\/schema\/person\/image\/\",\"url\":\"https:\/\/secure.gravatar.com\/avatar\/e8495742d34d0ba6448ea1c628263b3e?s=96&d=mm&r=g\",\"contentUrl\":\"https:\/\/secure.gravatar.com\/avatar\/e8495742d34d0ba6448ea1c628263b3e?s=96&d=mm&r=g\",\"caption\":\"admin\"},\"url\":\"https:\/\/franciscanos.org.br\/noticias\/author\/admin\"}]}<\/script>\n<!-- \/ Yoast SEO plugin. -->","yoast_head_json":{"title":"Papa: \u201cEu sou capaz de ter compaix\u00e3o?\" - Not\u00edcias - Franciscanos","robots":{"index":"index","follow":"follow","max-snippet":"max-snippet:-1","max-image-preview":"max-image-preview:large","max-video-preview":"max-video-preview:-1"},"canonical":"https:\/\/franciscanos.org.br\/noticias\/eu-sou-capaz-de-ter-compaixao.html","og_locale":"pt_BR","og_type":"article","og_title":"Papa: \u201cEu sou capaz de ter compaix\u00e3o?\" - Not\u00edcias - Franciscanos","og_description":"Missa em Santa Marta","og_url":"https:\/\/franciscanos.org.br\/noticias\/eu-sou-capaz-de-ter-compaixao.html","og_site_name":"Not\u00edcias - Franciscanos","article_published_time":"2017-09-19T10:27:18+00:00","article_modified_time":"2020-06-08T20:25:36+00:00","og_image":[{"width":273,"height":181,"url":"https:\/\/franciscanos.org.br\/noticias\/wp-content\/uploads\/2017\/09\/papa_190917.jpg","type":"image\/jpeg"}],"author":"admin","twitter_card":"summary_large_image","twitter_misc":{"Escrito por":"admin","Est. tempo de leitura":"3 minutos"},"schema":{"@context":"https:\/\/schema.org","@graph":[{"@type":"WebSite","@id":"https:\/\/franciscanos.org.br\/noticias\/#website","url":"https:\/\/franciscanos.org.br\/noticias\/","name":"Not\u00edcias - Franciscanos","description":"Prov\u00edncia Franciscana da Imaculada Concei\u00e7\u00e3o do Brasil - Ordem dos Frades Menores - OFM","potentialAction":[{"@type":"SearchAction","target":{"@type":"EntryPoint","urlTemplate":"https:\/\/franciscanos.org.br\/noticias\/?s={search_term_string}"},"query-input":"required name=search_term_string"}],"inLanguage":"pt-BR"},{"@type":"ImageObject","inLanguage":"pt-BR","@id":"https:\/\/franciscanos.org.br\/noticias\/eu-sou-capaz-de-ter-compaixao.html#primaryimage","url":"https:\/\/franciscanos.org.br\/noticias\/wp-content\/uploads\/2017\/09\/papa_190917.jpg","contentUrl":"https:\/\/franciscanos.org.br\/noticias\/wp-content\/uploads\/2017\/09\/papa_190917.jpg","width":273,"height":181},{"@type":"WebPage","@id":"https:\/\/franciscanos.org.br\/noticias\/eu-sou-capaz-de-ter-compaixao.html#webpage","url":"https:\/\/franciscanos.org.br\/noticias\/eu-sou-capaz-de-ter-compaixao.html","name":"Papa: \u201cEu sou capaz de ter compaix\u00e3o?\" - Not\u00edcias - Franciscanos","isPartOf":{"@id":"https:\/\/franciscanos.org.br\/noticias\/#website"},"primaryImageOfPage":{"@id":"https:\/\/franciscanos.org.br\/noticias\/eu-sou-capaz-de-ter-compaixao.html#primaryimage"},"datePublished":"2017-09-19T10:27:18+00:00","dateModified":"2020-06-08T20:25:36+00:00","author":{"@id":"https:\/\/franciscanos.org.br\/noticias\/#\/schema\/person\/b38fbf43118f02820bd932f2e4b14ad3"},"breadcrumb":{"@id":"https:\/\/franciscanos.org.br\/noticias\/eu-sou-capaz-de-ter-compaixao.html#breadcrumb"},"inLanguage":"pt-BR","potentialAction":[{"@type":"ReadAction","target":["https:\/\/franciscanos.org.br\/noticias\/eu-sou-capaz-de-ter-compaixao.html"]}]},{"@type":"BreadcrumbList","@id":"https:\/\/franciscanos.org.br\/noticias\/eu-sou-capaz-de-ter-compaixao.html#breadcrumb","itemListElement":[{"@type":"ListItem","position":1,"name":"Home","item":"https:\/\/franciscanos.org.br\/noticias"},{"@type":"ListItem","position":2,"name":"Papa: \u201cEu sou capaz de ter compaix\u00e3o?&#8221;"}]},{"@type":"Person","@id":"https:\/\/franciscanos.org.br\/noticias\/#\/schema\/person\/b38fbf43118f02820bd932f2e4b14ad3","name":"admin","image":{"@type":"ImageObject","inLanguage":"pt-BR","@id":"https:\/\/franciscanos.org.br\/noticias\/#\/schema\/person\/image\/","url":"https:\/\/secure.gravatar.com\/avatar\/e8495742d34d0ba6448ea1c628263b3e?s=96&d=mm&r=g","contentUrl":"https:\/\/secure.gravatar.com\/avatar\/e8495742d34d0ba6448ea1c628263b3e?s=96&d=mm&r=g","caption":"admin"},"url":"https:\/\/franciscanos.org.br\/noticias\/author\/admin"}]}},"_links":{"self":[{"href":"https:\/\/franciscanos.org.br\/noticias\/wp-json\/wp\/v2\/posts\/141430"}],"collection":[{"href":"https:\/\/franciscanos.org.br\/noticias\/wp-json\/wp\/v2\/posts"}],"about":[{"href":"https:\/\/franciscanos.org.br\/noticias\/wp-json\/wp\/v2\/types\/post"}],"author":[{"embeddable":true,"href":"https:\/\/franciscanos.org.br\/noticias\/wp-json\/wp\/v2\/users\/1"}],"replies":[{"embeddable":true,"href":"https:\/\/franciscanos.org.br\/noticias\/wp-json\/wp\/v2\/comments?post=141430"}],"version-history":[{"count":1,"href":"https:\/\/franciscanos.org.br\/noticias\/wp-json\/wp\/v2\/posts\/141430\/revisions"}],"predecessor-version":[{"id":225248,"href":"https:\/\/franciscanos.org.br\/noticias\/wp-json\/wp\/v2\/posts\/141430\/revisions\/225248"}],"wp:featuredmedia":[{"embeddable":true,"href":"https:\/\/franciscanos.org.br\/noticias\/wp-json\/wp\/v2\/media\/203009"}],"wp:attachment":[{"href":"https:\/\/franciscanos.org.br\/noticias\/wp-json\/wp\/v2\/media?parent=141430"}],"wp:term":[{"taxonomy":"category","embeddable":true,"href":"https:\/\/franciscanos.org.br\/noticias\/wp-json\/wp\/v2\/categories?post=141430"},{"taxonomy":"post_tag","embeddable":true,"href":"https:\/\/franciscanos.org.br\/noticias\/wp-json\/wp\/v2\/tags?post=141430"}],"curies":[{"name":"wp","href":"https:\/\/api.w.org\/{rel}","templated":true}]}}