{"id":141374,"date":"2017-09-18T09:54:46","date_gmt":"2017-09-18T12:54:46","guid":{"rendered":"http:\/\/franciscanos.org.br\/?p=141374"},"modified":"2020-06-08T17:26:29","modified_gmt":"2020-06-08T20:26:29","slug":"papa-rezem-pelos-governantes-nao-obstante-os-seus-erros","status":"publish","type":"post","link":"https:\/\/franciscanos.org.br\/noticias\/papa-rezem-pelos-governantes-nao-obstante-os-seus-erros.html","title":{"rendered":"Rezem pelos governantes n\u00e3o obstante seus erros"},"content":{"rendered":"<p><img loading=\"lazy\" src=\"http:\/\/franciscanos.org.br\/wp-content\/uploads\/2017\/09\/marta_180917g.jpg\" alt=\"marta_180917g\" width=\"830\" height=\"401\" \/><br \/>\n<strong>Cidade do Vaticano<\/strong> &#8211; O Papa Francisco celebrou a missa na Capela da Casa Santa Marta, nesta segunda-feira (18\/09), e em sua homilia pediu aos crist\u00e3os para rezarem pelos seus governantes, n\u00e3o obstante as coisas m\u00e1s que fazem.\u00a0O Pont\u00edfice pediu tamb\u00e9m aos governantes para rezar, caso contr\u00e1rio, correm o risco de fecharem-se no pr\u00f3prio grupo. O governante que tem a consci\u00eancia de ser subalterno ao povo e a Deus, reza.<\/p>\n<p>A reflex\u00e3o de Francisco parte da Primeira Leitura de hoje e do Evangelho. Na primeira leitura, S\u00e3o Paulo aconselha a Tim\u00f3teo a rezar pelos governantes. No Evangelho, h\u00e1 um governante que reza: \u00e9 o oficial romano que tinha um empregado que estava doente. Amava o povo, n\u00e3o obstante fosse estrangeiro, e amava o empregado, pois, de fato, se preocupava.<\/p>\n<p>\u201cEste homem sentiu a necessidade de rezar\u201d, disse o Papa. N\u00e3o somente porque amava, mas tamb\u00e9m porque \u201ctinha a consci\u00eancia de n\u00e3o ser o patr\u00e3o de tudo, de n\u00e3o ser a \u00faltima inst\u00e2ncia\u201d. Sabia que acima dele, h\u00e1 outro que comanda. Havia subalternos, soldados, mas ele tamb\u00e9m estava na condi\u00e7\u00e3o de subordinado. E isso o levou a rezar.<\/p>\n<p>\u201cO governante que tem essa consci\u00eancia, reza. Se n\u00e3o reza, fecha-se na pr\u00f3pria \u201cautorreferencialidade\u201d ou na de seu partido, naquele c\u00edrculo do qual n\u00e3o se sai. \u00c9 um homem fechado em si mesmo. Por\u00e9m, quando v\u00ea os problemas verdadeiros, tem a consci\u00eancia de ser subalterno, que existe outro que tem mais poder que ele. Quem tem mais poder do que o governante? O povo, que lhe deu o poder, e Deus, do qual vem o poder atrav\u00e9s do povo. Quando um governante tem a consci\u00eancia de ser subordinado, reza.\u201d<\/p>\n<p>O Papa Francisco ressaltou a import\u00e2ncia da ora\u00e7\u00e3o do governante, \u201cporque \u00e9 a ora\u00e7\u00e3o para o bem comum do povo que lhe foi confiado\u201d.<\/p>\n<p>Recordou, a esse prop\u00f3sito, a conversa com um governante que todos os dias passava duas horas em sil\u00eancio diante de Deus, n\u00e3o obstante tivesse muitos afazeres. \u00c9 preciso pedir a Deus a gra\u00e7a de governar bem como Salom\u00e3o que n\u00e3o pediu a Deus ouro ou riquezas, mas sabedoria para governar.<\/p>\n<p>Os governantes, diz Francisco, devem pedir ao Senhor essa sabedoria. \u201c\u00c9 t\u00e3o importante que os governantes rezem\u201d &#8211; reitera &#8211; pedindo ao Senhor que n\u00e3o cancele a \u201cconsci\u00eancia de ser subalterno\u201d a Deus e do povo: \u201cque a minha for\u00e7a esteja ali e n\u00e3o no pequeno grupo ou em mim\u201d.<\/p>\n<p>E a quem poderia se opor dizendo ser agn\u00f3stico ou ateu, o Papa diz: \u201cSe voc\u00ea n\u00e3o pode rezar, confronte-se\u201d, \u201ccom a sua consci\u00eancia\u201d, com \u201cos s\u00e1bios do seu povo\u201d, mas \u201cn\u00e3o fique sozinho com o pequeno grupo do seu partido\u201d, ressalta. \u201cIsto &#8211; reitera &#8211; \u00e9 ser auto-referencial\u201d.<\/p>\n<p>Na primeira leitura, Paulo convida a rezar pelos reis, \u201cpara que &#8211; afirma &#8211; possamos levar uma vida calma, pac\u00edfica, digna e dedicada a Deus\u201d. Francisco observa que, no entanto, quando um governante faz algo que n\u00e3o gostamos, ele \u00e9 criticado ou, de outra forma, louvado. \u00c9 deixado sozinho com o seu partido, com o Parlamento\u201d:\u00a0\u201c\u2019N\u00e3o, eu o votei \u2013 eu o votei&#8217; &#8211; &#8216;Eu n\u00e3o o votei, problema seu\u2019. N\u00e3o, n\u00e3o podemos deixar os governantes sozinhos: devemos acompanh\u00e1-los com a ora\u00e7\u00e3o. Os crist\u00e3os devem rezar pelos governantes. \u201cMas, Padre, como vou rezar por ele que faz tantas coisas ruins?\u201d. Ele precisa mais do que nunca da ora\u00e7\u00e3o. Reze, fa\u00e7a penit\u00eancia pelo governante. A ora\u00e7\u00e3o de intercess\u00e3o \u2013 isso \u00e9 t\u00e3o bonito que Paulo diz &#8211; \u00e9 para todos os reis, para todos aqueles que est\u00e3o no poder. Por qu\u00ea? \u201cPorque podemos levar uma vida calma e tranquila\u201d. Quando o governante \u00e9 livre e pode governar em paz, todo o povo ir\u00e1 se beneficiar disso\u201d.<\/p>\n<p>E o Papa conclui pedindo que se fa\u00e7a um exame de consci\u00eancia sobre a ora\u00e7\u00e3o pelos governantes:\u00a0\u201cPe\u00e7o-lhes um favor: cada um de voc\u00eas pegue hoje cinco minutos, n\u00e3o mais. Se voc\u00ea \u00e9 um governante, se pergunte: \u201cEu rezo por aquele que me deu o poder atrav\u00e9s do povo?\u201d Se n\u00e3o \u00e9 um governante, \u201crezo pelos governantes? Sim, por esse e por aquele sim, porque gosto deles; por aqueles outros, n\u00e3o\u201d. Esses t\u00eam mais necessidade do que os outros! \u201cRezo por todos os governantes?\u201d E se voc\u00ea perceber, quando faz exame de consci\u00eancia para se confessar, que n\u00e3o reza pelos governantes, leve isso \u00e0 confiss\u00e3o. Porque n\u00e3o rezar pelos governantes \u00e9 um pecado\u201d.<\/p>\n<hr \/>\n<p><em>Fonte: Vatican News<\/em><\/p>\n","protected":false},"excerpt":{"rendered":"<p>Missa em Santa Marta<\/p>\n","protected":false},"author":1,"featured_media":202976,"comment_status":"open","ping_status":"open","sticky":false,"template":"","format":"standard","meta":[],"categories":[1428],"tags":[1586],"acf":[],"yoast_head":"<!-- This site is optimized with the Yoast SEO plugin v19.2 - https:\/\/yoast.com\/wordpress\/plugins\/seo\/ -->\n<title>Rezem pelos governantes n\u00e3o obstante seus erros - Not\u00edcias - Franciscanos<\/title>\n<meta name=\"robots\" content=\"index, follow, max-snippet:-1, max-image-preview:large, max-video-preview:-1\" \/>\n<link rel=\"canonical\" href=\"https:\/\/franciscanos.org.br\/noticias\/papa-rezem-pelos-governantes-nao-obstante-os-seus-erros.html\" \/>\n<meta property=\"og:locale\" content=\"pt_BR\" \/>\n<meta property=\"og:type\" content=\"article\" \/>\n<meta property=\"og:title\" content=\"Rezem pelos governantes n\u00e3o obstante seus erros - Not\u00edcias - Franciscanos\" \/>\n<meta property=\"og:description\" content=\"Missa em Santa Marta\" \/>\n<meta property=\"og:url\" content=\"https:\/\/franciscanos.org.br\/noticias\/papa-rezem-pelos-governantes-nao-obstante-os-seus-erros.html\" \/>\n<meta property=\"og:site_name\" content=\"Not\u00edcias - Franciscanos\" \/>\n<meta property=\"article:published_time\" content=\"2017-09-18T12:54:46+00:00\" \/>\n<meta property=\"article:modified_time\" content=\"2020-06-08T20:26:29+00:00\" \/>\n<meta property=\"og:image\" content=\"https:\/\/franciscanos.org.br\/noticias\/wp-content\/uploads\/2017\/09\/marta_180917g.jpg\" \/>\n\t<meta property=\"og:image:width\" content=\"273\" \/>\n\t<meta property=\"og:image:height\" content=\"181\" \/>\n\t<meta property=\"og:image:type\" content=\"image\/jpeg\" \/>\n<meta name=\"author\" content=\"admin\" \/>\n<meta name=\"twitter:card\" content=\"summary_large_image\" \/>\n<meta name=\"twitter:label1\" content=\"Escrito por\" \/>\n\t<meta name=\"twitter:data1\" content=\"admin\" \/>\n\t<meta name=\"twitter:label2\" content=\"Est. tempo de leitura\" \/>\n\t<meta name=\"twitter:data2\" content=\"4 minutos\" \/>\n<script type=\"application\/ld+json\" class=\"yoast-schema-graph\">{\"@context\":\"https:\/\/schema.org\",\"@graph\":[{\"@type\":\"WebSite\",\"@id\":\"https:\/\/franciscanos.org.br\/noticias\/#website\",\"url\":\"https:\/\/franciscanos.org.br\/noticias\/\",\"name\":\"Not\u00edcias - Franciscanos\",\"description\":\"Prov\u00edncia Franciscana da Imaculada Concei\u00e7\u00e3o do Brasil - Ordem dos Frades Menores - OFM\",\"potentialAction\":[{\"@type\":\"SearchAction\",\"target\":{\"@type\":\"EntryPoint\",\"urlTemplate\":\"https:\/\/franciscanos.org.br\/noticias\/?s={search_term_string}\"},\"query-input\":\"required name=search_term_string\"}],\"inLanguage\":\"pt-BR\"},{\"@type\":\"ImageObject\",\"inLanguage\":\"pt-BR\",\"@id\":\"https:\/\/franciscanos.org.br\/noticias\/papa-rezem-pelos-governantes-nao-obstante-os-seus-erros.html#primaryimage\",\"url\":\"https:\/\/franciscanos.org.br\/noticias\/wp-content\/uploads\/2017\/09\/marta_180917g.jpg\",\"contentUrl\":\"https:\/\/franciscanos.org.br\/noticias\/wp-content\/uploads\/2017\/09\/marta_180917g.jpg\",\"width\":273,\"height\":181},{\"@type\":\"WebPage\",\"@id\":\"https:\/\/franciscanos.org.br\/noticias\/papa-rezem-pelos-governantes-nao-obstante-os-seus-erros.html#webpage\",\"url\":\"https:\/\/franciscanos.org.br\/noticias\/papa-rezem-pelos-governantes-nao-obstante-os-seus-erros.html\",\"name\":\"Rezem pelos governantes n\u00e3o obstante seus erros - Not\u00edcias - Franciscanos\",\"isPartOf\":{\"@id\":\"https:\/\/franciscanos.org.br\/noticias\/#website\"},\"primaryImageOfPage\":{\"@id\":\"https:\/\/franciscanos.org.br\/noticias\/papa-rezem-pelos-governantes-nao-obstante-os-seus-erros.html#primaryimage\"},\"datePublished\":\"2017-09-18T12:54:46+00:00\",\"dateModified\":\"2020-06-08T20:26:29+00:00\",\"author\":{\"@id\":\"https:\/\/franciscanos.org.br\/noticias\/#\/schema\/person\/b38fbf43118f02820bd932f2e4b14ad3\"},\"breadcrumb\":{\"@id\":\"https:\/\/franciscanos.org.br\/noticias\/papa-rezem-pelos-governantes-nao-obstante-os-seus-erros.html#breadcrumb\"},\"inLanguage\":\"pt-BR\",\"potentialAction\":[{\"@type\":\"ReadAction\",\"target\":[\"https:\/\/franciscanos.org.br\/noticias\/papa-rezem-pelos-governantes-nao-obstante-os-seus-erros.html\"]}]},{\"@type\":\"BreadcrumbList\",\"@id\":\"https:\/\/franciscanos.org.br\/noticias\/papa-rezem-pelos-governantes-nao-obstante-os-seus-erros.html#breadcrumb\",\"itemListElement\":[{\"@type\":\"ListItem\",\"position\":1,\"name\":\"Home\",\"item\":\"https:\/\/franciscanos.org.br\/noticias\"},{\"@type\":\"ListItem\",\"position\":2,\"name\":\"Rezem pelos governantes n\u00e3o obstante seus erros\"}]},{\"@type\":\"Person\",\"@id\":\"https:\/\/franciscanos.org.br\/noticias\/#\/schema\/person\/b38fbf43118f02820bd932f2e4b14ad3\",\"name\":\"admin\",\"image\":{\"@type\":\"ImageObject\",\"inLanguage\":\"pt-BR\",\"@id\":\"https:\/\/franciscanos.org.br\/noticias\/#\/schema\/person\/image\/\",\"url\":\"https:\/\/secure.gravatar.com\/avatar\/e8495742d34d0ba6448ea1c628263b3e?s=96&d=mm&r=g\",\"contentUrl\":\"https:\/\/secure.gravatar.com\/avatar\/e8495742d34d0ba6448ea1c628263b3e?s=96&d=mm&r=g\",\"caption\":\"admin\"},\"url\":\"https:\/\/franciscanos.org.br\/noticias\/author\/admin\"}]}<\/script>\n<!-- \/ Yoast SEO plugin. -->","yoast_head_json":{"title":"Rezem pelos governantes n\u00e3o obstante seus erros - Not\u00edcias - Franciscanos","robots":{"index":"index","follow":"follow","max-snippet":"max-snippet:-1","max-image-preview":"max-image-preview:large","max-video-preview":"max-video-preview:-1"},"canonical":"https:\/\/franciscanos.org.br\/noticias\/papa-rezem-pelos-governantes-nao-obstante-os-seus-erros.html","og_locale":"pt_BR","og_type":"article","og_title":"Rezem pelos governantes n\u00e3o obstante seus erros - Not\u00edcias - Franciscanos","og_description":"Missa em Santa Marta","og_url":"https:\/\/franciscanos.org.br\/noticias\/papa-rezem-pelos-governantes-nao-obstante-os-seus-erros.html","og_site_name":"Not\u00edcias - Franciscanos","article_published_time":"2017-09-18T12:54:46+00:00","article_modified_time":"2020-06-08T20:26:29+00:00","og_image":[{"width":273,"height":181,"url":"https:\/\/franciscanos.org.br\/noticias\/wp-content\/uploads\/2017\/09\/marta_180917g.jpg","type":"image\/jpeg"}],"author":"admin","twitter_card":"summary_large_image","twitter_misc":{"Escrito por":"admin","Est. tempo de leitura":"4 minutos"},"schema":{"@context":"https:\/\/schema.org","@graph":[{"@type":"WebSite","@id":"https:\/\/franciscanos.org.br\/noticias\/#website","url":"https:\/\/franciscanos.org.br\/noticias\/","name":"Not\u00edcias - Franciscanos","description":"Prov\u00edncia Franciscana da Imaculada Concei\u00e7\u00e3o do Brasil - Ordem dos Frades Menores - OFM","potentialAction":[{"@type":"SearchAction","target":{"@type":"EntryPoint","urlTemplate":"https:\/\/franciscanos.org.br\/noticias\/?s={search_term_string}"},"query-input":"required name=search_term_string"}],"inLanguage":"pt-BR"},{"@type":"ImageObject","inLanguage":"pt-BR","@id":"https:\/\/franciscanos.org.br\/noticias\/papa-rezem-pelos-governantes-nao-obstante-os-seus-erros.html#primaryimage","url":"https:\/\/franciscanos.org.br\/noticias\/wp-content\/uploads\/2017\/09\/marta_180917g.jpg","contentUrl":"https:\/\/franciscanos.org.br\/noticias\/wp-content\/uploads\/2017\/09\/marta_180917g.jpg","width":273,"height":181},{"@type":"WebPage","@id":"https:\/\/franciscanos.org.br\/noticias\/papa-rezem-pelos-governantes-nao-obstante-os-seus-erros.html#webpage","url":"https:\/\/franciscanos.org.br\/noticias\/papa-rezem-pelos-governantes-nao-obstante-os-seus-erros.html","name":"Rezem pelos governantes n\u00e3o obstante seus erros - Not\u00edcias - Franciscanos","isPartOf":{"@id":"https:\/\/franciscanos.org.br\/noticias\/#website"},"primaryImageOfPage":{"@id":"https:\/\/franciscanos.org.br\/noticias\/papa-rezem-pelos-governantes-nao-obstante-os-seus-erros.html#primaryimage"},"datePublished":"2017-09-18T12:54:46+00:00","dateModified":"2020-06-08T20:26:29+00:00","author":{"@id":"https:\/\/franciscanos.org.br\/noticias\/#\/schema\/person\/b38fbf43118f02820bd932f2e4b14ad3"},"breadcrumb":{"@id":"https:\/\/franciscanos.org.br\/noticias\/papa-rezem-pelos-governantes-nao-obstante-os-seus-erros.html#breadcrumb"},"inLanguage":"pt-BR","potentialAction":[{"@type":"ReadAction","target":["https:\/\/franciscanos.org.br\/noticias\/papa-rezem-pelos-governantes-nao-obstante-os-seus-erros.html"]}]},{"@type":"BreadcrumbList","@id":"https:\/\/franciscanos.org.br\/noticias\/papa-rezem-pelos-governantes-nao-obstante-os-seus-erros.html#breadcrumb","itemListElement":[{"@type":"ListItem","position":1,"name":"Home","item":"https:\/\/franciscanos.org.br\/noticias"},{"@type":"ListItem","position":2,"name":"Rezem pelos governantes n\u00e3o obstante seus erros"}]},{"@type":"Person","@id":"https:\/\/franciscanos.org.br\/noticias\/#\/schema\/person\/b38fbf43118f02820bd932f2e4b14ad3","name":"admin","image":{"@type":"ImageObject","inLanguage":"pt-BR","@id":"https:\/\/franciscanos.org.br\/noticias\/#\/schema\/person\/image\/","url":"https:\/\/secure.gravatar.com\/avatar\/e8495742d34d0ba6448ea1c628263b3e?s=96&d=mm&r=g","contentUrl":"https:\/\/secure.gravatar.com\/avatar\/e8495742d34d0ba6448ea1c628263b3e?s=96&d=mm&r=g","caption":"admin"},"url":"https:\/\/franciscanos.org.br\/noticias\/author\/admin"}]}},"_links":{"self":[{"href":"https:\/\/franciscanos.org.br\/noticias\/wp-json\/wp\/v2\/posts\/141374"}],"collection":[{"href":"https:\/\/franciscanos.org.br\/noticias\/wp-json\/wp\/v2\/posts"}],"about":[{"href":"https:\/\/franciscanos.org.br\/noticias\/wp-json\/wp\/v2\/types\/post"}],"author":[{"embeddable":true,"href":"https:\/\/franciscanos.org.br\/noticias\/wp-json\/wp\/v2\/users\/1"}],"replies":[{"embeddable":true,"href":"https:\/\/franciscanos.org.br\/noticias\/wp-json\/wp\/v2\/comments?post=141374"}],"version-history":[{"count":1,"href":"https:\/\/franciscanos.org.br\/noticias\/wp-json\/wp\/v2\/posts\/141374\/revisions"}],"predecessor-version":[{"id":225249,"href":"https:\/\/franciscanos.org.br\/noticias\/wp-json\/wp\/v2\/posts\/141374\/revisions\/225249"}],"wp:featuredmedia":[{"embeddable":true,"href":"https:\/\/franciscanos.org.br\/noticias\/wp-json\/wp\/v2\/media\/202976"}],"wp:attachment":[{"href":"https:\/\/franciscanos.org.br\/noticias\/wp-json\/wp\/v2\/media?parent=141374"}],"wp:term":[{"taxonomy":"category","embeddable":true,"href":"https:\/\/franciscanos.org.br\/noticias\/wp-json\/wp\/v2\/categories?post=141374"},{"taxonomy":"post_tag","embeddable":true,"href":"https:\/\/franciscanos.org.br\/noticias\/wp-json\/wp\/v2\/tags?post=141374"}],"curies":[{"name":"wp","href":"https:\/\/api.w.org\/{rel}","templated":true}]}}