{"id":141367,"date":"2017-09-30T10:58:57","date_gmt":"2017-09-30T13:58:57","guid":{"rendered":"http:\/\/franciscanos.org.br\/?p=141367"},"modified":"2023-01-10T09:54:54","modified_gmt":"2023-01-10T12:54:54","slug":"frei-alan-sera-ordenado-presbitero-domingo","status":"publish","type":"post","link":"https:\/\/franciscanos.org.br\/noticias\/frei-alan-sera-ordenado-presbitero-domingo.html","title":{"rendered":"Frei Alan Maia ser\u00e1 ordenado presb\u00edtero"},"content":{"rendered":"<p><img loading=\"lazy\" src=\"https:\/\/franciscanos.org.br\/noticias\/wp-content\/uploads\/2017\/09\/freialan_180917-8302-1.jpg\" alt=\"\" width=\"830\" height=\"445\" \/><\/p>\n<p><em>O carioca Frei Alan Maia de Fran\u00e7a Victor ser\u00e1 ordenado presb\u00edtero por Dom Orani Jo\u00e3o Tempesta no dia 30 de setembro, \u00e0s 17 horas, na Par\u00f3quia S\u00e3o Judas Tadeu, em Bangu, Rio de Janeiro. Nesta mesma Par\u00f3quia, no dia 1\u00ba de outubro, \u00e0s 9h30, ele vai celebrar a Primeira Missa, e ter\u00e1 como pregador Frei Alexandre Magno da Silva. \u00c0s 18 horas, ele celebrar\u00e1 na Par\u00f3quia Nossa Senhora da Boa Viagem, onde reside. Seu lema \u00e9: \u201cO Esp\u00edrito do Senhor est\u00e1 sobre mim, porque Ele me ungiu para anunciar a Boa-nova aos pobres\u201d.<\/em><\/p>\n<p><em>Natural do Rio de Janeiro, onde nasceu no dia 5 de fevereiro de 1980, no bairro de Bangu, Frei Alan \u00e9 filho de Marinaldo e Anita Maria de Fran\u00e7a Victor e irm\u00e3o de Aline, quatro anos mais nova. H\u00e1 onze anos, quando ainda trabalhava numa empresa particular de Banco de Sangue, decidiu buscar orienta\u00e7\u00e3o vocacional. \u201cSentia o desejo de servir \u00e0 Igreja de uma forma mais radical, participava ativamente da Par\u00f3quia S\u00e3o Judas Tadeu, onde fui coroinha por 7 anos, atuei como coordenador dos coroinhas por tr\u00eas anos, frequentei v\u00e1rias pastorais na Par\u00f3quia, era membro do conselho paroquial e do c\u00edrculo b\u00edblico de jovens. Participando das atividades da Par\u00f3quia, o p\u00e1roco sempre me incentivava a participar do grupo vocacional do Vicariato oeste da Arquidiocese do Rio de Janeiro, que tinha sua sede em Bangu. Era um padre muito bom que coordenava este grupo, com meninos e meninas, e direcionava para o semin\u00e1rio ou casa religiosa, conforme a busca pessoal de cada um\u201d, conta Frei Alan, at\u00e9 que, com ajuda da Internet, fez contato com a Prov\u00edncia da Imaculada e no dia 14 de fevereiro 2007 ingressava no Semin\u00e1rio de Ituporanga. No ano seguinte, fez o Postulantado. Depois de um ano de noviciado, professou temporariamente na Ordem dos Frades Menores no dia 3 de janeiro de 2010. Frei Alan cursou Filosofia em Rondinha e Teologia em Petr\u00f3polis, onde morou de 2013 a 2014 no Sagrado e, de 2015 a 2016, na Fraternidade Nossa Senhora de Guadalupe. Professou solenemente na Ordem dos Frades Menores no dia 6 de dezembro de 2014 e, ao concluir o Curso de Teologia, foi transferido no dia 22 de dezembro de 2016 para a sua atual resid\u00eancia: a Par\u00f3quia da Rocinha. Nesta entrevista, Frei Alan fala sobre este momento importante na sua vida religiosa.<\/em><\/p>\n<p>Acompanhe a entrevista ao <strong>site Franciscanos!<\/strong><\/p>\n<p><strong>Site Franciscanos<\/strong>\u00a0&#8211; <em>Como voc\u00ea define o minist\u00e9rio sacerdotal?<\/em><\/p>\n<p><strong>Frei Alan<\/strong> &#8211; Defino o minist\u00e9rio sacerdotal como sendo exercido por um homem que ensina em nome de Cristo. O sacerdote n\u00e3o fala \u201cde si\u201d, n\u00e3o fala \u201cpara si\u201d, mas prop\u00f5e a Verdade que \u00e9 o pr\u00f3prio Cristo, a sua Palavra, o seu modo de viver. Pela ordena\u00e7\u00e3o, o ministro ordenado n\u00e3o se pertence a si mesmo, mas a Cristo e \u00e0 Igreja. O sacerdote n\u00e3o ensina as suas pr\u00f3prias ideias, sua fun\u00e7\u00e3o \u00e9 agir em nome de Cristo. Jesus subiu a montanha e chamou os que ele quis (Mc 3,13). Essa \u00e9 a raz\u00e3o do chamado sacerdotal: o querer de Deus, totalmente independente das qualidades pessoais daquele que \u00e9 chamado. A voca\u00e7\u00e3o sacerdotal \u00e9, por isso, dom totalmente gratuito. Ningu\u00e9m tem \u201cdireito\u201d a receb\u00ea-la. O sacerd\u00f3cio \u00e9 assumido pelo frade menor como forma de servi\u00e7o \u00e0 Igreja.<\/p>\n<p>Chamado por um ato de amor a ser frade menor e a servi\u00e7o do minist\u00e9rio ordenado, na gratuidade, devo amar a Igreja como Cristo a amou, consagrando a ela todas as minhas energias e oferecendo quotidianamente a minha pr\u00f3pria vida.<\/p>\n<p>O sacerd\u00f3cio \u00e9 um dom. Escolhido entre homens e constitu\u00eddo em favor de todos, \u00e9 disc\u00edpulo servidor do povo de Deus. Na busca cont\u00ednua da santidade de vida e no encontro pessoal com o Cristo ressuscitado, como frade menor quero buscar e ter verdadeira paix\u00e3o pelo Reino, profunda compaix\u00e3o pelo pr\u00f3ximo, sobretudo os mais pobres e sofredores. No dia da ordena\u00e7\u00e3o presbiteral, o frade torna-se, na Igreja e para a Igreja, imagem real, viva e transparente de Cristo Sacerdote.<\/p>\n<p>O povo de Deus espera do padre que seja sinal da b\u00ean\u00e7\u00e3o de Deus, tornando presente a sua bondade no mundo atual. Que sejamos amigos na f\u00e9, anunciadores de Cristo. Como frade menor, ao exercer este minist\u00e9rio, vou procurar ser profundamente um homem de busca na ora\u00e7\u00e3o, encontrando na Palavra de Deus a fonte de minha fidelidade e espiritualidade franciscana, no servi\u00e7o e administra\u00e7\u00e3o dos sacramentos. Seguindo o exemplo de Maria, m\u00e3e de Jesus Cristo e nossa m\u00e3e, quero colocar-me sempre a servi\u00e7o dos irm\u00e3os e irm\u00e3s.<\/p>\n<p><strong>Site Franciscanos<\/strong><em>\u00a0&#8211; Quais as suas expectativas como presb\u00edtero na Igreja do Papa Francisco?<\/em><\/p>\n<p><strong>Frei Alan<\/strong> &#8211; Minhas expectativas s\u00e3o de ser um presb\u00edtero servidor, transmitir a beleza do encontro com Jesus Cristo, anunciar o Evangelho com alegria e esperan\u00e7a, estar no meio do povo a partir da nossa vida e espiritualidade franciscana, ser sinal de Deus entre os irm\u00e3os e irm\u00e3s, escutar com caridade o povo. O sacerdote \u00e9 aquele homem que est\u00e1 sempre a caminho e junto com o povo. Ser presb\u00edtero hoje \u00e9 doar a vida pelo Senhor e pelos irm\u00e3os.<\/p>\n<p>Nos dias atuais, o sacerdote deve ser um homem que conhece Jesus a partir de dentro, que se encontrou com ele e aprendeu a am\u00e1-lo. Quem coloca a sua vida a servi\u00e7o do Cristo sabe que \u00e9 sempre um que semeia, um outro que colhe.<\/p>\n<p>O Papa Francisco falando aos seminaristas (11\/12\/2016) descreveu o minist\u00e9rio de um presb\u00edtero atrav\u00e9s de uma tr\u00edplice perten\u00e7a: ao Senhor, \u00e0 Igreja, ao Reino. \u201cSomente se pertencermos a Cristo, \u00e0 Igreja e ao Reino podemos crescer, superando os obst\u00e1culos como a perigosa tenta\u00e7\u00e3o do narcisismo\u201d. Na realidade atual \u00e9 uma maneira prof\u00e9tica de ser Igreja no servi\u00e7o do minist\u00e9rio ordenado hoje. Ser homem de rela\u00e7\u00e3o com os outros, ser homem de rela\u00e7\u00e3o com Cristo, com todas as pessoas. Ir ao encontro dos exclu\u00eddos e marginalizados, experimentar a beleza da fraternidade, ser sinal do amor e da gra\u00e7a de Deus. Na alegria e consci\u00eancia de ter um tesouro incorrupt\u00edvel em um vaso de barro. Viver o minist\u00e9rio que pela imposi\u00e7\u00e3o das m\u00e3os do bispo vou receber a partir do lema que escolhi: O Esp\u00edrito do Senhor est\u00e1 sobre mim, porque Ele me ungiu para a Boa-nova aos pobres (Lc 4, 18a).<\/p>\n<p><strong>Site Franciscanos<\/strong><em>\u00a0&#8211; O que diria para um jovem que procura a vida religiosa franciscana?<\/em><\/p>\n<p><strong>Frei Alan<\/strong> &#8211; A voca\u00e7\u00e3o \u00e0 vida religiosa hoje exige que o vocacionado tenha o desejo de servir e dedicar sua vida como Jesus. Entrega total nas m\u00e3os de Deus. Amar a Igreja de todo o cora\u00e7\u00e3o como ela \u00e9. O frade menor \u00e9 aquele que assumiu viver o Evangelho de Cristo nas pegadas de S\u00e3o Francisco. A finalidade da vida religiosa franciscana \u00e9 a imita\u00e7\u00e3o de Jesus Cristo. Estamos vivendo hoje em uma \u00e9poca de grandes transforma\u00e7\u00f5es, o que nos leva a pensar que os desafios se multiplicam. \u00c9 preciso saber responder como S\u00e3o Francisco de Assis: \u201c\u00c9 isto que eu quero, \u00e9 isto que eu procuro, \u00e9 isto que eu desejo fazer do \u00edntimo do cora\u00e7\u00e3o\u201d (1 Cel 8,22). O objetivo da vida religiosa franciscana consiste na configura\u00e7\u00e3o com ao Senhor. Trata-se de um itiner\u00e1rio, uma busca de experi\u00eancia com Jesus Cristo e com os irm\u00e3os e irm\u00e3s, a exemplo de S\u00e3o Francisco e Santa Clara de Assis. Nosso pai Francisco tornou-se assim um mestre no seguimento de Jesus. Para os candidatos \u00e0 vida religiosa franciscana, digo que vale a pena viver este nosso modo de vida na minoridade, na fraternidade e a servi\u00e7o do Evangelho. \u201cA Regra e a vida dos Frades Menores \u00e9 esta: observar o santo Evangelho de nosso Senhor Jesus Cristo, vivendo em obedi\u00eancia, sem nada de pr\u00f3prio e em castidade.\u201d (RB 1,1). Venha ser um frade menor, a vida franciscana tem muito a oferecer ao mundo de hoje. Deus continua ainda a chamar os jovens. Ajudemos a \u201cvoz de Deus\u201d a tocar o cora\u00e7\u00e3o da juventude e acolhamos os que a conseguem escutar e procuram dizer sim!<\/p>\n<p><a href=\"http:\/\/franciscanos.org.br\/wp-content\/uploads\/2017\/09\/freialan_180917-convite.jpg\"><img loading=\"lazy\" src=\"http:\/\/franciscanos.org.br\/wp-content\/uploads\/2017\/09\/freialan_180917-convite.jpg\" alt=\"freialan_180917-convite\" width=\"830\" height=\"477\" \/><\/a><\/p>\n","protected":false},"excerpt":{"rendered":"<p>Ordena\u00e7\u00e3o presbiteral<\/p>\n","protected":false},"author":1,"featured_media":201891,"comment_status":"open","ping_status":"open","sticky":false,"template":"","format":"standard","meta":[],"categories":[1],"tags":[1251,157],"acf":[],"yoast_head":"<!-- This site is optimized with the Yoast SEO plugin v19.2 - https:\/\/yoast.com\/wordpress\/plugins\/seo\/ -->\n<title>Frei Alan Maia ser\u00e1 ordenado presb\u00edtero - Not\u00edcias - Franciscanos<\/title>\n<meta name=\"robots\" content=\"index, follow, max-snippet:-1, max-image-preview:large, max-video-preview:-1\" \/>\n<link rel=\"canonical\" href=\"https:\/\/franciscanos.org.br\/noticias\/frei-alan-sera-ordenado-presbitero-domingo.html\" \/>\n<meta property=\"og:locale\" content=\"pt_BR\" \/>\n<meta property=\"og:type\" content=\"article\" \/>\n<meta property=\"og:title\" content=\"Frei Alan Maia ser\u00e1 ordenado presb\u00edtero - Not\u00edcias - Franciscanos\" \/>\n<meta property=\"og:description\" content=\"Ordena\u00e7\u00e3o presbiteral\" \/>\n<meta property=\"og:url\" content=\"https:\/\/franciscanos.org.br\/noticias\/frei-alan-sera-ordenado-presbitero-domingo.html\" \/>\n<meta property=\"og:site_name\" content=\"Not\u00edcias - Franciscanos\" \/>\n<meta property=\"article:published_time\" content=\"2017-09-30T13:58:57+00:00\" \/>\n<meta property=\"article:modified_time\" content=\"2023-01-10T12:54:54+00:00\" \/>\n<meta property=\"og:image\" content=\"https:\/\/franciscanos.org.br\/noticias\/wp-content\/uploads\/2017\/09\/freialan_180917-8302.jpg\" \/>\n\t<meta property=\"og:image:width\" content=\"273\" \/>\n\t<meta property=\"og:image:height\" content=\"181\" \/>\n\t<meta property=\"og:image:type\" content=\"image\/jpeg\" \/>\n<meta name=\"author\" content=\"admin\" \/>\n<meta name=\"twitter:card\" content=\"summary_large_image\" \/>\n<meta name=\"twitter:label1\" content=\"Escrito por\" \/>\n\t<meta name=\"twitter:data1\" content=\"admin\" \/>\n\t<meta name=\"twitter:label2\" content=\"Est. tempo de leitura\" \/>\n\t<meta name=\"twitter:data2\" content=\"7 minutos\" \/>\n<script type=\"application\/ld+json\" class=\"yoast-schema-graph\">{\"@context\":\"https:\/\/schema.org\",\"@graph\":[{\"@type\":\"WebSite\",\"@id\":\"https:\/\/franciscanos.org.br\/noticias\/#website\",\"url\":\"https:\/\/franciscanos.org.br\/noticias\/\",\"name\":\"Not\u00edcias - Franciscanos\",\"description\":\"Prov\u00edncia Franciscana da Imaculada Concei\u00e7\u00e3o do Brasil - Ordem dos Frades Menores - OFM\",\"potentialAction\":[{\"@type\":\"SearchAction\",\"target\":{\"@type\":\"EntryPoint\",\"urlTemplate\":\"https:\/\/franciscanos.org.br\/noticias\/?s={search_term_string}\"},\"query-input\":\"required name=search_term_string\"}],\"inLanguage\":\"pt-BR\"},{\"@type\":\"ImageObject\",\"inLanguage\":\"pt-BR\",\"@id\":\"https:\/\/franciscanos.org.br\/noticias\/frei-alan-sera-ordenado-presbitero-domingo.html#primaryimage\",\"url\":\"https:\/\/franciscanos.org.br\/noticias\/wp-content\/uploads\/2017\/09\/freialan_180917-8302.jpg\",\"contentUrl\":\"https:\/\/franciscanos.org.br\/noticias\/wp-content\/uploads\/2017\/09\/freialan_180917-8302.jpg\",\"width\":273,\"height\":181},{\"@type\":\"WebPage\",\"@id\":\"https:\/\/franciscanos.org.br\/noticias\/frei-alan-sera-ordenado-presbitero-domingo.html#webpage\",\"url\":\"https:\/\/franciscanos.org.br\/noticias\/frei-alan-sera-ordenado-presbitero-domingo.html\",\"name\":\"Frei Alan Maia ser\u00e1 ordenado presb\u00edtero - Not\u00edcias - Franciscanos\",\"isPartOf\":{\"@id\":\"https:\/\/franciscanos.org.br\/noticias\/#website\"},\"primaryImageOfPage\":{\"@id\":\"https:\/\/franciscanos.org.br\/noticias\/frei-alan-sera-ordenado-presbitero-domingo.html#primaryimage\"},\"datePublished\":\"2017-09-30T13:58:57+00:00\",\"dateModified\":\"2023-01-10T12:54:54+00:00\",\"author\":{\"@id\":\"https:\/\/franciscanos.org.br\/noticias\/#\/schema\/person\/b38fbf43118f02820bd932f2e4b14ad3\"},\"breadcrumb\":{\"@id\":\"https:\/\/franciscanos.org.br\/noticias\/frei-alan-sera-ordenado-presbitero-domingo.html#breadcrumb\"},\"inLanguage\":\"pt-BR\",\"potentialAction\":[{\"@type\":\"ReadAction\",\"target\":[\"https:\/\/franciscanos.org.br\/noticias\/frei-alan-sera-ordenado-presbitero-domingo.html\"]}]},{\"@type\":\"BreadcrumbList\",\"@id\":\"https:\/\/franciscanos.org.br\/noticias\/frei-alan-sera-ordenado-presbitero-domingo.html#breadcrumb\",\"itemListElement\":[{\"@type\":\"ListItem\",\"position\":1,\"name\":\"Home\",\"item\":\"https:\/\/franciscanos.org.br\/noticias\"},{\"@type\":\"ListItem\",\"position\":2,\"name\":\"Frei Alan Maia ser\u00e1 ordenado presb\u00edtero\"}]},{\"@type\":\"Person\",\"@id\":\"https:\/\/franciscanos.org.br\/noticias\/#\/schema\/person\/b38fbf43118f02820bd932f2e4b14ad3\",\"name\":\"admin\",\"image\":{\"@type\":\"ImageObject\",\"inLanguage\":\"pt-BR\",\"@id\":\"https:\/\/franciscanos.org.br\/noticias\/#\/schema\/person\/image\/\",\"url\":\"https:\/\/secure.gravatar.com\/avatar\/e8495742d34d0ba6448ea1c628263b3e?s=96&d=mm&r=g\",\"contentUrl\":\"https:\/\/secure.gravatar.com\/avatar\/e8495742d34d0ba6448ea1c628263b3e?s=96&d=mm&r=g\",\"caption\":\"admin\"},\"url\":\"https:\/\/franciscanos.org.br\/noticias\/author\/admin\"}]}<\/script>\n<!-- \/ Yoast SEO plugin. -->","yoast_head_json":{"title":"Frei Alan Maia ser\u00e1 ordenado presb\u00edtero - Not\u00edcias - Franciscanos","robots":{"index":"index","follow":"follow","max-snippet":"max-snippet:-1","max-image-preview":"max-image-preview:large","max-video-preview":"max-video-preview:-1"},"canonical":"https:\/\/franciscanos.org.br\/noticias\/frei-alan-sera-ordenado-presbitero-domingo.html","og_locale":"pt_BR","og_type":"article","og_title":"Frei Alan Maia ser\u00e1 ordenado presb\u00edtero - Not\u00edcias - Franciscanos","og_description":"Ordena\u00e7\u00e3o presbiteral","og_url":"https:\/\/franciscanos.org.br\/noticias\/frei-alan-sera-ordenado-presbitero-domingo.html","og_site_name":"Not\u00edcias - Franciscanos","article_published_time":"2017-09-30T13:58:57+00:00","article_modified_time":"2023-01-10T12:54:54+00:00","og_image":[{"width":273,"height":181,"url":"https:\/\/franciscanos.org.br\/noticias\/wp-content\/uploads\/2017\/09\/freialan_180917-8302.jpg","type":"image\/jpeg"}],"author":"admin","twitter_card":"summary_large_image","twitter_misc":{"Escrito por":"admin","Est. tempo de leitura":"7 minutos"},"schema":{"@context":"https:\/\/schema.org","@graph":[{"@type":"WebSite","@id":"https:\/\/franciscanos.org.br\/noticias\/#website","url":"https:\/\/franciscanos.org.br\/noticias\/","name":"Not\u00edcias - Franciscanos","description":"Prov\u00edncia Franciscana da Imaculada Concei\u00e7\u00e3o do Brasil - Ordem dos Frades Menores - OFM","potentialAction":[{"@type":"SearchAction","target":{"@type":"EntryPoint","urlTemplate":"https:\/\/franciscanos.org.br\/noticias\/?s={search_term_string}"},"query-input":"required name=search_term_string"}],"inLanguage":"pt-BR"},{"@type":"ImageObject","inLanguage":"pt-BR","@id":"https:\/\/franciscanos.org.br\/noticias\/frei-alan-sera-ordenado-presbitero-domingo.html#primaryimage","url":"https:\/\/franciscanos.org.br\/noticias\/wp-content\/uploads\/2017\/09\/freialan_180917-8302.jpg","contentUrl":"https:\/\/franciscanos.org.br\/noticias\/wp-content\/uploads\/2017\/09\/freialan_180917-8302.jpg","width":273,"height":181},{"@type":"WebPage","@id":"https:\/\/franciscanos.org.br\/noticias\/frei-alan-sera-ordenado-presbitero-domingo.html#webpage","url":"https:\/\/franciscanos.org.br\/noticias\/frei-alan-sera-ordenado-presbitero-domingo.html","name":"Frei Alan Maia ser\u00e1 ordenado presb\u00edtero - Not\u00edcias - Franciscanos","isPartOf":{"@id":"https:\/\/franciscanos.org.br\/noticias\/#website"},"primaryImageOfPage":{"@id":"https:\/\/franciscanos.org.br\/noticias\/frei-alan-sera-ordenado-presbitero-domingo.html#primaryimage"},"datePublished":"2017-09-30T13:58:57+00:00","dateModified":"2023-01-10T12:54:54+00:00","author":{"@id":"https:\/\/franciscanos.org.br\/noticias\/#\/schema\/person\/b38fbf43118f02820bd932f2e4b14ad3"},"breadcrumb":{"@id":"https:\/\/franciscanos.org.br\/noticias\/frei-alan-sera-ordenado-presbitero-domingo.html#breadcrumb"},"inLanguage":"pt-BR","potentialAction":[{"@type":"ReadAction","target":["https:\/\/franciscanos.org.br\/noticias\/frei-alan-sera-ordenado-presbitero-domingo.html"]}]},{"@type":"BreadcrumbList","@id":"https:\/\/franciscanos.org.br\/noticias\/frei-alan-sera-ordenado-presbitero-domingo.html#breadcrumb","itemListElement":[{"@type":"ListItem","position":1,"name":"Home","item":"https:\/\/franciscanos.org.br\/noticias"},{"@type":"ListItem","position":2,"name":"Frei Alan Maia ser\u00e1 ordenado presb\u00edtero"}]},{"@type":"Person","@id":"https:\/\/franciscanos.org.br\/noticias\/#\/schema\/person\/b38fbf43118f02820bd932f2e4b14ad3","name":"admin","image":{"@type":"ImageObject","inLanguage":"pt-BR","@id":"https:\/\/franciscanos.org.br\/noticias\/#\/schema\/person\/image\/","url":"https:\/\/secure.gravatar.com\/avatar\/e8495742d34d0ba6448ea1c628263b3e?s=96&d=mm&r=g","contentUrl":"https:\/\/secure.gravatar.com\/avatar\/e8495742d34d0ba6448ea1c628263b3e?s=96&d=mm&r=g","caption":"admin"},"url":"https:\/\/franciscanos.org.br\/noticias\/author\/admin"}]}},"_links":{"self":[{"href":"https:\/\/franciscanos.org.br\/noticias\/wp-json\/wp\/v2\/posts\/141367"}],"collection":[{"href":"https:\/\/franciscanos.org.br\/noticias\/wp-json\/wp\/v2\/posts"}],"about":[{"href":"https:\/\/franciscanos.org.br\/noticias\/wp-json\/wp\/v2\/types\/post"}],"author":[{"embeddable":true,"href":"https:\/\/franciscanos.org.br\/noticias\/wp-json\/wp\/v2\/users\/1"}],"replies":[{"embeddable":true,"href":"https:\/\/franciscanos.org.br\/noticias\/wp-json\/wp\/v2\/comments?post=141367"}],"version-history":[{"count":2,"href":"https:\/\/franciscanos.org.br\/noticias\/wp-json\/wp\/v2\/posts\/141367\/revisions"}],"predecessor-version":[{"id":241682,"href":"https:\/\/franciscanos.org.br\/noticias\/wp-json\/wp\/v2\/posts\/141367\/revisions\/241682"}],"wp:featuredmedia":[{"embeddable":true,"href":"https:\/\/franciscanos.org.br\/noticias\/wp-json\/wp\/v2\/media\/201891"}],"wp:attachment":[{"href":"https:\/\/franciscanos.org.br\/noticias\/wp-json\/wp\/v2\/media?parent=141367"}],"wp:term":[{"taxonomy":"category","embeddable":true,"href":"https:\/\/franciscanos.org.br\/noticias\/wp-json\/wp\/v2\/categories?post=141367"},{"taxonomy":"post_tag","embeddable":true,"href":"https:\/\/franciscanos.org.br\/noticias\/wp-json\/wp\/v2\/tags?post=141367"}],"curies":[{"name":"wp","href":"https:\/\/api.w.org\/{rel}","templated":true}]}}