{"id":141355,"date":"2017-09-21T00:05:50","date_gmt":"2017-09-21T03:05:50","guid":{"rendered":"http:\/\/franciscanos.org.br\/?p=141355"},"modified":"2023-01-10T09:55:58","modified_gmt":"2023-01-10T12:55:58","slug":"tres-jovens-frades-fazem-a-profissao-solene-no-sagrado","status":"publish","type":"post","link":"https:\/\/franciscanos.org.br\/noticias\/tres-jovens-frades-fazem-a-profissao-solene-no-sagrado.html","title":{"rendered":"Tr\u00eas jovens frades fazem a profiss\u00e3o solene hoje"},"content":{"rendered":"<p><a href=\"http:\/\/franciscanos.org.br\/wp-content\/uploads\/2017\/09\/ordenacao_180917-830.jpg\"><img loading=\"lazy\" src=\"http:\/\/franciscanos.org.br\/wp-content\/uploads\/2017\/09\/ordenacao_180917-830.jpg\" alt=\"ordenacao_180917-830\" width=\"830\" height=\"445\" \/><\/a><\/p>\n<p><strong>Petr\u00f3polis (RJ)<\/strong> &#8211;\u00a0\u00a0A Funda\u00e7\u00e3o Imaculada M\u00e3e de Deus e a Prov\u00edncia da Imaculada Concei\u00e7\u00e3o estar\u00e3o em festa no dia 24 de setembro. Os jovens angolanos, Frei Ermelindo Francisco Bambi e Frei Jo\u00e3o Alberto Bunga, e o brasileiro Frei Jos\u00e9 Raimundo de Souza far\u00e3o a profiss\u00e3o solene na Ordem dos Frades Menores. \u00c9 um momento hist\u00f3rico para a Miss\u00e3o: com os quatro professos solenes hoje, a Funda\u00e7\u00e3o passar\u00e1 a seis. Os angolanos cursam o \u00faltimo ano de Teologia em Petr\u00f3polis e Frei Jos\u00e9 reside em Colatina.<\/p>\n<p>Esse momento importante na vida do religioso franciscano ser\u00e1 feito na bela igreja do Sagrado Cora\u00e7\u00e3o de Jesus de Petr\u00f3polis (RJ), durante a solene Celebra\u00e7\u00e3o Eucar\u00edstica das 10 horas, com a presen\u00e7a do Coral dos Canarinhos.<\/p>\n<p>O \u2018sim\u2019 definitivo de Frei Jo\u00e3o, Frei Ermelindo e Frei Jos\u00e9 ser\u00e1 dado nas m\u00e3os do Ministro Provincial, Frei Fid\u00eancio Vanboemmel. Como tema, os angolanos escolheram um trecho da Primeira Carta aos Cor\u00edntios: \u201cDeus escolheu o que \u00e9 louco aos olhos do mundo para confundir os s\u00e1bios; o que \u00e9 fraco no mundo para confundir o que \u00e9 forte\u201d. Frei Jos\u00e9 escolheu um trecho da Regra n\u00e3o bulada: \u201cGuardemos, portanto, as palavras, a vida, a doutrina e o Santo Evangelho daquele que se dignou rogar por n\u00f3s ao Pai\u201d.<\/p>\n<p>Cada um dos frades far\u00e1 a profiss\u00e3o pela qual se compromete a seguir Jesus Cristo observando os conselhos evang\u00e9licos: \u201cPara louvor e gl\u00f3ria da Sant\u00edssima Trindade, eu, frei\u2026 tendo o Senhor me dado a gra\u00e7a de seguir mais de perto o Evangelho e os passos de Nosso Senhor Jesus Cristo, em tuas m\u00e3os, Frei Fid\u00eancio Vanboemmel, com firme f\u00e9 e vontade, fa\u00e7o voto a Deus, Pai santo e todo-poderoso, de viver por todo o tempo de minha vida, em obedi\u00eancia, sem nada de pr\u00f3prio e em castidade. Ao mesmo tempo, professo a vida e a Regra dos Frades Menores, confirmada pelo Papa Hon\u00f3rio, e prometo observ\u00e1-la fielmente segundo as Constitui\u00e7\u00f5es da Ordem dos Frades Menores. Entrego-me, pois, de todo o cora\u00e7\u00e3o a esta Fraternidade, para que, pela a\u00e7\u00e3o eficaz do Esp\u00edrito Santo, guiado pelo exemplo de Maria Imaculada, por intercess\u00e3o de nosso Pai S\u00e3o Francisco e de todos os santos, e com a ajuda fraterna de todos, eu possa tender constantemente para a perfeita caridade, no servi\u00e7o a Deus, \u00e0 Igreja e aos homens\u201d.<\/p>\n<p>O rito da profiss\u00e3o perp\u00e9tua celebra-se dentro da Missa, com a devida solenidade e a participa\u00e7\u00e3o da comunidade. Depois da leitura do evangelho, come\u00e7a-se o rito na seguinte ordem: chamado do professando; apresenta\u00e7\u00e3o de sua trajet\u00f3ria vocacional; di\u00e1logo com o celebrante; homilia; prostra\u00e7\u00e3o e Ladainha de Todos os Santos; profiss\u00e3o dos votos e b\u00ean\u00e7\u00e3o aos professandos.<\/p>\n<p>Segundo Frei Fid\u00eancio, \u201ca Profiss\u00e3o Solene \u00e9 em primeiro lugar o ponto culminante de uma caminhada formativa amadurecida na f\u00e9, no discernimento e na resposta generosa que se d\u00e1 a uma proposta de inspira\u00e7\u00e3o divina. Em segundo lugar, a profiss\u00e3o solene \u00e9 tamb\u00e9m ponto de partida de um permanente recome\u00e7ar com S\u00e3o Francisco, um reaprender a formar-se e a atualizar-se, em vista da autenticidade evang\u00e9lica que a Deus prometemos\u201d.<\/p>\n<h3><strong><a href=\"http:\/\/franciscanos.org.br\/wp-content\/uploads\/2017\/09\/ordenacao_180917-hermelino.jpg\"><img loading=\"lazy\" class=\"alignleft wp-image-141358\" src=\"http:\/\/franciscanos.org.br\/wp-content\/uploads\/2017\/09\/ordenacao_180917-hermelino.jpg\" alt=\"ordenacao_180917-hermelino\" width=\"200\" height=\"234\" \/><\/a>FREI ERMELINDO<\/strong><\/h3>\n<p>Frei Ermelindo Francisco Bambi, nascido a 1\u00ba de mar\u00e7o de 1987, em Camabatela, Prov\u00edncia do Kwanza Norte. Filho de Madalena Jos\u00e9 Bambi e de Francisco Xavier Fortunato (de feliz mem\u00f3ria). Quarto filho entre os cinco irm\u00e3os. Come\u00e7ou seus estudos em sua cidade natal, at\u00e9 1996, quando sua fam\u00edlia se mudou para Luanda, durante a guerra civil, por se tratar do lugar mais seguro para se viver.<\/p>\n<p>Teve o primeiro contato com os franciscanos por meio de Frei Jos\u00e9 Ant\u00f4nio dos Santos, em 2006, quando este era seu professor de hist\u00f3ria no Ensino M\u00e9dio, na escola dos Salesianos em Viana.<\/p>\n<p>Em 2008 ingressou no Semin\u00e1rio Franciscano Monte Alverne em Malange, onde frequentou o curso de Filosofia. Em 2012, Postulantado em Quibala. No ano seguinte, 2013, o Noviciado em Rodeio. No fim do ano de prova\u00e7\u00e3o foi transferido para a Fraternidade do Sagrado Cora\u00e7\u00e3o de Jesus, em Petr\u00f3polis, onde se encontra atualmente cursando o quarto ano de Teologia.<\/p>\n<h3><strong><a href=\"http:\/\/franciscanos.org.br\/wp-content\/uploads\/2017\/09\/ordenacao_180917-joao.jpg\"><img loading=\"lazy\" class=\"alignleft wp-image-141357\" src=\"http:\/\/franciscanos.org.br\/wp-content\/uploads\/2017\/09\/ordenacao_180917-joao.jpg\" alt=\"ordenacao_180917-joao\" width=\"200\" height=\"234\" \/><\/a>FREI JO\u00c3O<\/strong><\/h3>\n<p>Frei Jo\u00e3o Alberto Bunga, nascido aos 5 de abril de 1988 em kilamba Kiaxi, Prov\u00edncia de Luanda. Filho de Alberto Abel (de feliz mem\u00f3ria) e de Sofia Bunga. Quinto filho entre 10 irm\u00e3os. Ainda muito cedo foi morar com seu tio (materno) de nome Zacarias Bunga. Teve o primeiro contato com os franciscanos em sua par\u00f3quia (S\u00e3o Lucas, Palanca). Ainda como coroinha come\u00e7ou a frequentar o grupo vocacional no Kimbo S\u00e3o Francisco com Frei Laerte de Farias dos Santos, depois deu continuidade em Viana com Frei Jos\u00e9 Ant\u00f4nio dos Santos. Em 2007 participou do est\u00e1gio vocacional em Viana e em 2008 ingressou no Semin\u00e1rio Franciscano Monte Alverne, em Malange, onde frequentou o curso de Filosofia. Em 2011, fez o Postulantado em Quibala. No ano seguinte, 2012, o Noviciado em Rodeio (SC). No fim do ano de prova\u00e7\u00e3o foi transferido para a fraternidade da Porci\u00fancula (Viana). Em mar\u00e7o de 2013 foi transferido para a fraternidade Monte Alverne (Malange) para compor a fraternidade e ajudar no col\u00e9gio Santo Ant\u00f4nio, e, em 2014, foi transferido para a fraternidade do Sagrado Cora\u00e7\u00e3o de Jesus (Petr\u00f3polis) onde se encontra atualmente cursando o quarto ano de Teologia.<\/p>\n<h3><strong><a href=\"http:\/\/franciscanos.org.br\/wp-content\/uploads\/2017\/09\/ordenacao_180917-jose.jpg\"><img loading=\"lazy\" class=\"alignleft wp-image-141356\" src=\"http:\/\/franciscanos.org.br\/wp-content\/uploads\/2017\/09\/ordenacao_180917-jose.jpg\" alt=\"ordenacao_180917-jose\" width=\"200\" height=\"234\" \/><\/a>FREI JOS\u00c9 RAIMUNDO<\/strong><\/h3>\n<p>Para celebrar esse momento da profiss\u00e3o solene, Frei Jos\u00e9 Raimundo de Souza fez o retiro no Convento da Penha, de 14 de agosto a 3 de setembro, sob as b\u00ean\u00e7\u00e3os de Nossa Senhora das Alegrias.<br \/>\n\u201cEntendo que fazer voto perp\u00e9tuo a Deus na vida religiosa franciscana significa dar uma reposta alegre, sem devaneios e de um jeito pr\u00f3prio, ao chamado de Deus para se colocar no seguimento de Jesus. Decorre disso a exig\u00eancia e o desafio de encarnar no mundo atual o jeito de pensar, de sentir e de agir de Jesus, como o fez Francisco de Assis. Penso e sinto que \u00e9 empreender livremente um caminho, com olhos fixos no Senhor e ao modo de S\u00e3o Francisco, de identifica\u00e7\u00e3o com Cristo e, ao mesmo tempo, contribuir com a miss\u00e3o da Igreja para a edifica\u00e7\u00e3o do Reino de Deus\u201d, observa o frade, que nasceu em Bauru (SP), no dia 21 de junho de 1973.<\/p>\n<p>Frei Jos\u00e9 Raimundo \u00e9 filho de Francisca Maria de Souza e Raimundo Francisco de Souza. \u00c9 o segundo dos quatro filhos do casal. Aos cinco anos de idade mudou-se com seus familiares para Bauru (SP), onde conheceu os Franciscanos. Depois de fazer acompanhamento com os frades em Bauru, ingressou no Aspirantado de Ituporanga em 2007, e no Postulantado de Guaratinguet\u00e1 em 2008. Ingressou no Noviciado de Rodeio no ano seguinte, onde fez sua primeira profiss\u00e3o aos 3 de janeiro de 2010. De 2010 a 2012 cursou Filosofia em Curitiba, morando em Rondinha, Campo Largo\/PR. Chegou \u00e0 Fraternidade Sagrado Cora\u00e7\u00e3o de Jesus, em Petr\u00f3polis\/RJ, em 2013 para o tempo da Teologia, onde residiu at\u00e9 2014. Foi transferido para Imbari\u00ea, morando nesta casa nos anos de 2015 e 2016. Ao final de 2016 concluiu o curso de Teologia e foi transferido para Colatina (ES), onde reside atualmente.<\/p>\n","protected":false},"excerpt":{"rendered":"<p>Frei Ermelindo Francisco Bambi, Frei Jo\u00e3o Alberto Bunga e Frei Jos\u00e9 Raimundo de Souza. <\/p>\n","protected":false},"author":1,"featured_media":203012,"comment_status":"open","ping_status":"open","sticky":false,"template":"","format":"standard","meta":[],"categories":[1],"tags":[552],"acf":[],"yoast_head":"<!-- This site is optimized with the Yoast SEO plugin v19.2 - https:\/\/yoast.com\/wordpress\/plugins\/seo\/ -->\n<title>Tr\u00eas jovens frades fazem a profiss\u00e3o solene hoje - Not\u00edcias - Franciscanos<\/title>\n<meta name=\"robots\" content=\"index, follow, max-snippet:-1, max-image-preview:large, max-video-preview:-1\" \/>\n<link rel=\"canonical\" href=\"https:\/\/franciscanos.org.br\/noticias\/tres-jovens-frades-fazem-a-profissao-solene-no-sagrado.html\" \/>\n<meta property=\"og:locale\" content=\"pt_BR\" \/>\n<meta property=\"og:type\" content=\"article\" \/>\n<meta property=\"og:title\" content=\"Tr\u00eas jovens frades fazem a profiss\u00e3o solene hoje - Not\u00edcias - Franciscanos\" \/>\n<meta property=\"og:description\" content=\"Frei Ermelindo Francisco Bambi, Frei Jo\u00e3o Alberto Bunga e Frei Jos\u00e9 Raimundo de Souza.\" \/>\n<meta property=\"og:url\" content=\"https:\/\/franciscanos.org.br\/noticias\/tres-jovens-frades-fazem-a-profissao-solene-no-sagrado.html\" \/>\n<meta property=\"og:site_name\" content=\"Not\u00edcias - Franciscanos\" \/>\n<meta property=\"article:published_time\" content=\"2017-09-21T03:05:50+00:00\" \/>\n<meta property=\"article:modified_time\" content=\"2023-01-10T12:55:58+00:00\" \/>\n<meta property=\"og:image\" content=\"https:\/\/franciscanos.org.br\/noticias\/wp-content\/uploads\/2017\/09\/ordenacao_180917-830.jpg\" \/>\n\t<meta property=\"og:image:width\" content=\"273\" \/>\n\t<meta property=\"og:image:height\" content=\"181\" \/>\n\t<meta property=\"og:image:type\" content=\"image\/jpeg\" \/>\n<meta name=\"author\" content=\"admin\" \/>\n<meta name=\"twitter:card\" content=\"summary_large_image\" \/>\n<meta name=\"twitter:label1\" content=\"Escrito por\" \/>\n\t<meta name=\"twitter:data1\" content=\"admin\" \/>\n\t<meta name=\"twitter:label2\" content=\"Est. tempo de leitura\" \/>\n\t<meta name=\"twitter:data2\" content=\"6 minutos\" \/>\n<script type=\"application\/ld+json\" class=\"yoast-schema-graph\">{\"@context\":\"https:\/\/schema.org\",\"@graph\":[{\"@type\":\"WebSite\",\"@id\":\"https:\/\/franciscanos.org.br\/noticias\/#website\",\"url\":\"https:\/\/franciscanos.org.br\/noticias\/\",\"name\":\"Not\u00edcias - Franciscanos\",\"description\":\"Prov\u00edncia Franciscana da Imaculada Concei\u00e7\u00e3o do Brasil - Ordem dos Frades Menores - OFM\",\"potentialAction\":[{\"@type\":\"SearchAction\",\"target\":{\"@type\":\"EntryPoint\",\"urlTemplate\":\"https:\/\/franciscanos.org.br\/noticias\/?s={search_term_string}\"},\"query-input\":\"required name=search_term_string\"}],\"inLanguage\":\"pt-BR\"},{\"@type\":\"ImageObject\",\"inLanguage\":\"pt-BR\",\"@id\":\"https:\/\/franciscanos.org.br\/noticias\/tres-jovens-frades-fazem-a-profissao-solene-no-sagrado.html#primaryimage\",\"url\":\"https:\/\/franciscanos.org.br\/noticias\/wp-content\/uploads\/2017\/09\/ordenacao_180917-830.jpg\",\"contentUrl\":\"https:\/\/franciscanos.org.br\/noticias\/wp-content\/uploads\/2017\/09\/ordenacao_180917-830.jpg\",\"width\":273,\"height\":181},{\"@type\":\"WebPage\",\"@id\":\"https:\/\/franciscanos.org.br\/noticias\/tres-jovens-frades-fazem-a-profissao-solene-no-sagrado.html#webpage\",\"url\":\"https:\/\/franciscanos.org.br\/noticias\/tres-jovens-frades-fazem-a-profissao-solene-no-sagrado.html\",\"name\":\"Tr\u00eas jovens frades fazem a profiss\u00e3o solene hoje - Not\u00edcias - Franciscanos\",\"isPartOf\":{\"@id\":\"https:\/\/franciscanos.org.br\/noticias\/#website\"},\"primaryImageOfPage\":{\"@id\":\"https:\/\/franciscanos.org.br\/noticias\/tres-jovens-frades-fazem-a-profissao-solene-no-sagrado.html#primaryimage\"},\"datePublished\":\"2017-09-21T03:05:50+00:00\",\"dateModified\":\"2023-01-10T12:55:58+00:00\",\"author\":{\"@id\":\"https:\/\/franciscanos.org.br\/noticias\/#\/schema\/person\/b38fbf43118f02820bd932f2e4b14ad3\"},\"breadcrumb\":{\"@id\":\"https:\/\/franciscanos.org.br\/noticias\/tres-jovens-frades-fazem-a-profissao-solene-no-sagrado.html#breadcrumb\"},\"inLanguage\":\"pt-BR\",\"potentialAction\":[{\"@type\":\"ReadAction\",\"target\":[\"https:\/\/franciscanos.org.br\/noticias\/tres-jovens-frades-fazem-a-profissao-solene-no-sagrado.html\"]}]},{\"@type\":\"BreadcrumbList\",\"@id\":\"https:\/\/franciscanos.org.br\/noticias\/tres-jovens-frades-fazem-a-profissao-solene-no-sagrado.html#breadcrumb\",\"itemListElement\":[{\"@type\":\"ListItem\",\"position\":1,\"name\":\"Home\",\"item\":\"https:\/\/franciscanos.org.br\/noticias\"},{\"@type\":\"ListItem\",\"position\":2,\"name\":\"Tr\u00eas jovens frades fazem a profiss\u00e3o solene hoje\"}]},{\"@type\":\"Person\",\"@id\":\"https:\/\/franciscanos.org.br\/noticias\/#\/schema\/person\/b38fbf43118f02820bd932f2e4b14ad3\",\"name\":\"admin\",\"image\":{\"@type\":\"ImageObject\",\"inLanguage\":\"pt-BR\",\"@id\":\"https:\/\/franciscanos.org.br\/noticias\/#\/schema\/person\/image\/\",\"url\":\"https:\/\/secure.gravatar.com\/avatar\/e8495742d34d0ba6448ea1c628263b3e?s=96&d=mm&r=g\",\"contentUrl\":\"https:\/\/secure.gravatar.com\/avatar\/e8495742d34d0ba6448ea1c628263b3e?s=96&d=mm&r=g\",\"caption\":\"admin\"},\"url\":\"https:\/\/franciscanos.org.br\/noticias\/author\/admin\"}]}<\/script>\n<!-- \/ Yoast SEO plugin. -->","yoast_head_json":{"title":"Tr\u00eas jovens frades fazem a profiss\u00e3o solene hoje - Not\u00edcias - Franciscanos","robots":{"index":"index","follow":"follow","max-snippet":"max-snippet:-1","max-image-preview":"max-image-preview:large","max-video-preview":"max-video-preview:-1"},"canonical":"https:\/\/franciscanos.org.br\/noticias\/tres-jovens-frades-fazem-a-profissao-solene-no-sagrado.html","og_locale":"pt_BR","og_type":"article","og_title":"Tr\u00eas jovens frades fazem a profiss\u00e3o solene hoje - Not\u00edcias - Franciscanos","og_description":"Frei Ermelindo Francisco Bambi, Frei Jo\u00e3o Alberto Bunga e Frei Jos\u00e9 Raimundo de Souza.","og_url":"https:\/\/franciscanos.org.br\/noticias\/tres-jovens-frades-fazem-a-profissao-solene-no-sagrado.html","og_site_name":"Not\u00edcias - Franciscanos","article_published_time":"2017-09-21T03:05:50+00:00","article_modified_time":"2023-01-10T12:55:58+00:00","og_image":[{"width":273,"height":181,"url":"https:\/\/franciscanos.org.br\/noticias\/wp-content\/uploads\/2017\/09\/ordenacao_180917-830.jpg","type":"image\/jpeg"}],"author":"admin","twitter_card":"summary_large_image","twitter_misc":{"Escrito por":"admin","Est. tempo de leitura":"6 minutos"},"schema":{"@context":"https:\/\/schema.org","@graph":[{"@type":"WebSite","@id":"https:\/\/franciscanos.org.br\/noticias\/#website","url":"https:\/\/franciscanos.org.br\/noticias\/","name":"Not\u00edcias - Franciscanos","description":"Prov\u00edncia Franciscana da Imaculada Concei\u00e7\u00e3o do Brasil - Ordem dos Frades Menores - OFM","potentialAction":[{"@type":"SearchAction","target":{"@type":"EntryPoint","urlTemplate":"https:\/\/franciscanos.org.br\/noticias\/?s={search_term_string}"},"query-input":"required name=search_term_string"}],"inLanguage":"pt-BR"},{"@type":"ImageObject","inLanguage":"pt-BR","@id":"https:\/\/franciscanos.org.br\/noticias\/tres-jovens-frades-fazem-a-profissao-solene-no-sagrado.html#primaryimage","url":"https:\/\/franciscanos.org.br\/noticias\/wp-content\/uploads\/2017\/09\/ordenacao_180917-830.jpg","contentUrl":"https:\/\/franciscanos.org.br\/noticias\/wp-content\/uploads\/2017\/09\/ordenacao_180917-830.jpg","width":273,"height":181},{"@type":"WebPage","@id":"https:\/\/franciscanos.org.br\/noticias\/tres-jovens-frades-fazem-a-profissao-solene-no-sagrado.html#webpage","url":"https:\/\/franciscanos.org.br\/noticias\/tres-jovens-frades-fazem-a-profissao-solene-no-sagrado.html","name":"Tr\u00eas jovens frades fazem a profiss\u00e3o solene hoje - Not\u00edcias - Franciscanos","isPartOf":{"@id":"https:\/\/franciscanos.org.br\/noticias\/#website"},"primaryImageOfPage":{"@id":"https:\/\/franciscanos.org.br\/noticias\/tres-jovens-frades-fazem-a-profissao-solene-no-sagrado.html#primaryimage"},"datePublished":"2017-09-21T03:05:50+00:00","dateModified":"2023-01-10T12:55:58+00:00","author":{"@id":"https:\/\/franciscanos.org.br\/noticias\/#\/schema\/person\/b38fbf43118f02820bd932f2e4b14ad3"},"breadcrumb":{"@id":"https:\/\/franciscanos.org.br\/noticias\/tres-jovens-frades-fazem-a-profissao-solene-no-sagrado.html#breadcrumb"},"inLanguage":"pt-BR","potentialAction":[{"@type":"ReadAction","target":["https:\/\/franciscanos.org.br\/noticias\/tres-jovens-frades-fazem-a-profissao-solene-no-sagrado.html"]}]},{"@type":"BreadcrumbList","@id":"https:\/\/franciscanos.org.br\/noticias\/tres-jovens-frades-fazem-a-profissao-solene-no-sagrado.html#breadcrumb","itemListElement":[{"@type":"ListItem","position":1,"name":"Home","item":"https:\/\/franciscanos.org.br\/noticias"},{"@type":"ListItem","position":2,"name":"Tr\u00eas jovens frades fazem a profiss\u00e3o solene hoje"}]},{"@type":"Person","@id":"https:\/\/franciscanos.org.br\/noticias\/#\/schema\/person\/b38fbf43118f02820bd932f2e4b14ad3","name":"admin","image":{"@type":"ImageObject","inLanguage":"pt-BR","@id":"https:\/\/franciscanos.org.br\/noticias\/#\/schema\/person\/image\/","url":"https:\/\/secure.gravatar.com\/avatar\/e8495742d34d0ba6448ea1c628263b3e?s=96&d=mm&r=g","contentUrl":"https:\/\/secure.gravatar.com\/avatar\/e8495742d34d0ba6448ea1c628263b3e?s=96&d=mm&r=g","caption":"admin"},"url":"https:\/\/franciscanos.org.br\/noticias\/author\/admin"}]}},"_links":{"self":[{"href":"https:\/\/franciscanos.org.br\/noticias\/wp-json\/wp\/v2\/posts\/141355"}],"collection":[{"href":"https:\/\/franciscanos.org.br\/noticias\/wp-json\/wp\/v2\/posts"}],"about":[{"href":"https:\/\/franciscanos.org.br\/noticias\/wp-json\/wp\/v2\/types\/post"}],"author":[{"embeddable":true,"href":"https:\/\/franciscanos.org.br\/noticias\/wp-json\/wp\/v2\/users\/1"}],"replies":[{"embeddable":true,"href":"https:\/\/franciscanos.org.br\/noticias\/wp-json\/wp\/v2\/comments?post=141355"}],"version-history":[{"count":1,"href":"https:\/\/franciscanos.org.br\/noticias\/wp-json\/wp\/v2\/posts\/141355\/revisions"}],"predecessor-version":[{"id":241683,"href":"https:\/\/franciscanos.org.br\/noticias\/wp-json\/wp\/v2\/posts\/141355\/revisions\/241683"}],"wp:featuredmedia":[{"embeddable":true,"href":"https:\/\/franciscanos.org.br\/noticias\/wp-json\/wp\/v2\/media\/203012"}],"wp:attachment":[{"href":"https:\/\/franciscanos.org.br\/noticias\/wp-json\/wp\/v2\/media?parent=141355"}],"wp:term":[{"taxonomy":"category","embeddable":true,"href":"https:\/\/franciscanos.org.br\/noticias\/wp-json\/wp\/v2\/categories?post=141355"},{"taxonomy":"post_tag","embeddable":true,"href":"https:\/\/franciscanos.org.br\/noticias\/wp-json\/wp\/v2\/tags?post=141355"}],"curies":[{"name":"wp","href":"https:\/\/api.w.org\/{rel}","templated":true}]}}