{"id":141331,"date":"2017-09-18T08:31:43","date_gmt":"2017-09-18T11:31:43","guid":{"rendered":"http:\/\/franciscanos.org.br\/?p=141331"},"modified":"2019-03-08T11:58:49","modified_gmt":"2019-03-08T14:58:49","slug":"talk-show-e-sessao-de-autografos-comemora-dez-anos-do-livro-qual-e-a-tua-obra-de-cortella","status":"publish","type":"post","link":"https:\/\/franciscanos.org.br\/noticias\/talk-show-e-sessao-de-autografos-comemora-dez-anos-do-livro-qual-e-a-tua-obra-de-cortella.html","title":{"rendered":"&#8216;Qual \u00e9 a tua obra?&#8217; faz 10 anos com talk show e aut\u00f3grafos"},"content":{"rendered":"<p><img loading=\"lazy\" src=\"http:\/\/franciscanos.org.br\/wp-content\/uploads\/2017\/09\/cortella_180917_g.jpg\" alt=\"Print\" width=\"830\" height=\"520\" \/><\/p>\n<p>H\u00e1 10 anos, a Editora Vozes lan\u00e7ava \u201cQual \u00e9 a tua obra?\u201d, de M\u00e1rio S\u00e9rgio Cortella. Ao longo dos anos, o livro se tornou um best-seller e presen\u00e7a constante na lista de mais vendidos do pa\u00eds.<\/p>\n<p>Para comemorar este grande sucesso, a Editora promove um talk show com o autor, seguido de sess\u00e3o de aut\u00f3grafos, dia 02 de outubro, \u00e0s 19 horas, na Livraria Cultura do Conjunto Nacional, na av. Paulista. O evento ser\u00e1 gratuito e conta tamb\u00e9m com a parceria da CBN, que ir\u00e1 transmitir ao vivo o talk show mediado por Fab\u00edola Cidral.<\/p>\n<p>Segundo Cortella, o objetivo deste livro \u00e9 motivar o leitor a compreender que a sua obra \u00e9 muito mais ampla do que qualquer atividade realizada e que um dos maiores desafios do l\u00edder \u00e9 inspirar, animar as pessoas a se sentirem bem com o que fazem e integradas \u00e0 obra para a qual nasceram. No entanto, voc\u00ea n\u00e3o nasce l\u00edder, voc\u00ea se torna l\u00edder no processo de vida com os outros, e este livro \u00e9 um presente a todos aqueles que sentem as inquieta\u00e7\u00f5es deste processo, mas que acreditam que o seu maior compromisso \u00e9 ajudar indiv\u00edduos e equipes a fazerem a travessia rumo ao futuro.<\/p>\n<p><strong>O AUTOR<\/strong><br \/>\nMario Sergio Cortella, nascido em Londrina (PR) em 05\/03\/1954, \u00e9 fil\u00f3sofo e escritor, com mestrado e doutorado em Educa\u00e7\u00e3o, professor-titular da PUC-SP (na qual atuou por 35 anos, 1977\/2012), com doc\u00eancia e pesquisa na p\u00f3s-gradua\u00e7\u00e3o em Educa\u00e7\u00e3o: curr\u00edculo (1997\/2012) e no Departamento de Teologia e Ci\u00eancias da Religi\u00e3o (1977\/2007); \u00e9 professor-convidado da Funda\u00e7\u00e3o Dom Cabral (desde 1997) e ensinou no GVpec da FGV- SP (1998\/2010). Foi Secret\u00e1rio Municipal de Educa\u00e7\u00e3o de S\u00e3o Paulo (1991-1992), tendo antes sido assessor especial e chefe de gabinete do Prof. Paulo Freire. Comentarista da R\u00e1dio CBN no Academia CBN (rede nacional, de segunda a sexta-feira) e Escola da Vida (capital paulista \u00e0s ter\u00e7as e quintas-feiras). \u00c9 autor, entre outras obras, de &#8220;A Escola e o Conhecimento&#8221; (Cortez), &#8220;Nos Labirintos da Moral&#8221;, com Yves de La Taille (Papirus), &#8220;N\u00e3o Espere Pelo Epit\u00e1fio!&#8221; (Vozes), &#8220;N\u00e3o Nascemos Prontos!&#8221; (Vozes), &#8220;Filosofia e Ensino M\u00e9dio: certas raz\u00f5es, alguns sen\u00f5es, uma proposta&#8221; (Vozes), &#8220;N\u00e3o Se Desespere!&#8221; (Vozes), Educa\u00e7\u00e3o), &#8220;\u00c9tica e Vergonha na cara!&#8221;, com Cl\u00f3vis de Barros Filho (Papirus), &#8220;Pensatas Pedag\u00f3gicas: N\u00f3s e a Escola&#8221; (Vozes) e &#8220;Por que fazemos o que fazemos?&#8221; (Planeta).<\/p>\n<p><strong>Servi\u00e7o<\/strong><br \/>\nTalk show em comemora\u00e7\u00e3o aos 10 anos de publica\u00e7\u00e3o do livro \u201cQual \u00e9 a tua obra?\u201d de Mario Sergio Cortella<br \/>\n<strong>Data:<\/strong> 02\/10\/2017<br \/>\n<strong>Hor\u00e1rio:<\/strong> 19h00<br \/>\n<strong>Local:<\/strong> Livraria Cultura \u2013 Conjunto Nacional<br \/>\nAv. Paulista, 2.073. Bela Vista \u2013 S\u00e3o Paulo \u2013 SP<br \/>\n<strong>Regras para a sess\u00e3o de aut\u00f3grafos:<\/strong> As senhas ser\u00e3o entregues no Caixa do Piso do Teatro, no dia do evento, segunda-feira, 02\/10, a partir das 9h (hor\u00e1rio de abertura da loja) mediante a compra de pelo menos uma das obras na listagem a seguir: (Qual \u00e9 tua obra?; N\u00e3o espere pelo epit\u00e1fio; N\u00e3o nascemos prontos; N\u00e3o se desespere; Pensar bem nos faz bem 1; Pensar bem nos faz bem 2; Pensar bem nos faz bem 3; Pensar bem nos faz bem 4; Caixa cole\u00e7\u00e3o Pensar bem nos faz bem; Caixa trilogia Provoca\u00e7\u00f5es Filos\u00f3ficas) na Livraria Cultura unidade do Conjunto Nacional; Ser\u00e3o distribu\u00eddas 400 senhas seguindo os seguintes crit\u00e9rios: 1 (uma) senha por pessoa &#8211; independente da quantidade de livros comprados; A senha dar\u00e1 direito \u00e0 sess\u00e3o de aut\u00f3grafos que ser\u00e1 realizada no Piso do Teatro. O atendimento ser\u00e1 por ordem de chegada; N\u00e3o haver\u00e1 distribui\u00e7\u00e3o de pr\u00e9-senhas por parte da Livraria Cultura e n\u00e3o iremos consider\u00e1-las caso sejam distribu\u00eddas por terceiros; Caso a fila, para a retirada da senha, se forme antes da abertura da loja iremos form\u00e1-la na entrada da Al. Santos (acesso pela rampa); O autor s\u00f3 autografar\u00e1 as obras supracitadas, ou seja, discos, camisetas, fotos, marcadores, cadernos ou quaisquer outros objetos n\u00e3o ser\u00e3o autografados. A Livraria Cultura s\u00f3 se responsabilizar\u00e1 pela fila, sua ordena\u00e7\u00e3o e organiza\u00e7\u00e3o a partir do hor\u00e1rio de abertura da loja \u00e0s 9 horas.<br \/>\nOBS: Caso a compra do(s) livro(s) seja feita antes do dia 02\/10\/2017, o cliente dever\u00e1 apresentar a nota fiscal da compra efetuada na Livraria Cultura.<\/p>\n","protected":false},"excerpt":{"rendered":"<p>Editora Vozes<\/p>\n","protected":false},"author":1,"featured_media":201200,"comment_status":"open","ping_status":"open","sticky":false,"template":"","format":"standard","meta":[],"categories":[1],"tags":[238],"acf":[],"yoast_head":"<!-- This site is optimized with the Yoast SEO plugin v19.2 - https:\/\/yoast.com\/wordpress\/plugins\/seo\/ -->\n<title>&#039;Qual \u00e9 a tua obra?&#039; faz 10 anos com talk show e aut\u00f3grafos - Not\u00edcias - Franciscanos<\/title>\n<meta name=\"robots\" content=\"index, follow, max-snippet:-1, max-image-preview:large, max-video-preview:-1\" \/>\n<link rel=\"canonical\" href=\"https:\/\/franciscanos.org.br\/noticias\/talk-show-e-sessao-de-autografos-comemora-dez-anos-do-livro-qual-e-a-tua-obra-de-cortella.html\" \/>\n<meta property=\"og:locale\" content=\"pt_BR\" \/>\n<meta property=\"og:type\" content=\"article\" \/>\n<meta property=\"og:title\" content=\"&#039;Qual \u00e9 a tua obra?&#039; faz 10 anos com talk show e aut\u00f3grafos - Not\u00edcias - Franciscanos\" \/>\n<meta property=\"og:description\" content=\"Editora Vozes\" \/>\n<meta property=\"og:url\" content=\"https:\/\/franciscanos.org.br\/noticias\/talk-show-e-sessao-de-autografos-comemora-dez-anos-do-livro-qual-e-a-tua-obra-de-cortella.html\" \/>\n<meta property=\"og:site_name\" content=\"Not\u00edcias - Franciscanos\" \/>\n<meta property=\"article:published_time\" content=\"2017-09-18T11:31:43+00:00\" \/>\n<meta property=\"article:modified_time\" content=\"2019-03-08T14:58:49+00:00\" \/>\n<meta property=\"og:image\" content=\"https:\/\/franciscanos.org.br\/noticias\/wp-content\/uploads\/2017\/09\/cortella_180917_g.jpg\" \/>\n\t<meta property=\"og:image:width\" content=\"273\" \/>\n\t<meta property=\"og:image:height\" content=\"181\" \/>\n\t<meta property=\"og:image:type\" content=\"image\/jpeg\" \/>\n<meta name=\"author\" content=\"admin\" \/>\n<meta name=\"twitter:card\" content=\"summary_large_image\" \/>\n<meta name=\"twitter:label1\" content=\"Escrito por\" \/>\n\t<meta name=\"twitter:data1\" content=\"admin\" \/>\n\t<meta name=\"twitter:label2\" content=\"Est. tempo de leitura\" \/>\n\t<meta name=\"twitter:data2\" content=\"4 minutos\" \/>\n<script type=\"application\/ld+json\" class=\"yoast-schema-graph\">{\"@context\":\"https:\/\/schema.org\",\"@graph\":[{\"@type\":\"WebSite\",\"@id\":\"https:\/\/franciscanos.org.br\/noticias\/#website\",\"url\":\"https:\/\/franciscanos.org.br\/noticias\/\",\"name\":\"Not\u00edcias - Franciscanos\",\"description\":\"Prov\u00edncia Franciscana da Imaculada Concei\u00e7\u00e3o do Brasil - Ordem dos Frades Menores - OFM\",\"potentialAction\":[{\"@type\":\"SearchAction\",\"target\":{\"@type\":\"EntryPoint\",\"urlTemplate\":\"https:\/\/franciscanos.org.br\/noticias\/?s={search_term_string}\"},\"query-input\":\"required name=search_term_string\"}],\"inLanguage\":\"pt-BR\"},{\"@type\":\"ImageObject\",\"inLanguage\":\"pt-BR\",\"@id\":\"https:\/\/franciscanos.org.br\/noticias\/talk-show-e-sessao-de-autografos-comemora-dez-anos-do-livro-qual-e-a-tua-obra-de-cortella.html#primaryimage\",\"url\":\"https:\/\/franciscanos.org.br\/noticias\/wp-content\/uploads\/2017\/09\/cortella_180917_g.jpg\",\"contentUrl\":\"https:\/\/franciscanos.org.br\/noticias\/wp-content\/uploads\/2017\/09\/cortella_180917_g.jpg\",\"width\":273,\"height\":181},{\"@type\":\"WebPage\",\"@id\":\"https:\/\/franciscanos.org.br\/noticias\/talk-show-e-sessao-de-autografos-comemora-dez-anos-do-livro-qual-e-a-tua-obra-de-cortella.html#webpage\",\"url\":\"https:\/\/franciscanos.org.br\/noticias\/talk-show-e-sessao-de-autografos-comemora-dez-anos-do-livro-qual-e-a-tua-obra-de-cortella.html\",\"name\":\"'Qual \u00e9 a tua obra?' faz 10 anos com talk show e aut\u00f3grafos - Not\u00edcias - Franciscanos\",\"isPartOf\":{\"@id\":\"https:\/\/franciscanos.org.br\/noticias\/#website\"},\"primaryImageOfPage\":{\"@id\":\"https:\/\/franciscanos.org.br\/noticias\/talk-show-e-sessao-de-autografos-comemora-dez-anos-do-livro-qual-e-a-tua-obra-de-cortella.html#primaryimage\"},\"datePublished\":\"2017-09-18T11:31:43+00:00\",\"dateModified\":\"2019-03-08T14:58:49+00:00\",\"author\":{\"@id\":\"https:\/\/franciscanos.org.br\/noticias\/#\/schema\/person\/b38fbf43118f02820bd932f2e4b14ad3\"},\"breadcrumb\":{\"@id\":\"https:\/\/franciscanos.org.br\/noticias\/talk-show-e-sessao-de-autografos-comemora-dez-anos-do-livro-qual-e-a-tua-obra-de-cortella.html#breadcrumb\"},\"inLanguage\":\"pt-BR\",\"potentialAction\":[{\"@type\":\"ReadAction\",\"target\":[\"https:\/\/franciscanos.org.br\/noticias\/talk-show-e-sessao-de-autografos-comemora-dez-anos-do-livro-qual-e-a-tua-obra-de-cortella.html\"]}]},{\"@type\":\"BreadcrumbList\",\"@id\":\"https:\/\/franciscanos.org.br\/noticias\/talk-show-e-sessao-de-autografos-comemora-dez-anos-do-livro-qual-e-a-tua-obra-de-cortella.html#breadcrumb\",\"itemListElement\":[{\"@type\":\"ListItem\",\"position\":1,\"name\":\"Home\",\"item\":\"https:\/\/franciscanos.org.br\/noticias\"},{\"@type\":\"ListItem\",\"position\":2,\"name\":\"&#8216;Qual \u00e9 a tua obra?&#8217; faz 10 anos com talk show e aut\u00f3grafos\"}]},{\"@type\":\"Person\",\"@id\":\"https:\/\/franciscanos.org.br\/noticias\/#\/schema\/person\/b38fbf43118f02820bd932f2e4b14ad3\",\"name\":\"admin\",\"image\":{\"@type\":\"ImageObject\",\"inLanguage\":\"pt-BR\",\"@id\":\"https:\/\/franciscanos.org.br\/noticias\/#\/schema\/person\/image\/\",\"url\":\"https:\/\/secure.gravatar.com\/avatar\/e8495742d34d0ba6448ea1c628263b3e?s=96&d=mm&r=g\",\"contentUrl\":\"https:\/\/secure.gravatar.com\/avatar\/e8495742d34d0ba6448ea1c628263b3e?s=96&d=mm&r=g\",\"caption\":\"admin\"},\"url\":\"https:\/\/franciscanos.org.br\/noticias\/author\/admin\"}]}<\/script>\n<!-- \/ Yoast SEO plugin. -->","yoast_head_json":{"title":"'Qual \u00e9 a tua obra?' faz 10 anos com talk show e aut\u00f3grafos - Not\u00edcias - Franciscanos","robots":{"index":"index","follow":"follow","max-snippet":"max-snippet:-1","max-image-preview":"max-image-preview:large","max-video-preview":"max-video-preview:-1"},"canonical":"https:\/\/franciscanos.org.br\/noticias\/talk-show-e-sessao-de-autografos-comemora-dez-anos-do-livro-qual-e-a-tua-obra-de-cortella.html","og_locale":"pt_BR","og_type":"article","og_title":"'Qual \u00e9 a tua obra?' faz 10 anos com talk show e aut\u00f3grafos - Not\u00edcias - Franciscanos","og_description":"Editora Vozes","og_url":"https:\/\/franciscanos.org.br\/noticias\/talk-show-e-sessao-de-autografos-comemora-dez-anos-do-livro-qual-e-a-tua-obra-de-cortella.html","og_site_name":"Not\u00edcias - Franciscanos","article_published_time":"2017-09-18T11:31:43+00:00","article_modified_time":"2019-03-08T14:58:49+00:00","og_image":[{"width":273,"height":181,"url":"https:\/\/franciscanos.org.br\/noticias\/wp-content\/uploads\/2017\/09\/cortella_180917_g.jpg","type":"image\/jpeg"}],"author":"admin","twitter_card":"summary_large_image","twitter_misc":{"Escrito por":"admin","Est. tempo de leitura":"4 minutos"},"schema":{"@context":"https:\/\/schema.org","@graph":[{"@type":"WebSite","@id":"https:\/\/franciscanos.org.br\/noticias\/#website","url":"https:\/\/franciscanos.org.br\/noticias\/","name":"Not\u00edcias - Franciscanos","description":"Prov\u00edncia Franciscana da Imaculada Concei\u00e7\u00e3o do Brasil - Ordem dos Frades Menores - OFM","potentialAction":[{"@type":"SearchAction","target":{"@type":"EntryPoint","urlTemplate":"https:\/\/franciscanos.org.br\/noticias\/?s={search_term_string}"},"query-input":"required name=search_term_string"}],"inLanguage":"pt-BR"},{"@type":"ImageObject","inLanguage":"pt-BR","@id":"https:\/\/franciscanos.org.br\/noticias\/talk-show-e-sessao-de-autografos-comemora-dez-anos-do-livro-qual-e-a-tua-obra-de-cortella.html#primaryimage","url":"https:\/\/franciscanos.org.br\/noticias\/wp-content\/uploads\/2017\/09\/cortella_180917_g.jpg","contentUrl":"https:\/\/franciscanos.org.br\/noticias\/wp-content\/uploads\/2017\/09\/cortella_180917_g.jpg","width":273,"height":181},{"@type":"WebPage","@id":"https:\/\/franciscanos.org.br\/noticias\/talk-show-e-sessao-de-autografos-comemora-dez-anos-do-livro-qual-e-a-tua-obra-de-cortella.html#webpage","url":"https:\/\/franciscanos.org.br\/noticias\/talk-show-e-sessao-de-autografos-comemora-dez-anos-do-livro-qual-e-a-tua-obra-de-cortella.html","name":"'Qual \u00e9 a tua obra?' faz 10 anos com talk show e aut\u00f3grafos - Not\u00edcias - Franciscanos","isPartOf":{"@id":"https:\/\/franciscanos.org.br\/noticias\/#website"},"primaryImageOfPage":{"@id":"https:\/\/franciscanos.org.br\/noticias\/talk-show-e-sessao-de-autografos-comemora-dez-anos-do-livro-qual-e-a-tua-obra-de-cortella.html#primaryimage"},"datePublished":"2017-09-18T11:31:43+00:00","dateModified":"2019-03-08T14:58:49+00:00","author":{"@id":"https:\/\/franciscanos.org.br\/noticias\/#\/schema\/person\/b38fbf43118f02820bd932f2e4b14ad3"},"breadcrumb":{"@id":"https:\/\/franciscanos.org.br\/noticias\/talk-show-e-sessao-de-autografos-comemora-dez-anos-do-livro-qual-e-a-tua-obra-de-cortella.html#breadcrumb"},"inLanguage":"pt-BR","potentialAction":[{"@type":"ReadAction","target":["https:\/\/franciscanos.org.br\/noticias\/talk-show-e-sessao-de-autografos-comemora-dez-anos-do-livro-qual-e-a-tua-obra-de-cortella.html"]}]},{"@type":"BreadcrumbList","@id":"https:\/\/franciscanos.org.br\/noticias\/talk-show-e-sessao-de-autografos-comemora-dez-anos-do-livro-qual-e-a-tua-obra-de-cortella.html#breadcrumb","itemListElement":[{"@type":"ListItem","position":1,"name":"Home","item":"https:\/\/franciscanos.org.br\/noticias"},{"@type":"ListItem","position":2,"name":"&#8216;Qual \u00e9 a tua obra?&#8217; faz 10 anos com talk show e aut\u00f3grafos"}]},{"@type":"Person","@id":"https:\/\/franciscanos.org.br\/noticias\/#\/schema\/person\/b38fbf43118f02820bd932f2e4b14ad3","name":"admin","image":{"@type":"ImageObject","inLanguage":"pt-BR","@id":"https:\/\/franciscanos.org.br\/noticias\/#\/schema\/person\/image\/","url":"https:\/\/secure.gravatar.com\/avatar\/e8495742d34d0ba6448ea1c628263b3e?s=96&d=mm&r=g","contentUrl":"https:\/\/secure.gravatar.com\/avatar\/e8495742d34d0ba6448ea1c628263b3e?s=96&d=mm&r=g","caption":"admin"},"url":"https:\/\/franciscanos.org.br\/noticias\/author\/admin"}]}},"_links":{"self":[{"href":"https:\/\/franciscanos.org.br\/noticias\/wp-json\/wp\/v2\/posts\/141331"}],"collection":[{"href":"https:\/\/franciscanos.org.br\/noticias\/wp-json\/wp\/v2\/posts"}],"about":[{"href":"https:\/\/franciscanos.org.br\/noticias\/wp-json\/wp\/v2\/types\/post"}],"author":[{"embeddable":true,"href":"https:\/\/franciscanos.org.br\/noticias\/wp-json\/wp\/v2\/users\/1"}],"replies":[{"embeddable":true,"href":"https:\/\/franciscanos.org.br\/noticias\/wp-json\/wp\/v2\/comments?post=141331"}],"version-history":[{"count":0,"href":"https:\/\/franciscanos.org.br\/noticias\/wp-json\/wp\/v2\/posts\/141331\/revisions"}],"wp:featuredmedia":[{"embeddable":true,"href":"https:\/\/franciscanos.org.br\/noticias\/wp-json\/wp\/v2\/media\/201200"}],"wp:attachment":[{"href":"https:\/\/franciscanos.org.br\/noticias\/wp-json\/wp\/v2\/media?parent=141331"}],"wp:term":[{"taxonomy":"category","embeddable":true,"href":"https:\/\/franciscanos.org.br\/noticias\/wp-json\/wp\/v2\/categories?post=141331"},{"taxonomy":"post_tag","embeddable":true,"href":"https:\/\/franciscanos.org.br\/noticias\/wp-json\/wp\/v2\/tags?post=141331"}],"curies":[{"name":"wp","href":"https:\/\/api.w.org\/{rel}","templated":true}]}}