{"id":141229,"date":"2017-09-17T16:18:31","date_gmt":"2017-09-17T19:18:31","guid":{"rendered":"http:\/\/franciscanos.org.br\/?p=141229"},"modified":"2019-04-23T08:29:35","modified_gmt":"2019-04-23T11:29:35","slug":"d-odilo-continuem-a-dar-este-testemunho-franciscano","status":"publish","type":"post","link":"https:\/\/franciscanos.org.br\/noticias\/d-odilo-continuem-a-dar-este-testemunho-franciscano.html","title":{"rendered":"D. Odilo: Continuem este testemunho franciscano"},"content":{"rendered":"<p><strong>Moacir Beggo<\/strong><\/p>\n<p><strong>\u00a0<\/strong><strong>S\u00e3o Paulo (SP)<\/strong> &#8211; Para celebrar a festa da Impress\u00e3o das Chagas de S\u00e3o Francisco e os 370 anos do Convento S\u00e3o Francisco, a Missa em A\u00e7\u00e3o de Gra\u00e7as, neste domingo (17 de setembro), foi presidida pelo Arcebispo de S\u00e3o Paulo, D. Odilo Pedro Cardeal Scherer, \u00e0s 10h30, no Largo S\u00e3o Francisco, no centro de S\u00e3o Paulo. &#8220;Hoje, celebrando aqui, quero aproveitar para agradecer, em nome da Igreja de S\u00e3o Paulo e da Arquidiocese, \u00e0 comunidade franciscana por toda a contribui\u00e7\u00e3o dada \u00e0 vida e \u00e0 miss\u00e3o da Igreja em S\u00e3o Paulo. E tamb\u00e9m quero incentivar e encorajar os freis que hoje est\u00e3o aqui, que formam a comunidade do Convento e s\u00e3o os continuadores de uma obra que come\u00e7ou h\u00e1 muito tempo e produziu tantos e belos frutos, a continuarem a dar esse testemunho\u00a0 franciscano, t\u00e3o rico e belo, para a cidade de S\u00e3o Paulo&#8221;, disse D. Odilo, que foi acolhido pelo Guardi\u00e3o dos 370 anos, Frei M\u00e1rio Tagliari.<\/p>\n<p><img loading=\"lazy\" class=\"alignright wp-image-141231\" src=\"http:\/\/franciscanos.org.br\/wp-content\/uploads\/2017\/09\/chagas_170917_7.jpg\" alt=\"chagas_170917_7\" width=\"250\" height=\"333\" \/>O Vig\u00e1rio Provincial, Frei C\u00e9sar K\u00fclkamp, representando a Prov\u00edncia da Imaculada Concei\u00e7\u00e3o e o Ministro Provincial Frei Fid\u00eancio Vanboemmel, leu a mensagem do Ministro Geral da Ordem dos Frades Menores, Frei Michael Perry, que escreveu: &#8220;Francisco de Assis, continuamente, nos interpela a reconstruir a Igreja e a sociedade diante dos tantos desafios e exig\u00eancias da presen\u00e7a de voc\u00eas nesta comunidade e os convido, nestes 370 anos, a renovar suas for\u00e7as na miss\u00e3o que o Senhor lhes confiou. O trabalho \u00e9 \u00e1rduo e os desafios s\u00e3o muitos, contudo, \u00e9 preciso recome\u00e7ar sempre. Recome\u00e7ar porque at\u00e9 agora pouco ou nada fizemos, nos recorda o Ser\u00e1fico Pai&#8221;.<\/p>\n<p>Dom Odilo teve como concelebrantes, al\u00e9m de Frei C\u00e9sar, o Reitor e P\u00e1roco Frei Alvaci Mendes da Luz; o Guardi\u00e3o do Convento, Frei M\u00e1rio Tagliari; o Definidor Provincial, Frei Gustavo Medella, o P\u00e1roco do Pari, Frei Germano Guesser; e sacerdotes da Fraternidade. Tamb\u00e9m estavam presentes os leigos franciscanos da OFS, Jufra, religiosos e religiosas da cidade e regi\u00e3o e\u00a0os fi\u00e9is deste Santu\u00e1rio.<\/p>\n<p>O Cardeal de S\u00e3o Paulo recordou o tempo de funda\u00e7\u00e3o do Convento e do pioneirismo dos franciscanos, que formam uma das mais antigas comunidades religiosas masculinas em S\u00e3o Paulo, junto com os jesu\u00edtas, beneditinos e carmelitas. &#8220;Este anivers\u00e1rio lembra, portanto, toda a contribui\u00e7\u00e3o da comunidade franciscana para a vida e a miss\u00e3o da Igreja em S\u00e3o Paulo ao longo dos 370 anos&#8221;, disse D. Odilo, recordando tamb\u00e9m os v\u00e1rios franciscanos que foram bispos e arcebispos de S\u00e3o Paulo, entre os quais os seus predecessores, Cardeal Dom Paulo Evaristo Arns e o Cardeal Dom Cl\u00e1udio Hummes.<\/p>\n<p>&#8220;Hoje, celebrando aqui, quero aproveitar para agradecer, em nome da Igreja de S\u00e3o Paulo e da Arquidiocese, \u00e0 comunidade franciscana por toda a contribui\u00e7\u00e3o dada \u00e0 vida e \u00e0 miss\u00e3o da Igreja em S\u00e3o Paulo. E tamb\u00e9m quero incentivar e encorajar os freis que hoje est\u00e3o aqui, que formam a comunidade do Convento e s\u00e3o os continuadores de uma obra que come\u00e7ou h\u00e1 muito tempo e produziu tantos e belos frutos, a continuarem a dar esse testemunho\u00a0 franciscano, t\u00e3o rico e belo, para a cidade de S\u00e3o Paulo, que se tornou imensa e precisa muito justamente deste testemunho e desta presen\u00e7a franciscana&#8221;, acrescentou.<\/p>\n<p><img loading=\"lazy\" src=\"http:\/\/franciscanos.org.br\/wp-content\/uploads\/2017\/09\/chagas_170917_61.jpg\" alt=\"chagas_170917_6\" width=\"830\" height=\"623\" \/><\/p>\n<p><strong>A FESTA DAS CHAGAS<\/strong><\/p>\n<p>Dom Odilo recordou que a festa das Chagas de S\u00e3o Francisco nos remete ao ano de 1224 quando, no Monte Alverne, distante de Assis, Francisco vivia uma profunda crise. &#8220;Francisco viveu, digamos assim, uma profunda crise de busca, de ang\u00fastia, interrogando-se sobre a decis\u00e3o que tinha tomado e se era mesmo este caminho. Os santos podem nos parecer pessoas que tomam decis\u00f5es sem muitos problemas. Mas ao contr\u00e1rio disso, os santos tomam decis\u00f5es s\u00e9rias na vida e depois pagam caro por elas. Podem ler na vida de todos os santos e m\u00e1rtires. Mesmo os santos m\u00edsticos. Pagam caro pela decis\u00e3o de abra\u00e7ar inteiramente a gra\u00e7a de Deus. E, por isso, eles tamb\u00e9m passam por momentos de ang\u00fastia, de incertezas, e buscam a luz de Deus e a resposta de Deus para o passo a ser dado. N\u00e3o foi diferente com S\u00e3o Francisco&#8221;, explicou o Cardeal.<\/p>\n<p>&#8220;Foi assim que rezando nas montanhas centrais da It\u00e1lia, ele teve este momento de grande experi\u00eancia m\u00edstica de resposta de Deus. Resposta de Deus, de Jesus Cristo, para a sua busca. E assim apareceram as chagas de Cristo em seu corpo. Francisco, em vez de ficar apavorado, passou a viver muito serenamente, compreendendo que era a resposta de Deus&#8221;, observou D. Odilo.<\/p>\n<p><img loading=\"lazy\" src=\"http:\/\/franciscanos.org.br\/wp-content\/uploads\/2017\/09\/chagas_170917_2.jpg\" alt=\"chagas_170917_2\" width=\"830\" height=\"623\" \/><\/p>\n<p>Segundo o Arcebispo, as chagas de Cristo no corpo de Francisco era \u00a0sua identifica\u00e7\u00e3o sempre mais profunda com Cristo e com o Cristo sofredor, obediente ao Pai, com Cristo express\u00e3o da m\u00e1xima miseric\u00f3rdia de Deus pela humanidade, que se entregou inteiramente por amor \u00e0 humanidade ao ponto de se deixar pregar na cruz. &#8220;As chagas lembram a paix\u00e3o de Jesus, o momento m\u00e1ximo de sofrimento de Jesus, mas ao mesmo tempo o momento m\u00e1ximo da manifesta\u00e7\u00e3o do amor de Deus. Tanto Deus amou o mundo que entregou seu filho \u00fanico, entregou at\u00e9 o extremo, para que assim todo aquele que Nele cr\u00ea &#8211; todo aquele que olhar para Ele, como n\u00f3s recordamos h\u00e1 poucos dias na festa da Exalta\u00e7\u00e3o da Cruz, todo aquele que olhar para Ele com f\u00e9, como fez o ladr\u00e3o naquela hora no Calv\u00e1rion- tenha a vida, tenha a gra\u00e7a, tenha a miseric\u00f3rdia. Pois bem, Francisco recebendo as chagas, entendeu que era esta a resposta de Deus, a manifesta\u00e7\u00e3o sempre maior e a identifica\u00e7\u00e3o com Jesus Cristo e com o des\u00edgnio de Deus se manifestando nele&#8221;, disse.<\/p>\n<p>&#8220;Por isso, a festa das Chagas lembra este momento, e que depois se tornou constante na vida de S\u00e3o Francisco, da sua sempre maior &#8216;cristifica\u00e7\u00e3o&#8217;, que \u00e9 a identifica\u00e7\u00e3o de Francisco com Jesus. O homem mais &#8216;cristificado&#8217; que se conheceu. \u2018Cristificado\u2019 no sentido de ser mais semelhante a Jesus, atrav\u00e9s de sua vida, de suas atitudes, de suas virtudes, o homem que foi para os outros uma imagem de Jesus Cristo&#8221;, enfatizou.<\/p>\n<p>A partir dos Estigmas, segundo o Cardeal, Francisco p\u00f4de viver plenamente entregue \u00e0 gra\u00e7a de Deus. &#8220;P\u00f4de viver plenamente entregue \u00e0 miseric\u00f3rdia de Deus. N\u00e3o mais pretendendo nada de si e de suas capacidades humanas. O que contava, agora, para ele era ser todo de Cristo, ser todo de Deus, para assim ser todo dos irm\u00e3os, ser todo da humanidade, ser tudo da obra de Deus. \u00c9 por isso que ele expressa de maneira t\u00e3o bonita quando diz &#8216;Meu Deus e meu Tudo&#8217;. Tudo o resto \u00e9 pequeno diante deste Grande Bem e Supremo Bem, o Sumo Bem, este Bem que Jesus diz que n\u00e3o se pode nunca perder e nem trocar por nenhum outro. \u00a0\u00c9 tamb\u00e9m isso que S\u00e3o Francisco p\u00f4de expressar de maneira bonita quando ele faz justamente este c\u00e2ntico bonito de louvor das criaturas: &#8220;Louvado sejas, meu Senhor&#8230;&#8221; S\u00f3 lembrando que esse &#8216;Louvados sejas, Meu Senhor!&#8217; come\u00e7ou a partir do momento em que Francisco, todo desapegado de si, abra\u00e7ou o leproso e foi capaz de se tornar irm\u00e3o daquele irm\u00e3o que lhe causava asco, do qual ele queria se afastar, do qual ele se aproximou, beijou e abra\u00e7ou&#8221;, disse, recordando que a partir desta manifesta\u00e7\u00e3o de Deus, Francisco \u00e9 tudo de Deus, por isso tudo dos irm\u00e3os. &#8220;Acho que S\u00e3o Francisco nos ensina uma coisa muito importante aqui: quanto mais somos de Deus, mais somos dos outros tamb\u00e9m. Mais somos capazes de ser de todos, ser irm\u00e3o dos outros. Quanto mais somos centrados em n\u00f3s, no nosso ego\u00edsmo, nos nossos projetos, nos nossos planos, menos somos dos outros&#8221;, ensinou.<\/p>\n<p><img loading=\"lazy\" src=\"http:\/\/franciscanos.org.br\/wp-content\/uploads\/2017\/09\/chagas_170917_5.jpg\" alt=\"chagas_170917_5\" width=\"830\" height=\"623\" \/><\/p>\n<p>Dom Odilo continuou as reflex\u00f5es com as leituras do dia, e quando referiu-se \u00e0 Carta de S\u00e3o Paulo aos G\u00e1latas, lembrou que S\u00e3o Paulo dizia: &#8220;Eu trago na minha carne as marcas de Cristo&#8221;. &#8220;Em outro lugar, ele vai dizer sou todo de Cristo. S\u00e3o Francisco, de modo semelhante, diz meu viver \u00e9 Cristo. Todo o resto n\u00e3o precisa. Todo o resto passa. S\u00e3o Francisco tamb\u00e9m p\u00f4de dizer: trago em minha carne as marcas de Cristo. Da cruz de Cristo, da paix\u00e3o de Cristo&#8221;, disse D. Odilo, lembrando que todos n\u00f3s trazemos na nossa vida as marcas de Cristo quando fomos batizados.<\/p>\n<p>&#8220;N\u00f3s tamb\u00e9m trazemos as marcas de Cristo e somos convidados, como Francisco, a fazer este caminho de maior identifica\u00e7\u00e3o, de sintonia com Cristo, para sermos inteiramente dele e tamb\u00e9m inteiramente da humanidade. Ser de Jesus Cristo. Francisco fez esta experi\u00eancia profunda e, portanto, n\u00e3o o distanciou dos irm\u00e3os, pelo contr\u00e1rio, aproximou-os mais ainda. Assim como Francisco, tamb\u00e9m hoje somos convidados a olhar para Jesus Cristo e dizer: Ele me amou, ele por mim se entregou na cruz, agora o meu viver \u00e9 dele. Vivo por Ele!&#8221;<\/p>\n<p><img loading=\"lazy\" src=\"http:\/\/franciscanos.org.br\/wp-content\/uploads\/2017\/09\/chagas_170917_3.jpg\" alt=\"chagas_170917_3\" width=\"830\" height=\"623\" \/><\/p>\n<p><strong>MENSAGEM DO MINISTRO GERAL<\/strong><\/p>\n<p>Vig\u00e1rio Provincial, Frei C\u00e9sar K\u00fclkamp, leu a mensagem enviada pelo Ministro Geral por ocasi\u00e3o dos 370 anos do Convento.<\/p>\n<p><em>Prefiro uma Igreja acidentada, ferida, enlameada por ter sa\u00eddo pelas estradas a uma Igreja enferma pelo fechamento e a comodidade de se agarrar \u00e0s pr\u00f3prias seguran\u00e7as. (Do Papa Francisco, na Evangelli Gaudium)<\/em><\/p>\n<p><strong>Revdo. Sr. Arcebispo de S\u00e3o Paulo, Dom\u00a0<\/strong><strong>Odilo Pedro Cardeal Scherer<\/strong><\/p>\n<p><strong>Queridos irm\u00e3os,<\/strong><\/p>\n<p><strong>Ministro Provincial, Frei Fid\u00eancio Vanboemmel,<\/strong><\/p>\n<p><strong>Guardi\u00e3o, Frei M\u00e1rio Tagliari,<\/strong><\/p>\n<p><strong>Reitor, Frei Alvaci Mendes da Luz,<\/strong><\/p>\n<p><strong>e demais confrades residentes, amigos e fi\u00e9is da Fraternidade e Convento S\u00e3o Francisco de S\u00e3o Paulo,<\/strong><\/p>\n<p><strong>Paz e bem!<\/strong><\/p>\n<p>H\u00e1 exatos 370 anos, nossos irm\u00e3os fundaram o Convento S\u00e3o Francisco no cora\u00e7\u00e3o do que \u00e9 hoje a maior metr\u00f3pole da Am\u00e9rica do Sul. Enfrentaram os desafios das novas realidades que se apresentavam, guiados pelo Ministro Geral de nossa Ordem, o Esp\u00edrito Santo. Esses santos homens deixaram a voc\u00eas o legado de uma bela hist\u00f3ria e a responsabilidade de serem nos tempos atuais a viv\u00eancia de uma Igreja que vai ao encontro\u00a0 do outro, dos pobres, dos que precisam.<\/p>\n<p>Francisco de Assis, continuamente, nos interpela a reconstruir a Igreja e a sociedade diante dos tantos desafios e exig\u00eancias da presen\u00e7a de voc\u00eas nesta comunidade e os convido nestes 370 anos a renovar suas for\u00e7as na miss\u00e3o\u00a0 que o Senhor lhes confiou. O trabalho \u00e9 \u00e1rduo e os desafios s\u00e3o muitos, contudo, \u00e9 preciso recome\u00e7ar sempre. Recome\u00e7ar porque at\u00e9 agora pouco ou nada fizemos, nos recorda o Ser\u00e1fico Pai.<\/p>\n<p>Ao Sr. Arcebispo e a Igreja de S\u00e3o Paulo, motivados pelo mesmo Esp\u00edrito que movia\u00a0 o Pobrezinho de Assis, prometam obedi\u00eancia e rever\u00eancia como sinal de unidade. Sejam irm\u00e3os junto ao clero e ao povo desta grande cidade e fa\u00e7am deste Convento uma casa de acolhida, um lugar onde todos se sintam abra\u00e7ados e cuidados pela miseric\u00f3rdia de Deus.<\/p>\n<p>Enfim, a todos voc\u00eas que fazem parte da hist\u00f3ria do Convento S\u00e3o Francisco, convido a n\u00e3o se esquecerem da mensagem do Papa Francisco na Exorta\u00e7\u00e3o Apost\u00f3lica <em>Evangelii Gaudium<\/em>: A Igreja em sa\u00edda \u00e9 uma Igreja com as portas abertas. Sair em dire\u00e7\u00e3o aos outros para chegar \u00e0s periferias humanas n\u00e3o significa correr pelo mundo sem dire\u00e7\u00e3o nem sentido. Muitas vezes \u00e9 melhor diminuir o ritmo, p\u00f4r \u00e0 parte a ansiedade para olhar nos olhos e escutar ou renunciar \u00e0s urg\u00eancias para acompanhar quem ficou ca\u00eddo \u00e0 beira do caminho. \u00c0s vezes \u00e9 como o pai do filho pr\u00f3digo que continua com as portas abertas para que quando este voltar possa entrar sem dificuldade.<\/p>\n<p>Que este Convento e seus frades continuem sendo na cidade de S\u00e3o Paulo sinais constantes da Igreja que nos propomos ser. De minha parte, agrade\u00e7o aos que passaram, aos presentes e aos vindouros e pe\u00e7o as b\u00ean\u00e7\u00e3os de Deus a cada um e a intercess\u00e3o de S\u00e3o Francisco e Santa Clara de Assis.<\/p>\n<p><strong>Com estima e gratid\u00e3o,<\/strong><\/p>\n<p><strong>Frei Michael Anthony Perry, Ministro Geral e Servo<\/strong><\/p>\n<p><img loading=\"lazy\" src=\"http:\/\/franciscanos.org.br\/wp-content\/uploads\/2017\/09\/chagas_170917_4.jpg\" alt=\"chagas_170917_4\" width=\"830\" height=\"623\" \/><\/p>\n<p><strong>AGRADECIMENTOS<\/strong><\/p>\n<p>O reitor e p\u00e1roco do Santu\u00e1rio S\u00e3o Francisco, Frei Alvaci Mendes da Luz, fez os agradecimentos. &#8220;A gente precisa agradecer muito \u00e0queles que fazem e fizeram a hist\u00f3ria dessa Casa, desse Convento. Agradecer ao Cardeal que aceitou prontamente o convite de celebrar essa Missa de A\u00e7\u00e3o de Gra\u00e7as, agradecer aos confrades, agradecer ao Ministro Provincial, Frei Fid\u00eancio Vanboemmel, na pessoa de Frei C\u00e9sar K\u00fclkamp, o Vig\u00e1rio Provincial, todas as pastorais e movimentos deste Santu\u00e1rio e Igreja Paroquial, que tem vida neste centro de S\u00e3o Paulo, que movimenta e faz hist\u00f3ria&#8221;, disse o frade.<\/p>\n<p>Frei Alvaci fez um agradecimento especial tamb\u00e9m. &#8220;Quero agradecer \u00e0s pessoas que nos ajudaram na campanha pela pintura da fachada desta igreja. Obrigado \u00e0 Igreja de S\u00e3o Paulo por acolher os franciscanos. E como dizem os franciscanos, Paz e bem!&#8221;, desejou.<\/p>\n<p>Representando a Pascom, Rafael Faria entregou a D. Odilo um exemplar do livro sobre a hist\u00f3ria do Convento. &#8220;E que este anivers\u00e1rio dos 370 anos seja mais um belo momento desse &#8216;fazer hist\u00f3ria&#8217;. Que o carisma franciscano, que \u00e9 sempre atual, porque \u00e9 o carisma do Evangelho, \u00e9 cora\u00e7\u00e3o do Evangelho, possa ajudar a Igreja se renovar \u00a0nesse tempo que precisa muito!&#8221;, disse D. Odilo, dando a b\u00ean\u00e7\u00e3o final.<\/p>\n","protected":false},"excerpt":{"rendered":"<p>Impress\u00e3o das Chagas de S\u00e3o Francisco<\/p>\n","protected":false},"author":1,"featured_media":202964,"comment_status":"open","ping_status":"open","sticky":false,"template":"","format":"standard","meta":[],"categories":[1],"tags":[444],"acf":[],"yoast_head":"<!-- This site is optimized with the Yoast SEO plugin v19.2 - https:\/\/yoast.com\/wordpress\/plugins\/seo\/ -->\n<title>D. Odilo: Continuem este testemunho franciscano - Not\u00edcias - Franciscanos<\/title>\n<meta name=\"robots\" content=\"index, follow, max-snippet:-1, max-image-preview:large, max-video-preview:-1\" \/>\n<link rel=\"canonical\" href=\"https:\/\/franciscanos.org.br\/noticias\/d-odilo-continuem-a-dar-este-testemunho-franciscano.html\" \/>\n<meta property=\"og:locale\" content=\"pt_BR\" \/>\n<meta property=\"og:type\" content=\"article\" \/>\n<meta property=\"og:title\" content=\"D. Odilo: Continuem este testemunho franciscano - Not\u00edcias - Franciscanos\" \/>\n<meta property=\"og:description\" content=\"Impress\u00e3o das Chagas de S\u00e3o Francisco\" \/>\n<meta property=\"og:url\" content=\"https:\/\/franciscanos.org.br\/noticias\/d-odilo-continuem-a-dar-este-testemunho-franciscano.html\" \/>\n<meta property=\"og:site_name\" content=\"Not\u00edcias - Franciscanos\" \/>\n<meta property=\"article:published_time\" content=\"2017-09-17T19:18:31+00:00\" \/>\n<meta property=\"article:modified_time\" content=\"2019-04-23T11:29:35+00:00\" \/>\n<meta property=\"og:image\" content=\"https:\/\/franciscanos.org.br\/noticias\/wp-content\/uploads\/2017\/09\/chagas_170917_7.jpg\" \/>\n\t<meta property=\"og:image:width\" content=\"273\" \/>\n\t<meta property=\"og:image:height\" content=\"181\" \/>\n\t<meta property=\"og:image:type\" content=\"image\/jpeg\" \/>\n<meta name=\"author\" content=\"admin\" \/>\n<meta name=\"twitter:card\" content=\"summary_large_image\" \/>\n<meta name=\"twitter:label1\" content=\"Escrito por\" \/>\n\t<meta name=\"twitter:data1\" content=\"admin\" \/>\n\t<meta name=\"twitter:label2\" content=\"Est. tempo de leitura\" \/>\n\t<meta name=\"twitter:data2\" content=\"12 minutos\" \/>\n<script type=\"application\/ld+json\" class=\"yoast-schema-graph\">{\"@context\":\"https:\/\/schema.org\",\"@graph\":[{\"@type\":\"WebSite\",\"@id\":\"https:\/\/franciscanos.org.br\/noticias\/#website\",\"url\":\"https:\/\/franciscanos.org.br\/noticias\/\",\"name\":\"Not\u00edcias - Franciscanos\",\"description\":\"Prov\u00edncia Franciscana da Imaculada Concei\u00e7\u00e3o do Brasil - Ordem dos Frades Menores - OFM\",\"potentialAction\":[{\"@type\":\"SearchAction\",\"target\":{\"@type\":\"EntryPoint\",\"urlTemplate\":\"https:\/\/franciscanos.org.br\/noticias\/?s={search_term_string}\"},\"query-input\":\"required name=search_term_string\"}],\"inLanguage\":\"pt-BR\"},{\"@type\":\"ImageObject\",\"inLanguage\":\"pt-BR\",\"@id\":\"https:\/\/franciscanos.org.br\/noticias\/d-odilo-continuem-a-dar-este-testemunho-franciscano.html#primaryimage\",\"url\":\"https:\/\/franciscanos.org.br\/noticias\/wp-content\/uploads\/2017\/09\/chagas_170917_7.jpg\",\"contentUrl\":\"https:\/\/franciscanos.org.br\/noticias\/wp-content\/uploads\/2017\/09\/chagas_170917_7.jpg\",\"width\":273,\"height\":181},{\"@type\":\"WebPage\",\"@id\":\"https:\/\/franciscanos.org.br\/noticias\/d-odilo-continuem-a-dar-este-testemunho-franciscano.html#webpage\",\"url\":\"https:\/\/franciscanos.org.br\/noticias\/d-odilo-continuem-a-dar-este-testemunho-franciscano.html\",\"name\":\"D. Odilo: Continuem este testemunho franciscano - Not\u00edcias - Franciscanos\",\"isPartOf\":{\"@id\":\"https:\/\/franciscanos.org.br\/noticias\/#website\"},\"primaryImageOfPage\":{\"@id\":\"https:\/\/franciscanos.org.br\/noticias\/d-odilo-continuem-a-dar-este-testemunho-franciscano.html#primaryimage\"},\"datePublished\":\"2017-09-17T19:18:31+00:00\",\"dateModified\":\"2019-04-23T11:29:35+00:00\",\"author\":{\"@id\":\"https:\/\/franciscanos.org.br\/noticias\/#\/schema\/person\/b38fbf43118f02820bd932f2e4b14ad3\"},\"breadcrumb\":{\"@id\":\"https:\/\/franciscanos.org.br\/noticias\/d-odilo-continuem-a-dar-este-testemunho-franciscano.html#breadcrumb\"},\"inLanguage\":\"pt-BR\",\"potentialAction\":[{\"@type\":\"ReadAction\",\"target\":[\"https:\/\/franciscanos.org.br\/noticias\/d-odilo-continuem-a-dar-este-testemunho-franciscano.html\"]}]},{\"@type\":\"BreadcrumbList\",\"@id\":\"https:\/\/franciscanos.org.br\/noticias\/d-odilo-continuem-a-dar-este-testemunho-franciscano.html#breadcrumb\",\"itemListElement\":[{\"@type\":\"ListItem\",\"position\":1,\"name\":\"Home\",\"item\":\"https:\/\/franciscanos.org.br\/noticias\"},{\"@type\":\"ListItem\",\"position\":2,\"name\":\"D. Odilo: Continuem este testemunho franciscano\"}]},{\"@type\":\"Person\",\"@id\":\"https:\/\/franciscanos.org.br\/noticias\/#\/schema\/person\/b38fbf43118f02820bd932f2e4b14ad3\",\"name\":\"admin\",\"image\":{\"@type\":\"ImageObject\",\"inLanguage\":\"pt-BR\",\"@id\":\"https:\/\/franciscanos.org.br\/noticias\/#\/schema\/person\/image\/\",\"url\":\"https:\/\/secure.gravatar.com\/avatar\/e8495742d34d0ba6448ea1c628263b3e?s=96&d=mm&r=g\",\"contentUrl\":\"https:\/\/secure.gravatar.com\/avatar\/e8495742d34d0ba6448ea1c628263b3e?s=96&d=mm&r=g\",\"caption\":\"admin\"},\"url\":\"https:\/\/franciscanos.org.br\/noticias\/author\/admin\"}]}<\/script>\n<!-- \/ Yoast SEO plugin. -->","yoast_head_json":{"title":"D. Odilo: Continuem este testemunho franciscano - Not\u00edcias - Franciscanos","robots":{"index":"index","follow":"follow","max-snippet":"max-snippet:-1","max-image-preview":"max-image-preview:large","max-video-preview":"max-video-preview:-1"},"canonical":"https:\/\/franciscanos.org.br\/noticias\/d-odilo-continuem-a-dar-este-testemunho-franciscano.html","og_locale":"pt_BR","og_type":"article","og_title":"D. Odilo: Continuem este testemunho franciscano - Not\u00edcias - Franciscanos","og_description":"Impress\u00e3o das Chagas de S\u00e3o Francisco","og_url":"https:\/\/franciscanos.org.br\/noticias\/d-odilo-continuem-a-dar-este-testemunho-franciscano.html","og_site_name":"Not\u00edcias - Franciscanos","article_published_time":"2017-09-17T19:18:31+00:00","article_modified_time":"2019-04-23T11:29:35+00:00","og_image":[{"width":273,"height":181,"url":"https:\/\/franciscanos.org.br\/noticias\/wp-content\/uploads\/2017\/09\/chagas_170917_7.jpg","type":"image\/jpeg"}],"author":"admin","twitter_card":"summary_large_image","twitter_misc":{"Escrito por":"admin","Est. tempo de leitura":"12 minutos"},"schema":{"@context":"https:\/\/schema.org","@graph":[{"@type":"WebSite","@id":"https:\/\/franciscanos.org.br\/noticias\/#website","url":"https:\/\/franciscanos.org.br\/noticias\/","name":"Not\u00edcias - Franciscanos","description":"Prov\u00edncia Franciscana da Imaculada Concei\u00e7\u00e3o do Brasil - Ordem dos Frades Menores - OFM","potentialAction":[{"@type":"SearchAction","target":{"@type":"EntryPoint","urlTemplate":"https:\/\/franciscanos.org.br\/noticias\/?s={search_term_string}"},"query-input":"required name=search_term_string"}],"inLanguage":"pt-BR"},{"@type":"ImageObject","inLanguage":"pt-BR","@id":"https:\/\/franciscanos.org.br\/noticias\/d-odilo-continuem-a-dar-este-testemunho-franciscano.html#primaryimage","url":"https:\/\/franciscanos.org.br\/noticias\/wp-content\/uploads\/2017\/09\/chagas_170917_7.jpg","contentUrl":"https:\/\/franciscanos.org.br\/noticias\/wp-content\/uploads\/2017\/09\/chagas_170917_7.jpg","width":273,"height":181},{"@type":"WebPage","@id":"https:\/\/franciscanos.org.br\/noticias\/d-odilo-continuem-a-dar-este-testemunho-franciscano.html#webpage","url":"https:\/\/franciscanos.org.br\/noticias\/d-odilo-continuem-a-dar-este-testemunho-franciscano.html","name":"D. Odilo: Continuem este testemunho franciscano - Not\u00edcias - Franciscanos","isPartOf":{"@id":"https:\/\/franciscanos.org.br\/noticias\/#website"},"primaryImageOfPage":{"@id":"https:\/\/franciscanos.org.br\/noticias\/d-odilo-continuem-a-dar-este-testemunho-franciscano.html#primaryimage"},"datePublished":"2017-09-17T19:18:31+00:00","dateModified":"2019-04-23T11:29:35+00:00","author":{"@id":"https:\/\/franciscanos.org.br\/noticias\/#\/schema\/person\/b38fbf43118f02820bd932f2e4b14ad3"},"breadcrumb":{"@id":"https:\/\/franciscanos.org.br\/noticias\/d-odilo-continuem-a-dar-este-testemunho-franciscano.html#breadcrumb"},"inLanguage":"pt-BR","potentialAction":[{"@type":"ReadAction","target":["https:\/\/franciscanos.org.br\/noticias\/d-odilo-continuem-a-dar-este-testemunho-franciscano.html"]}]},{"@type":"BreadcrumbList","@id":"https:\/\/franciscanos.org.br\/noticias\/d-odilo-continuem-a-dar-este-testemunho-franciscano.html#breadcrumb","itemListElement":[{"@type":"ListItem","position":1,"name":"Home","item":"https:\/\/franciscanos.org.br\/noticias"},{"@type":"ListItem","position":2,"name":"D. Odilo: Continuem este testemunho franciscano"}]},{"@type":"Person","@id":"https:\/\/franciscanos.org.br\/noticias\/#\/schema\/person\/b38fbf43118f02820bd932f2e4b14ad3","name":"admin","image":{"@type":"ImageObject","inLanguage":"pt-BR","@id":"https:\/\/franciscanos.org.br\/noticias\/#\/schema\/person\/image\/","url":"https:\/\/secure.gravatar.com\/avatar\/e8495742d34d0ba6448ea1c628263b3e?s=96&d=mm&r=g","contentUrl":"https:\/\/secure.gravatar.com\/avatar\/e8495742d34d0ba6448ea1c628263b3e?s=96&d=mm&r=g","caption":"admin"},"url":"https:\/\/franciscanos.org.br\/noticias\/author\/admin"}]}},"_links":{"self":[{"href":"https:\/\/franciscanos.org.br\/noticias\/wp-json\/wp\/v2\/posts\/141229"}],"collection":[{"href":"https:\/\/franciscanos.org.br\/noticias\/wp-json\/wp\/v2\/posts"}],"about":[{"href":"https:\/\/franciscanos.org.br\/noticias\/wp-json\/wp\/v2\/types\/post"}],"author":[{"embeddable":true,"href":"https:\/\/franciscanos.org.br\/noticias\/wp-json\/wp\/v2\/users\/1"}],"replies":[{"embeddable":true,"href":"https:\/\/franciscanos.org.br\/noticias\/wp-json\/wp\/v2\/comments?post=141229"}],"version-history":[{"count":0,"href":"https:\/\/franciscanos.org.br\/noticias\/wp-json\/wp\/v2\/posts\/141229\/revisions"}],"wp:featuredmedia":[{"embeddable":true,"href":"https:\/\/franciscanos.org.br\/noticias\/wp-json\/wp\/v2\/media\/202964"}],"wp:attachment":[{"href":"https:\/\/franciscanos.org.br\/noticias\/wp-json\/wp\/v2\/media?parent=141229"}],"wp:term":[{"taxonomy":"category","embeddable":true,"href":"https:\/\/franciscanos.org.br\/noticias\/wp-json\/wp\/v2\/categories?post=141229"},{"taxonomy":"post_tag","embeddable":true,"href":"https:\/\/franciscanos.org.br\/noticias\/wp-json\/wp\/v2\/tags?post=141229"}],"curies":[{"name":"wp","href":"https:\/\/api.w.org\/{rel}","templated":true}]}}