{"id":141105,"date":"2017-09-14T08:26:41","date_gmt":"2017-09-14T11:26:41","guid":{"rendered":"http:\/\/franciscanos.org.br\/?p=141105"},"modified":"2020-06-08T17:34:31","modified_gmt":"2020-06-08T20:34:31","slug":"papa-o-misterio-de-amor-da-cruz-nao-e-masoquismo-espiritual","status":"publish","type":"post","link":"https:\/\/franciscanos.org.br\/noticias\/papa-o-misterio-de-amor-da-cruz-nao-e-masoquismo-espiritual.html","title":{"rendered":"O mist\u00e9rio da Cruz n\u00e3o \u00e9 &#8220;masoquismo&#8221; espiritual"},"content":{"rendered":"<p><img loading=\"lazy\" src=\"http:\/\/franciscanos.org.br\/wp-content\/uploads\/2017\/09\/papa_140917G.jpg\" alt=\"papa_140917G\" width=\"830\" height=\"429\" \/><\/p>\n<p><strong>Cidade do Vaticano<\/strong> \u2013 Depois de dois meses e meio de pausa, o Papa Francisco retomou na manh\u00e3 desta quinta-feira (14\/09) a celebra\u00e7\u00e3o da missa na capela da Casa Santa Marta.<br \/>\nNa festa da Exalta\u00e7\u00e3o da Cruz, na homilia o Papa advertiu para duas tenta\u00e7\u00f5es espirituais diante da cruz de Cristo: a de pensar um Cristo sem cruz, isto \u00e9, fazer Dele um \u201cmestre espiritual\u201d, e, de outro lado, pensar uma cruz sem Cristo, ou seja, n\u00e3o ter esperan\u00e7a, numa esp\u00e9cie de \u201cmasoquismo\u201d espiritual.<\/p>\n<p>O centro da reflex\u00e3o do Papa foi o mist\u00e9rio de amor constitu\u00eddo pela cruz. A Liturgia fala disso como uma \u00e1rvore, nobre e fiel. Francisco evidenciou que nem sempre \u00e9 f\u00e1cil entender a cruz. \u201cSomente com a contempla\u00e7\u00e3o se vai avante neste mist\u00e9rio de amor\u201d, afirmou. E Jesus, quando quer explic\u00e1-lo a Nicodemos, como recorda o Evangelho do dia, usa dois verbos: subir e descer. \u201cJesus desceu do C\u00e9u para levar todos n\u00f3s a subir ao C\u00e9u\u201d. \u201cEste \u00e9 o mist\u00e9rio da cruz\u201d, destacou o Papa. Na Primeira Leitura, justamente para explicar isto, S\u00e3o Paulo diz que Jesus \u201chumilhou a si mesmo\u201d, fazendo-se obediente at\u00e9 a morte de cruz:\u00a0\u201cEsta \u00e9 a descida de Jesus: at\u00e9 embaixo, \u00e0 humilha\u00e7\u00e3o, esvaziou a si mesmo por amor. E por isso, Deus o exaltou e o fez subir. Somente se n\u00f3s conseguirmos entender esta descida at\u00e9 o fim, podemos entender a salva\u00e7\u00e3o que nos oferece este mist\u00e9rio do amor.\u201d<\/p>\n<p>Por\u00e9m, notou o Papa, \u201cn\u00e3o \u00e9 f\u00e1cil, porque sempre existem tenta\u00e7\u00f5es para considerar uma metade e n\u00e3o a outra. S\u00e3o Paulo disse uma palavra forte aos G\u00e1latas \u201cquando cederam \u00e0 tenta\u00e7\u00e3o de n\u00e3o entrar no mist\u00e9rio do amor, mas de explic\u00e1-lo\u201d. Assim como a serpente encantou Eva e envenenou os israelitas no deserto, do mesmo modo foram encantados \u201cpor uma ilus\u00e3o de um Cristo sem cruz ou de uma cruz sem Cristo\u201d.<\/p>\n<p>\u201cUm Cristo sem cruz que n\u00e3o \u00e9 o Senhor: \u00e9 um mestre, nada mais que isso. \u00c9 aquele que, sem saber, talvez Nicodemos buscava. \u00c9 uma das tenta\u00e7\u00f5es. Sim, Jesus que bom o mestre, mas\u2026.sem cruz, Jesus. Quem os encantou com esta imagem? A raiva de Paulo. Jesus Cristo apresentado, mas n\u00e3o crucificado. Outra tenta\u00e7\u00e3o \u00e9 a cruz sem Cristo, a ang\u00fastia de permanecer l\u00e1 embaixo, com o peso do pecado, sem esperan\u00e7a. \u00c9 uma esp\u00e9cie de &#8220;masoquismo&#8221; espiritual. Somente a cruz, mas sem esperan\u00e7a, sem Cristo\u201d.<\/p>\n<p>Mas a cruz sem Cristo seria \u201cum mist\u00e9rio tr\u00e1gico\u201d, disse o Papa, como as trag\u00e9dias pag\u00e3s:\u00a0\u201cMas a cruz \u00e9 um mist\u00e9rio de amor, a cruz \u00e9 fiel, a cruz \u00e9 nobre. Hoje podemos tirar alguns minutos e cada um fazer uma pergunta: para mim, o Cristo crucificado \u00e9 mist\u00e9rio de amor? Eu sigo Jesus sem cruz, um mestre espiritual que nos enche de consola\u00e7\u00e3o, de bons conselhos? Sigo a cruz sem Jesus sempre me lamentando, com este &#8220;masoquismo&#8221; do esp\u00edrito? Deixo-me levar por este mist\u00e9rio do abaixamento, esvaziamento total e exalta\u00e7\u00e3o do Senhor?\u201d.<\/p>\n<p>O Papa conclui fazendo votos de que o Senhor d\u00ea a gra\u00e7a \u201cn\u00e3o digo de entender, mas de entrar\u201d neste mist\u00e9rio de amor: \u201cdepois, com o cora\u00e7\u00e3o, com a mente, com o corpo, com tudo, entenderemos alguma coisa\u201d.<\/p>\n<hr \/>\n<p><em>Fonte: Vatican News<\/em><\/p>\n","protected":false},"excerpt":{"rendered":"<p>Missa em Santa Marta<\/p>\n","protected":false},"author":1,"featured_media":201923,"comment_status":"open","ping_status":"open","sticky":false,"template":"","format":"standard","meta":[],"categories":[1428],"tags":[1586],"acf":[],"yoast_head":"<!-- This site is optimized with the Yoast SEO plugin v19.2 - https:\/\/yoast.com\/wordpress\/plugins\/seo\/ -->\n<title>O mist\u00e9rio da Cruz n\u00e3o \u00e9 &quot;masoquismo&quot; espiritual - Not\u00edcias - Franciscanos<\/title>\n<meta name=\"robots\" content=\"index, follow, max-snippet:-1, max-image-preview:large, max-video-preview:-1\" \/>\n<link rel=\"canonical\" href=\"https:\/\/franciscanos.org.br\/noticias\/papa-o-misterio-de-amor-da-cruz-nao-e-masoquismo-espiritual.html\" \/>\n<meta property=\"og:locale\" content=\"pt_BR\" \/>\n<meta property=\"og:type\" content=\"article\" \/>\n<meta property=\"og:title\" content=\"O mist\u00e9rio da Cruz n\u00e3o \u00e9 &quot;masoquismo&quot; espiritual - Not\u00edcias - Franciscanos\" \/>\n<meta property=\"og:description\" content=\"Missa em Santa Marta\" \/>\n<meta property=\"og:url\" content=\"https:\/\/franciscanos.org.br\/noticias\/papa-o-misterio-de-amor-da-cruz-nao-e-masoquismo-espiritual.html\" \/>\n<meta property=\"og:site_name\" content=\"Not\u00edcias - Franciscanos\" \/>\n<meta property=\"article:published_time\" content=\"2017-09-14T11:26:41+00:00\" \/>\n<meta property=\"article:modified_time\" content=\"2020-06-08T20:34:31+00:00\" \/>\n<meta property=\"og:image\" content=\"https:\/\/franciscanos.org.br\/noticias\/wp-content\/uploads\/2017\/09\/papa_140917G.jpg\" \/>\n\t<meta property=\"og:image:width\" content=\"273\" \/>\n\t<meta property=\"og:image:height\" content=\"181\" \/>\n\t<meta property=\"og:image:type\" content=\"image\/jpeg\" \/>\n<meta name=\"author\" content=\"admin\" \/>\n<meta name=\"twitter:card\" content=\"summary_large_image\" \/>\n<meta name=\"twitter:label1\" content=\"Escrito por\" \/>\n\t<meta name=\"twitter:data1\" content=\"admin\" \/>\n\t<meta name=\"twitter:label2\" content=\"Est. tempo de leitura\" \/>\n\t<meta name=\"twitter:data2\" content=\"3 minutos\" \/>\n<script type=\"application\/ld+json\" class=\"yoast-schema-graph\">{\"@context\":\"https:\/\/schema.org\",\"@graph\":[{\"@type\":\"WebSite\",\"@id\":\"https:\/\/franciscanos.org.br\/noticias\/#website\",\"url\":\"https:\/\/franciscanos.org.br\/noticias\/\",\"name\":\"Not\u00edcias - Franciscanos\",\"description\":\"Prov\u00edncia Franciscana da Imaculada Concei\u00e7\u00e3o do Brasil - Ordem dos Frades Menores - OFM\",\"potentialAction\":[{\"@type\":\"SearchAction\",\"target\":{\"@type\":\"EntryPoint\",\"urlTemplate\":\"https:\/\/franciscanos.org.br\/noticias\/?s={search_term_string}\"},\"query-input\":\"required name=search_term_string\"}],\"inLanguage\":\"pt-BR\"},{\"@type\":\"ImageObject\",\"inLanguage\":\"pt-BR\",\"@id\":\"https:\/\/franciscanos.org.br\/noticias\/papa-o-misterio-de-amor-da-cruz-nao-e-masoquismo-espiritual.html#primaryimage\",\"url\":\"https:\/\/franciscanos.org.br\/noticias\/wp-content\/uploads\/2017\/09\/papa_140917G.jpg\",\"contentUrl\":\"https:\/\/franciscanos.org.br\/noticias\/wp-content\/uploads\/2017\/09\/papa_140917G.jpg\",\"width\":273,\"height\":181},{\"@type\":\"WebPage\",\"@id\":\"https:\/\/franciscanos.org.br\/noticias\/papa-o-misterio-de-amor-da-cruz-nao-e-masoquismo-espiritual.html#webpage\",\"url\":\"https:\/\/franciscanos.org.br\/noticias\/papa-o-misterio-de-amor-da-cruz-nao-e-masoquismo-espiritual.html\",\"name\":\"O mist\u00e9rio da Cruz n\u00e3o \u00e9 \\\"masoquismo\\\" espiritual - Not\u00edcias - Franciscanos\",\"isPartOf\":{\"@id\":\"https:\/\/franciscanos.org.br\/noticias\/#website\"},\"primaryImageOfPage\":{\"@id\":\"https:\/\/franciscanos.org.br\/noticias\/papa-o-misterio-de-amor-da-cruz-nao-e-masoquismo-espiritual.html#primaryimage\"},\"datePublished\":\"2017-09-14T11:26:41+00:00\",\"dateModified\":\"2020-06-08T20:34:31+00:00\",\"author\":{\"@id\":\"https:\/\/franciscanos.org.br\/noticias\/#\/schema\/person\/b38fbf43118f02820bd932f2e4b14ad3\"},\"breadcrumb\":{\"@id\":\"https:\/\/franciscanos.org.br\/noticias\/papa-o-misterio-de-amor-da-cruz-nao-e-masoquismo-espiritual.html#breadcrumb\"},\"inLanguage\":\"pt-BR\",\"potentialAction\":[{\"@type\":\"ReadAction\",\"target\":[\"https:\/\/franciscanos.org.br\/noticias\/papa-o-misterio-de-amor-da-cruz-nao-e-masoquismo-espiritual.html\"]}]},{\"@type\":\"BreadcrumbList\",\"@id\":\"https:\/\/franciscanos.org.br\/noticias\/papa-o-misterio-de-amor-da-cruz-nao-e-masoquismo-espiritual.html#breadcrumb\",\"itemListElement\":[{\"@type\":\"ListItem\",\"position\":1,\"name\":\"Home\",\"item\":\"https:\/\/franciscanos.org.br\/noticias\"},{\"@type\":\"ListItem\",\"position\":2,\"name\":\"O mist\u00e9rio da Cruz n\u00e3o \u00e9 &#8220;masoquismo&#8221; espiritual\"}]},{\"@type\":\"Person\",\"@id\":\"https:\/\/franciscanos.org.br\/noticias\/#\/schema\/person\/b38fbf43118f02820bd932f2e4b14ad3\",\"name\":\"admin\",\"image\":{\"@type\":\"ImageObject\",\"inLanguage\":\"pt-BR\",\"@id\":\"https:\/\/franciscanos.org.br\/noticias\/#\/schema\/person\/image\/\",\"url\":\"https:\/\/secure.gravatar.com\/avatar\/e8495742d34d0ba6448ea1c628263b3e?s=96&d=mm&r=g\",\"contentUrl\":\"https:\/\/secure.gravatar.com\/avatar\/e8495742d34d0ba6448ea1c628263b3e?s=96&d=mm&r=g\",\"caption\":\"admin\"},\"url\":\"https:\/\/franciscanos.org.br\/noticias\/author\/admin\"}]}<\/script>\n<!-- \/ Yoast SEO plugin. -->","yoast_head_json":{"title":"O mist\u00e9rio da Cruz n\u00e3o \u00e9 \"masoquismo\" espiritual - Not\u00edcias - Franciscanos","robots":{"index":"index","follow":"follow","max-snippet":"max-snippet:-1","max-image-preview":"max-image-preview:large","max-video-preview":"max-video-preview:-1"},"canonical":"https:\/\/franciscanos.org.br\/noticias\/papa-o-misterio-de-amor-da-cruz-nao-e-masoquismo-espiritual.html","og_locale":"pt_BR","og_type":"article","og_title":"O mist\u00e9rio da Cruz n\u00e3o \u00e9 \"masoquismo\" espiritual - Not\u00edcias - Franciscanos","og_description":"Missa em Santa Marta","og_url":"https:\/\/franciscanos.org.br\/noticias\/papa-o-misterio-de-amor-da-cruz-nao-e-masoquismo-espiritual.html","og_site_name":"Not\u00edcias - Franciscanos","article_published_time":"2017-09-14T11:26:41+00:00","article_modified_time":"2020-06-08T20:34:31+00:00","og_image":[{"width":273,"height":181,"url":"https:\/\/franciscanos.org.br\/noticias\/wp-content\/uploads\/2017\/09\/papa_140917G.jpg","type":"image\/jpeg"}],"author":"admin","twitter_card":"summary_large_image","twitter_misc":{"Escrito por":"admin","Est. tempo de leitura":"3 minutos"},"schema":{"@context":"https:\/\/schema.org","@graph":[{"@type":"WebSite","@id":"https:\/\/franciscanos.org.br\/noticias\/#website","url":"https:\/\/franciscanos.org.br\/noticias\/","name":"Not\u00edcias - Franciscanos","description":"Prov\u00edncia Franciscana da Imaculada Concei\u00e7\u00e3o do Brasil - Ordem dos Frades Menores - OFM","potentialAction":[{"@type":"SearchAction","target":{"@type":"EntryPoint","urlTemplate":"https:\/\/franciscanos.org.br\/noticias\/?s={search_term_string}"},"query-input":"required name=search_term_string"}],"inLanguage":"pt-BR"},{"@type":"ImageObject","inLanguage":"pt-BR","@id":"https:\/\/franciscanos.org.br\/noticias\/papa-o-misterio-de-amor-da-cruz-nao-e-masoquismo-espiritual.html#primaryimage","url":"https:\/\/franciscanos.org.br\/noticias\/wp-content\/uploads\/2017\/09\/papa_140917G.jpg","contentUrl":"https:\/\/franciscanos.org.br\/noticias\/wp-content\/uploads\/2017\/09\/papa_140917G.jpg","width":273,"height":181},{"@type":"WebPage","@id":"https:\/\/franciscanos.org.br\/noticias\/papa-o-misterio-de-amor-da-cruz-nao-e-masoquismo-espiritual.html#webpage","url":"https:\/\/franciscanos.org.br\/noticias\/papa-o-misterio-de-amor-da-cruz-nao-e-masoquismo-espiritual.html","name":"O mist\u00e9rio da Cruz n\u00e3o \u00e9 \"masoquismo\" espiritual - Not\u00edcias - Franciscanos","isPartOf":{"@id":"https:\/\/franciscanos.org.br\/noticias\/#website"},"primaryImageOfPage":{"@id":"https:\/\/franciscanos.org.br\/noticias\/papa-o-misterio-de-amor-da-cruz-nao-e-masoquismo-espiritual.html#primaryimage"},"datePublished":"2017-09-14T11:26:41+00:00","dateModified":"2020-06-08T20:34:31+00:00","author":{"@id":"https:\/\/franciscanos.org.br\/noticias\/#\/schema\/person\/b38fbf43118f02820bd932f2e4b14ad3"},"breadcrumb":{"@id":"https:\/\/franciscanos.org.br\/noticias\/papa-o-misterio-de-amor-da-cruz-nao-e-masoquismo-espiritual.html#breadcrumb"},"inLanguage":"pt-BR","potentialAction":[{"@type":"ReadAction","target":["https:\/\/franciscanos.org.br\/noticias\/papa-o-misterio-de-amor-da-cruz-nao-e-masoquismo-espiritual.html"]}]},{"@type":"BreadcrumbList","@id":"https:\/\/franciscanos.org.br\/noticias\/papa-o-misterio-de-amor-da-cruz-nao-e-masoquismo-espiritual.html#breadcrumb","itemListElement":[{"@type":"ListItem","position":1,"name":"Home","item":"https:\/\/franciscanos.org.br\/noticias"},{"@type":"ListItem","position":2,"name":"O mist\u00e9rio da Cruz n\u00e3o \u00e9 &#8220;masoquismo&#8221; espiritual"}]},{"@type":"Person","@id":"https:\/\/franciscanos.org.br\/noticias\/#\/schema\/person\/b38fbf43118f02820bd932f2e4b14ad3","name":"admin","image":{"@type":"ImageObject","inLanguage":"pt-BR","@id":"https:\/\/franciscanos.org.br\/noticias\/#\/schema\/person\/image\/","url":"https:\/\/secure.gravatar.com\/avatar\/e8495742d34d0ba6448ea1c628263b3e?s=96&d=mm&r=g","contentUrl":"https:\/\/secure.gravatar.com\/avatar\/e8495742d34d0ba6448ea1c628263b3e?s=96&d=mm&r=g","caption":"admin"},"url":"https:\/\/franciscanos.org.br\/noticias\/author\/admin"}]}},"_links":{"self":[{"href":"https:\/\/franciscanos.org.br\/noticias\/wp-json\/wp\/v2\/posts\/141105"}],"collection":[{"href":"https:\/\/franciscanos.org.br\/noticias\/wp-json\/wp\/v2\/posts"}],"about":[{"href":"https:\/\/franciscanos.org.br\/noticias\/wp-json\/wp\/v2\/types\/post"}],"author":[{"embeddable":true,"href":"https:\/\/franciscanos.org.br\/noticias\/wp-json\/wp\/v2\/users\/1"}],"replies":[{"embeddable":true,"href":"https:\/\/franciscanos.org.br\/noticias\/wp-json\/wp\/v2\/comments?post=141105"}],"version-history":[{"count":1,"href":"https:\/\/franciscanos.org.br\/noticias\/wp-json\/wp\/v2\/posts\/141105\/revisions"}],"predecessor-version":[{"id":225253,"href":"https:\/\/franciscanos.org.br\/noticias\/wp-json\/wp\/v2\/posts\/141105\/revisions\/225253"}],"wp:featuredmedia":[{"embeddable":true,"href":"https:\/\/franciscanos.org.br\/noticias\/wp-json\/wp\/v2\/media\/201923"}],"wp:attachment":[{"href":"https:\/\/franciscanos.org.br\/noticias\/wp-json\/wp\/v2\/media?parent=141105"}],"wp:term":[{"taxonomy":"category","embeddable":true,"href":"https:\/\/franciscanos.org.br\/noticias\/wp-json\/wp\/v2\/categories?post=141105"},{"taxonomy":"post_tag","embeddable":true,"href":"https:\/\/franciscanos.org.br\/noticias\/wp-json\/wp\/v2\/tags?post=141105"}],"curies":[{"name":"wp","href":"https:\/\/api.w.org\/{rel}","templated":true}]}}