{"id":141061,"date":"2017-09-13T23:28:02","date_gmt":"2017-09-14T02:28:02","guid":{"rendered":"http:\/\/franciscanos.org.br\/?p=141061"},"modified":"2023-01-10T09:57:13","modified_gmt":"2023-01-10T12:57:13","slug":"frei-cesar-pede-o-colorido-do-carisma-franciscano-nas-paroquias","status":"publish","type":"post","link":"https:\/\/franciscanos.org.br\/noticias\/frei-cesar-pede-o-colorido-do-carisma-franciscano-nas-paroquias.html","title":{"rendered":"Por mais carisma franciscano na Frente das Par\u00f3quias"},"content":{"rendered":"<p><strong>Agudos (SP)<\/strong> &#8211; O Encontro Provincial da Frente das Par\u00f3quias, Santu\u00e1rios e Centros de Acolhimento terminou nesta quarta-feira (13\/9), ao meio-dia, no Semin\u00e1rio Santo Ant\u00f4nio de Agudos (SP) com a certeza de que agradou em cheio aos 110 participantes, entre eles 36 frades e 74 leigos. Este foi o primeiro encontro desta Frente que reuniu mais leigos, que neste \u00faltimo dia tiveram oportunidade de conhecer melhor as linhas de a\u00e7\u00e3o do Plano de Evangeliza\u00e7\u00e3o da Prov\u00edncia da Imaculada Concei\u00e7\u00e3o.<\/p>\n<p>O Vig\u00e1rio Provincial Frei C\u00e9sar K\u00fclkamp presidiu a Celebra\u00e7\u00e3o Eucar\u00edstica na manh\u00e3 desta quarta-feira e, depois na sala, fez uma apresenta\u00e7\u00e3o did\u00e1tica e pormenorizada do trabalho evangelizador desta Prov\u00edncia. &#8220;A Ordem reconhece que a Par\u00f3quia \u00e9 um campo muito importante da nossa miss\u00e3o, mas com duas caracter\u00edsticas bem importantes: em fraternidade e em minoridade&#8221;, explicou o frade.<\/p>\n<p>Segundo o Vig\u00e1rio, essa Frente \u00e9 a que mais ocupa os frades da Prov\u00edncia no universo de mais de 50 presen\u00e7as, no Brasil e em Angola, envolvendo o maior n\u00famero dos 380 frades da entidade. Como fraternidades evangelizadoras, elas s\u00e3o constitu\u00eddas tamb\u00e9m por aqueles em forma\u00e7\u00e3o, por irm\u00e3os leigos, idosos e doentes. Mas o grande volume desse trabalho evangelizador de uma fraternidade franciscana tamb\u00e9m tem seus desafios. &#8220;A gente vai a algumas Par\u00f3quias e as pessoas nem sabem quem s\u00e3o os franciscanos, apesar de ter l\u00e1 uma presen\u00e7a, \u00e0s vezes, de 60, 70 ou 80 anos e at\u00e9 mais. Tamb\u00e9m n\u00e3o h\u00e1 ali elementos do nosso carisma, como devo\u00e7\u00f5es pr\u00f3prias ou essa apresenta\u00e7\u00e3o do pr\u00f3prio carisma para que possa ser assumido tamb\u00e9m pelos leigos. Ent\u00e3o, \u00e9 importante que em um projeto da Par\u00f3quia &#8211; em comunh\u00e3o com o projeto da Igreja local, da Diocese onde se est\u00e1 &#8211; haja esse colorido do carisma franciscano&#8221;, pediu.<\/p>\n<p><img loading=\"lazy\" src=\"http:\/\/franciscanos.org.br\/wp-content\/uploads\/2017\/09\/cesar_130917_1.jpg\" alt=\"cesar_130917_1\" width=\"830\" height=\"510\" \/><\/p>\n<p>&#8220;N\u00f3s queremos ser sempre uma fraternidade nos lugares. A algu\u00e9m \u00e9 confiada a miss\u00e3o de p\u00e1roco ou de vig\u00e1rios paroquiais, com as devidas compet\u00eancias. Mas, a toda a nossa a\u00e7\u00e3o evangelizadora emana da fraternidade&#8221;, refor\u00e7ou Frei C\u00e9sar.<\/p>\n<p>Frei C\u00e9sar destacou o testemunho de uma fraternidade. &#8220;Em alguns lugares h\u00e1 pastorais muito bem organizadas, bel\u00edssimos serm\u00f5es, mas, de repente, o testemunho de um irm\u00e3o idoso, que s\u00f3 pode caminhar no meio das pessoas, \u00e9 mais eloquente e cala mais fundo na nossa alma&#8221;, lembrou o Vig\u00e1rio Provincial.<\/p>\n<p>O frade lembrou que quando o Papa faz provoca\u00e7\u00f5es para os p\u00e1rocos \u00e9 importante que, no nosso caso, leia-se no lugar <em>da palavra p\u00e1roco a palavra fraternidade<\/em>. &#8220;A gente pode perguntar assim: &#8216;Essa provoca\u00e7\u00e3o \u00e9 para os p\u00e1rocos? N\u00e3o. \u00c9 para todos! E n\u00f3s queremos ampliar isso para os leigos, na proposta da evangeliza\u00e7\u00e3o compartilhada&#8221;, acrescentou.<\/p>\n<p>Tendo como base o Plano de Evangeliza\u00e7\u00e3o, Frei C\u00e9sar destacou os riscos para a evangeliza\u00e7\u00e3o, como o clericalismo, muito abordado por Orofino no dia anterior, mas ressalvou que h\u00e1 tamb\u00e9m leigos muito clericais.<\/p>\n<p>Frei Alexandre Magno, p\u00e1roco em Curitiba, lembrou que a tomada de posse do p\u00e1roco poderia, com a ajuda do Governo Provincial junto aos Bispos, ter uma mudan\u00e7a no rito e que a posse fosse da Fraternidade. Para Frei C\u00e9sar poderia, pelo menos, haver menos acento na pessoa do p\u00e1roco e mais na fraternidade evangelizadora. Esta seria tamb\u00e9m uma oportunidade para uma catequese sobre o carisma franciscano.<\/p>\n<p><img loading=\"lazy\" src=\"http:\/\/franciscanos.org.br\/wp-content\/uploads\/2017\/09\/cesar_130917_3.jpg\" alt=\"cesar_130917_3\" width=\"830\" height=\"430\" \/><\/p>\n<p><strong>O PROTAGONISMO DOS LEIGOS<\/strong><\/p>\n<p>Frei C\u00e9sar citou que os leigos eram o dobro dos frades no encontro. &#8220;Isso \u00e9 motivo de grande alegria porque n\u00f3s queremos que esses encontros tenham sempre a presen\u00e7a de leigos. Na a\u00e7\u00e3o onde estamos, possamos nos sentir parte de uma coisa maior: a Prov\u00edncia e a Ordem. A Prov\u00edncia n\u00e3o \u00e9 s\u00f3 formada por frades. E sua a\u00e7\u00e3o n\u00e3o pode ser contada apenas no que eles fazem. S\u00f3 isso seria muito pequeno. A gente se sente forte quando olha para esse ex\u00e9rcito de colaboradores! Naquilo que ouvimos desde o primeiro dia e que foi acentuada pelo Orofino, queremos uma Igreja com o protagonismo dos leigos. E na vida franciscana queremos essa evangeliza\u00e7\u00e3o compartilhada tamb\u00e9m como sinal evidente do valor da fraternidade, n\u00e3o apenas para dentro, mas como um sinal para o mundo. Essa \u00e9 a nossa raz\u00e3o de ser&#8221;, explicou o frade.<\/p>\n<p>&#8220;Na apresenta\u00e7\u00e3o da estrutura da Igreja, feita pelo Orofino &#8211; a comunidade, a Palavra, o Papa, bispos e padres -, pela nossa voca\u00e7\u00e3o n\u00e3o participamos desta hierarquia, mas colaboramos com ela. N\u00f3s queremos ser uma fraternidade de irm\u00e3os e a nossa op\u00e7\u00e3o vocacional \u00e9 essencialmente leiga. A fraternidade acolhe irm\u00e3os ordenados, mas sem perder essa dimens\u00e3o da nossa op\u00e7\u00e3o fundamental de sermos sempre irm\u00e3os. Esse \u00e9 o ideal a ser buscado. E isso com todas as pessoas que partilham a nossa miss\u00e3o&#8221;, enfatizou Frei C\u00e9sar.<\/p>\n<p><img loading=\"lazy\" class=\"alignright size-full wp-image-141065\" src=\"http:\/\/franciscanos.org.br\/wp-content\/uploads\/2017\/09\/cesar_130917_6.jpg\" alt=\"cesar_130917_6\" width=\"830\" height=\"452\" \/><\/p>\n<p><strong>AS FRENTES DE EVANGELIZA\u00c7\u00c3O<\/strong><\/p>\n<p>Como apenas cinco pessoas, dos presentes, estiveram no \u00faltimo encontro provincial desta Frente, Frei C\u00e9sar fez uma explica\u00e7\u00e3o detalhada da presen\u00e7a evangelizadora dos franciscanos \u00a0no Brasil e na Prov\u00edncia. &#8220;N\u00f3s somos franciscanos e aqui, no Brasil, estamos divididos em nove entidades, chamadas Prov\u00edncias e Cust\u00f3dias. A nossa Prov\u00edncia Franciscana da Imaculada Concei\u00e7\u00e3o est\u00e1 presente com sua vida e sua a\u00e7\u00e3o desde Santa Catarina at\u00e9 o Esp\u00edrito Santo, aqui nesta parte mais Sul e Sudeste do Brasil. E est\u00e1 presente nos mais diferentes campos de evangeliza\u00e7\u00e3o que n\u00f3s assumimos desde 2012 em uma linha preferencial por cinco Frentes de Evangeliza\u00e7\u00e3o: Par\u00f3quias, Santu\u00e1rios e Centros de Acolhimento; Educa\u00e7\u00e3o; Comunica\u00e7\u00e3o; Solidariedade com os Empobrecidos e Miss\u00f5es&#8221;, especificou, mostrando um v\u00eddeo dessas Frentes que foi apresentado no \u00faltimo Cap\u00edtulo das Esteiras.<\/p>\n<p>&#8220;A nossa miss\u00e3o foi chegando a estes campos pela aten\u00e7\u00e3o aos sinais dos tempos, conforme as demandas e necessidades em cada lugar, como a car\u00eancia de instru\u00e7\u00e3o em diferentes per\u00edodos, de atendimento religioso, tanto dentro como fora do Brasil, comunidades onde a Igreja n\u00e3o estava constitu\u00edda e assim por diante&#8221;, disse o frade.<\/p>\n<p><img loading=\"lazy\" class=\"alignright size-full wp-image-141069\" src=\"http:\/\/franciscanos.org.br\/wp-content\/uploads\/2017\/09\/cesar_130917_p.jpg\" alt=\"cesar_130917_p\" width=\"400\" height=\"296\" \/><\/p>\n<p>\u201cPor exemplo, em Santa Catarina, muitas par\u00f3quias criadas pelos frades, hoje s\u00e3o sedes de Dioceses. Isso faz parte da miss\u00e3o de ajudar a constituir a Igreja ali e poder ir adiante para atender outras demandas. Ent\u00e3o, o desafio nosso \u00e9 estar atentos aos sinais do nosso tempo, \u00e0s necessidades da nossa presen\u00e7a. Por isso n\u00e3o estamos presos a um lugar, a uma diocese. A nossa a\u00e7\u00e3o vai aos mais diferentes campos, principalmente quando naquele lugar se v\u00ea a possibilidade de viver o carisma franciscano&#8221;, acrescentou.<\/p>\n<p>Foi pensando no planejamento dessas atividades dos frades que nasceu o Plano de Evangeliza\u00e7\u00e3o da Prov\u00edncia h\u00e1 20 anos. &#8220;N\u00f3s tivemos um pr\u00e9-plano, trabalhado de 1997 a 2003. Depois vieram quatro edi\u00e7\u00f5es, revendo e atualizando sua elabora\u00e7\u00e3o e a nossa miss\u00e3o&#8221;, observou.<\/p>\n<p>Frei C\u00e9sar explicou que o Cap\u00edtulo Provincial \u00e9 a grande assembleia dos frades e as decis\u00f5es maiores s\u00e3o tomadas conjuntamente. &#8220;O Cap\u00edtulo Provincial \u00e9 essa inst\u00e2ncia m\u00e1xima da nossa anima\u00e7\u00e3o. O Cap\u00edtulo provincial de 2012 escolheu essas cinco Frentes que vimos a\u00ed e, at\u00e9 o in\u00edcio de 2016, tivemos o trabalho de elabora\u00e7\u00e3o do plano de cada uma. Tamb\u00e9m o processo de forma\u00e7\u00e3o de nossos frades e sua forma\u00e7\u00e3o continuada, contempla as cinco Frentes de Evangeliza\u00e7\u00e3o&#8221;, lembrou.<\/p>\n<p>Neste Cap\u00edtulo de 2016 foi aprovado o Plano de Evangeliza\u00e7\u00e3o at\u00e9 2021. &#8220;A din\u00e2mica desse documento tem cinco partes: os nossos princ\u00edpios, quem n\u00f3s somos e quais os nossos valores. Queremos ser uma fraternidade, queremos viver na condi\u00e7\u00e3o de Menores, pois somos Frades Menores. Ent\u00e3o, a nossa a\u00e7\u00e3o tamb\u00e9m deve ter essa condi\u00e7\u00e3o dos menores. Jamais com arrog\u00e2ncia ou com \u2018as f\u00f3rmulas de sucesso\u2019 e sim com os princ\u00edpios pr\u00f3prios do Evangelho. Depois apresenta as inst\u00e2ncias de anima\u00e7\u00e3o, coordena\u00e7\u00e3o e comunh\u00e3o. O terceiro ponto traz as interpela\u00e7\u00f5es do mundo, da Igreja e da Ordem no nosso tempo. O quarto ponto \u00e9 o das prioridades assumidas a partir disso, e o quinto ponto trata especificamente das diretrizes para cada uma das Frentes e tamb\u00e9m da nossa forma\u00e7\u00e3o&#8221;, detalhou.<\/p>\n<p>Frei C\u00e9sar fez quest\u00e3o de ressaltar que os frades est\u00e3o em diferentes Dioceses e &#8220;jamais queremos trabalhar l\u00e1 como uma seita. N\u00f3s somos Igreja e queremos trabalhar em comunh\u00e3o, ser interpelados como igreja e ajudar tamb\u00e9m nesse caminho de constru\u00e7\u00e3o da Igreja como refletimos bastante ontem&#8221;, disse o frade, lembrando que nas par\u00f3quias n\u00e3o est\u00e3o presentes somente os frades, mas a Ordem Franciscana Secular, a Jufra, as Irm\u00e3s Franciscanas e pessoas que abra\u00e7am esse carisma para a sua vida.&#8221; Tudo isso em comunh\u00e3o. A comunh\u00e3o com os leigos tamb\u00e9m se d\u00e1 no pol\u00eamico tema do redimensionamento. \u00a0A nossa Ordem n\u00e3o \u00e9 est\u00e1tica, n\u00e3o est\u00e1 presa a um lugar. Em aten\u00e7\u00e3o aos sinais do tempo, o nosso desafio \u00e9 ir aos lugares onde ningu\u00e9m quer estar&#8221;, completou..<\/p>\n<div id=\"attachment_141066\" style=\"width: 410px\" class=\"wp-caption alignleft\"><img aria-describedby=\"caption-attachment-141066\" loading=\"lazy\" class=\"wp-image-141066 size-full\" src=\"http:\/\/franciscanos.org.br\/wp-content\/uploads\/2017\/09\/cesar_130917_4.jpg\" alt=\"cesar_130917_4\" width=\"400\" height=\"375\" \/><p id=\"caption-attachment-141066\" class=\"wp-caption-text\">Frei Ladi Antoniazzi<\/p><\/div>\n<p><strong>PARTICIPA\u00c7\u00c3O QUE LEVA \u00c0 COMUNH\u00c3O<\/strong><\/p>\n<p>Frei Ladi Antoniazzi, p\u00e1roco em Balne\u00e1rio Cambori\u00fa, fez uma s\u00edntese do dia de forma\u00e7\u00e3o dado por Francisco Orofino &#8220;dentro de uma \u00f3tica franciscana&#8221;, segundo o frade.<\/p>\n<p>&#8220;Os cinco pontos que n\u00f3s temos, poder\u00edamos colocar assim numa frase: participa\u00e7\u00e3o que leva \u00e0 comunh\u00e3o. E talvez a comunh\u00e3o seja o ponto mais dif\u00edcil entre n\u00f3s. Entre os movimentos, pastorais, equipes, servi\u00e7os, como \u00e9 dif\u00edcil! Eu sempre falo assim: antes de voc\u00ea ser Legi\u00e3o de Maria, voc\u00ea \u00e9 crist\u00e3o; antes de ser frade, voc\u00ea \u00e9 crist\u00e3o. \u00c9 isso que nos une. O resto \u00e9 op\u00e7\u00e3o. N\u00f3s queremos colocar essa participa\u00e7\u00e3o que leva a comunh\u00e3o nesses cinco pontos (leia aqui no texto de ontem). O Orofino falou muito bem isso, mas eu colocaria, dentro dessa \u00f3tica franciscana o cuidado com a cria\u00e7\u00e3o. Para n\u00f3s, ele d\u00e1 uma tonalidade franciscana. Seis pontos de uma proposta eclesial dentro de um colorido franciscano\u201d, disse Frei Ladi.<\/p>\n<p>\u201cE os tr\u00eas pontos refletidos por Orofino exercem um apelo muito importante para os franciscanos: <strong>a Sinodalidade<\/strong>, decidir juntos, n\u00e3o estamos separados. Esse ponto \u00e9 muito franciscano. Francisco dizia: v\u00e3o dois a dois. Outro ponto \u00e9 a <strong>Igreja em sa\u00edda<\/strong>. Essa Igreja em sa\u00edda \u00e9 o tal do esp\u00edrito mission\u00e1rio. Manter esse esp\u00edrito vivo e n\u00e3o ser uma Igreja de manuten\u00e7\u00e3o, de conserva\u00e7\u00e3o, mas uma Igreja que se abre para os desafios. Isso nem sempre \u00e9 f\u00e1cil porque sempre temos a agenda cheia. Mas temos que abandonar umas coisas e pegar outras. E o terceiro ponto \u00e9 a <strong>Miseric\u00f3rdia<\/strong>. Estar atento \u00e0s diferen\u00e7as e \u00e0s necessidades das pessoas, como diz o Papa Francisco e S\u00e3o Francisco: &#8216;Eu fiz miseric\u00f3rdia para com eles&#8217;. Eu fiz, eu n\u00e3o fui. Essa express\u00e3o de S\u00e3o Francisco \u00e9 uma t\u00f4nica muito forte para nossa atividade pastoral&#8221;, indicou.<\/p>\n<p>&#8220;Eu creio que \u00e9 nessa din\u00e2mica que queremos voltar cheios de \u00e2nimo e entusiasmo. N\u00e3o d\u00e1 para mudar tudo, mas um pouquinho d\u00e1 para mudar. E tenho que chegar com esse g\u00e1s. Esse encontro tem tamb\u00e9m essa finalidade de estabelecer esse novo dinamismo, essa nova vontade de, a cada dia e sempre de novo, recome\u00e7ar. N\u00e3o do zero. Recome\u00e7ar de onde estamos. Porque j\u00e1 fizemos muito e podemos fazer mais e melhor&#8221;, desejou Frei Ladi.<\/p>\n<div id=\"attachment_141067\" style=\"width: 410px\" class=\"wp-caption alignright\"><img aria-describedby=\"caption-attachment-141067\" loading=\"lazy\" class=\"wp-image-141067 size-full\" src=\"http:\/\/franciscanos.org.br\/wp-content\/uploads\/2017\/09\/cesar_130917_5.jpg\" alt=\"cesar_130917_5\" width=\"400\" height=\"408\" \/><p id=\"caption-attachment-141067\" class=\"wp-caption-text\">Iraci Lopes<\/p><\/div>\n<p><strong>SUGEST\u00d5ES E ELOGIOS<\/strong><\/p>\n<p>Por fim, enquanto Frente das Par\u00f3quias, Santu\u00e1rios e Centros de Acolhimento, na busca por um trabalho mais articulado entre todos os lugares de presen\u00e7a, tamb\u00e9m com os leigos, Frei C\u00e9sar pediu aos participantes que discutissem durante dez minutos e sugerissem a\u00e7\u00f5es para a anima\u00e7\u00e3o da Frente. Muitos pontos foram destacados para serem implementados e melhorados em cada lugar e tamb\u00e9m na anima\u00e7\u00e3o conjunta.<\/p>\n<p>Na mesma partilha, v\u00e1rias pessoas deram suas impress\u00f5es sobre o encontro e fizeram sugest\u00f5es para futuros encontros. Todas as impress\u00f5es foram elogiosas e destacaram a forma\u00e7\u00e3o dada pelo biblista Orofino,\u00a0 a explana\u00e7\u00e3o de Frei C\u00e9sar e a import\u00e2ncia da participa\u00e7\u00e3o dos leigos neste Encontro. Entre as sugest\u00f5es, foi un\u00e2nime que no pr\u00f3ximo evento haja um tempo de partilha entre os grupos das Par\u00f3quias.\u00a0 A historiadora Iraci Lopes, da Par\u00f3quia S\u00e3o Luiz Gonzaga de Xaxim (SC), resumiu bem essas impress\u00f5es: &#8220;N\u00f3s achamos, em primeiro lugar, que esse encontro foi muito bom. Foi de esclarecimentos e vai nos animar muito para darmos continuidade nas nossas Par\u00f3quias do carisma franciscano. N\u00f3s estamos chegando ao final do ano e temos, em certo momento, o planejamento paroquial. Ent\u00e3o, isso aqui tamb\u00e9m vai nos ajudar a estudar esses documentos para depois organizarmos os nossos planos de evangeliza\u00e7\u00e3o, ligando o que \u00e9 da Diocese com o carisma franciscano e essas propostas de evangeliza\u00e7\u00e3o da Prov\u00edncia. Outro ponto que poderia enriquecer ainda mais nosso encontro &#8211; e temos certeza que h\u00e1 muitas riquezas em nossas Par\u00f3quias &#8211; \u00e9 um momento de partilha das coisas positivas, tanto para dentro (diaconia) como no testemunho (martyria), para sairmos daqui conhecendo mais as Par\u00f3quias; n\u00e3o para termos uma uniformidade, mas uma unidade dentro dessa pluralidade e que a gente possa levar um incentivo para continuarmos melhores em nossos Santu\u00e1rios e Par\u00f3quias&#8221;, pediu.<\/p>\n<p>Frei Germano, coordenador da Frente das Par\u00f3quias, destacou a boa participa\u00e7\u00e3o dos leigos e acredita que a Frente ter\u00e1 um novo impulso a partir deste encontro. \u201cGostaria de agradecer \u00e0 participa\u00e7\u00e3o de todos, leigos e frades, e desejo de cora\u00e7\u00e3o que esse encontro revigore a esperan\u00e7a de vivermos de fato a participa\u00e7\u00e3o que leva \u00e0 comunh\u00e3o\u201d, finalizou.<\/p>\n<p>O pr\u00f3ximo Encontro Provincial, em 2018, ficou marcado para a data de 27 a 29 de agosto.<\/p>\n<hr \/>\n<p><em>Comunica\u00e7\u00e3o da Prov\u00edncia da Imaculada Concei\u00e7\u00e3o<\/em><\/p>\n","protected":false},"excerpt":{"rendered":"<p>Encontro Provincial<\/p>\n","protected":false},"author":1,"featured_media":201911,"comment_status":"open","ping_status":"open","sticky":false,"template":"","format":"standard","meta":[],"categories":[1],"tags":[1145],"acf":[],"yoast_head":"<!-- This site is optimized with the Yoast SEO plugin v19.2 - https:\/\/yoast.com\/wordpress\/plugins\/seo\/ -->\n<title>Por mais carisma franciscano na Frente das Par\u00f3quias - Not\u00edcias - Franciscanos<\/title>\n<meta name=\"robots\" content=\"index, follow, max-snippet:-1, max-image-preview:large, max-video-preview:-1\" \/>\n<link rel=\"canonical\" href=\"https:\/\/franciscanos.org.br\/noticias\/frei-cesar-pede-o-colorido-do-carisma-franciscano-nas-paroquias.html\" \/>\n<meta property=\"og:locale\" content=\"pt_BR\" \/>\n<meta property=\"og:type\" content=\"article\" \/>\n<meta property=\"og:title\" content=\"Por mais carisma franciscano na Frente das Par\u00f3quias - Not\u00edcias - Franciscanos\" \/>\n<meta property=\"og:description\" content=\"Encontro Provincial\" \/>\n<meta property=\"og:url\" content=\"https:\/\/franciscanos.org.br\/noticias\/frei-cesar-pede-o-colorido-do-carisma-franciscano-nas-paroquias.html\" \/>\n<meta property=\"og:site_name\" content=\"Not\u00edcias - Franciscanos\" \/>\n<meta property=\"article:published_time\" content=\"2017-09-14T02:28:02+00:00\" \/>\n<meta property=\"article:modified_time\" content=\"2023-01-10T12:57:13+00:00\" \/>\n<meta property=\"og:image\" content=\"https:\/\/franciscanos.org.br\/noticias\/wp-content\/uploads\/2017\/09\/cesar_130917_1.jpg\" \/>\n\t<meta property=\"og:image:width\" content=\"273\" \/>\n\t<meta property=\"og:image:height\" content=\"181\" \/>\n\t<meta property=\"og:image:type\" content=\"image\/jpeg\" \/>\n<meta name=\"author\" content=\"admin\" \/>\n<meta name=\"twitter:card\" content=\"summary_large_image\" \/>\n<meta name=\"twitter:label1\" content=\"Escrito por\" \/>\n\t<meta name=\"twitter:data1\" content=\"admin\" \/>\n\t<meta name=\"twitter:label2\" content=\"Est. tempo de leitura\" \/>\n\t<meta name=\"twitter:data2\" content=\"12 minutos\" \/>\n<script type=\"application\/ld+json\" class=\"yoast-schema-graph\">{\"@context\":\"https:\/\/schema.org\",\"@graph\":[{\"@type\":\"WebSite\",\"@id\":\"https:\/\/franciscanos.org.br\/noticias\/#website\",\"url\":\"https:\/\/franciscanos.org.br\/noticias\/\",\"name\":\"Not\u00edcias - Franciscanos\",\"description\":\"Prov\u00edncia Franciscana da Imaculada Concei\u00e7\u00e3o do Brasil - Ordem dos Frades Menores - OFM\",\"potentialAction\":[{\"@type\":\"SearchAction\",\"target\":{\"@type\":\"EntryPoint\",\"urlTemplate\":\"https:\/\/franciscanos.org.br\/noticias\/?s={search_term_string}\"},\"query-input\":\"required name=search_term_string\"}],\"inLanguage\":\"pt-BR\"},{\"@type\":\"ImageObject\",\"inLanguage\":\"pt-BR\",\"@id\":\"https:\/\/franciscanos.org.br\/noticias\/frei-cesar-pede-o-colorido-do-carisma-franciscano-nas-paroquias.html#primaryimage\",\"url\":\"https:\/\/franciscanos.org.br\/noticias\/wp-content\/uploads\/2017\/09\/cesar_130917_1.jpg\",\"contentUrl\":\"https:\/\/franciscanos.org.br\/noticias\/wp-content\/uploads\/2017\/09\/cesar_130917_1.jpg\",\"width\":273,\"height\":181},{\"@type\":\"WebPage\",\"@id\":\"https:\/\/franciscanos.org.br\/noticias\/frei-cesar-pede-o-colorido-do-carisma-franciscano-nas-paroquias.html#webpage\",\"url\":\"https:\/\/franciscanos.org.br\/noticias\/frei-cesar-pede-o-colorido-do-carisma-franciscano-nas-paroquias.html\",\"name\":\"Por mais carisma franciscano na Frente das Par\u00f3quias - Not\u00edcias - Franciscanos\",\"isPartOf\":{\"@id\":\"https:\/\/franciscanos.org.br\/noticias\/#website\"},\"primaryImageOfPage\":{\"@id\":\"https:\/\/franciscanos.org.br\/noticias\/frei-cesar-pede-o-colorido-do-carisma-franciscano-nas-paroquias.html#primaryimage\"},\"datePublished\":\"2017-09-14T02:28:02+00:00\",\"dateModified\":\"2023-01-10T12:57:13+00:00\",\"author\":{\"@id\":\"https:\/\/franciscanos.org.br\/noticias\/#\/schema\/person\/b38fbf43118f02820bd932f2e4b14ad3\"},\"breadcrumb\":{\"@id\":\"https:\/\/franciscanos.org.br\/noticias\/frei-cesar-pede-o-colorido-do-carisma-franciscano-nas-paroquias.html#breadcrumb\"},\"inLanguage\":\"pt-BR\",\"potentialAction\":[{\"@type\":\"ReadAction\",\"target\":[\"https:\/\/franciscanos.org.br\/noticias\/frei-cesar-pede-o-colorido-do-carisma-franciscano-nas-paroquias.html\"]}]},{\"@type\":\"BreadcrumbList\",\"@id\":\"https:\/\/franciscanos.org.br\/noticias\/frei-cesar-pede-o-colorido-do-carisma-franciscano-nas-paroquias.html#breadcrumb\",\"itemListElement\":[{\"@type\":\"ListItem\",\"position\":1,\"name\":\"Home\",\"item\":\"https:\/\/franciscanos.org.br\/noticias\"},{\"@type\":\"ListItem\",\"position\":2,\"name\":\"Por mais carisma franciscano na Frente das Par\u00f3quias\"}]},{\"@type\":\"Person\",\"@id\":\"https:\/\/franciscanos.org.br\/noticias\/#\/schema\/person\/b38fbf43118f02820bd932f2e4b14ad3\",\"name\":\"admin\",\"image\":{\"@type\":\"ImageObject\",\"inLanguage\":\"pt-BR\",\"@id\":\"https:\/\/franciscanos.org.br\/noticias\/#\/schema\/person\/image\/\",\"url\":\"https:\/\/secure.gravatar.com\/avatar\/e8495742d34d0ba6448ea1c628263b3e?s=96&d=mm&r=g\",\"contentUrl\":\"https:\/\/secure.gravatar.com\/avatar\/e8495742d34d0ba6448ea1c628263b3e?s=96&d=mm&r=g\",\"caption\":\"admin\"},\"url\":\"https:\/\/franciscanos.org.br\/noticias\/author\/admin\"}]}<\/script>\n<!-- \/ Yoast SEO plugin. -->","yoast_head_json":{"title":"Por mais carisma franciscano na Frente das Par\u00f3quias - Not\u00edcias - Franciscanos","robots":{"index":"index","follow":"follow","max-snippet":"max-snippet:-1","max-image-preview":"max-image-preview:large","max-video-preview":"max-video-preview:-1"},"canonical":"https:\/\/franciscanos.org.br\/noticias\/frei-cesar-pede-o-colorido-do-carisma-franciscano-nas-paroquias.html","og_locale":"pt_BR","og_type":"article","og_title":"Por mais carisma franciscano na Frente das Par\u00f3quias - Not\u00edcias - Franciscanos","og_description":"Encontro Provincial","og_url":"https:\/\/franciscanos.org.br\/noticias\/frei-cesar-pede-o-colorido-do-carisma-franciscano-nas-paroquias.html","og_site_name":"Not\u00edcias - Franciscanos","article_published_time":"2017-09-14T02:28:02+00:00","article_modified_time":"2023-01-10T12:57:13+00:00","og_image":[{"width":273,"height":181,"url":"https:\/\/franciscanos.org.br\/noticias\/wp-content\/uploads\/2017\/09\/cesar_130917_1.jpg","type":"image\/jpeg"}],"author":"admin","twitter_card":"summary_large_image","twitter_misc":{"Escrito por":"admin","Est. tempo de leitura":"12 minutos"},"schema":{"@context":"https:\/\/schema.org","@graph":[{"@type":"WebSite","@id":"https:\/\/franciscanos.org.br\/noticias\/#website","url":"https:\/\/franciscanos.org.br\/noticias\/","name":"Not\u00edcias - Franciscanos","description":"Prov\u00edncia Franciscana da Imaculada Concei\u00e7\u00e3o do Brasil - Ordem dos Frades Menores - OFM","potentialAction":[{"@type":"SearchAction","target":{"@type":"EntryPoint","urlTemplate":"https:\/\/franciscanos.org.br\/noticias\/?s={search_term_string}"},"query-input":"required name=search_term_string"}],"inLanguage":"pt-BR"},{"@type":"ImageObject","inLanguage":"pt-BR","@id":"https:\/\/franciscanos.org.br\/noticias\/frei-cesar-pede-o-colorido-do-carisma-franciscano-nas-paroquias.html#primaryimage","url":"https:\/\/franciscanos.org.br\/noticias\/wp-content\/uploads\/2017\/09\/cesar_130917_1.jpg","contentUrl":"https:\/\/franciscanos.org.br\/noticias\/wp-content\/uploads\/2017\/09\/cesar_130917_1.jpg","width":273,"height":181},{"@type":"WebPage","@id":"https:\/\/franciscanos.org.br\/noticias\/frei-cesar-pede-o-colorido-do-carisma-franciscano-nas-paroquias.html#webpage","url":"https:\/\/franciscanos.org.br\/noticias\/frei-cesar-pede-o-colorido-do-carisma-franciscano-nas-paroquias.html","name":"Por mais carisma franciscano na Frente das Par\u00f3quias - Not\u00edcias - Franciscanos","isPartOf":{"@id":"https:\/\/franciscanos.org.br\/noticias\/#website"},"primaryImageOfPage":{"@id":"https:\/\/franciscanos.org.br\/noticias\/frei-cesar-pede-o-colorido-do-carisma-franciscano-nas-paroquias.html#primaryimage"},"datePublished":"2017-09-14T02:28:02+00:00","dateModified":"2023-01-10T12:57:13+00:00","author":{"@id":"https:\/\/franciscanos.org.br\/noticias\/#\/schema\/person\/b38fbf43118f02820bd932f2e4b14ad3"},"breadcrumb":{"@id":"https:\/\/franciscanos.org.br\/noticias\/frei-cesar-pede-o-colorido-do-carisma-franciscano-nas-paroquias.html#breadcrumb"},"inLanguage":"pt-BR","potentialAction":[{"@type":"ReadAction","target":["https:\/\/franciscanos.org.br\/noticias\/frei-cesar-pede-o-colorido-do-carisma-franciscano-nas-paroquias.html"]}]},{"@type":"BreadcrumbList","@id":"https:\/\/franciscanos.org.br\/noticias\/frei-cesar-pede-o-colorido-do-carisma-franciscano-nas-paroquias.html#breadcrumb","itemListElement":[{"@type":"ListItem","position":1,"name":"Home","item":"https:\/\/franciscanos.org.br\/noticias"},{"@type":"ListItem","position":2,"name":"Por mais carisma franciscano na Frente das Par\u00f3quias"}]},{"@type":"Person","@id":"https:\/\/franciscanos.org.br\/noticias\/#\/schema\/person\/b38fbf43118f02820bd932f2e4b14ad3","name":"admin","image":{"@type":"ImageObject","inLanguage":"pt-BR","@id":"https:\/\/franciscanos.org.br\/noticias\/#\/schema\/person\/image\/","url":"https:\/\/secure.gravatar.com\/avatar\/e8495742d34d0ba6448ea1c628263b3e?s=96&d=mm&r=g","contentUrl":"https:\/\/secure.gravatar.com\/avatar\/e8495742d34d0ba6448ea1c628263b3e?s=96&d=mm&r=g","caption":"admin"},"url":"https:\/\/franciscanos.org.br\/noticias\/author\/admin"}]}},"_links":{"self":[{"href":"https:\/\/franciscanos.org.br\/noticias\/wp-json\/wp\/v2\/posts\/141061"}],"collection":[{"href":"https:\/\/franciscanos.org.br\/noticias\/wp-json\/wp\/v2\/posts"}],"about":[{"href":"https:\/\/franciscanos.org.br\/noticias\/wp-json\/wp\/v2\/types\/post"}],"author":[{"embeddable":true,"href":"https:\/\/franciscanos.org.br\/noticias\/wp-json\/wp\/v2\/users\/1"}],"replies":[{"embeddable":true,"href":"https:\/\/franciscanos.org.br\/noticias\/wp-json\/wp\/v2\/comments?post=141061"}],"version-history":[{"count":1,"href":"https:\/\/franciscanos.org.br\/noticias\/wp-json\/wp\/v2\/posts\/141061\/revisions"}],"predecessor-version":[{"id":241684,"href":"https:\/\/franciscanos.org.br\/noticias\/wp-json\/wp\/v2\/posts\/141061\/revisions\/241684"}],"wp:featuredmedia":[{"embeddable":true,"href":"https:\/\/franciscanos.org.br\/noticias\/wp-json\/wp\/v2\/media\/201911"}],"wp:attachment":[{"href":"https:\/\/franciscanos.org.br\/noticias\/wp-json\/wp\/v2\/media?parent=141061"}],"wp:term":[{"taxonomy":"category","embeddable":true,"href":"https:\/\/franciscanos.org.br\/noticias\/wp-json\/wp\/v2\/categories?post=141061"},{"taxonomy":"post_tag","embeddable":true,"href":"https:\/\/franciscanos.org.br\/noticias\/wp-json\/wp\/v2\/tags?post=141061"}],"curies":[{"name":"wp","href":"https:\/\/api.w.org\/{rel}","templated":true}]}}