{"id":140998,"date":"2017-09-13T10:14:41","date_gmt":"2017-09-13T13:14:41","guid":{"rendered":"http:\/\/franciscanos.org.br\/?p=140998"},"modified":"2019-01-17T13:03:19","modified_gmt":"2019-01-17T15:03:19","slug":"lancamentos-da-semana-31","status":"publish","type":"post","link":"https:\/\/franciscanos.org.br\/noticias\/lancamentos-da-semana-31.html","title":{"rendered":"Lan\u00e7amentos da Semana"},"content":{"rendered":"<h3><strong><a href=\"http:\/\/franciscanos.org.br\/wp-content\/uploads\/2017\/09\/a-aguia.jpg\"><img loading=\"lazy\" class=\"alignleft size-full wp-image-141003\" src=\"http:\/\/franciscanos.org.br\/wp-content\/uploads\/2017\/09\/a-aguia.jpg\" alt=\"a-aguia\" width=\"200\" height=\"307\" \/><\/a>A \u00e1guia e a galinha<br \/>\n<\/strong><strong>Uma met\u00e1fora da condi\u00e7\u00e3o humana<\/strong><\/h3>\n<p><strong>Leonardo Boff<\/strong><\/p>\n<p>Fil\u00f3sofos como Mario Sergio Cortella, Cl\u00f3vis de Barros Filho e Leandro Karnal ocupam a lista dos mais vendidos com publica\u00e7\u00f5es de Filosofia para o leitor n\u00e3o especializado. Mas l\u00e1 em 1997, Leonardo Boff j\u00e1 conquistava esse p\u00fablico com a obra de Filosofia &#8220;A \u00e1guia e a galinha &#8211; Uma met\u00e1fora da condi\u00e7\u00e3o humana&#8221;, chegando a lista dos mais vendidos. A obra est\u00e1 na 52\u00ba edi\u00e7\u00e3o e contabiliza mais de 500 mil exemplares vendidos.<\/p>\n<p>Para comemorar estes 20 anos de sucesso, a Editora Vozes traz uma edi\u00e7\u00e3o comemorativa retr\u00f4 desta hist\u00f3rica obra. A tiragem de 20 mil exemplares possibilitou a fixa\u00e7\u00e3o de um pre\u00e7o mais acess\u00edvel, R$ 19,90.<\/p>\n<p>Conforme Boff explica na obra: \u201cExiste em todas as pessoas a dimens\u00e3o galinha, que \u00e9 a inser\u00e7\u00e3o no mundo concreto e suas limita\u00e7\u00f5es, e a dimens\u00e3o \u00e1guia, que s\u00e3o os sonhos e a vontade de crescer.\u201d<\/p>\n<p>Nesta obra, o autor busca animar os leitores a crescerem humanamente, a fim de saberem utilizar as energias presentes tanto na \u00e1guia quanto na galinha. O que se espera \u00e9 uma reflex\u00e3o instigante e entusiasmo na busca da identidade pessoal.<\/p>\n<p style=\"padding-left: 30px;\"><strong>Leonardo Boff<\/strong><em>, 1938, doutorou-se em Munique em teologia sistem\u00e1tica. Foi professor de teologia por 22 anos no Instituo Teol\u00f3gico Franciscano de Petr\u00f3polis, posteriormente doutorou-se em filosofia na UERJ e foi professor de \u00c9tica, Filosofia da Religi\u00e3o e Ecologia Filos\u00f3fica na Universidade do Rio de Janeiro. Foi professor visitante em v\u00e1rias universidades europeias. Foi editor religioso por muitos anos da Editora Vozes e coordenou a publica\u00e7\u00e3o da obra completa de C.G.Jung. \u00c9 portador do pr\u00eamio Nobel alternativo da Paz de 2001 pelo Parlamento sueco. \u00c9 detentor de v\u00e1rios t\u00edtulos de doutorado honoris causa de distintas Universidades.<\/em><\/p>\n<p><strong>N\u00ba DE P\u00c1GINAS<\/strong><strong>: 136<\/strong><\/p>\n<p>&nbsp;<\/p>\n<h3><strong><a href=\"http:\/\/franciscanos.org.br\/wp-content\/uploads\/2017\/09\/teologia.jpg\"><img loading=\"lazy\" class=\"alignleft size-full wp-image-141004\" src=\"http:\/\/franciscanos.org.br\/wp-content\/uploads\/2017\/09\/teologia.jpg\" alt=\"teologia\" width=\"200\" height=\"311\" \/><\/a>Teologia latino-americana<br \/>\n<\/strong><strong>Ra\u00edzes e ramos<\/strong><\/h3>\n<p><strong>Maria Clara Bingemer<\/strong><\/p>\n<p>As ra\u00edzes hist\u00f3ricas da Teologia latino-americana se estendem para al\u00e9m da era Vaticano II e suas consequ\u00eancias imediatas. Essas ra\u00edzes est\u00e3o na tradi\u00e7\u00e3o prof\u00e9tica dos evangelizadores e mission\u00e1rios dos primeiros tempos coloniais na Am\u00e9rica Latina. Eles s\u00e3o a fonte do tipo de compreens\u00e3o social e eclesial que surgiu nos anos ap\u00f3s o conc\u00edlio \u2013 d\u00e9cadas de 70 e 80 \u2013 e que est\u00e3o ressurgindo hoje com nova for\u00e7a e vigor.<\/p>\n<p>As coisas mudaram radicalmente no Vaticano desde que Francisco se tornou papa. O papa latino-americano voltou novamente os olhos do mundo para a Igreja e a teologia deste continente. Neste renascimento, uma das coisas mais importantes \u00e9 a nova credibilidade dada \u00e0 teologia nascida na Am\u00e9rica Latina. Esse \u00e9 o prop\u00f3sito deste livro, que teve sua origem nas Confer\u00eancias Duffy, proferidas no Boston College.<\/p>\n<p style=\"padding-left: 30px;\"><strong>Maria Clara Bingemer<\/strong><em>\u00a0\u00e9 professora titular do departamento de Teologia da PUC-Rio e coordenadora da C\u00e1tedra Carlo Maria Martini da mesma Universidade. Seus interesses de pesquisa nos \u00faltimos anos t\u00eam sido a quest\u00e3o de Deus, a m\u00edstica contempor\u00e2nea e a categoria de testemunho na teologia latino-americana.\u00a0\u00a0Tamb\u00e9m tem trabalhado com bastante intensidade na interface entre Teologia e Literatura.\u00a0\u00a0Entre seus recentes trabalhos est\u00e3o:\u00a0Teologia e Literatura \u2013 afinidades e segredos compartilhados\u00a0(Vozes, 2015);\u00a0Finitude e Mist\u00e9rio. M\u00edstica e literatura moderna\u00a0com J. Sudario Cabral (org) (Editora PUC-Rio\/Editora Mauad, 2014);\u00a0Simone Weil: m\u00edstica da paix\u00e3o e da compaix\u00e3o\u00a0(EDUSC, 2014);\u00a0O mist\u00e9rio e o mundo. Paix\u00e3o por Deus em tempos de descren\u00e7a(Rocco, 2013);\u00a0Cr\u00f4nicas de c\u00e1 e de l\u00e1\u00a0(Subiaco, 2012); com E. Yunes\u00a0Bem e Mal em Guimar\u00e3es Rosa(Editora PUC-Rio \/ Uap\u00ea, 2009); com E. Yunes (org)\u00a0Murilo,\u00a0Cecilia e Drummond. 100 anos com Deus na poesia brasileira\u00a0(Loyola, 2004);\u00a0A argila e o esp\u00edrito. Ensaios sobre \u00e9tica, m\u00edstica e g\u00eanero\u00a0(Garamond, 2004).<\/em><\/p>\n<p><strong>N\u00ba DE P\u00c1GINAS<\/strong><strong>: 136<\/strong><\/p>\n<p>&nbsp;<\/p>\n<h3><strong><a href=\"http:\/\/franciscanos.org.br\/wp-content\/uploads\/2017\/09\/o-sujeito.jpg\"><img loading=\"lazy\" class=\"alignleft size-full wp-image-141005\" src=\"http:\/\/franciscanos.org.br\/wp-content\/uploads\/2017\/09\/o-sujeito.jpg\" alt=\"o-sujeito\" width=\"200\" height=\"309\" \/><\/a>O sujeito e a m\u00e1scara<br \/>\n<\/strong><strong>Nietzsche e o problema da liberta\u00e7\u00e3o<\/strong><\/h3>\n<p><strong>Gianni Vattimo<\/strong><\/p>\n<p>O fio condutor desta leitura de Nietzsche \u00e9 o conceito de m\u00e1scara. O termo n\u00e3o aparece na obra nietzschiana com tanta frequ\u00eancia como outros, mas a ele \u00e9 poss\u00edvel remeter muitos outros conceitos, como os de fic\u00e7\u00e3o, ilus\u00e3o, verdade que se tornou f\u00e1bula, geralmente empregados para definir e discutir o problema da rela\u00e7\u00e3o do homem com o mundo dos s\u00edmbolos. A m\u00e1scara \u00e9 fio condutor porque \u00e9 na elabora\u00e7\u00e3o desse problema, desde as obras da juventude, que se desenvolvem as premissas sobre as quais ser\u00e3o constru\u00eddos os teoremas positivos essenciais da filosofia nietzschiana.<\/p>\n<p style=\"padding-left: 30px;\"><strong>Gianni Vattimo<\/strong><em> nasceu em 1936, em Turim, It\u00e1lia. Fil\u00f3sofo e pol\u00edtico, \u00e9 um dos expoentes do p\u00f3s-modernismo europeu. Especializou-se em Heilderberg, Alemanha, \u00e9 professor na It\u00e1lia e em diversas universidades dos Estados Unidos. Recebeu o t\u00edtulo de Doutor Honoris Causa das Universidades de La Plata, Palermo e Madri. \u00c9 autor de dezenas de obras e uma das figuras mais expressivas e atuantes no pensamento pol\u00edtico atual. Dele tamb\u00e9m, Vozes publicou \u201cAdeus \u00e0 verdade\u201d.<\/em><\/p>\n<p><strong>N\u00ba DE P\u00c1GINAS<\/strong><strong>: 448<\/strong><\/p>\n<p>&nbsp;<\/p>\n<h3><strong><a href=\"http:\/\/franciscanos.org.br\/wp-content\/uploads\/2017\/09\/o-nascimento.jpg\"><img loading=\"lazy\" class=\"alignleft size-full wp-image-141006\" src=\"http:\/\/franciscanos.org.br\/wp-content\/uploads\/2017\/09\/o-nascimento.jpg\" alt=\"o-nascimento\" width=\"200\" height=\"305\" \/><\/a>O nascimento do purgat\u00f3rio<\/strong><\/h3>\n<p><strong>Jacques Le Goff<\/strong><\/p>\n<p>A cren\u00e7a na possibilidade de redimir certos pecados ap\u00f3s a morte tem acompanhado os crist\u00e3os desde os primeiros s\u00e9culos do cristianismo. Mas no sistema dualista do al\u00e9m, entre o C\u00e9u e o Inferno, n\u00e3o havia lugar para o cumprimento das penas purgatoriais. Foi necess\u00e1rio esperar at\u00e9 o final do s\u00e9culo XII para o aparecimento da palavra Purgat\u00f3rio, para que este se tornasse um terceiro lugar do al\u00e9m em uma nova geografia do outro mundo.<\/p>\n<p>Assim, o Purgat\u00f3rio se insere em uma revolu\u00e7\u00e3o mental e social que substitui os sistemas dualistas por sistemas que introduzem a no\u00e7\u00e3o de um plano intermedi\u00e1rio que torna aritm\u00e9tica a vida espiritual. Este Purgat\u00f3rio \u00e9 tamb\u00e9m o triunfo do julgamento individual em novas rela\u00e7\u00f5es entre os vivos e os mortos.<\/p>\n<p>A presente pesquisa percorre as transforma\u00e7\u00f5es do nascimento do Purgat\u00f3rio desde a antiguidade at\u00e9 a <em>Divina Com\u00e9dia<\/em> de Dante. De fato, seu nascimento \u00e9 um dos principais epis\u00f3dios da hist\u00f3ria espiritual e social do Ocidente.<\/p>\n<p style=\"padding-left: 30px;\"><strong>Jacques Le Goff<em>,<\/em><\/strong><em> reconhecido mundialmente como um dos maiores historiadores atuais, especialista em Hist\u00f3ria Europ\u00e9ia e Idade M\u00e9dia, herdeiro da Escola\u00a0 dos Anais, \u00e9 diretor-honor\u00e1rio na Escola de Altos Estudos em Ci\u00eancias Sociais, em Paris. \u00c9 autor de mais de vinte obras historiogr\u00e1ficas, dentre elas, tem publicado pela Editora Vozes, As ra\u00edzes medievais da Europa (2007), Uma breve hist\u00f3ria da Europa (2008); Her\u00f3is e maravilhas da Idade M\u00e9dia (2009);Para uma outra Idade M\u00e9dia (2013) e A Civiliza\u00e7\u00e3o do Ocidente Medieval (2016).<\/em><\/p>\n<p><strong>N\u00ba DE P\u00c1GINAS<\/strong><strong>: 576<\/strong><\/p>\n<p>&nbsp;<\/p>\n<h3><strong><a href=\"http:\/\/franciscanos.org.br\/wp-content\/uploads\/2017\/09\/minds.jpg\"><img loading=\"lazy\" class=\"alignleft size-full wp-image-141007\" src=\"http:\/\/franciscanos.org.br\/wp-content\/uploads\/2017\/09\/minds.jpg\" alt=\"minds\" width=\"200\" height=\"307\" \/><\/a>Mindsets<br \/>\n<\/strong><strong>Altere suas percep\u00e7\u00f5es, crie novas perspectivas e mude seu modo de pensar<\/strong><\/h3>\n<p><strong>Mike George<\/strong><\/p>\n<p>Por que t\u00e3o poucas pessoas mudam de verdade e profundamente, mesmo quando querem?<\/p>\n<p>Por que quase todas as t\u00e9cnicas e os m\u00e9todos que prometem \u201cliberar seu potencial\u201d e \u201ctransformar sua vida\u201d raramente funcionam?<\/p>\n<p>Por que tantas pessoas aprendem tantas maneiras de relaxar, mas ainda sofrem de estresse?<\/p>\n<p><strong><em>Porque elas n\u00e3o alteram a sua MENTALIDADE!<\/em><\/strong><\/p>\n<p>Somente uma MENTALIDADE nova ou diferente pode mudar permanentemente sua maneira de pensar, sentir, decidir e criar sua vida. E isso s\u00f3 pode acontecer de dentro para fora!<\/p>\n<p>Significa desafiar algumas de suas pr\u00f3prias cren\u00e7as profundamente arraigadas, romper antigas ilus\u00f5es e ir em busca das verdades que j\u00e1 existem dentro de voc\u00ea.<\/p>\n<p>A proposta dessa obra \u00e9 ajudar o leitor a alcan\u00e7ar uma nova forma de ver o mundo e reconfigurar a din\u00e2mica mental que rege suas a\u00e7\u00f5es e determina a forma como vive.<\/p>\n<p>Segundo o autor, s\u00f3 voc\u00ea pode decidir sobre sua pr\u00f3pria vida! E quando faz isso naturalmente, tudo muda!<\/p>\n<p style=\"padding-left: 30px;\"><strong>Mike George<\/strong><em> \u201cinterpreta\u201d uma s\u00e9rie de pap\u00e9is, incluindo o de autor, de professor espiritual, coach, orientador de gest\u00e3o, mentor e facilitador. Ele re\u00fane as tr\u00eas vertentes-chave do s\u00e9culo 21: intelig\u00eancia emocional\/espiritual, desenvolvimento de lideran\u00e7a e \u201cdesaprendizagem cont\u00ednua\u201d.<\/em><\/p>\n<p><strong>N\u00ba DE P\u00c1GINAS<\/strong><strong>: 192<\/strong><\/p>\n<p>&nbsp;<\/p>\n<h3><strong><a href=\"http:\/\/franciscanos.org.br\/wp-content\/uploads\/2017\/09\/manual-de-pequisa.jpg\"><img loading=\"lazy\" class=\"alignleft size-full wp-image-141008\" src=\"http:\/\/franciscanos.org.br\/wp-content\/uploads\/2017\/09\/manual-de-pequisa.jpg\" alt=\"manual-de-pequisa\" width=\"200\" height=\"287\" \/><\/a>Manual de <\/strong><strong>pesquisa qualitativa<br \/>\n<\/strong><strong>A contribui\u00e7\u00e3o da teoria da argumenta\u00e7\u00e3o<\/strong><\/h3>\n<p><strong>Mario Cardano<\/strong><\/p>\n<p>Este livro tem como objetivo fornecer um guia para a cria\u00e7\u00e3o de uma pesquisa qualitativa que combina rigor e criatividade. O autor apresenta um mapa das t\u00e9cnicas de pesquisa qualitativa delineada considerando principalmente as peculiaridades epist\u00eamicas de cada uma, e prossegue com a ilustra\u00e7\u00e3o das caracter\u00edsticas do desenho da pesquisa qualitativa, delimitando, em um quadro de refer\u00eancia, os mais recentes estudos desenvolvidos sobre a teoria da argumenta\u00e7\u00e3o e da l\u00f3gica informal. Por essa raz\u00e3o, a principal peculiaridade do livro reside em sua refer\u00eancia \u00e0 teoria da argumenta\u00e7\u00e3o e na dedica\u00e7\u00e3o do autor em utilizar um repert\u00f3rio significativo de pesquisas mencionadas a t\u00edtulo de exemplo. O livro \u00e9 dirigido a todos os alunos (de gradua\u00e7\u00e3o e p\u00f3s-gradua\u00e7\u00e3o), professores, pesquisadores e estudiosos das Ci\u00eancias Sociais, Ci\u00eancias da Sa\u00fade e da Enfermagem, e epidemiologistas sociais que se proponham a realizar a pesquisa qualitativa ou que desejam ler monografias e ensaios desenvolvidos com recurso das t\u00e9cnicas da pesquisa qualitativa.<\/p>\n<p style=\"padding-left: 30px;\"><strong>Mario Cardan<em>o<\/em><\/strong><em>, Doutor em Sociologia, \u00e9 Professor do Departamento de Cultura, Pol\u00edtica e Sociedade da Universidade de Turim, na It\u00e1lia, onde ensina M\u00e9todos Qualitativos de Pesquisa Social e Sociologia da Sa\u00fade. \u00c9 tamb\u00e9m Diretor do programa de Doutorado Interunidades desenvolvido pelas universidades de Turim-Mil\u00e3o em Sociologia e Metodologia da Pesquisa Social, onde ministra um curso de Projeto de Pesquisa Qualitativa. \u00c9 Membro do Conselho de Administra\u00e7\u00e3o da Revista &#8220;Rassegna Italiana di Sociologia&#8221;.<\/em><\/p>\n<p><strong>N\u00ba DE P\u00c1GINAS: 376<\/strong><\/p>\n<p>&nbsp;<\/p>\n<h3><strong><a href=\"http:\/\/franciscanos.org.br\/wp-content\/uploads\/2017\/09\/jogos-e-brincadeiras.jpg\"><img loading=\"lazy\" class=\"alignleft size-full wp-image-141009\" src=\"http:\/\/franciscanos.org.br\/wp-content\/uploads\/2017\/09\/jogos-e-brincadeiras.jpg\" alt=\"jogos-e-brincadeiras\" width=\"200\" height=\"306\" \/><\/a>Jogos e brincadeiras<br \/>\n<\/strong><strong>A\u00e7\u00f5es l\u00fadicas nas escolas, ruas, hot\u00e9is, festas, parques e em fam\u00edlia<\/strong><\/h3>\n<p><strong>Tiago Aquino da Costa e Silva<\/strong> e <strong>Alipio Rodrigues Pines Junior<\/strong><\/p>\n<p>Este livro nasceu com o objetivo de despertar e disseminar a import\u00e2ncia da pr\u00e1tica, viv\u00eancias e experi\u00eancias do brincar e do jogar na vida das pessoas \u2013 de crian\u00e7as a idosos. \u00c9 por meio dessas a\u00e7\u00f5es que as pessoas ampliam seus conhecimentos, desenvolvem as m\u00faltiplas linguagens, organizam seus pensamentos, descobrem e agem sobre as regras, assumem papel social e se preparam para uma vida respons\u00e1vel, criativa e aut\u00f4noma.<\/p>\n<p>A primeira edi\u00e7\u00e3o, lan\u00e7ada em 2013, teve sua tiragem esgotada rapidamente. E agora apresenta-se ao leitor em nova edi\u00e7\u00e3o.<\/p>\n<p style=\"padding-left: 30px;\"><strong>Tiago Aquino da Costa e Silva (Pa\u00e7oca)<\/strong><em> \u00e9 <\/em><em>graduado em Educa\u00e7\u00e3o F\u00edsica \u2013 FMU. Membro do Laborat\u00f3rio de Estudos do Lazer (LEL\/DEF\/IB\/UNESP Rio Claro &#8211; SP).\u00a0Memberofthe World LeisureOrganization. Coordenador da P\u00f3s-Gradua\u00e7\u00e3o em Lazer e Recrea\u00e7\u00e3o FMU e USCS. Autor de 20 livros, como \u201cManual de Lazer e Recrea\u00e7\u00e3o\u201d Phorte Editora; &#8220;Olhares sobre o Corpo &#8211; Educa\u00e7\u00e3o F\u00edsica Escolar\u201d All Print Editora; \u201cBora Brincar: um convite a brincadeira&#8221; LAB\/BRINCAR. Diretor da Kids Move Consultoria, Educa\u00e7\u00e3o ao Cubo e Entretenimento SP. Palestrante Internacional. Diretor da P\u00e1gina Brincadeiras e Jogos. Contato www.professorpacoca.com.br \u00a0 \u00a0 \u00a0 \u00a0<\/em><\/p>\n<p style=\"padding-left: 30px;\"><strong>Alipio Rodrigues Pines Junior<\/strong><em> \u00e9 graduado em Lazer e Turismo (EACH-USP) e em Educa\u00e7\u00e3o F\u00edsica (UNIBAN). Especialista em Organiza\u00e7\u00e3o de Eventos Esportivos (Faculdade Pit\u00e1goras). Mestre em Ci\u00eancias da Atividade F\u00edsica (EACH-USP) com bolsa CAPES\/Demanda Social. Membro do Grupo Interdisciplinar de Estudos do Lazer (GIEL\/USP\/CNPq). Membro da Rede Iberoamericana de Anima\u00e7\u00e3o Sociocultural (RIA) &#8211; Nodo Brasil. Coordenador da P\u00f3s-Gradua\u00e7\u00e3o em Lazer e Recrea\u00e7\u00e3o FMU e USCS. Diretor da Entretenimento SP. Coautor de livros sobre Educa\u00e7\u00e3o e Educa\u00e7\u00e3o F\u00edsica.\u00a0 Contato alipio.rodrigues@gmail.com<\/em><\/p>\n<p><strong>N\u00ba DE P\u00c1GINAS<\/strong><strong>: 176<\/strong><\/p>\n<p>&nbsp;<\/p>\n<h3><strong><a href=\"http:\/\/franciscanos.org.br\/wp-content\/uploads\/2017\/09\/dicionario.jpg\"><img loading=\"lazy\" class=\"alignleft size-full wp-image-141010\" src=\"http:\/\/franciscanos.org.br\/wp-content\/uploads\/2017\/09\/dicionario.jpg\" alt=\"dicionario\" width=\"200\" height=\"248\" \/><\/a>Dicion\u00e1rio de Teologia Fundamental<\/strong><\/h3>\n<p>Este dicion\u00e1rio tem por base o bin\u00f4mio revela\u00e7\u00e3o-f\u00e9. Em torno deste eixo giram os 223 verbetes que o comp\u00f5em. A estrutura do <em>Dicion\u00e1rio<\/em> foi pensada de modo a propor, a quem o desejar, um estudo sistem\u00e1tico de todos os temas da Teologia Fundamental: os princ\u00edpios b\u00e1sicos e suas implica\u00e7\u00f5es.<\/p>\n<p>Em sua concep\u00e7\u00e3o inicial, esta obra procurou definir, antes de tudo, as grandes linhas do Dicion\u00e1rio e, em seguida, determinar os verbetes a serem tratados, levando em conta uma s\u00e9rie de crit\u00e9rios.<\/p>\n<p>Mesmo tendo sido composto h\u00e1 algumas d\u00e9cadas, permanece muit\u00edssimo atual, justamente pela forma abrangente utilizada em sua organiza\u00e7\u00e3o. Sendo um dicion\u00e1rio, n\u00e3o cont\u00e9m tratados teol\u00f3gicos sistem\u00e1ticos, mas cada tem\u00e1tica \u00e9 apresentada com uma grande abrang\u00eancia. Al\u00e9m disso, ao final de cada verbete h\u00e1 indica\u00e7\u00f5es bibliogr\u00e1ficas para aprofundamento.<\/p>\n<p><strong>N\u00ba DE P\u00c1GINAS: 912<\/strong><\/p>\n<p>&nbsp;<\/p>\n<h3><strong><a href=\"http:\/\/franciscanos.org.br\/wp-content\/uploads\/2017\/09\/conhecer-a-fe.jpg\"><img loading=\"lazy\" class=\"alignleft size-full wp-image-141011\" src=\"http:\/\/franciscanos.org.br\/wp-content\/uploads\/2017\/09\/conhecer-a-fe.jpg\" alt=\"conhecer-a-fe\" width=\"200\" height=\"287\" \/><\/a>Conhecer a F\u00c9 que professamos<\/strong><\/h3>\n<p><strong>Pe. Thiago Faccini Paro<\/strong><\/p>\n<p><strong><em>Conhecer a F\u00c9 que professamos<\/em><\/strong> \u00e9 um livro escrito para todo crist\u00e3o que quer conhecer um pouco mais da f\u00e9 professada pela Igreja Cat\u00f3lica Apost\u00f3lica Romana.\u00a0 Em poucas p\u00e1ginas e com uma linguagem acess\u00edvel a todos o livro busca, atrav\u00e9s da interpreta\u00e7\u00e3o de textos b\u00edblicos e de hist\u00f3rias preservadas pela tradi\u00e7\u00e3o da Igreja, apresentar temas fundamentais e essenciais para a viv\u00eancia da f\u00e9 crist\u00e3.<\/p>\n<p>A cria\u00e7\u00e3o do mundo, o tempo e espa\u00e7o, a escolha e o chamado dos disc\u00edpulos mission\u00e1rios, o mist\u00e9rio da f\u00e9 celebrado pela liturgia dentre outros, s\u00e3o temas abordados no livro que ir\u00e1 surpreender e encantar todo aquele que ler, estimulando ao aprofundamento e conhecimento da hist\u00f3ria e riqueza da f\u00e9 professada pela Igreja Cat\u00f3lica.<\/p>\n<p>\u00c9 desejo do autor, que ao conhecer um pouco mais da f\u00e9 que professamos, nos tornemos verdadeiros seguidores e testemunhas de Jesus Cristo em sua Igreja, e possamos transmitir com autenticidade e coragem a F\u00c9 que professamos.<\/p>\n<p><strong>N\u00ba DE P\u00c1GINAS<\/strong><strong>: 80<\/strong><\/p>\n<p>&nbsp;<\/p>\n<h3><strong><a href=\"http:\/\/franciscanos.org.br\/wp-content\/uploads\/2017\/09\/byumg.jpg\"><img loading=\"lazy\" class=\"alignleft size-full wp-image-141012\" src=\"http:\/\/franciscanos.org.br\/wp-content\/uploads\/2017\/09\/byumg.jpg\" alt=\"byumg\" width=\"200\" height=\"341\" \/><\/a>Agonia do Eros<\/strong><\/h3>\n<p><strong>Byung-Chul Han<\/strong><\/p>\n<p>O Eros se aplica, em sentido enf\u00e1tico, ao outro, que n\u00e3o pode ser abarcado pelo regime do eu. No inferno do igual, que iguala cada vez mais a sociedade atual, n\u00e3o mais nos encontramos, portanto, com a experi\u00eancia er\u00f3tica, que pressup\u00f5e a transcend\u00eancia, a radical singularidade do outro. O terror da iman\u00eancia, que transforma tudo em objeto de consumo, destr\u00f3i a cupidez er\u00f3tica. O outro que eu desejo e que me fascina \u00e9 sem-lugar; ele se retrai \u00e0 linguagem do igual. O desaparecimento do outro \u00e9 um sinal da sociedade que vai se tornando cada vez mais narcisista; a sociedade, esgotada a partir de si, n\u00e3o consegue se libertar para o outro. \u00c9 uma sociedade sem eros.<\/p>\n<p style=\"padding-left: 30px;\"><strong>Byung-Chul Han<\/strong><em> nasceu na Coreia, mas fixou-se na Alemanha, onde estudou Filosofia na Universidade de Friburgo e Literatura Alem\u00e3 e Teologia na Universidade de Munique. Em 1994, doutorou-se em Friburgo com uma tese sobre Martin Heidegger. \u00c9 professor de Filosofia e Estudos Culturais na Universidade de Berlim e autor de in\u00fameros livros sobre a sociedade atual, dentre as quais Sociedade do Cansa\u00e7o, Sociedade da transpar\u00eancia e Topologia da Viol\u00eancia publicados pela Editora Vozes.<\/em><\/p>\n<p><strong>N\u00ba DE P\u00c1GINAS: 96<\/strong><\/p>\n<p><strong>\u00a0<\/strong><\/p>\n","protected":false},"excerpt":{"rendered":"<p>Editora Vozes<\/p>\n","protected":false},"author":1,"featured_media":194592,"comment_status":"open","ping_status":"open","sticky":false,"template":"","format":"standard","meta":[],"categories":[1],"tags":[238],"acf":[],"yoast_head":"<!-- This site is optimized with the Yoast SEO plugin v19.2 - https:\/\/yoast.com\/wordpress\/plugins\/seo\/ -->\n<title>Lan\u00e7amentos da Semana - Not\u00edcias - Franciscanos<\/title>\n<meta name=\"robots\" content=\"index, follow, max-snippet:-1, max-image-preview:large, max-video-preview:-1\" \/>\n<link rel=\"canonical\" href=\"https:\/\/franciscanos.org.br\/noticias\/lancamentos-da-semana-31.html\" \/>\n<meta property=\"og:locale\" content=\"pt_BR\" \/>\n<meta property=\"og:type\" content=\"article\" \/>\n<meta property=\"og:title\" content=\"Lan\u00e7amentos da Semana - Not\u00edcias - Franciscanos\" \/>\n<meta property=\"og:description\" content=\"Editora Vozes\" \/>\n<meta property=\"og:url\" content=\"https:\/\/franciscanos.org.br\/noticias\/lancamentos-da-semana-31.html\" \/>\n<meta property=\"og:site_name\" content=\"Not\u00edcias - Franciscanos\" \/>\n<meta property=\"article:published_time\" content=\"2017-09-13T13:14:41+00:00\" \/>\n<meta property=\"article:modified_time\" content=\"2019-01-17T15:03:19+00:00\" \/>\n<meta property=\"og:image\" content=\"https:\/\/franciscanos.org.br\/noticias\/wp-content\/uploads\/2017\/11\/vozes.png\" \/>\n\t<meta property=\"og:image:width\" content=\"273\" \/>\n\t<meta property=\"og:image:height\" content=\"181\" \/>\n\t<meta property=\"og:image:type\" content=\"image\/png\" \/>\n<meta name=\"author\" content=\"admin\" \/>\n<meta name=\"twitter:card\" content=\"summary_large_image\" \/>\n<meta name=\"twitter:label1\" content=\"Escrito por\" \/>\n\t<meta name=\"twitter:data1\" content=\"admin\" \/>\n\t<meta name=\"twitter:label2\" content=\"Est. tempo de leitura\" \/>\n\t<meta name=\"twitter:data2\" content=\"13 minutos\" \/>\n<script type=\"application\/ld+json\" class=\"yoast-schema-graph\">{\"@context\":\"https:\/\/schema.org\",\"@graph\":[{\"@type\":\"WebSite\",\"@id\":\"https:\/\/franciscanos.org.br\/noticias\/#website\",\"url\":\"https:\/\/franciscanos.org.br\/noticias\/\",\"name\":\"Not\u00edcias - Franciscanos\",\"description\":\"Prov\u00edncia Franciscana da Imaculada Concei\u00e7\u00e3o do Brasil - Ordem dos Frades Menores - OFM\",\"potentialAction\":[{\"@type\":\"SearchAction\",\"target\":{\"@type\":\"EntryPoint\",\"urlTemplate\":\"https:\/\/franciscanos.org.br\/noticias\/?s={search_term_string}\"},\"query-input\":\"required name=search_term_string\"}],\"inLanguage\":\"pt-BR\"},{\"@type\":\"ImageObject\",\"inLanguage\":\"pt-BR\",\"@id\":\"https:\/\/franciscanos.org.br\/noticias\/lancamentos-da-semana-31.html#primaryimage\",\"url\":\"https:\/\/franciscanos.org.br\/noticias\/wp-content\/uploads\/2017\/11\/vozes.png\",\"contentUrl\":\"https:\/\/franciscanos.org.br\/noticias\/wp-content\/uploads\/2017\/11\/vozes.png\",\"width\":273,\"height\":181},{\"@type\":\"WebPage\",\"@id\":\"https:\/\/franciscanos.org.br\/noticias\/lancamentos-da-semana-31.html#webpage\",\"url\":\"https:\/\/franciscanos.org.br\/noticias\/lancamentos-da-semana-31.html\",\"name\":\"Lan\u00e7amentos da Semana - Not\u00edcias - Franciscanos\",\"isPartOf\":{\"@id\":\"https:\/\/franciscanos.org.br\/noticias\/#website\"},\"primaryImageOfPage\":{\"@id\":\"https:\/\/franciscanos.org.br\/noticias\/lancamentos-da-semana-31.html#primaryimage\"},\"datePublished\":\"2017-09-13T13:14:41+00:00\",\"dateModified\":\"2019-01-17T15:03:19+00:00\",\"author\":{\"@id\":\"https:\/\/franciscanos.org.br\/noticias\/#\/schema\/person\/b38fbf43118f02820bd932f2e4b14ad3\"},\"breadcrumb\":{\"@id\":\"https:\/\/franciscanos.org.br\/noticias\/lancamentos-da-semana-31.html#breadcrumb\"},\"inLanguage\":\"pt-BR\",\"potentialAction\":[{\"@type\":\"ReadAction\",\"target\":[\"https:\/\/franciscanos.org.br\/noticias\/lancamentos-da-semana-31.html\"]}]},{\"@type\":\"BreadcrumbList\",\"@id\":\"https:\/\/franciscanos.org.br\/noticias\/lancamentos-da-semana-31.html#breadcrumb\",\"itemListElement\":[{\"@type\":\"ListItem\",\"position\":1,\"name\":\"Home\",\"item\":\"https:\/\/franciscanos.org.br\/noticias\"},{\"@type\":\"ListItem\",\"position\":2,\"name\":\"Lan\u00e7amentos da Semana\"}]},{\"@type\":\"Person\",\"@id\":\"https:\/\/franciscanos.org.br\/noticias\/#\/schema\/person\/b38fbf43118f02820bd932f2e4b14ad3\",\"name\":\"admin\",\"image\":{\"@type\":\"ImageObject\",\"inLanguage\":\"pt-BR\",\"@id\":\"https:\/\/franciscanos.org.br\/noticias\/#\/schema\/person\/image\/\",\"url\":\"https:\/\/secure.gravatar.com\/avatar\/e8495742d34d0ba6448ea1c628263b3e?s=96&d=mm&r=g\",\"contentUrl\":\"https:\/\/secure.gravatar.com\/avatar\/e8495742d34d0ba6448ea1c628263b3e?s=96&d=mm&r=g\",\"caption\":\"admin\"},\"url\":\"https:\/\/franciscanos.org.br\/noticias\/author\/admin\"}]}<\/script>\n<!-- \/ Yoast SEO plugin. -->","yoast_head_json":{"title":"Lan\u00e7amentos da Semana - Not\u00edcias - Franciscanos","robots":{"index":"index","follow":"follow","max-snippet":"max-snippet:-1","max-image-preview":"max-image-preview:large","max-video-preview":"max-video-preview:-1"},"canonical":"https:\/\/franciscanos.org.br\/noticias\/lancamentos-da-semana-31.html","og_locale":"pt_BR","og_type":"article","og_title":"Lan\u00e7amentos da Semana - Not\u00edcias - Franciscanos","og_description":"Editora Vozes","og_url":"https:\/\/franciscanos.org.br\/noticias\/lancamentos-da-semana-31.html","og_site_name":"Not\u00edcias - Franciscanos","article_published_time":"2017-09-13T13:14:41+00:00","article_modified_time":"2019-01-17T15:03:19+00:00","og_image":[{"width":273,"height":181,"url":"https:\/\/franciscanos.org.br\/noticias\/wp-content\/uploads\/2017\/11\/vozes.png","type":"image\/png"}],"author":"admin","twitter_card":"summary_large_image","twitter_misc":{"Escrito por":"admin","Est. tempo de leitura":"13 minutos"},"schema":{"@context":"https:\/\/schema.org","@graph":[{"@type":"WebSite","@id":"https:\/\/franciscanos.org.br\/noticias\/#website","url":"https:\/\/franciscanos.org.br\/noticias\/","name":"Not\u00edcias - Franciscanos","description":"Prov\u00edncia Franciscana da Imaculada Concei\u00e7\u00e3o do Brasil - Ordem dos Frades Menores - OFM","potentialAction":[{"@type":"SearchAction","target":{"@type":"EntryPoint","urlTemplate":"https:\/\/franciscanos.org.br\/noticias\/?s={search_term_string}"},"query-input":"required name=search_term_string"}],"inLanguage":"pt-BR"},{"@type":"ImageObject","inLanguage":"pt-BR","@id":"https:\/\/franciscanos.org.br\/noticias\/lancamentos-da-semana-31.html#primaryimage","url":"https:\/\/franciscanos.org.br\/noticias\/wp-content\/uploads\/2017\/11\/vozes.png","contentUrl":"https:\/\/franciscanos.org.br\/noticias\/wp-content\/uploads\/2017\/11\/vozes.png","width":273,"height":181},{"@type":"WebPage","@id":"https:\/\/franciscanos.org.br\/noticias\/lancamentos-da-semana-31.html#webpage","url":"https:\/\/franciscanos.org.br\/noticias\/lancamentos-da-semana-31.html","name":"Lan\u00e7amentos da Semana - Not\u00edcias - Franciscanos","isPartOf":{"@id":"https:\/\/franciscanos.org.br\/noticias\/#website"},"primaryImageOfPage":{"@id":"https:\/\/franciscanos.org.br\/noticias\/lancamentos-da-semana-31.html#primaryimage"},"datePublished":"2017-09-13T13:14:41+00:00","dateModified":"2019-01-17T15:03:19+00:00","author":{"@id":"https:\/\/franciscanos.org.br\/noticias\/#\/schema\/person\/b38fbf43118f02820bd932f2e4b14ad3"},"breadcrumb":{"@id":"https:\/\/franciscanos.org.br\/noticias\/lancamentos-da-semana-31.html#breadcrumb"},"inLanguage":"pt-BR","potentialAction":[{"@type":"ReadAction","target":["https:\/\/franciscanos.org.br\/noticias\/lancamentos-da-semana-31.html"]}]},{"@type":"BreadcrumbList","@id":"https:\/\/franciscanos.org.br\/noticias\/lancamentos-da-semana-31.html#breadcrumb","itemListElement":[{"@type":"ListItem","position":1,"name":"Home","item":"https:\/\/franciscanos.org.br\/noticias"},{"@type":"ListItem","position":2,"name":"Lan\u00e7amentos da Semana"}]},{"@type":"Person","@id":"https:\/\/franciscanos.org.br\/noticias\/#\/schema\/person\/b38fbf43118f02820bd932f2e4b14ad3","name":"admin","image":{"@type":"ImageObject","inLanguage":"pt-BR","@id":"https:\/\/franciscanos.org.br\/noticias\/#\/schema\/person\/image\/","url":"https:\/\/secure.gravatar.com\/avatar\/e8495742d34d0ba6448ea1c628263b3e?s=96&d=mm&r=g","contentUrl":"https:\/\/secure.gravatar.com\/avatar\/e8495742d34d0ba6448ea1c628263b3e?s=96&d=mm&r=g","caption":"admin"},"url":"https:\/\/franciscanos.org.br\/noticias\/author\/admin"}]}},"_links":{"self":[{"href":"https:\/\/franciscanos.org.br\/noticias\/wp-json\/wp\/v2\/posts\/140998"}],"collection":[{"href":"https:\/\/franciscanos.org.br\/noticias\/wp-json\/wp\/v2\/posts"}],"about":[{"href":"https:\/\/franciscanos.org.br\/noticias\/wp-json\/wp\/v2\/types\/post"}],"author":[{"embeddable":true,"href":"https:\/\/franciscanos.org.br\/noticias\/wp-json\/wp\/v2\/users\/1"}],"replies":[{"embeddable":true,"href":"https:\/\/franciscanos.org.br\/noticias\/wp-json\/wp\/v2\/comments?post=140998"}],"version-history":[{"count":0,"href":"https:\/\/franciscanos.org.br\/noticias\/wp-json\/wp\/v2\/posts\/140998\/revisions"}],"wp:featuredmedia":[{"embeddable":true,"href":"https:\/\/franciscanos.org.br\/noticias\/wp-json\/wp\/v2\/media\/194592"}],"wp:attachment":[{"href":"https:\/\/franciscanos.org.br\/noticias\/wp-json\/wp\/v2\/media?parent=140998"}],"wp:term":[{"taxonomy":"category","embeddable":true,"href":"https:\/\/franciscanos.org.br\/noticias\/wp-json\/wp\/v2\/categories?post=140998"},{"taxonomy":"post_tag","embeddable":true,"href":"https:\/\/franciscanos.org.br\/noticias\/wp-json\/wp\/v2\/tags?post=140998"}],"curies":[{"name":"wp","href":"https:\/\/api.w.org\/{rel}","templated":true}]}}