{"id":140956,"date":"2017-09-12T22:54:29","date_gmt":"2017-09-13T01:54:29","guid":{"rendered":"http:\/\/franciscanos.org.br\/?p=140956"},"modified":"2023-01-10T09:58:17","modified_gmt":"2023-01-10T12:58:17","slug":"orofino-o-maior-desafio-e-deixarmos-de-ser-uma-igreja-autorreferencial","status":"publish","type":"post","link":"https:\/\/franciscanos.org.br\/noticias\/orofino-o-maior-desafio-e-deixarmos-de-ser-uma-igreja-autorreferencial.html","title":{"rendered":"Orofino: O maior desafio \u00e9 deixarmos de ser uma Igreja autorreferencial"},"content":{"rendered":"<p><strong>\u00a0<\/strong><strong>Agudos (SP<\/strong>) &#8211; Os 113 participantes do Encontro Provincial da Frente de Par\u00f3quias, Santu\u00e1rios e Centros de Acolhimento da Prov\u00edncia da Imaculada tiveram, nesta ter\u00e7a-feira (12\/9) um dia inteiro de estudos com o biblista Francisco Orofino,<a href=\"https:\/\/franciscanos.org.br\/noticias\/frente-das-paroquias-de-agudos-orofino-fala-da-proposta-pastoral-do-papa-francisco-a-partir-da-amoris-laetitia.html\"><strong> que ontem \u00e0 noite (11)<\/strong> <\/a>fez uma introdu\u00e7\u00e3o para falar da proposta pastoral do Papa Francisco a partir do documento sinodal <em>Amoris Laetitia<\/em>, o amor na fam\u00edlia.<\/p>\n<p>Hoje, quando se fala de um nome biblista n\u00e3o se pode prescindir de Orofino. Bem ao seu estilo, sem fazer uso do <em>power-point<\/em>, muito comum nas palestras, Orofino usou a lousa para detalhar, de forma did\u00e1tica, a proposta do Papa Francisco para a Igreja. Nesta proposta, debru\u00e7ou-se especialmente no Cap\u00edtulo 8 da <em>Amoris Laetitia<\/em>: \u201cAcompanhar, discernir e integrar a fragilidade\u201d.<\/p>\n<p>Para entender este documento, voltou ao eixo central do Pontificado de Francisco quando ele usou a imagem da Igreja como a um hospital de campanha, onde os destinat\u00e1rios s\u00e3o os feridos. &#8220;E aqui entra a grande frase: periferias humanas&#8221;, lembrou Orofino.<\/p>\n<p>&#8220;N\u00f3s temos que enfrentar as quest\u00f5es que s\u00e3o de fronteira. Ent\u00e3o, se ele faz um documento voltado para o amor na fam\u00edlia, vai onde est\u00e1 a fronteira. Ele vai dizer assim: A fronteira est\u00e1 naqueles casais que n\u00f3s, Igreja, dizemos em situa\u00e7\u00e3o irregular. Mas por que est\u00e3o em situa\u00e7\u00e3o irregular? Porque as normas dizem isso, respondem alguns. &#8216;A mim n\u00e3o interessa&#8217;, diz o Papa. N\u00f3s temos que ir ao hospital e ver por que est\u00e3o em situa\u00e7\u00e3o irregular, o que casou a irregularidade&#8221;, questionou.<\/p>\n<p><img loading=\"lazy\" src=\"http:\/\/franciscanos.org.br\/wp-content\/uploads\/2017\/09\/orofino_120917_7.jpg\" alt=\"orofino_120917_7\" width=\"830\" height=\"421\" \/><\/p>\n<p>A ideia de &#8216;Igreja em sa\u00edda&#8217; j\u00e1 aparece no t\u00edtulo do oitavo cap\u00edtulo do documento. &#8220;O que \u00e9 uma Igreja em sa\u00edda? \u00c9 uma Igreja que deve acompanhar, discernir e integrar toda e qualquer fragilidade humana&#8221;, citou, lendo o primeiro trecho: &#8220;Os Padres sinodais afirmaram que, embora a Igreja reconhe\u00e7a que toda a ruptura do v\u00ednculo matrimonial &#8216;\u00e9 contra a vontade de Deus, est\u00e1 consciente tamb\u00e9m da fragilidade de muitos dos seus filhos&#8217;. Iluminada pelo olhar de Cristo, a Igreja &#8216;dirige-se com amor \u00e0queles que participam na sua vida de modo incompleto, reconhecendo que a gra\u00e7a de Deus tamb\u00e9m atua nas suas vidas, dando-lhes a coragem para fazer o bem, cuidar com amor um do outro e estar ao servi\u00e7o da comunidade onde vivem e trabalham'&#8221;.<\/p>\n<p>Segundo Orofino, o maior desafio \u00e9 deixarmos de ser uma Igreja autorreferencial para sermos uma Igreja mission\u00e1ria, em todos os sentidos. &#8220;O fio condutor \u00e9 uma Igreja em sa\u00edda onde predomine a miseric\u00f3rdia&#8221;, ressaltou.<\/p>\n<p><img loading=\"lazy\" src=\"http:\/\/franciscanos.org.br\/wp-content\/uploads\/2017\/09\/orofino_120917_6.jpg\" alt=\"orofino_120917_6\" width=\"830\" height=\"402\" \/><\/p>\n<p><strong>A PESSOA<\/strong><\/p>\n<p>Orofino tamb\u00e9m enfatizou muito que a Igreja \u00e9 a natural continuadora do trabalho de Jesus. &#8220;Ent\u00e3o, aqui h\u00e1 uma quest\u00e3o muita s\u00e9ria. Jesus, no seu trabalho, por mais que fale para muita gente, na verdade, o seu objetivo \u00e9 atingir a pessoa. A pessoa bem concreta. O leproso \u00e9 uma pessoa; o endemoniado \u00e9 outra pessoa; a vi\u00fava de Naim que perdeu o filho \u00e9 outra pessoa, etc&#8221;, explicou.<\/p>\n<p>&#8220;Portanto, o nosso trabalho de evangeliza\u00e7\u00e3o n\u00e3o tem como destinat\u00e1rio a massa, a multid\u00e3o. N\u00e3o. N\u00f3s trabalhamos com pessoas. Pessoas bem concretas, que est\u00e3o nas nossas par\u00f3quias, que v\u00eam aos nossos santu\u00e1rios e procuram os nossos centros de espiritualidade. O destino do trabalho evangelizador \u00e9 a pessoa. Trabalhamos com pessoas e o objetivo do trabalho de evangeliza\u00e7\u00e3o \u00e9 inserir a pessoa na comunidade&#8221;, destacou.<\/p>\n<p>Segundo o biblista, o trabalho de evangeliza\u00e7\u00e3o atingiu a sua plenitude quando a pessoa trabalhada resolve fazer a ades\u00e3o \u00e0 Igreja. &#8220;Ela se insere na Igreja&#8221;, disse, explicando o processo de ida e vinda, \u00a0de pessoa-comunidade e comunidade-pessoa. &#8220;\u00c9 uma intera\u00e7\u00e3o entre duas inst\u00e2ncias: a inst\u00e2ncia comunit\u00e1ria e a inst\u00e2ncia pessoal, cuja meta \u00e9 inserir a pessoa na comunidade&#8221;, repetiu.<\/p>\n<p><img loading=\"lazy\" src=\"http:\/\/franciscanos.org.br\/wp-content\/uploads\/2017\/09\/orofino_120917_5.jpg\" alt=\"orofino_120917_5\" width=\"830\" height=\"456\" \/><\/p>\n<p><strong>EVANGELIZA\u00c7\u00c3O<\/strong><\/p>\n<p>Segundo Orofino, a Igreja delimitou o trabalho de evangeliza\u00e7\u00e3o em <strong>cinco<\/strong> grandes pontos:<\/p>\n<p>1.\u00a0<strong>An\u00fancio\/ Forma\u00e7\u00e3o (kerigma e a catequese)<\/strong> &#8211; A f\u00e9 e a instru\u00e7\u00e3o, as duas coisas v\u00eam juntas.<\/p>\n<p>&#8220;Desde a origem, a Igreja sabe que a f\u00e9 \u00e9 como uma planta. Se voc\u00ea n\u00e3o regar, se n\u00e3o adubar, ela morre. E essa f\u00e9 sempre vai ser uma op\u00e7\u00e3o da pessoa. Se h\u00e1 uma coisa que a Igreja n\u00e3o pode fazer pela pessoa \u00e9 a f\u00e9. Porque a f\u00e9, ou a pessoa tem ou n\u00e3o tem. E ningu\u00e9m pode ter por ela. Por isso, quando a gente se levanta, em comunidade, para fazer a profiss\u00e3o de f\u00e9, todo mundo diz &#8216;creio&#8217;. N\u00f3s n\u00e3o dizemos &#8216;cremos&#8217;. \u00a0Portanto, essa f\u00e9 sup\u00f5e todo um processo de instru\u00e7\u00e3o&#8221;, explica Orofino, lembrando que, nesta etapa formativa, substituir a catequese doutrin\u00e1ria dogm\u00e1tica que vem do Conc\u00edlio de Trento por uma catequese vivencial centrada na Sagrada Escritura (Vaticano II) \u00e9 ainda um enorme desafio para todas as Par\u00f3quias, porque isso sup\u00f5e um longo investimento em catequistas com forma\u00e7\u00e3o em B\u00edblia.<\/p>\n<p><strong>2. Comunh\u00e3o\/koinonia<\/strong><\/p>\n<p>&#8220;Essa comunh\u00e3o, aqui, \u00e9 um problema muito s\u00e9rio. Por que \u00e9 s\u00e9rio? Porque n\u00e3o \u00e9 f\u00e1cil inserir uma pessoa numa comunidade que j\u00e1 tem caminhado. E inserir essa pessoa na comunidade \u00e9 tamb\u00e9m inserir essa pessoa no mist\u00e9rio de Cristo. Enquanto voc\u00ea n\u00e3o insere a pessoa no mist\u00e9rio de Cristo, ela n\u00e3o pode dizer sim ao seu batismo. Portanto, a constru\u00e7\u00e3o da <em>koinonia<\/em> \u00e9 uma quest\u00e3o necess\u00e1ria para que algu\u00e9m pudesse pedir o batismo, porque a <em>koinonia<\/em> n\u00e3o \u00e9 s\u00f3 a voca\u00e7\u00e3o da pessoa para a comunidade, mas \u00e9 tamb\u00e9m a voca\u00e7\u00e3o da comunidade para a pessoa. Usando um exemplo bem concreto. Voc\u00ea s\u00f3 pode ser frade se fizer o noviciado. O que \u00e9 o noviciado? \u00c9 o seu processo de comunh\u00e3o com a entidade chamada Prov\u00edncia, onde voc\u00ea vai se inserir numa proposta comunit\u00e1ria, que \u00e9 centrada na espiritualidade franciscana. Se voc\u00ea n\u00e3o conhecer a espiritualidade franciscana, como \u00e9 que voc\u00ea vai participar da institui\u00e7\u00e3o?&#8221;, perguntou.<\/p>\n<p>Outro exemplo: &#8220;Por que no Novo Testamento \u00e9 descrita tr\u00eas vezes a convers\u00e3o de Saulo? Porque a convers\u00e3o de Saulo foi um problema enorme. O mais dif\u00edcil foi a Igreja se converter para Saulo. Porque sua convers\u00e3o transformou-se num problema muito concreto: Como \u00e9 que n\u00f3s vamos construir comunh\u00e3o com aquele que antes nos matava? Com aquele que antes nos perseguia, com aquele que antes tinha como objetivo nos destruir completamente? A participa\u00e7\u00e3o \u00e9 a melhor maneira de avaliar a comunh\u00e3o&#8221;, lembrou Orofino.<\/p>\n<p><img loading=\"lazy\" src=\"http:\/\/franciscanos.org.br\/wp-content\/uploads\/2017\/09\/orofino_120917_4.jpg\" alt=\"orofino_120917_4\" width=\"830\" height=\"421\" \/><\/p>\n<p><strong>3.Celebra\u00e7\u00e3o\/Liturgia<\/strong><\/p>\n<p>&#8220;O processo de inser\u00e7\u00e3o da pessoa dentro da comunidade sup\u00f5e a participa\u00e7\u00e3o da pessoa na liturgia da comunidade. E como falei antes era um processo gradativo. Basicamente, liturgia na Igreja desde a sua origem s\u00e3o dois grandes sacramentos: o Batismo e a Eucaristia. \u00c9 muito perigoso achar que basta engolir a h\u00f3stia \u00e9 comungar. Tem muita gente que engole a h\u00f3stia mas n\u00e3o comunga, porque n\u00e3o traz dentro de si aquele desejo de, atrav\u00e9s da partilha do p\u00e3o, refor\u00e7ar a comunh\u00e3o com a comunidade. \u00a0Mas s\u00f3 o fato de voc\u00ea se levantar e se colocar na fila, voc\u00ea est\u00e1 dizendo publicamente: &#8216;Eu quero estar em comunh\u00e3o com esse grupo. Eu quero estar em comunh\u00e3o com esta comunidade&#8217;. Por isso, a grande mudan\u00e7a do Vaticano II n\u00e3o foi o batismo, mas foi a Eucaristia. As maiores transforma\u00e7\u00f5es lit\u00fargicas foram na Eucaristia. Em Trento, a Eucaristia era um sacrif\u00edcio. A partir do Vaticano II, a Eucaristia \u00e9 uma ceia comunit\u00e1ria, onde todo mundo \u00e9 chamado a se alimentar tendo em vista a comunh\u00e3o&#8221;.<\/p>\n<p>4.\u00a0<strong>Diaconia<\/strong><\/p>\n<p>&#8220;A sua maneira de participar e demonstrar a sua comunh\u00e3o com o grupo \u00e9 atrav\u00e9s de um servi\u00e7o bem concreto: a diaconia. Di\u00e1cono, na sociedade grega, \u00e9 o que chamamos hoje de empregada dom\u00e9stica. A diaconia \u00e9 todo servi\u00e7o interno. Aqui est\u00e1 a grande quest\u00e3o do documento de Aparecida, que questionou os nossos servi\u00e7os internos, se s\u00e3o ou n\u00e3o necess\u00e1rios e quantos eles dispendem em material humano e financeiro. Ou seja, quanto uma comunidade gasta em fun\u00e7\u00e3o de si mesmo? O grande ponto de Aparecida \u00e9 a convers\u00e3o pastoral. Ter crit\u00e9rios de avalia\u00e7\u00e3o de tudo aquilo que \u00e9 feito em uma par\u00f3quia em fun\u00e7\u00e3o da comunidade&#8221;.<\/p>\n<p>5.\u00a0<strong>O testemunho externo\/Martyria<\/strong><\/p>\n<p>&#8220;Aqui a entra a miss\u00e3o p\u00fablica, ou seja, enquanto a diaconia \u00e9 todo trabalho para o p\u00fablico interno, o testemunho \u00e9 para o p\u00fablico externo. Vai pregar numa universidade! Vai ocupar uma TV! Vai evangelizar o mundo da pol\u00edtica. Aqui existe uma rea\u00e7\u00e3o controlada, enquanto na diaconia \u00e9 incontrolada. Por isso que a palavra <em>martyria<\/em> significa aqueles que morrem por dar um testemunho p\u00fablico. Aqueles que morrem, sofrem, s\u00e3o perseguidos ou s\u00e3o destru\u00eddos pelos meios de comunica\u00e7\u00e3o por dar um testemunho&#8221;.<\/p>\n<p>Tendo como base o <em>Plano de Evangeliza\u00e7\u00e3o da Prov\u00edncia<\/em>, Orofino tamb\u00e9m destacou um sexto ponto, que \u00e9 a religiosidade popular. &#8220;At\u00e9 hoje o que mais mobiliza o cat\u00f3lico brasileiro \u00e9 a religiosidade popular. N\u00e3o gosto muito da palavra piedade, mas existe uma religiosidade muito forte no povo brasileiro. O que mais mobiliza o povo \u00e9 a religiosidade. N\u00f3s temos o Santu\u00e1rio Aparecida, que mobiliza 12 milh\u00f5es de pessoas todo ano, neste ano vai duplicar&#8221;, acredita o biblista, citando tamb\u00e9m o Santu\u00e1rio da Penha no Esp\u00edrito Santo e o C\u00edrio de Nazar\u00e9. &#8220;Os santu\u00e1rios s\u00e3o pontos de refer\u00eancia para a religiosidade popular&#8221;, destacou.<\/p>\n<p><img loading=\"lazy\" src=\"http:\/\/franciscanos.org.br\/wp-content\/uploads\/2017\/09\/orofino_120917_8.jpg\" alt=\"orofino_120917_8\" width=\"830\" height=\"623\" \/><\/p>\n<p><strong>IGREJA LATINO-AMERICANA<\/strong><\/p>\n<p>Dentro desses cinco pontos de evangeliza\u00e7\u00e3o, temos a proposta evangelizadora latino-americana da qual o Papa Francisco \u00e9 portador, diz Orofino. Em primeiro lugar, em 1968, o documento de Medell\u00edn centrou na comunidade; em 1979 veio o documento de Puebla, que trata basicamente do bin\u00f4mio comunh\u00e3o\/participa\u00e7\u00e3o, embora o grande ponto de Puebla seja a op\u00e7\u00e3o preferencial pelos pobres e pelos jovens; em 1992 &#8211; Santo Domingo destaca a culturalidade. N\u00f3s temos de dar o testemunho p\u00fablico respeitando a multiplicidade de culturas; em 2007 &#8211; Aparecida traz a convers\u00e3o pastoral.<\/p>\n<p>&#8220;Gradativamente, o magist\u00e9rio da Igreja latino-americana vai sendo\u00a0 explicitado nestes documentos. O que o Papa Francisco est\u00e1 fazendo \u00e9 universalizar o Magist\u00e9rio da Igreja latino-americano. \u00c9 tornar isso parte integrante da Igreja universal&#8221;, analisa Orofino, lembrando que a <em>Evangelii Gaudium<\/em>\u00a0 \u00e9 o documento de Aparecida universalizado. &#8220;O que o Papa Francisco est\u00e1 propondo atrav\u00e9s da <em>Amoris Laetitia<\/em> \u00e9 uma pr\u00e1tica pastoral pr\u00f3pria da Igreja latino-americana&#8221;, ressaltou.<\/p>\n<p>&#8220;A elei\u00e7\u00e3o de Bergoglio \u00e9 uma guinada muito forte. Uma guinada t\u00e3o brusca, que na verdade \u00e9 uma retomada do leme na dire\u00e7\u00e3o do Vaticano II&#8221;, diz Orofino.<\/p>\n<p>Para o biblista e professor, a Igreja nunca \u00e9 retil\u00ednea, uniforme e ascendente. &#8220;Tivemos 20 anos, de 1958 a 1978, de uma proposta de Igreja com Jo\u00e3o XXIII e Paulo VI. Depois, tivemos 35 anos de outra proposta de Igreja, com Jo\u00e3o Paulo II e Bento XVI. Agora, o leme virou para o lado pastoral (Francisco). Na Igreja, n\u00e3o \u00e9 bom falar em conservadores e progressistas. Falamos em bloco institucional e bloco pastoral. Francisco \u00e9 a guinada do bloco pastoral em detrimento do bloco institucional&#8221;, analisa, embora pondere que ainda\u00a0 \u00e9 muito recente para uma an\u00e1lise. &#8220;Mas a gente percebe com clareza os passos que ele est\u00e1 dando, principalmente, na configura\u00e7\u00e3o do quadro eleitoral de cardeais. Daqui 30 anos, o Papa n\u00e3o ser\u00e1 eleito mais por cardeais mas ser\u00e1 eleito pelos presidentes das confer\u00eancias episcopais. \u00c9 o que o Francisco est\u00e1 fazendo. Est\u00e1 nomeando aqueles que s\u00e3o eleitos presidentes de Confer\u00eancias&#8221;, destacou.<\/p>\n<p>&#8220;Existe esta mudan\u00e7a clara para uma Igreja mais \u00e1gil, pastoral mais participativa&#8221;, completou.<\/p>\n<p><img loading=\"lazy\" class=\"alignleft wp-image-140963 size-full\" src=\"http:\/\/franciscanos.org.br\/wp-content\/uploads\/2017\/09\/orofino_120917_2.jpg\" alt=\"orofino_120917_2\" width=\"284\" height=\"400\" \/><strong>VOCACIONAL<\/strong><\/p>\n<p>Frei Gabriel Dellandrea fez uma apresenta\u00e7\u00e3o do trabalho no Servi\u00e7o de Anima\u00e7\u00e3o Vocacional e destacou principalmente as atividades que est\u00e3o sendo feitas com os jovens, como a Miss\u00e3o Franciscana, o Retiro Franciscano e a Caminhada Franciscana.<\/p>\n<p><strong>CELEBRA\u00c7\u00c3O EUCAR\u00cdSTICA<\/strong><\/p>\n<p>Al\u00e9m da forma\u00e7\u00e3o, o dia no Semin\u00e1rio de Agudos come\u00e7ou com a Celebra\u00e7\u00e3o Eucar\u00edstica, presidida pelo coordenador da Frente das Par\u00f3quias, Santu\u00e1rios e Centros de Acolhimento, Frei Germano Guesser e concelebrada por Frei Daniel Dellandrea e Frei Ladi Antoniazzi.<\/p>\n<p>Na sua homilia, tendo como base o Evangelho da escolha dos doze ap\u00f3stolos, disse que &#8220;todos na f\u00e9 fazem a experi\u00eancia de conviver com o Mestre. Os que s\u00e3o chamados v\u00e3o se deixando modelar pela conviv\u00eancia com o Mestre&#8221;, disse o frade. Segundo ele, o chamado \u00e0 evangeliza\u00e7\u00e3o hoje tamb\u00e9m precisa valorizar mais a diferen\u00e7a, assim como fez \u00a0Jesus na escolha dos doze ap\u00f3stolos. &#8220;Era gente normal, do povo. Os ap\u00f3stolos n\u00e3o eram mais puros ou mais santos, mas eram os que estavam dispostos a seguir o Mestre&#8221;.<\/p>\n<p>Nesta quarta-feira, o Encontro Provincial termina ao meio-dia. O Vig\u00e1rio Provincial Frei C\u00e9sar K\u00fclkamp vai falar sobre o contexto da evangeliza\u00e7\u00e3o na Prov\u00edncia.<\/p>\n<p>Veja tamb\u00e9m: <a href=\"https:\/\/franciscanos.org.br\/noticias\/frente-das-paroquias-de-agudos-orofino-fala-da-proposta-pastoral-do-papa-francisco-a-partir-da-amoris-laetitia.html\">Primeiro dia<\/a><\/p>\n<hr \/>\n<p><em>Comunica\u00e7\u00e3o da Prov\u00edncia da Imaculada Concei\u00e7\u00e3o<\/em><\/p>\n","protected":false},"excerpt":{"rendered":"<p>Frente das Par\u00f3quias<\/p>\n","protected":false},"author":1,"featured_media":201912,"comment_status":"open","ping_status":"open","sticky":false,"template":"","format":"standard","meta":[],"categories":[1],"tags":[1145],"acf":[],"yoast_head":"<!-- This site is optimized with the Yoast SEO plugin v19.2 - https:\/\/yoast.com\/wordpress\/plugins\/seo\/ -->\n<title>Orofino: O maior desafio \u00e9 deixarmos de ser uma Igreja autorreferencial - Not\u00edcias - Franciscanos<\/title>\n<meta name=\"robots\" content=\"index, follow, max-snippet:-1, max-image-preview:large, max-video-preview:-1\" \/>\n<link rel=\"canonical\" href=\"https:\/\/franciscanos.org.br\/noticias\/orofino-o-maior-desafio-e-deixarmos-de-ser-uma-igreja-autorreferencial.html\" \/>\n<meta property=\"og:locale\" content=\"pt_BR\" \/>\n<meta property=\"og:type\" content=\"article\" \/>\n<meta property=\"og:title\" content=\"Orofino: O maior desafio \u00e9 deixarmos de ser uma Igreja autorreferencial - Not\u00edcias - Franciscanos\" \/>\n<meta property=\"og:description\" content=\"Frente das Par\u00f3quias\" \/>\n<meta property=\"og:url\" content=\"https:\/\/franciscanos.org.br\/noticias\/orofino-o-maior-desafio-e-deixarmos-de-ser-uma-igreja-autorreferencial.html\" \/>\n<meta property=\"og:site_name\" content=\"Not\u00edcias - Franciscanos\" \/>\n<meta property=\"article:published_time\" content=\"2017-09-13T01:54:29+00:00\" \/>\n<meta property=\"article:modified_time\" content=\"2023-01-10T12:58:17+00:00\" \/>\n<meta property=\"og:image\" content=\"https:\/\/franciscanos.org.br\/noticias\/wp-content\/uploads\/2017\/09\/orofino_120917_7.jpg\" \/>\n\t<meta property=\"og:image:width\" content=\"273\" \/>\n\t<meta property=\"og:image:height\" content=\"181\" \/>\n\t<meta property=\"og:image:type\" content=\"image\/jpeg\" \/>\n<meta name=\"author\" content=\"admin\" \/>\n<meta name=\"twitter:card\" content=\"summary_large_image\" \/>\n<meta name=\"twitter:label1\" content=\"Escrito por\" \/>\n\t<meta name=\"twitter:data1\" content=\"admin\" \/>\n\t<meta name=\"twitter:label2\" content=\"Est. tempo de leitura\" \/>\n\t<meta name=\"twitter:data2\" content=\"11 minutos\" \/>\n<script type=\"application\/ld+json\" class=\"yoast-schema-graph\">{\"@context\":\"https:\/\/schema.org\",\"@graph\":[{\"@type\":\"WebSite\",\"@id\":\"https:\/\/franciscanos.org.br\/noticias\/#website\",\"url\":\"https:\/\/franciscanos.org.br\/noticias\/\",\"name\":\"Not\u00edcias - Franciscanos\",\"description\":\"Prov\u00edncia Franciscana da Imaculada Concei\u00e7\u00e3o do Brasil - Ordem dos Frades Menores - OFM\",\"potentialAction\":[{\"@type\":\"SearchAction\",\"target\":{\"@type\":\"EntryPoint\",\"urlTemplate\":\"https:\/\/franciscanos.org.br\/noticias\/?s={search_term_string}\"},\"query-input\":\"required name=search_term_string\"}],\"inLanguage\":\"pt-BR\"},{\"@type\":\"ImageObject\",\"inLanguage\":\"pt-BR\",\"@id\":\"https:\/\/franciscanos.org.br\/noticias\/orofino-o-maior-desafio-e-deixarmos-de-ser-uma-igreja-autorreferencial.html#primaryimage\",\"url\":\"https:\/\/franciscanos.org.br\/noticias\/wp-content\/uploads\/2017\/09\/orofino_120917_7.jpg\",\"contentUrl\":\"https:\/\/franciscanos.org.br\/noticias\/wp-content\/uploads\/2017\/09\/orofino_120917_7.jpg\",\"width\":273,\"height\":181},{\"@type\":\"WebPage\",\"@id\":\"https:\/\/franciscanos.org.br\/noticias\/orofino-o-maior-desafio-e-deixarmos-de-ser-uma-igreja-autorreferencial.html#webpage\",\"url\":\"https:\/\/franciscanos.org.br\/noticias\/orofino-o-maior-desafio-e-deixarmos-de-ser-uma-igreja-autorreferencial.html\",\"name\":\"Orofino: O maior desafio \u00e9 deixarmos de ser uma Igreja autorreferencial - Not\u00edcias - Franciscanos\",\"isPartOf\":{\"@id\":\"https:\/\/franciscanos.org.br\/noticias\/#website\"},\"primaryImageOfPage\":{\"@id\":\"https:\/\/franciscanos.org.br\/noticias\/orofino-o-maior-desafio-e-deixarmos-de-ser-uma-igreja-autorreferencial.html#primaryimage\"},\"datePublished\":\"2017-09-13T01:54:29+00:00\",\"dateModified\":\"2023-01-10T12:58:17+00:00\",\"author\":{\"@id\":\"https:\/\/franciscanos.org.br\/noticias\/#\/schema\/person\/b38fbf43118f02820bd932f2e4b14ad3\"},\"breadcrumb\":{\"@id\":\"https:\/\/franciscanos.org.br\/noticias\/orofino-o-maior-desafio-e-deixarmos-de-ser-uma-igreja-autorreferencial.html#breadcrumb\"},\"inLanguage\":\"pt-BR\",\"potentialAction\":[{\"@type\":\"ReadAction\",\"target\":[\"https:\/\/franciscanos.org.br\/noticias\/orofino-o-maior-desafio-e-deixarmos-de-ser-uma-igreja-autorreferencial.html\"]}]},{\"@type\":\"BreadcrumbList\",\"@id\":\"https:\/\/franciscanos.org.br\/noticias\/orofino-o-maior-desafio-e-deixarmos-de-ser-uma-igreja-autorreferencial.html#breadcrumb\",\"itemListElement\":[{\"@type\":\"ListItem\",\"position\":1,\"name\":\"Home\",\"item\":\"https:\/\/franciscanos.org.br\/noticias\"},{\"@type\":\"ListItem\",\"position\":2,\"name\":\"Orofino: O maior desafio \u00e9 deixarmos de ser uma Igreja autorreferencial\"}]},{\"@type\":\"Person\",\"@id\":\"https:\/\/franciscanos.org.br\/noticias\/#\/schema\/person\/b38fbf43118f02820bd932f2e4b14ad3\",\"name\":\"admin\",\"image\":{\"@type\":\"ImageObject\",\"inLanguage\":\"pt-BR\",\"@id\":\"https:\/\/franciscanos.org.br\/noticias\/#\/schema\/person\/image\/\",\"url\":\"https:\/\/secure.gravatar.com\/avatar\/e8495742d34d0ba6448ea1c628263b3e?s=96&d=mm&r=g\",\"contentUrl\":\"https:\/\/secure.gravatar.com\/avatar\/e8495742d34d0ba6448ea1c628263b3e?s=96&d=mm&r=g\",\"caption\":\"admin\"},\"url\":\"https:\/\/franciscanos.org.br\/noticias\/author\/admin\"}]}<\/script>\n<!-- \/ Yoast SEO plugin. -->","yoast_head_json":{"title":"Orofino: O maior desafio \u00e9 deixarmos de ser uma Igreja autorreferencial - Not\u00edcias - Franciscanos","robots":{"index":"index","follow":"follow","max-snippet":"max-snippet:-1","max-image-preview":"max-image-preview:large","max-video-preview":"max-video-preview:-1"},"canonical":"https:\/\/franciscanos.org.br\/noticias\/orofino-o-maior-desafio-e-deixarmos-de-ser-uma-igreja-autorreferencial.html","og_locale":"pt_BR","og_type":"article","og_title":"Orofino: O maior desafio \u00e9 deixarmos de ser uma Igreja autorreferencial - Not\u00edcias - Franciscanos","og_description":"Frente das Par\u00f3quias","og_url":"https:\/\/franciscanos.org.br\/noticias\/orofino-o-maior-desafio-e-deixarmos-de-ser-uma-igreja-autorreferencial.html","og_site_name":"Not\u00edcias - Franciscanos","article_published_time":"2017-09-13T01:54:29+00:00","article_modified_time":"2023-01-10T12:58:17+00:00","og_image":[{"width":273,"height":181,"url":"https:\/\/franciscanos.org.br\/noticias\/wp-content\/uploads\/2017\/09\/orofino_120917_7.jpg","type":"image\/jpeg"}],"author":"admin","twitter_card":"summary_large_image","twitter_misc":{"Escrito por":"admin","Est. tempo de leitura":"11 minutos"},"schema":{"@context":"https:\/\/schema.org","@graph":[{"@type":"WebSite","@id":"https:\/\/franciscanos.org.br\/noticias\/#website","url":"https:\/\/franciscanos.org.br\/noticias\/","name":"Not\u00edcias - Franciscanos","description":"Prov\u00edncia Franciscana da Imaculada Concei\u00e7\u00e3o do Brasil - Ordem dos Frades Menores - OFM","potentialAction":[{"@type":"SearchAction","target":{"@type":"EntryPoint","urlTemplate":"https:\/\/franciscanos.org.br\/noticias\/?s={search_term_string}"},"query-input":"required name=search_term_string"}],"inLanguage":"pt-BR"},{"@type":"ImageObject","inLanguage":"pt-BR","@id":"https:\/\/franciscanos.org.br\/noticias\/orofino-o-maior-desafio-e-deixarmos-de-ser-uma-igreja-autorreferencial.html#primaryimage","url":"https:\/\/franciscanos.org.br\/noticias\/wp-content\/uploads\/2017\/09\/orofino_120917_7.jpg","contentUrl":"https:\/\/franciscanos.org.br\/noticias\/wp-content\/uploads\/2017\/09\/orofino_120917_7.jpg","width":273,"height":181},{"@type":"WebPage","@id":"https:\/\/franciscanos.org.br\/noticias\/orofino-o-maior-desafio-e-deixarmos-de-ser-uma-igreja-autorreferencial.html#webpage","url":"https:\/\/franciscanos.org.br\/noticias\/orofino-o-maior-desafio-e-deixarmos-de-ser-uma-igreja-autorreferencial.html","name":"Orofino: O maior desafio \u00e9 deixarmos de ser uma Igreja autorreferencial - Not\u00edcias - Franciscanos","isPartOf":{"@id":"https:\/\/franciscanos.org.br\/noticias\/#website"},"primaryImageOfPage":{"@id":"https:\/\/franciscanos.org.br\/noticias\/orofino-o-maior-desafio-e-deixarmos-de-ser-uma-igreja-autorreferencial.html#primaryimage"},"datePublished":"2017-09-13T01:54:29+00:00","dateModified":"2023-01-10T12:58:17+00:00","author":{"@id":"https:\/\/franciscanos.org.br\/noticias\/#\/schema\/person\/b38fbf43118f02820bd932f2e4b14ad3"},"breadcrumb":{"@id":"https:\/\/franciscanos.org.br\/noticias\/orofino-o-maior-desafio-e-deixarmos-de-ser-uma-igreja-autorreferencial.html#breadcrumb"},"inLanguage":"pt-BR","potentialAction":[{"@type":"ReadAction","target":["https:\/\/franciscanos.org.br\/noticias\/orofino-o-maior-desafio-e-deixarmos-de-ser-uma-igreja-autorreferencial.html"]}]},{"@type":"BreadcrumbList","@id":"https:\/\/franciscanos.org.br\/noticias\/orofino-o-maior-desafio-e-deixarmos-de-ser-uma-igreja-autorreferencial.html#breadcrumb","itemListElement":[{"@type":"ListItem","position":1,"name":"Home","item":"https:\/\/franciscanos.org.br\/noticias"},{"@type":"ListItem","position":2,"name":"Orofino: O maior desafio \u00e9 deixarmos de ser uma Igreja autorreferencial"}]},{"@type":"Person","@id":"https:\/\/franciscanos.org.br\/noticias\/#\/schema\/person\/b38fbf43118f02820bd932f2e4b14ad3","name":"admin","image":{"@type":"ImageObject","inLanguage":"pt-BR","@id":"https:\/\/franciscanos.org.br\/noticias\/#\/schema\/person\/image\/","url":"https:\/\/secure.gravatar.com\/avatar\/e8495742d34d0ba6448ea1c628263b3e?s=96&d=mm&r=g","contentUrl":"https:\/\/secure.gravatar.com\/avatar\/e8495742d34d0ba6448ea1c628263b3e?s=96&d=mm&r=g","caption":"admin"},"url":"https:\/\/franciscanos.org.br\/noticias\/author\/admin"}]}},"_links":{"self":[{"href":"https:\/\/franciscanos.org.br\/noticias\/wp-json\/wp\/v2\/posts\/140956"}],"collection":[{"href":"https:\/\/franciscanos.org.br\/noticias\/wp-json\/wp\/v2\/posts"}],"about":[{"href":"https:\/\/franciscanos.org.br\/noticias\/wp-json\/wp\/v2\/types\/post"}],"author":[{"embeddable":true,"href":"https:\/\/franciscanos.org.br\/noticias\/wp-json\/wp\/v2\/users\/1"}],"replies":[{"embeddable":true,"href":"https:\/\/franciscanos.org.br\/noticias\/wp-json\/wp\/v2\/comments?post=140956"}],"version-history":[{"count":1,"href":"https:\/\/franciscanos.org.br\/noticias\/wp-json\/wp\/v2\/posts\/140956\/revisions"}],"predecessor-version":[{"id":241685,"href":"https:\/\/franciscanos.org.br\/noticias\/wp-json\/wp\/v2\/posts\/140956\/revisions\/241685"}],"wp:featuredmedia":[{"embeddable":true,"href":"https:\/\/franciscanos.org.br\/noticias\/wp-json\/wp\/v2\/media\/201912"}],"wp:attachment":[{"href":"https:\/\/franciscanos.org.br\/noticias\/wp-json\/wp\/v2\/media?parent=140956"}],"wp:term":[{"taxonomy":"category","embeddable":true,"href":"https:\/\/franciscanos.org.br\/noticias\/wp-json\/wp\/v2\/categories?post=140956"},{"taxonomy":"post_tag","embeddable":true,"href":"https:\/\/franciscanos.org.br\/noticias\/wp-json\/wp\/v2\/tags?post=140956"}],"curies":[{"name":"wp","href":"https:\/\/api.w.org\/{rel}","templated":true}]}}