{"id":140912,"date":"2017-09-11T23:51:20","date_gmt":"2017-09-12T02:51:20","guid":{"rendered":"http:\/\/franciscanos.org.br\/?p=140912"},"modified":"2023-01-10T09:59:00","modified_gmt":"2023-01-10T12:59:00","slug":"frente-das-paroquias-de-agudos-orofino-fala-da-proposta-pastoral-do-papa-francisco-a-partir-da-amoris-laetitia","status":"publish","type":"post","link":"https:\/\/franciscanos.org.br\/noticias\/frente-das-paroquias-de-agudos-orofino-fala-da-proposta-pastoral-do-papa-francisco-a-partir-da-amoris-laetitia.html","title":{"rendered":"Frente das Par\u00f3quias: Orofino fala da proposta pastoral do Papa a partir da &#8216;Amoris Laetitia&#8217;"},"content":{"rendered":"<p><strong>\u00a0<\/strong><strong>Agudos (SP<\/strong>) &#8211; Um total de 35 frades e 74 leigos respondeu ao convite do coordenador da Frente de Evangeliza\u00e7\u00e3o das Par\u00f3quias, Santu\u00e1rios e Centros de Acolhimento da Prov\u00edncia da Imaculada Concei\u00e7\u00e3o, Frei Germano Guesser, para se reunir no Semin\u00e1rio Santo Ant\u00f4nio de Agudos (SP), de hoje (11) a 13 de setembro, no Encontro Provincial sob a assessoria do biblista Francisco Orofino, que j\u00e1 deu uma mostra na noite desta segunda (11) de como vai conduzir a sua reflex\u00e3o. &#8220;N\u00f3s n\u00e3o vamos estudar o conte\u00fado do documento <em>Amoris Laetitia<\/em>, n\u00f3s vamos estudar a proposta pastoral do Papa Francisco a partir deste documento, porque a proposta pastoral do Papa Francisco atinge diretamente as Par\u00f3quias&#8221;, explicou Orofino, que \u00e9 tamb\u00e9m \u00a0educador popular, assessora dioceses, grupos populares e comunidades de base nos munic\u00edpios da Baixada Fluminense.<\/p>\n<p>&#8220;Fazia muito tempo, mas muito tempo, que a gente n\u00e3o tinha um Papa cuja vida foi totalmente dedicada \u00e0 pastoral. Ele, com a gra\u00e7a de Deus, tornou-se provincial muito novo, com 38 anos, e fez o que tinha que fazer. Foi trabalhar em par\u00f3quia, tornou-se bispo auxiliar, ficou arcebispo de uma grande cidade latino-americana, que \u00e9 Buenos Aires. Fazia muito tempo que n\u00e3o t\u00ednhamos um Papa Pastor, no sentido mesmo de p\u00e1roco. Se voc\u00ea quer entender o que Papa Francisco est\u00e1 fazendo, perceba ele como o p\u00e1roco da Igreja universal&#8221;, disse, recordando o momento inicial de seu Pontificado, quando em apenas dez minutos conquistou o mundo.<\/p>\n<div id=\"attachment_140915\" style=\"width: 410px\" class=\"wp-caption alignleft\"><img aria-describedby=\"caption-attachment-140915\" loading=\"lazy\" class=\"wp-image-140915 size-full\" src=\"http:\/\/franciscanos.org.br\/wp-content\/uploads\/2017\/09\/orofino_110917_2.jpg\" alt=\"orofino_110917_2\" width=\"400\" height=\"458\" \/><p id=\"caption-attachment-140915\" class=\"wp-caption-text\">Frei C\u00e9sar K\u00fclkamp<\/p><\/div>\n<p>Orofino destacou que este encontro est\u00e1 dentro de um processo. &#8220;Esse encontro, para quem est\u00e1 vindo pela primeira vez, faz parte de um processo; n\u00e3o \u00e9 isolado. E a\u00ed\u00a0 quem est\u00e1 no processo, os p\u00e1rocos e os leigos, \u00e9 que t\u00eam de ver depois o fio condutor deste processo dentro de um Plano de Evangeliza\u00e7\u00e3o proposto pela Prov\u00edncia da Imaculada. Portanto, nossa meta aqui \u00e9 a evangeliza\u00e7\u00e3o e o instrumento dessa evangeliza\u00e7\u00e3o se chama Par\u00f3quias, Santu\u00e1rios e Centros de Acolhimento. S\u00e3o tr\u00eas instrumentos de evangeliza\u00e7\u00e3o, cujo enfoque vai ser dado aqui&#8221;, adiantou o assessor, \u00a0autor de v\u00e1rios livros. Orofino tamb\u00e9m leciona em Institutos de Teologia voltados para a forma\u00e7\u00e3o de leigos. Fez doutorado em Teologia B\u00edblica na PUC-Rio (2000) e \u00e9 professor de Teologia B\u00edblica no Instituto Paulo VI, na diocese de Nova Igua\u00e7u, RJ.<\/p>\n<p>Segundo Orofino, todas as imagens de Jesus para n\u00f3s dar ideia de evangeliza\u00e7\u00e3o s\u00e3o relacionadas ao servi\u00e7o da pesca. &#8220;Jesus n\u00e3o chamou ningu\u00e9m para ser pastor. Jesus chamou para ser pescador. &#8216;Venham a mim e farei\u00a0 de voc\u00eas pescadores de pessoas&#8217;.\u00a0 Dos doze que Jesus escolheu para o col\u00e9gio apost\u00f3lico, cinco s\u00e3o pescadores profissionais &#8211; Andr\u00e9, Sim\u00e3o, que s\u00e3o irm\u00e3os, Tiago e Jo\u00e3o, irm\u00e3os, e Felipe -, e todos eles residem num lugar chamado Bethsaida, que na l\u00edngua deles, <em>beth<\/em> (casa) e <em>saida<\/em> (peixe). <em>Bethsaida <\/em>significa peixaria. Era um ambiente onde funcionava as cooperativas de pescadores. E todo trabalho de evangeliza\u00e7\u00e3o de Jesus parte da profiss\u00e3o da pesca, de profissionais da pesca. Por isso \u00e9 muito forte a imagem da rede como instrumento capaz de pegar peixe e mais forte ainda a imagem da barca. Acho que de todas as imagens, a mais forte \u00e9 a da barca, porque essa barca cresceu muito e hoje \u00e9 um transatl\u00e2ntico&#8221;.<\/p>\n<p>Para Orofino, a barca sempre \u00e9 a imagem da Igreja mais forte e a gente sempre deve imaginar a Igreja como uma barca. Mas por que Jesus privilegiou tanto a imagem da barca, da rede da pesca e dos pescadores? Segundo o assessor, por causa da tremenda mobilidade exigida no exerc\u00edcio do pastor. &#8220;A imagem do pastor \u00e9 est\u00e1tica. Um pastor parado com o cajado na m\u00e3o, que tem uma curva que \u00e9 para trazer a ovelha pelo pesco\u00e7o. Ele ainda tem cachorros para ajudar no caso de uma ovelha fugitiva. Jesus n\u00e3o chama ningu\u00e9m para ser pastor, mas para ser pescador. Portanto, a mobilidade da pesca \u00e9 uma coisa muito importante e n\u00f3s vamos partir, amanh\u00e3 (ter\u00e7a, 12) deste processo, o processo de mobilidade que exige de n\u00f3s uma mobilidade pastoral&#8221;, enfatizou.<\/p>\n<div id=\"attachment_140916\" style=\"width: 410px\" class=\"wp-caption alignright\"><img aria-describedby=\"caption-attachment-140916\" loading=\"lazy\" class=\"wp-image-140916 size-full\" src=\"http:\/\/franciscanos.org.br\/wp-content\/uploads\/2017\/09\/orofino_110917_1.jpg\" alt=\"orofino_110917_1\" width=\"400\" height=\"381\" \/><p id=\"caption-attachment-140916\" class=\"wp-caption-text\">Frei Germano Guesser<\/p><\/div>\n<p>&#8220;Por maior que seja a barca, no caso um transatl\u00e2ntico, onde todos n\u00f3s estamos dentro, o que d\u00e1 a dire\u00e7\u00e3o \u00e9 o leme. E quem d\u00e1 a dire\u00e7\u00e3o \u00e9 um camarada que est\u00e1 no controle: o timoneiro. Ele segura na m\u00e3o um instrumento que \u00e9 chamado de tim\u00e3o &#8211; que n\u00e3o \u00e9 o Corinthians &#8211; e atrav\u00e9s de pequenos gestos ele d\u00e1 rumo ao transatl\u00e2ntico. Por isso, \u00e9 muito importante para n\u00f3s, crist\u00e3os, cat\u00f3licos e romanos, o timoneiro, neste momento, que se chama Francisco. Cada timoneiro tem a sua peculiaridade&#8221;, disse lembrando todos os papas que vieram depois do Conc\u00edlio Vaticano II, uma grande gra\u00e7a para quem p\u00f4de viver essa hist\u00f3ria. &#8220;Portanto, o timoneiro tem clareza, uma clareza que n\u00f3s, que estamos dentro da barca, e que fazemos parte da tripula\u00e7\u00e3o, n\u00e3o temos&#8221;, disse.<\/p>\n<p>Orofino lembrou, contudo, que nenhum timoneiro d\u00e1 a dire\u00e7\u00e3o conforme a sua pr\u00f3pria cabe\u00e7a. Nenhum. Todos t\u00eam um mapa. &#8220;Independentemente do timoneiro, esse mapa \u00e9, vamos dizer assim, a viga-mestra de tudo. Na nossa Igreja, o mapa se chama Conc\u00edlio Vaticano II. Independente do timoneiro, o mapa se chama Conc\u00edlio Vaticano II&#8221;, explicou Orofino, ressaltando que \u00e9 um momento hist\u00f3rico e de grande transforma\u00e7\u00e3o, onde se busca abandonar um mapa que se chama Conc\u00edlio de Trento e substituir um segundo mapa que se chama Vaticano II. &#8220;Portanto, n\u00f3s vivemos uma profunda transforma\u00e7\u00e3o de mapas, onde algumas coisas ainda n\u00e3o se encaixaram. Hoje, ningu\u00e9m de s\u00e3 consci\u00eancia construiria uma casa como essa onde estamos, chamada Semin\u00e1rio Santo Ant\u00f4nio de Agudos. Essa casa traduz um mapa chamado Conc\u00edlio de Trento. O sistema formativo na Igreja Cat\u00f3lica ainda n\u00e3o \u00e9 o Vaticano II, ainda \u00e9 Trento. Ainda se pega um rapaz e coloca num semin\u00e1rio em regime de internato, onde ele vai fazer todos os estudos dirigidos para que n\u00e3o se perca no mundo. Onde vai ter que fazer Filosofia, exig\u00eancia de Trento, para depois fazer Teologia. Ent\u00e3o, n\u00f3s estamos num per\u00edodo de enorme transforma\u00e7\u00e3o&#8221;, acredita.<\/p>\n<p>Nesse estudo da proposta pastoral do Papa Francisco, Orofino explicou que vai se debru\u00e7ar principalmente sobre o cap\u00edtulo 8, o mais pol\u00eamico do documento <em>Amoris Laetitia<\/em>. Tamb\u00e9m ter\u00e1 como base\u00a0 a bula <em>Misericordia Vultus<\/em>, lan\u00e7ada por ocasi\u00e3o do Jubileu da Miseric\u00f3rdia.<\/p>\n<p>Par isso, ele sugeriu o texto para estudo de Victor M. Fern\u00e1ndez, bispo argentino: &#8220;O Cap\u00edtulo VIII da <em>Amoris Laetitia<\/em> &#8211; O que ficou depois do temporal. &#8220;A proposta de Francisco \u00e9 muito exigente. Seria mais f\u00e1cil ou c\u00f4modo aplicar normas de maneira r\u00edgida e universal, querer que tudo seja &#8216;preto no branco&#8217;, ou partir de algumas convic\u00e7\u00f5es gerais e derivar conclus\u00f5es inamov\u00edveis sem levar em conta a complexidade da realidade e a vida concreta das pessoas. Mas essa rigidez c\u00f4moda pode ser uma trai\u00e7\u00e3o ao cora\u00e7\u00e3o do Evangelho&#8221;, analisa Victor M. Fern\u00e1ndez.<\/p>\n<p>Nesta noite de segunda-feira, Frei Germano pediu que os frades apresentassem as equipes que vieram com eles. O Vig\u00e1rio Provincial, Frei C\u00e9sar K\u00fclkamp falou em nome da Prov\u00edncia e do Ministro Provincial, Frei Fid\u00eancio Vanboemmel, que era com alegria que acolhia frades e leigos para este encontro. &#8220;Como franciscanos, temos como princ\u00edpio ter a nossa a\u00e7\u00e3o, a nossa evangeliza\u00e7\u00e3o, compartilhada com os leigos e, mais do que isso, os leigos devem ser protagonistas da nossa a\u00e7\u00e3o. Isso est\u00e1 escrito em nossos documentos e foi uma decis\u00e3o assumida n\u00e3o s\u00f3 aqui no Brasil mas em toda a Ordem Franciscana atrav\u00e9s do Cap\u00edtulo Geral. Na Prov\u00edncia, isso est\u00e1 presente no nosso Plano de Evangeliza\u00e7\u00e3o. Ent\u00e3o, \u00e9 muito importante esse encontro, essa presen\u00e7a de todos os que puderam vir aqui e que tamb\u00e9m possamos nos sentir muito pr\u00f3ximos daqueles com quem n\u00f3s trabalhamos e n\u00e3o puderam estar aqui por v\u00e1rias raz\u00f5es. Que esse encontro seja muito fecundo para a\u00e7\u00e3o que queremos levar l\u00e1 na Par\u00f3quia onde estamos&#8221;, pediu Frei C\u00e9sar.<\/p>\n<hr \/>\n<p><em>Comunica\u00e7\u00e3o da Prov\u00edncia da Imaculada Concei\u00e7\u00e3o<\/em><\/p>\n","protected":false},"excerpt":{"rendered":"<p>Frente das Par\u00f3quias<\/p>\n","protected":false},"author":1,"featured_media":194874,"comment_status":"open","ping_status":"open","sticky":false,"template":"","format":"standard","meta":[],"categories":[1],"tags":[1145],"acf":[],"yoast_head":"<!-- This site is optimized with the Yoast SEO plugin v19.2 - https:\/\/yoast.com\/wordpress\/plugins\/seo\/ -->\n<title>Frente das Par\u00f3quias: Orofino fala da proposta pastoral do Papa a partir da &#039;Amoris Laetitia&#039; - Not\u00edcias - Franciscanos<\/title>\n<meta name=\"robots\" content=\"index, follow, max-snippet:-1, max-image-preview:large, max-video-preview:-1\" \/>\n<link rel=\"canonical\" href=\"https:\/\/franciscanos.org.br\/noticias\/frente-das-paroquias-de-agudos-orofino-fala-da-proposta-pastoral-do-papa-francisco-a-partir-da-amoris-laetitia.html\" \/>\n<meta property=\"og:locale\" content=\"pt_BR\" \/>\n<meta property=\"og:type\" content=\"article\" \/>\n<meta property=\"og:title\" content=\"Frente das Par\u00f3quias: Orofino fala da proposta pastoral do Papa a partir da &#039;Amoris Laetitia&#039; - Not\u00edcias - Franciscanos\" \/>\n<meta property=\"og:description\" content=\"Frente das Par\u00f3quias\" \/>\n<meta property=\"og:url\" content=\"https:\/\/franciscanos.org.br\/noticias\/frente-das-paroquias-de-agudos-orofino-fala-da-proposta-pastoral-do-papa-francisco-a-partir-da-amoris-laetitia.html\" \/>\n<meta property=\"og:site_name\" content=\"Not\u00edcias - Franciscanos\" \/>\n<meta property=\"article:published_time\" content=\"2017-09-12T02:51:20+00:00\" \/>\n<meta property=\"article:modified_time\" content=\"2023-01-10T12:59:00+00:00\" \/>\n<meta property=\"og:image\" content=\"https:\/\/franciscanos.org.br\/noticias\/wp-content\/uploads\/2017\/09\/orofino_110917_2.jpg\" \/>\n\t<meta property=\"og:image:width\" content=\"273\" \/>\n\t<meta property=\"og:image:height\" content=\"181\" \/>\n\t<meta property=\"og:image:type\" content=\"image\/jpeg\" \/>\n<meta name=\"author\" content=\"admin\" \/>\n<meta name=\"twitter:card\" content=\"summary_large_image\" \/>\n<meta name=\"twitter:label1\" content=\"Escrito por\" \/>\n\t<meta name=\"twitter:data1\" content=\"admin\" \/>\n\t<meta name=\"twitter:label2\" content=\"Est. tempo de leitura\" \/>\n\t<meta name=\"twitter:data2\" content=\"7 minutos\" \/>\n<script type=\"application\/ld+json\" class=\"yoast-schema-graph\">{\"@context\":\"https:\/\/schema.org\",\"@graph\":[{\"@type\":\"WebSite\",\"@id\":\"https:\/\/franciscanos.org.br\/noticias\/#website\",\"url\":\"https:\/\/franciscanos.org.br\/noticias\/\",\"name\":\"Not\u00edcias - Franciscanos\",\"description\":\"Prov\u00edncia Franciscana da Imaculada Concei\u00e7\u00e3o do Brasil - Ordem dos Frades Menores - OFM\",\"potentialAction\":[{\"@type\":\"SearchAction\",\"target\":{\"@type\":\"EntryPoint\",\"urlTemplate\":\"https:\/\/franciscanos.org.br\/noticias\/?s={search_term_string}\"},\"query-input\":\"required name=search_term_string\"}],\"inLanguage\":\"pt-BR\"},{\"@type\":\"ImageObject\",\"inLanguage\":\"pt-BR\",\"@id\":\"https:\/\/franciscanos.org.br\/noticias\/frente-das-paroquias-de-agudos-orofino-fala-da-proposta-pastoral-do-papa-francisco-a-partir-da-amoris-laetitia.html#primaryimage\",\"url\":\"https:\/\/franciscanos.org.br\/noticias\/wp-content\/uploads\/2017\/09\/orofino_110917_2.jpg\",\"contentUrl\":\"https:\/\/franciscanos.org.br\/noticias\/wp-content\/uploads\/2017\/09\/orofino_110917_2.jpg\",\"width\":273,\"height\":181},{\"@type\":\"WebPage\",\"@id\":\"https:\/\/franciscanos.org.br\/noticias\/frente-das-paroquias-de-agudos-orofino-fala-da-proposta-pastoral-do-papa-francisco-a-partir-da-amoris-laetitia.html#webpage\",\"url\":\"https:\/\/franciscanos.org.br\/noticias\/frente-das-paroquias-de-agudos-orofino-fala-da-proposta-pastoral-do-papa-francisco-a-partir-da-amoris-laetitia.html\",\"name\":\"Frente das Par\u00f3quias: Orofino fala da proposta pastoral do Papa a partir da 'Amoris Laetitia' - Not\u00edcias - Franciscanos\",\"isPartOf\":{\"@id\":\"https:\/\/franciscanos.org.br\/noticias\/#website\"},\"primaryImageOfPage\":{\"@id\":\"https:\/\/franciscanos.org.br\/noticias\/frente-das-paroquias-de-agudos-orofino-fala-da-proposta-pastoral-do-papa-francisco-a-partir-da-amoris-laetitia.html#primaryimage\"},\"datePublished\":\"2017-09-12T02:51:20+00:00\",\"dateModified\":\"2023-01-10T12:59:00+00:00\",\"author\":{\"@id\":\"https:\/\/franciscanos.org.br\/noticias\/#\/schema\/person\/b38fbf43118f02820bd932f2e4b14ad3\"},\"breadcrumb\":{\"@id\":\"https:\/\/franciscanos.org.br\/noticias\/frente-das-paroquias-de-agudos-orofino-fala-da-proposta-pastoral-do-papa-francisco-a-partir-da-amoris-laetitia.html#breadcrumb\"},\"inLanguage\":\"pt-BR\",\"potentialAction\":[{\"@type\":\"ReadAction\",\"target\":[\"https:\/\/franciscanos.org.br\/noticias\/frente-das-paroquias-de-agudos-orofino-fala-da-proposta-pastoral-do-papa-francisco-a-partir-da-amoris-laetitia.html\"]}]},{\"@type\":\"BreadcrumbList\",\"@id\":\"https:\/\/franciscanos.org.br\/noticias\/frente-das-paroquias-de-agudos-orofino-fala-da-proposta-pastoral-do-papa-francisco-a-partir-da-amoris-laetitia.html#breadcrumb\",\"itemListElement\":[{\"@type\":\"ListItem\",\"position\":1,\"name\":\"Home\",\"item\":\"https:\/\/franciscanos.org.br\/noticias\"},{\"@type\":\"ListItem\",\"position\":2,\"name\":\"Frente das Par\u00f3quias: Orofino fala da proposta pastoral do Papa a partir da &#8216;Amoris Laetitia&#8217;\"}]},{\"@type\":\"Person\",\"@id\":\"https:\/\/franciscanos.org.br\/noticias\/#\/schema\/person\/b38fbf43118f02820bd932f2e4b14ad3\",\"name\":\"admin\",\"image\":{\"@type\":\"ImageObject\",\"inLanguage\":\"pt-BR\",\"@id\":\"https:\/\/franciscanos.org.br\/noticias\/#\/schema\/person\/image\/\",\"url\":\"https:\/\/secure.gravatar.com\/avatar\/e8495742d34d0ba6448ea1c628263b3e?s=96&d=mm&r=g\",\"contentUrl\":\"https:\/\/secure.gravatar.com\/avatar\/e8495742d34d0ba6448ea1c628263b3e?s=96&d=mm&r=g\",\"caption\":\"admin\"},\"url\":\"https:\/\/franciscanos.org.br\/noticias\/author\/admin\"}]}<\/script>\n<!-- \/ Yoast SEO plugin. -->","yoast_head_json":{"title":"Frente das Par\u00f3quias: Orofino fala da proposta pastoral do Papa a partir da 'Amoris Laetitia' - Not\u00edcias - Franciscanos","robots":{"index":"index","follow":"follow","max-snippet":"max-snippet:-1","max-image-preview":"max-image-preview:large","max-video-preview":"max-video-preview:-1"},"canonical":"https:\/\/franciscanos.org.br\/noticias\/frente-das-paroquias-de-agudos-orofino-fala-da-proposta-pastoral-do-papa-francisco-a-partir-da-amoris-laetitia.html","og_locale":"pt_BR","og_type":"article","og_title":"Frente das Par\u00f3quias: Orofino fala da proposta pastoral do Papa a partir da 'Amoris Laetitia' - Not\u00edcias - Franciscanos","og_description":"Frente das Par\u00f3quias","og_url":"https:\/\/franciscanos.org.br\/noticias\/frente-das-paroquias-de-agudos-orofino-fala-da-proposta-pastoral-do-papa-francisco-a-partir-da-amoris-laetitia.html","og_site_name":"Not\u00edcias - Franciscanos","article_published_time":"2017-09-12T02:51:20+00:00","article_modified_time":"2023-01-10T12:59:00+00:00","og_image":[{"width":273,"height":181,"url":"https:\/\/franciscanos.org.br\/noticias\/wp-content\/uploads\/2017\/09\/orofino_110917_2.jpg","type":"image\/jpeg"}],"author":"admin","twitter_card":"summary_large_image","twitter_misc":{"Escrito por":"admin","Est. tempo de leitura":"7 minutos"},"schema":{"@context":"https:\/\/schema.org","@graph":[{"@type":"WebSite","@id":"https:\/\/franciscanos.org.br\/noticias\/#website","url":"https:\/\/franciscanos.org.br\/noticias\/","name":"Not\u00edcias - Franciscanos","description":"Prov\u00edncia Franciscana da Imaculada Concei\u00e7\u00e3o do Brasil - Ordem dos Frades Menores - OFM","potentialAction":[{"@type":"SearchAction","target":{"@type":"EntryPoint","urlTemplate":"https:\/\/franciscanos.org.br\/noticias\/?s={search_term_string}"},"query-input":"required name=search_term_string"}],"inLanguage":"pt-BR"},{"@type":"ImageObject","inLanguage":"pt-BR","@id":"https:\/\/franciscanos.org.br\/noticias\/frente-das-paroquias-de-agudos-orofino-fala-da-proposta-pastoral-do-papa-francisco-a-partir-da-amoris-laetitia.html#primaryimage","url":"https:\/\/franciscanos.org.br\/noticias\/wp-content\/uploads\/2017\/09\/orofino_110917_2.jpg","contentUrl":"https:\/\/franciscanos.org.br\/noticias\/wp-content\/uploads\/2017\/09\/orofino_110917_2.jpg","width":273,"height":181},{"@type":"WebPage","@id":"https:\/\/franciscanos.org.br\/noticias\/frente-das-paroquias-de-agudos-orofino-fala-da-proposta-pastoral-do-papa-francisco-a-partir-da-amoris-laetitia.html#webpage","url":"https:\/\/franciscanos.org.br\/noticias\/frente-das-paroquias-de-agudos-orofino-fala-da-proposta-pastoral-do-papa-francisco-a-partir-da-amoris-laetitia.html","name":"Frente das Par\u00f3quias: Orofino fala da proposta pastoral do Papa a partir da 'Amoris Laetitia' - Not\u00edcias - Franciscanos","isPartOf":{"@id":"https:\/\/franciscanos.org.br\/noticias\/#website"},"primaryImageOfPage":{"@id":"https:\/\/franciscanos.org.br\/noticias\/frente-das-paroquias-de-agudos-orofino-fala-da-proposta-pastoral-do-papa-francisco-a-partir-da-amoris-laetitia.html#primaryimage"},"datePublished":"2017-09-12T02:51:20+00:00","dateModified":"2023-01-10T12:59:00+00:00","author":{"@id":"https:\/\/franciscanos.org.br\/noticias\/#\/schema\/person\/b38fbf43118f02820bd932f2e4b14ad3"},"breadcrumb":{"@id":"https:\/\/franciscanos.org.br\/noticias\/frente-das-paroquias-de-agudos-orofino-fala-da-proposta-pastoral-do-papa-francisco-a-partir-da-amoris-laetitia.html#breadcrumb"},"inLanguage":"pt-BR","potentialAction":[{"@type":"ReadAction","target":["https:\/\/franciscanos.org.br\/noticias\/frente-das-paroquias-de-agudos-orofino-fala-da-proposta-pastoral-do-papa-francisco-a-partir-da-amoris-laetitia.html"]}]},{"@type":"BreadcrumbList","@id":"https:\/\/franciscanos.org.br\/noticias\/frente-das-paroquias-de-agudos-orofino-fala-da-proposta-pastoral-do-papa-francisco-a-partir-da-amoris-laetitia.html#breadcrumb","itemListElement":[{"@type":"ListItem","position":1,"name":"Home","item":"https:\/\/franciscanos.org.br\/noticias"},{"@type":"ListItem","position":2,"name":"Frente das Par\u00f3quias: Orofino fala da proposta pastoral do Papa a partir da &#8216;Amoris Laetitia&#8217;"}]},{"@type":"Person","@id":"https:\/\/franciscanos.org.br\/noticias\/#\/schema\/person\/b38fbf43118f02820bd932f2e4b14ad3","name":"admin","image":{"@type":"ImageObject","inLanguage":"pt-BR","@id":"https:\/\/franciscanos.org.br\/noticias\/#\/schema\/person\/image\/","url":"https:\/\/secure.gravatar.com\/avatar\/e8495742d34d0ba6448ea1c628263b3e?s=96&d=mm&r=g","contentUrl":"https:\/\/secure.gravatar.com\/avatar\/e8495742d34d0ba6448ea1c628263b3e?s=96&d=mm&r=g","caption":"admin"},"url":"https:\/\/franciscanos.org.br\/noticias\/author\/admin"}]}},"_links":{"self":[{"href":"https:\/\/franciscanos.org.br\/noticias\/wp-json\/wp\/v2\/posts\/140912"}],"collection":[{"href":"https:\/\/franciscanos.org.br\/noticias\/wp-json\/wp\/v2\/posts"}],"about":[{"href":"https:\/\/franciscanos.org.br\/noticias\/wp-json\/wp\/v2\/types\/post"}],"author":[{"embeddable":true,"href":"https:\/\/franciscanos.org.br\/noticias\/wp-json\/wp\/v2\/users\/1"}],"replies":[{"embeddable":true,"href":"https:\/\/franciscanos.org.br\/noticias\/wp-json\/wp\/v2\/comments?post=140912"}],"version-history":[{"count":1,"href":"https:\/\/franciscanos.org.br\/noticias\/wp-json\/wp\/v2\/posts\/140912\/revisions"}],"predecessor-version":[{"id":241686,"href":"https:\/\/franciscanos.org.br\/noticias\/wp-json\/wp\/v2\/posts\/140912\/revisions\/241686"}],"wp:featuredmedia":[{"embeddable":true,"href":"https:\/\/franciscanos.org.br\/noticias\/wp-json\/wp\/v2\/media\/194874"}],"wp:attachment":[{"href":"https:\/\/franciscanos.org.br\/noticias\/wp-json\/wp\/v2\/media?parent=140912"}],"wp:term":[{"taxonomy":"category","embeddable":true,"href":"https:\/\/franciscanos.org.br\/noticias\/wp-json\/wp\/v2\/categories?post=140912"},{"taxonomy":"post_tag","embeddable":true,"href":"https:\/\/franciscanos.org.br\/noticias\/wp-json\/wp\/v2\/tags?post=140912"}],"curies":[{"name":"wp","href":"https:\/\/api.w.org\/{rel}","templated":true}]}}