{"id":140894,"date":"2017-09-04T08:09:38","date_gmt":"2017-09-04T11:09:38","guid":{"rendered":"http:\/\/franciscanos.org.br\/?p=140894"},"modified":"2019-01-29T10:15:54","modified_gmt":"2019-01-29T12:15:54","slug":"santuario-sao-francisco-relembra-momentos-da-vida-de-dom-evaristo-arns","status":"publish","type":"post","link":"https:\/\/franciscanos.org.br\/noticias\/santuario-sao-francisco-relembra-momentos-da-vida-de-dom-evaristo-arns.html","title":{"rendered":"Santu\u00e1rio S\u00e3o Francisco relembra momentos da vida de Dom Evaristo Arns"},"content":{"rendered":"<p><img loading=\"lazy\" src=\"http:\/\/franciscanos.org.br\/wp-content\/uploads\/2017\/09\/roda_110917G.jpg\" alt=\"roda_110917G\" width=\"830\" height=\"360\" \/><\/p>\n<p><strong>Ana Machado (texto e fotos)<\/strong><\/p>\n<p><strong>S\u00e3o Paulo (SP) &#8211;<\/strong> A roda de cadeiras dispostas no Sal\u00e3o S\u00e3o D\u00e2maso, no Santu\u00e1rio S\u00e3o Francisco, foi ficando maior conforme o rel\u00f3gio se aproximava das 16h30, hor\u00e1rio marcado para iniciar uma das atividades propostas para setembro, m\u00eas em que essa grande casa franciscana completa 370 anos. O formato circular tinha um prop\u00f3sito: tornar o ambiente acolhedor o suficiente para que fosse um encontro entre amigos.<\/p>\n<p>E assim foi. No s\u00e1bado (02), um dia ap\u00f3s a abertura da exposi\u00e7\u00e3o fotogr\u00e1fica que homenageia o cardeal Dom Paulo Evaristo Arns, pessoas que conviveram com ele se dispuseram a contar, numa roda de conversa, um pouco mais sobre sua trajet\u00f3ria junto aos mais necessitados, o que lhe rendeu o apelido de \u201ccardeal dos pobres\u201d, e tamb\u00e9m sobre sua forte atua\u00e7\u00e3o pelos direitos humanos, especialmente no per\u00edodo da ditadura.<\/p>\n<p>Ao todo, quase 50 pessoas participaram do encontro, entre eles: Paulo Petrini, coordenador da Pastoral Oper\u00e1ria Metropolitana de S\u00e3o Paulo; Maria C\u00e9lia Rossi, militante do Movimento Popular de Sa\u00fade; Padre Jo\u00e3o Drexel, mission\u00e1rio oblato de Maria Imaculada; Irm\u00e3 Maria Jos\u00e9 Mendes, provincial das Irm\u00e3s Franciscanas da A\u00e7\u00e3o Pastoral; e Belis\u00e1rio dos Santos Junior, membro da Comiss\u00e3o de Justi\u00e7a e Paz.<\/p>\n<p><strong>Depoimentos emocionados<\/strong><br \/>\nLogo no in\u00edcio, o p\u00e1roco e reitor do Santu\u00e1rio S\u00e3o Francisco, Frei Alvaci Mendes da Luz (OFM), agradeceu a presen\u00e7a de todos e lembrou o fato de que Dom Paulo tinha forma\u00e7\u00e3o franciscana e, por isso, n\u00e3o havia melhor lugar para lembr\u00e1-lo do que na casa franciscana mais antiga de S\u00e3o Paulo. \u201c\u00c9 uma feliz coincid\u00eancia que estejamos celebrando o anivers\u00e1rio de 370 anos e, como parte disso, relembrando tamb\u00e9m a hist\u00f3ria de Dom Paulo, que sempre teve muito carinho por esse espa\u00e7o e nunca esqueceu suas origens franciscanas\u201d, comentou Frei Alvaci.<br \/>\nPouco a pouco, cada um dos amigos de Dom Paulo come\u00e7ou a se pronunciar. Lembraram de como o conheceram pessoalmente, dos epis\u00f3dios mais marcantes que tiveram com ele, bem como destacaram alguns grandes momentos de sua trajet\u00f3ria religiosa.<\/p>\n<p>O advogado Belis\u00e1rio dos Santos J\u00fanior, por exemplo, que conduziu a defesa de diversos presos pol\u00edticos durante a ditadura, enfatizou a influ\u00eancia positiva de Dom Paulo na intermedia\u00e7\u00e3o de conflitos com os militares. Para exemplificar, citou uma visita do religioso ao Paraguai. \u201cEle pediu a liberdade de militantes que estavam presos em Assun\u00e7\u00e3o e o ex\u00e9rcito o atendeu\u201d, contou Belis\u00e1rio. \u201cDepois disso, costum\u00e1vamos brincar que ele era o \u2018cardeal habeas corpus\u2019, pois soltava presos at\u00e9 no Paraguai\u201d, relembrou.<\/p>\n<p>Outro depoimento que chamou a aten\u00e7\u00e3o foi do jornalista Ricardo Carvalho, que se mostrou contente ao ver um grupo de adolescentes presente no encontro. \u201c\u00c9 muito bom ver rostos jovens num encontro como esse, pois estamos reunidos para falar do passado, mas tamb\u00e9m pensando no futuro\u201d, ressaltou. Conhecedor da vida de Dom Paulo, Carvalho presenteou os dois adolescentes mais novos do grupo com o livro \u201cO cardeal e o rep\u00f3rter\u201d, obra que conta hist\u00f3rias que o jornalista viveu com ele. Al\u00e9m disso, adiantou que est\u00e1 produzindo um document\u00e1rio chamado \u201cEsperan\u00e7a: as muitas vidas de Dom Paulo\u201d, previsto para estrear ainda no final deste ano.<\/p>\n<p><strong>Os caminhos de Dom Evaristo Arns em S\u00e3o Paulo<\/strong><br \/>\nAinda como forma de homenagear o cardeal que se tornou s\u00edmbolo da luta por justi\u00e7a social e resist\u00eancia \u00e0 opress\u00e3o pol\u00edtica, o Santu\u00e1rio S\u00e3o Francisco sedia at\u00e9 o dia 4 de outubro a exposi\u00e7\u00e3o fotogr\u00e1fica \u201cOs caminhos de Dom Evaristo Arns em S\u00e3o Paulo\u201d, que re\u00fane mais de 90 fotografias, feitas entre 1980 e 2016. As imagens, registradas pelo fot\u00f3grafo Douglas Mansur, retratam momentos importantes da Igreja Cat\u00f3lica sob a \u00f3tica humana de Dom Paulo, falecido no ano passado.<\/p>\n<p>Saiba mais:\u00a0<a href=\"http:\/\/santuariosaofrancisco.com.br\/\" target=\"_blank\" rel=\"noopener\">http:\/\/santuariosaofrancisco.com.br\/<\/a><\/p>\n\n","protected":false},"excerpt":{"rendered":"<p>Roda de conversa<\/p>\n","protected":false},"author":1,"featured_media":194930,"comment_status":"open","ping_status":"open","sticky":false,"template":"","format":"standard","meta":[],"categories":[1],"tags":[312],"acf":[],"yoast_head":"<!-- This site is optimized with the Yoast SEO plugin v19.2 - https:\/\/yoast.com\/wordpress\/plugins\/seo\/ -->\n<title>Santu\u00e1rio S\u00e3o Francisco relembra momentos da vida de Dom Evaristo Arns - Not\u00edcias - Franciscanos<\/title>\n<meta name=\"robots\" content=\"index, follow, max-snippet:-1, max-image-preview:large, max-video-preview:-1\" \/>\n<link rel=\"canonical\" href=\"https:\/\/franciscanos.org.br\/noticias\/santuario-sao-francisco-relembra-momentos-da-vida-de-dom-evaristo-arns.html\" \/>\n<meta property=\"og:locale\" content=\"pt_BR\" \/>\n<meta property=\"og:type\" content=\"article\" \/>\n<meta property=\"og:title\" content=\"Santu\u00e1rio S\u00e3o Francisco relembra momentos da vida de Dom Evaristo Arns - Not\u00edcias - Franciscanos\" \/>\n<meta property=\"og:description\" content=\"Roda de conversa\" \/>\n<meta property=\"og:url\" content=\"https:\/\/franciscanos.org.br\/noticias\/santuario-sao-francisco-relembra-momentos-da-vida-de-dom-evaristo-arns.html\" \/>\n<meta property=\"og:site_name\" content=\"Not\u00edcias - Franciscanos\" \/>\n<meta property=\"article:published_time\" content=\"2017-09-04T11:09:38+00:00\" \/>\n<meta property=\"article:modified_time\" content=\"2019-01-29T12:15:54+00:00\" \/>\n<meta property=\"og:image\" content=\"https:\/\/franciscanos.org.br\/noticias\/wp-content\/uploads\/2017\/09\/roda_110917G.jpg\" \/>\n\t<meta property=\"og:image:width\" content=\"273\" \/>\n\t<meta property=\"og:image:height\" content=\"181\" \/>\n\t<meta property=\"og:image:type\" content=\"image\/jpeg\" \/>\n<meta name=\"author\" content=\"admin\" \/>\n<meta name=\"twitter:card\" content=\"summary_large_image\" \/>\n<meta name=\"twitter:label1\" content=\"Escrito por\" \/>\n\t<meta name=\"twitter:data1\" content=\"admin\" \/>\n\t<meta name=\"twitter:label2\" content=\"Est. tempo de leitura\" \/>\n\t<meta name=\"twitter:data2\" content=\"3 minutos\" \/>\n<script type=\"application\/ld+json\" class=\"yoast-schema-graph\">{\"@context\":\"https:\/\/schema.org\",\"@graph\":[{\"@type\":\"WebSite\",\"@id\":\"https:\/\/franciscanos.org.br\/noticias\/#website\",\"url\":\"https:\/\/franciscanos.org.br\/noticias\/\",\"name\":\"Not\u00edcias - Franciscanos\",\"description\":\"Prov\u00edncia Franciscana da Imaculada Concei\u00e7\u00e3o do Brasil - Ordem dos Frades Menores - OFM\",\"potentialAction\":[{\"@type\":\"SearchAction\",\"target\":{\"@type\":\"EntryPoint\",\"urlTemplate\":\"https:\/\/franciscanos.org.br\/noticias\/?s={search_term_string}\"},\"query-input\":\"required name=search_term_string\"}],\"inLanguage\":\"pt-BR\"},{\"@type\":\"ImageObject\",\"inLanguage\":\"pt-BR\",\"@id\":\"https:\/\/franciscanos.org.br\/noticias\/santuario-sao-francisco-relembra-momentos-da-vida-de-dom-evaristo-arns.html#primaryimage\",\"url\":\"https:\/\/franciscanos.org.br\/noticias\/wp-content\/uploads\/2017\/09\/roda_110917G.jpg\",\"contentUrl\":\"https:\/\/franciscanos.org.br\/noticias\/wp-content\/uploads\/2017\/09\/roda_110917G.jpg\",\"width\":273,\"height\":181},{\"@type\":\"WebPage\",\"@id\":\"https:\/\/franciscanos.org.br\/noticias\/santuario-sao-francisco-relembra-momentos-da-vida-de-dom-evaristo-arns.html#webpage\",\"url\":\"https:\/\/franciscanos.org.br\/noticias\/santuario-sao-francisco-relembra-momentos-da-vida-de-dom-evaristo-arns.html\",\"name\":\"Santu\u00e1rio S\u00e3o Francisco relembra momentos da vida de Dom Evaristo Arns - Not\u00edcias - Franciscanos\",\"isPartOf\":{\"@id\":\"https:\/\/franciscanos.org.br\/noticias\/#website\"},\"primaryImageOfPage\":{\"@id\":\"https:\/\/franciscanos.org.br\/noticias\/santuario-sao-francisco-relembra-momentos-da-vida-de-dom-evaristo-arns.html#primaryimage\"},\"datePublished\":\"2017-09-04T11:09:38+00:00\",\"dateModified\":\"2019-01-29T12:15:54+00:00\",\"author\":{\"@id\":\"https:\/\/franciscanos.org.br\/noticias\/#\/schema\/person\/b38fbf43118f02820bd932f2e4b14ad3\"},\"breadcrumb\":{\"@id\":\"https:\/\/franciscanos.org.br\/noticias\/santuario-sao-francisco-relembra-momentos-da-vida-de-dom-evaristo-arns.html#breadcrumb\"},\"inLanguage\":\"pt-BR\",\"potentialAction\":[{\"@type\":\"ReadAction\",\"target\":[\"https:\/\/franciscanos.org.br\/noticias\/santuario-sao-francisco-relembra-momentos-da-vida-de-dom-evaristo-arns.html\"]}]},{\"@type\":\"BreadcrumbList\",\"@id\":\"https:\/\/franciscanos.org.br\/noticias\/santuario-sao-francisco-relembra-momentos-da-vida-de-dom-evaristo-arns.html#breadcrumb\",\"itemListElement\":[{\"@type\":\"ListItem\",\"position\":1,\"name\":\"Home\",\"item\":\"https:\/\/franciscanos.org.br\/noticias\"},{\"@type\":\"ListItem\",\"position\":2,\"name\":\"Santu\u00e1rio S\u00e3o Francisco relembra momentos da vida de Dom Evaristo Arns\"}]},{\"@type\":\"Person\",\"@id\":\"https:\/\/franciscanos.org.br\/noticias\/#\/schema\/person\/b38fbf43118f02820bd932f2e4b14ad3\",\"name\":\"admin\",\"image\":{\"@type\":\"ImageObject\",\"inLanguage\":\"pt-BR\",\"@id\":\"https:\/\/franciscanos.org.br\/noticias\/#\/schema\/person\/image\/\",\"url\":\"https:\/\/secure.gravatar.com\/avatar\/e8495742d34d0ba6448ea1c628263b3e?s=96&d=mm&r=g\",\"contentUrl\":\"https:\/\/secure.gravatar.com\/avatar\/e8495742d34d0ba6448ea1c628263b3e?s=96&d=mm&r=g\",\"caption\":\"admin\"},\"url\":\"https:\/\/franciscanos.org.br\/noticias\/author\/admin\"}]}<\/script>\n<!-- \/ Yoast SEO plugin. -->","yoast_head_json":{"title":"Santu\u00e1rio S\u00e3o Francisco relembra momentos da vida de Dom Evaristo Arns - Not\u00edcias - Franciscanos","robots":{"index":"index","follow":"follow","max-snippet":"max-snippet:-1","max-image-preview":"max-image-preview:large","max-video-preview":"max-video-preview:-1"},"canonical":"https:\/\/franciscanos.org.br\/noticias\/santuario-sao-francisco-relembra-momentos-da-vida-de-dom-evaristo-arns.html","og_locale":"pt_BR","og_type":"article","og_title":"Santu\u00e1rio S\u00e3o Francisco relembra momentos da vida de Dom Evaristo Arns - Not\u00edcias - Franciscanos","og_description":"Roda de conversa","og_url":"https:\/\/franciscanos.org.br\/noticias\/santuario-sao-francisco-relembra-momentos-da-vida-de-dom-evaristo-arns.html","og_site_name":"Not\u00edcias - Franciscanos","article_published_time":"2017-09-04T11:09:38+00:00","article_modified_time":"2019-01-29T12:15:54+00:00","og_image":[{"width":273,"height":181,"url":"https:\/\/franciscanos.org.br\/noticias\/wp-content\/uploads\/2017\/09\/roda_110917G.jpg","type":"image\/jpeg"}],"author":"admin","twitter_card":"summary_large_image","twitter_misc":{"Escrito por":"admin","Est. tempo de leitura":"3 minutos"},"schema":{"@context":"https:\/\/schema.org","@graph":[{"@type":"WebSite","@id":"https:\/\/franciscanos.org.br\/noticias\/#website","url":"https:\/\/franciscanos.org.br\/noticias\/","name":"Not\u00edcias - Franciscanos","description":"Prov\u00edncia Franciscana da Imaculada Concei\u00e7\u00e3o do Brasil - Ordem dos Frades Menores - OFM","potentialAction":[{"@type":"SearchAction","target":{"@type":"EntryPoint","urlTemplate":"https:\/\/franciscanos.org.br\/noticias\/?s={search_term_string}"},"query-input":"required name=search_term_string"}],"inLanguage":"pt-BR"},{"@type":"ImageObject","inLanguage":"pt-BR","@id":"https:\/\/franciscanos.org.br\/noticias\/santuario-sao-francisco-relembra-momentos-da-vida-de-dom-evaristo-arns.html#primaryimage","url":"https:\/\/franciscanos.org.br\/noticias\/wp-content\/uploads\/2017\/09\/roda_110917G.jpg","contentUrl":"https:\/\/franciscanos.org.br\/noticias\/wp-content\/uploads\/2017\/09\/roda_110917G.jpg","width":273,"height":181},{"@type":"WebPage","@id":"https:\/\/franciscanos.org.br\/noticias\/santuario-sao-francisco-relembra-momentos-da-vida-de-dom-evaristo-arns.html#webpage","url":"https:\/\/franciscanos.org.br\/noticias\/santuario-sao-francisco-relembra-momentos-da-vida-de-dom-evaristo-arns.html","name":"Santu\u00e1rio S\u00e3o Francisco relembra momentos da vida de Dom Evaristo Arns - Not\u00edcias - Franciscanos","isPartOf":{"@id":"https:\/\/franciscanos.org.br\/noticias\/#website"},"primaryImageOfPage":{"@id":"https:\/\/franciscanos.org.br\/noticias\/santuario-sao-francisco-relembra-momentos-da-vida-de-dom-evaristo-arns.html#primaryimage"},"datePublished":"2017-09-04T11:09:38+00:00","dateModified":"2019-01-29T12:15:54+00:00","author":{"@id":"https:\/\/franciscanos.org.br\/noticias\/#\/schema\/person\/b38fbf43118f02820bd932f2e4b14ad3"},"breadcrumb":{"@id":"https:\/\/franciscanos.org.br\/noticias\/santuario-sao-francisco-relembra-momentos-da-vida-de-dom-evaristo-arns.html#breadcrumb"},"inLanguage":"pt-BR","potentialAction":[{"@type":"ReadAction","target":["https:\/\/franciscanos.org.br\/noticias\/santuario-sao-francisco-relembra-momentos-da-vida-de-dom-evaristo-arns.html"]}]},{"@type":"BreadcrumbList","@id":"https:\/\/franciscanos.org.br\/noticias\/santuario-sao-francisco-relembra-momentos-da-vida-de-dom-evaristo-arns.html#breadcrumb","itemListElement":[{"@type":"ListItem","position":1,"name":"Home","item":"https:\/\/franciscanos.org.br\/noticias"},{"@type":"ListItem","position":2,"name":"Santu\u00e1rio S\u00e3o Francisco relembra momentos da vida de Dom Evaristo Arns"}]},{"@type":"Person","@id":"https:\/\/franciscanos.org.br\/noticias\/#\/schema\/person\/b38fbf43118f02820bd932f2e4b14ad3","name":"admin","image":{"@type":"ImageObject","inLanguage":"pt-BR","@id":"https:\/\/franciscanos.org.br\/noticias\/#\/schema\/person\/image\/","url":"https:\/\/secure.gravatar.com\/avatar\/e8495742d34d0ba6448ea1c628263b3e?s=96&d=mm&r=g","contentUrl":"https:\/\/secure.gravatar.com\/avatar\/e8495742d34d0ba6448ea1c628263b3e?s=96&d=mm&r=g","caption":"admin"},"url":"https:\/\/franciscanos.org.br\/noticias\/author\/admin"}]}},"_links":{"self":[{"href":"https:\/\/franciscanos.org.br\/noticias\/wp-json\/wp\/v2\/posts\/140894"}],"collection":[{"href":"https:\/\/franciscanos.org.br\/noticias\/wp-json\/wp\/v2\/posts"}],"about":[{"href":"https:\/\/franciscanos.org.br\/noticias\/wp-json\/wp\/v2\/types\/post"}],"author":[{"embeddable":true,"href":"https:\/\/franciscanos.org.br\/noticias\/wp-json\/wp\/v2\/users\/1"}],"replies":[{"embeddable":true,"href":"https:\/\/franciscanos.org.br\/noticias\/wp-json\/wp\/v2\/comments?post=140894"}],"version-history":[{"count":0,"href":"https:\/\/franciscanos.org.br\/noticias\/wp-json\/wp\/v2\/posts\/140894\/revisions"}],"wp:featuredmedia":[{"embeddable":true,"href":"https:\/\/franciscanos.org.br\/noticias\/wp-json\/wp\/v2\/media\/194930"}],"wp:attachment":[{"href":"https:\/\/franciscanos.org.br\/noticias\/wp-json\/wp\/v2\/media?parent=140894"}],"wp:term":[{"taxonomy":"category","embeddable":true,"href":"https:\/\/franciscanos.org.br\/noticias\/wp-json\/wp\/v2\/categories?post=140894"},{"taxonomy":"post_tag","embeddable":true,"href":"https:\/\/franciscanos.org.br\/noticias\/wp-json\/wp\/v2\/tags?post=140894"}],"curies":[{"name":"wp","href":"https:\/\/api.w.org\/{rel}","templated":true}]}}