{"id":140864,"date":"2017-09-11T14:30:55","date_gmt":"2017-09-11T17:30:55","guid":{"rendered":"http:\/\/franciscanos.org.br\/?p=140864"},"modified":"2020-06-08T17:35:44","modified_gmt":"2020-06-08T20:35:44","slug":"papa-francisco-colombia-pais-cujo-povo-tem-esperanca-e-tem-futuro","status":"publish","type":"post","link":"https:\/\/franciscanos.org.br\/noticias\/papa-francisco-colombia-pais-cujo-povo-tem-esperanca-e-tem-futuro.html","title":{"rendered":"Col\u00f4mbia, pa\u00eds cujo povo tem esperan\u00e7a e tem futuro"},"content":{"rendered":"<p>&nbsp;<\/p>\n<p><img loading=\"lazy\" class=\"alignnone size-full wp-image-194878\" src=\"https:\/\/franciscanos.org.br\/noticias\/wp-content\/uploads\/2017\/09\/papa_voo.jpg\" alt=\"\" width=\"890\" height=\"540\" srcset=\"https:\/\/franciscanos.org.br\/noticias\/wp-content\/uploads\/2017\/09\/papa_voo.jpg 890w, https:\/\/franciscanos.org.br\/noticias\/wp-content\/uploads\/2017\/09\/papa_voo-450x273.jpg 450w, https:\/\/franciscanos.org.br\/noticias\/wp-content\/uploads\/2017\/09\/papa_voo-768x466.jpg 768w, https:\/\/franciscanos.org.br\/noticias\/wp-content\/uploads\/2017\/09\/papa_voo-150x91.jpg 150w\" sizes=\"(max-width: 890px) 100vw, 890px\" \/><\/p>\n<p><strong>Cidade do Vaticano<\/strong> &#8211; Um \u201cpovo nobre que n\u00e3o tem medo de expressar-se e de mostrar aquilo que sente.\u201d Quatro dias completos s\u00e3o suficientes para falar com afeto sincero de um povo que lhe quis demonstrar que o ama realmente, quatro cidades e sempre a mesma alegria pelas ruas, nas missas, em todos os lugares.<\/p>\n<p><strong>Impressionado com a Col\u00f4mbia<\/strong><br \/>\nO Santo Padre abriu desse modo a coletiva no voo de retorno da Col\u00f4mbia. Sem uma pergunta, mas com uma considera\u00e7\u00e3o espont\u00e2nea que expressa muito do que trazia no cora\u00e7\u00e3o. No meio da conversa\u00e7\u00e3o teve espa\u00e7o o habitual leque de temas segundo os interesses geopol\u00edticos dos jornalistas a bordo.<br \/>\nA Venezuela e as inten\u00e7\u00f5es do Presidente Maduro, os imigrados nos EUA e as inten\u00e7\u00f5es do Presidente Trump. O inferno vivido pelos migrantes que partem da L\u00edbia, com apre\u00e7o pela It\u00e1lia e Gr\u00e9cia de portas abertas, e as responsabilidades dos governos mundiais em rela\u00e7\u00e3o a um clima que muitas vezes causa trag\u00e9dias.<\/p>\n<p><strong>Se o povo quiser a paz<\/strong><br \/>\nComo se d\u00e1 habitualmente, as perguntas de in\u00edcio cabem aos jornalistas do pa\u00eds visitado e os dois colegas que pegaram o microfone pediram a Francisco que se expressasse sobre a Col\u00f4mbia p\u00f3s acordo de paz e sobre a quest\u00e3o da corrup\u00e7\u00e3o.<br \/>\nA guerrilha, afirmou o Papa, foi \u201cuma doen\u00e7a\u201d, mas reconheceu a exist\u00eancia de \u201cpassos que d\u00e3o esperan\u00e7a\u201d. \u201cAgrade\u00e7o muito\u201d ao ELN, disse, referindo-se ao Ex\u00e9rcito de Liberta\u00e7\u00e3o Nacional que, diferentemente das Farc (For\u00e7as Armadas Revolucion\u00e1rias da Col\u00f4mbia), n\u00e3o fala de paz, mas somente de tr\u00e9gua.<br \/>\nO Santo Padre acrescentou ter \u201cpercebido\u201d que \u201ca vontade de seguir adiante neste processo vai al\u00e9m das negocia\u00e7\u00f5es\u201d, \u201c\u00e9 uma vontade espont\u00e2nea\u201d, e a\u00ed, assegurou, \u201cexiste a for\u00e7a do povo\u201d, que por\u00e9m \u201cdeve ser ajudado com a proximidade e a ora\u00e7\u00e3o\u201d e \u201ccom a compreens\u00e3o\u201d.<\/p>\n<p><strong>Os corruptos e o \u201cmodelo Col\u00f4mbia\u201d<\/strong><br \/>\nA quest\u00e3o da corrup\u00e7\u00e3o \u00e9 um dos temas fortes do Pontificado e Francisco recordou o livro escrito sobre o tema e tamb\u00e9m as convic\u00e7\u00f5es j\u00e1 expressas sobre o corrupto, pessoa \u2013 reiterou \u2013 que \u201cse cansa de pedir o perd\u00e3o e se esquece de pedi-lo\u201d a Deus que n\u00e3o lhe negaria e que, em todo caso, \u00e9 o \u00fanico que pode salvar uma pessoa que se encontra nessa situa\u00e7\u00e3o.<br \/>\nO tema do povo protagonista de seu destino voltou na resposta aos jornalistas de l\u00edngua espanhola, que lhe perguntaram se era poss\u00edvel \u201creplicar o modelo Col\u00f4mbia\u201d, ou seja, de uma negocia\u00e7\u00e3o com mais vozes participantes.<br \/>\nCertamente, j\u00e1 aconteceu, confirmou o Papa, mas o fato \u00e9 que mais do que a ONU, mais do que pol\u00edticos ou t\u00e9cnicos, \u201cum processo de paz seguir\u00e1 adiante se o povo o assume\u201d. Do contr\u00e1rio, ser\u00e3o \u201ccompromissos\u201d pouco resolutivos, acrescentou.<\/p>\n<p><strong>Desastres ambientais e responsabilidade<\/strong><br \/>\nA primeira jornalista mulher a dirigir-se ao Papa foi tamb\u00e9m a primeira a manifestar interesse por sua sa\u00fade ap\u00f3s o incidente com a sobrancelha esquerda a bordo do papam\u00f3vel. Francisco respondeu com uma brincadeira atendo-se em seguida um tema que tem a peito: a quest\u00e3o ambiental.<br \/>\nOs sucessivos furac\u00f5es em breve espa\u00e7o de tempo que est\u00e3o destruindo amplas \u00e1reas da Am\u00e9rica Central s\u00e3o um drama que, reafirmou, chama cada um a suas \u201cresponsabilidades morais\u201d, inclusive os governantes. Basta consultar os cientistas, eles \u201cs\u00e3o muito claros\u201d, indicou.<\/p>\n<p><strong>Imigrados, reconhecimento \u00e0 It\u00e1lia e Gr\u00e9cia<\/strong><br \/>\nOs jornalistas italianos quiseram saber a posi\u00e7\u00e3o do Papa em rela\u00e7\u00e3o \u00e0 falta de prontid\u00e3o dos governos no que diz respeito \u00e0 imigra\u00e7\u00e3o. Por que, perguntaram, n\u00e3o s\u00e3o sol\u00edcitos como se deveria, quando, ao inv\u00e9s, o s\u00e3o \u2013 por exemplo \u2013 sobre a venda de armas?<br \/>\nPorque o homem \u201c\u00e9 est\u00fapido\u201d, rebateu o Papa citando a B\u00edblia e quando decide n\u00e3o enxergar \u201cn\u00e3o v\u00ea\u201d. Sobre a gest\u00e3o dos migrantes que partem da L\u00edbia, o Santo Padre disse n\u00e3o ter tratado do tema durante o encontro com o premier italiano Gentiloni e, sobretudo, sentir um \u201cdever de gratid\u00e3o\u201d para com a It\u00e1lia e a Gr\u00e9cia \u201cporque abriram o cora\u00e7\u00e3o aos migrantes\u201d.<\/p>\n<p><strong>Verdadeira quest\u00e3o em jogo \u00e9 a integra\u00e7\u00e3o ou seu oposto<\/strong><br \/>\nAbertura, precisou, que n\u00e3o pode prescindir da capacidade de cada pa\u00eds singularmente considerado. Todavia, insistiu o Pont\u00edfice, a verdadeira quest\u00e3o em jogo \u00e9 \u201ca integra\u00e7\u00e3o\u201d ou o seu oposto.<br \/>\n\u201cCora\u00e7\u00e3o sempre aberto, paci\u00eancia, integra\u00e7\u00e3o e proximidade humanit\u00e1ria\u201d, indicou, convidando a humanidade a tomar \u201cconsci\u00eancia\u201d dos \u201clagers no deserto\u201d onde se infringem os sonhos de tantos migrantes e reconhecendo o fato de o governo italiano estar \u201cfazendo de tudo para resolver problemas humanit\u00e1rios, inclusive aqueles que n\u00e3o pode resolver\u201d.<br \/>\nDurante a coletiva o Papa fez um aceno tamb\u00e9m \u00e0 \u00c1frica, sobre o qual recai ainda uma convic\u00e7\u00e3o radicada, ou seja, que se trata de um continente a ser explorado, ao inv\u00e9s de ser ajudado a reerguer-se.<\/p>\n<p><strong>Trump e Maduro<\/strong><br \/>\nAinda sobre a migra\u00e7\u00e3o, Francisco foi interpelado tamb\u00e9m acerca da aboli\u00e7\u00e3o da lei estadunidense \u201cDreamers\u201d (que elimina as prote\u00e7\u00f5es queridas por Obama para 800 mil menores imigrantes ilegalmente).<br \/>\nEmbora reconhecendo n\u00e3o conhecer profundamente os termos, o Pont\u00edfice espera uma reconsidera\u00e7\u00e3o do governo. \u201cSei que o presidente estadunidense\u201d, observou \u201cse apresenta como homem pro-life. Se \u00e9 um bom pro-life, entende, a fam\u00edlia \u00e9 o ber\u00e7o da vida e sua unidade deve ser defendida\u201d, vez que se tiram as ra\u00edzes dos jovens, observou, drogas, depend\u00eancias e suic\u00eddios tornam-se as terr\u00edveis sa\u00eddas que eles encontram.<br \/>\nSobre a quest\u00e3o venezuelana, que tem muito a peito, Francisco ressaltou que a Santa S\u00e9 falou forte e claramente\u201d e que acerca das declara\u00e7\u00f5es do Presidente Maduro cabe a ele explic\u00e1-las. O que \u00e9 \u201cmais doloroso\u201d para Francisco \u00e9 o \u201cproblema humanit\u00e1rio\u201d e sobre isso a ONU \u201cdeve fazer ouvir a sua voz\u201d para dar uma ajuda, frisou.<\/p>\n<p><strong>A Col\u00f4mbia tem futuro<\/strong><br \/>\nAp\u00f3s cerca de 40 minutos de coletiva, uma moment\u00e2nea turbul\u00eancia induziu a interromper o di\u00e1logo com os jornalistas. A esse ponto, Francisco escolheu despedir-se como havia iniciado o encontro, falando sobre como a Col\u00f4mbia o impressionou.<br \/>\nImpressionado em particular com os pais e m\u00e3es que levantavam seus filhos quando ele passava para que fossem vistos e aben\u00e7oados. Esse \u201c\u00e9 um s\u00edmbolo de futuro, de esperan\u00e7a\u201d, concluiu. Um povo \u201ccapaz de fazer crian\u00e7as e depois mostr\u00e1-las como se fossem tesouro, esse \u00e9 um povo que tem esperan\u00e7a e tem futuro\u201d.<\/p>\n<hr \/>\n<p><em>Fonte: Vatican News<\/em><\/p>\n","protected":false},"excerpt":{"rendered":"<p>Viagem Apost\u00f3lica \u00e0 Col\u00f4mbia<\/p>\n","protected":false},"author":1,"featured_media":194876,"comment_status":"open","ping_status":"open","sticky":false,"template":"","format":"standard","meta":[],"categories":[1428],"tags":[1140],"acf":[],"yoast_head":"<!-- This site is optimized with the Yoast SEO plugin v19.2 - https:\/\/yoast.com\/wordpress\/plugins\/seo\/ -->\n<title>Col\u00f4mbia, pa\u00eds cujo povo tem esperan\u00e7a e tem futuro - Not\u00edcias - Franciscanos<\/title>\n<meta name=\"robots\" content=\"index, follow, max-snippet:-1, max-image-preview:large, max-video-preview:-1\" \/>\n<link rel=\"canonical\" href=\"https:\/\/franciscanos.org.br\/noticias\/papa-francisco-colombia-pais-cujo-povo-tem-esperanca-e-tem-futuro.html\" \/>\n<meta property=\"og:locale\" content=\"pt_BR\" \/>\n<meta property=\"og:type\" content=\"article\" \/>\n<meta property=\"og:title\" content=\"Col\u00f4mbia, pa\u00eds cujo povo tem esperan\u00e7a e tem futuro - Not\u00edcias - Franciscanos\" \/>\n<meta property=\"og:description\" content=\"Viagem Apost\u00f3lica \u00e0 Col\u00f4mbia\" \/>\n<meta property=\"og:url\" content=\"https:\/\/franciscanos.org.br\/noticias\/papa-francisco-colombia-pais-cujo-povo-tem-esperanca-e-tem-futuro.html\" \/>\n<meta property=\"og:site_name\" content=\"Not\u00edcias - Franciscanos\" \/>\n<meta property=\"article:published_time\" content=\"2017-09-11T17:30:55+00:00\" \/>\n<meta property=\"article:modified_time\" content=\"2020-06-08T20:35:44+00:00\" \/>\n<meta property=\"og:image\" content=\"https:\/\/franciscanos.org.br\/noticias\/wp-content\/uploads\/2017\/09\/papa_d.jpg\" \/>\n\t<meta property=\"og:image:width\" content=\"273\" \/>\n\t<meta property=\"og:image:height\" content=\"181\" \/>\n\t<meta property=\"og:image:type\" content=\"image\/jpeg\" \/>\n<meta name=\"author\" content=\"admin\" \/>\n<meta name=\"twitter:card\" content=\"summary_large_image\" \/>\n<meta name=\"twitter:label1\" content=\"Escrito por\" \/>\n\t<meta name=\"twitter:data1\" content=\"admin\" \/>\n\t<meta name=\"twitter:label2\" content=\"Est. tempo de leitura\" \/>\n\t<meta name=\"twitter:data2\" content=\"6 minutos\" \/>\n<script type=\"application\/ld+json\" class=\"yoast-schema-graph\">{\"@context\":\"https:\/\/schema.org\",\"@graph\":[{\"@type\":\"WebSite\",\"@id\":\"https:\/\/franciscanos.org.br\/noticias\/#website\",\"url\":\"https:\/\/franciscanos.org.br\/noticias\/\",\"name\":\"Not\u00edcias - Franciscanos\",\"description\":\"Prov\u00edncia Franciscana da Imaculada Concei\u00e7\u00e3o do Brasil - Ordem dos Frades Menores - OFM\",\"potentialAction\":[{\"@type\":\"SearchAction\",\"target\":{\"@type\":\"EntryPoint\",\"urlTemplate\":\"https:\/\/franciscanos.org.br\/noticias\/?s={search_term_string}\"},\"query-input\":\"required name=search_term_string\"}],\"inLanguage\":\"pt-BR\"},{\"@type\":\"ImageObject\",\"inLanguage\":\"pt-BR\",\"@id\":\"https:\/\/franciscanos.org.br\/noticias\/papa-francisco-colombia-pais-cujo-povo-tem-esperanca-e-tem-futuro.html#primaryimage\",\"url\":\"https:\/\/franciscanos.org.br\/noticias\/wp-content\/uploads\/2017\/09\/papa_d.jpg\",\"contentUrl\":\"https:\/\/franciscanos.org.br\/noticias\/wp-content\/uploads\/2017\/09\/papa_d.jpg\",\"width\":273,\"height\":181},{\"@type\":\"WebPage\",\"@id\":\"https:\/\/franciscanos.org.br\/noticias\/papa-francisco-colombia-pais-cujo-povo-tem-esperanca-e-tem-futuro.html#webpage\",\"url\":\"https:\/\/franciscanos.org.br\/noticias\/papa-francisco-colombia-pais-cujo-povo-tem-esperanca-e-tem-futuro.html\",\"name\":\"Col\u00f4mbia, pa\u00eds cujo povo tem esperan\u00e7a e tem futuro - Not\u00edcias - Franciscanos\",\"isPartOf\":{\"@id\":\"https:\/\/franciscanos.org.br\/noticias\/#website\"},\"primaryImageOfPage\":{\"@id\":\"https:\/\/franciscanos.org.br\/noticias\/papa-francisco-colombia-pais-cujo-povo-tem-esperanca-e-tem-futuro.html#primaryimage\"},\"datePublished\":\"2017-09-11T17:30:55+00:00\",\"dateModified\":\"2020-06-08T20:35:44+00:00\",\"author\":{\"@id\":\"https:\/\/franciscanos.org.br\/noticias\/#\/schema\/person\/b38fbf43118f02820bd932f2e4b14ad3\"},\"breadcrumb\":{\"@id\":\"https:\/\/franciscanos.org.br\/noticias\/papa-francisco-colombia-pais-cujo-povo-tem-esperanca-e-tem-futuro.html#breadcrumb\"},\"inLanguage\":\"pt-BR\",\"potentialAction\":[{\"@type\":\"ReadAction\",\"target\":[\"https:\/\/franciscanos.org.br\/noticias\/papa-francisco-colombia-pais-cujo-povo-tem-esperanca-e-tem-futuro.html\"]}]},{\"@type\":\"BreadcrumbList\",\"@id\":\"https:\/\/franciscanos.org.br\/noticias\/papa-francisco-colombia-pais-cujo-povo-tem-esperanca-e-tem-futuro.html#breadcrumb\",\"itemListElement\":[{\"@type\":\"ListItem\",\"position\":1,\"name\":\"Home\",\"item\":\"https:\/\/franciscanos.org.br\/noticias\"},{\"@type\":\"ListItem\",\"position\":2,\"name\":\"Col\u00f4mbia, pa\u00eds cujo povo tem esperan\u00e7a e tem futuro\"}]},{\"@type\":\"Person\",\"@id\":\"https:\/\/franciscanos.org.br\/noticias\/#\/schema\/person\/b38fbf43118f02820bd932f2e4b14ad3\",\"name\":\"admin\",\"image\":{\"@type\":\"ImageObject\",\"inLanguage\":\"pt-BR\",\"@id\":\"https:\/\/franciscanos.org.br\/noticias\/#\/schema\/person\/image\/\",\"url\":\"https:\/\/secure.gravatar.com\/avatar\/e8495742d34d0ba6448ea1c628263b3e?s=96&d=mm&r=g\",\"contentUrl\":\"https:\/\/secure.gravatar.com\/avatar\/e8495742d34d0ba6448ea1c628263b3e?s=96&d=mm&r=g\",\"caption\":\"admin\"},\"url\":\"https:\/\/franciscanos.org.br\/noticias\/author\/admin\"}]}<\/script>\n<!-- \/ Yoast SEO plugin. -->","yoast_head_json":{"title":"Col\u00f4mbia, pa\u00eds cujo povo tem esperan\u00e7a e tem futuro - Not\u00edcias - Franciscanos","robots":{"index":"index","follow":"follow","max-snippet":"max-snippet:-1","max-image-preview":"max-image-preview:large","max-video-preview":"max-video-preview:-1"},"canonical":"https:\/\/franciscanos.org.br\/noticias\/papa-francisco-colombia-pais-cujo-povo-tem-esperanca-e-tem-futuro.html","og_locale":"pt_BR","og_type":"article","og_title":"Col\u00f4mbia, pa\u00eds cujo povo tem esperan\u00e7a e tem futuro - Not\u00edcias - Franciscanos","og_description":"Viagem Apost\u00f3lica \u00e0 Col\u00f4mbia","og_url":"https:\/\/franciscanos.org.br\/noticias\/papa-francisco-colombia-pais-cujo-povo-tem-esperanca-e-tem-futuro.html","og_site_name":"Not\u00edcias - Franciscanos","article_published_time":"2017-09-11T17:30:55+00:00","article_modified_time":"2020-06-08T20:35:44+00:00","og_image":[{"width":273,"height":181,"url":"https:\/\/franciscanos.org.br\/noticias\/wp-content\/uploads\/2017\/09\/papa_d.jpg","type":"image\/jpeg"}],"author":"admin","twitter_card":"summary_large_image","twitter_misc":{"Escrito por":"admin","Est. tempo de leitura":"6 minutos"},"schema":{"@context":"https:\/\/schema.org","@graph":[{"@type":"WebSite","@id":"https:\/\/franciscanos.org.br\/noticias\/#website","url":"https:\/\/franciscanos.org.br\/noticias\/","name":"Not\u00edcias - Franciscanos","description":"Prov\u00edncia Franciscana da Imaculada Concei\u00e7\u00e3o do Brasil - Ordem dos Frades Menores - OFM","potentialAction":[{"@type":"SearchAction","target":{"@type":"EntryPoint","urlTemplate":"https:\/\/franciscanos.org.br\/noticias\/?s={search_term_string}"},"query-input":"required name=search_term_string"}],"inLanguage":"pt-BR"},{"@type":"ImageObject","inLanguage":"pt-BR","@id":"https:\/\/franciscanos.org.br\/noticias\/papa-francisco-colombia-pais-cujo-povo-tem-esperanca-e-tem-futuro.html#primaryimage","url":"https:\/\/franciscanos.org.br\/noticias\/wp-content\/uploads\/2017\/09\/papa_d.jpg","contentUrl":"https:\/\/franciscanos.org.br\/noticias\/wp-content\/uploads\/2017\/09\/papa_d.jpg","width":273,"height":181},{"@type":"WebPage","@id":"https:\/\/franciscanos.org.br\/noticias\/papa-francisco-colombia-pais-cujo-povo-tem-esperanca-e-tem-futuro.html#webpage","url":"https:\/\/franciscanos.org.br\/noticias\/papa-francisco-colombia-pais-cujo-povo-tem-esperanca-e-tem-futuro.html","name":"Col\u00f4mbia, pa\u00eds cujo povo tem esperan\u00e7a e tem futuro - Not\u00edcias - Franciscanos","isPartOf":{"@id":"https:\/\/franciscanos.org.br\/noticias\/#website"},"primaryImageOfPage":{"@id":"https:\/\/franciscanos.org.br\/noticias\/papa-francisco-colombia-pais-cujo-povo-tem-esperanca-e-tem-futuro.html#primaryimage"},"datePublished":"2017-09-11T17:30:55+00:00","dateModified":"2020-06-08T20:35:44+00:00","author":{"@id":"https:\/\/franciscanos.org.br\/noticias\/#\/schema\/person\/b38fbf43118f02820bd932f2e4b14ad3"},"breadcrumb":{"@id":"https:\/\/franciscanos.org.br\/noticias\/papa-francisco-colombia-pais-cujo-povo-tem-esperanca-e-tem-futuro.html#breadcrumb"},"inLanguage":"pt-BR","potentialAction":[{"@type":"ReadAction","target":["https:\/\/franciscanos.org.br\/noticias\/papa-francisco-colombia-pais-cujo-povo-tem-esperanca-e-tem-futuro.html"]}]},{"@type":"BreadcrumbList","@id":"https:\/\/franciscanos.org.br\/noticias\/papa-francisco-colombia-pais-cujo-povo-tem-esperanca-e-tem-futuro.html#breadcrumb","itemListElement":[{"@type":"ListItem","position":1,"name":"Home","item":"https:\/\/franciscanos.org.br\/noticias"},{"@type":"ListItem","position":2,"name":"Col\u00f4mbia, pa\u00eds cujo povo tem esperan\u00e7a e tem futuro"}]},{"@type":"Person","@id":"https:\/\/franciscanos.org.br\/noticias\/#\/schema\/person\/b38fbf43118f02820bd932f2e4b14ad3","name":"admin","image":{"@type":"ImageObject","inLanguage":"pt-BR","@id":"https:\/\/franciscanos.org.br\/noticias\/#\/schema\/person\/image\/","url":"https:\/\/secure.gravatar.com\/avatar\/e8495742d34d0ba6448ea1c628263b3e?s=96&d=mm&r=g","contentUrl":"https:\/\/secure.gravatar.com\/avatar\/e8495742d34d0ba6448ea1c628263b3e?s=96&d=mm&r=g","caption":"admin"},"url":"https:\/\/franciscanos.org.br\/noticias\/author\/admin"}]}},"_links":{"self":[{"href":"https:\/\/franciscanos.org.br\/noticias\/wp-json\/wp\/v2\/posts\/140864"}],"collection":[{"href":"https:\/\/franciscanos.org.br\/noticias\/wp-json\/wp\/v2\/posts"}],"about":[{"href":"https:\/\/franciscanos.org.br\/noticias\/wp-json\/wp\/v2\/types\/post"}],"author":[{"embeddable":true,"href":"https:\/\/franciscanos.org.br\/noticias\/wp-json\/wp\/v2\/users\/1"}],"replies":[{"embeddable":true,"href":"https:\/\/franciscanos.org.br\/noticias\/wp-json\/wp\/v2\/comments?post=140864"}],"version-history":[{"count":1,"href":"https:\/\/franciscanos.org.br\/noticias\/wp-json\/wp\/v2\/posts\/140864\/revisions"}],"predecessor-version":[{"id":225255,"href":"https:\/\/franciscanos.org.br\/noticias\/wp-json\/wp\/v2\/posts\/140864\/revisions\/225255"}],"wp:featuredmedia":[{"embeddable":true,"href":"https:\/\/franciscanos.org.br\/noticias\/wp-json\/wp\/v2\/media\/194876"}],"wp:attachment":[{"href":"https:\/\/franciscanos.org.br\/noticias\/wp-json\/wp\/v2\/media?parent=140864"}],"wp:term":[{"taxonomy":"category","embeddable":true,"href":"https:\/\/franciscanos.org.br\/noticias\/wp-json\/wp\/v2\/categories?post=140864"},{"taxonomy":"post_tag","embeddable":true,"href":"https:\/\/franciscanos.org.br\/noticias\/wp-json\/wp\/v2\/tags?post=140864"}],"curies":[{"name":"wp","href":"https:\/\/api.w.org\/{rel}","templated":true}]}}