{"id":140783,"date":"2017-09-10T19:38:18","date_gmt":"2017-09-10T22:38:18","guid":{"rendered":"http:\/\/franciscanos.org.br\/?p=140783"},"modified":"2019-01-17T13:25:07","modified_gmt":"2019-01-17T15:25:07","slug":"carta-do-ii-encontro-nacional-dos-irmaos-leigos-franciscanos","status":"publish","type":"post","link":"https:\/\/franciscanos.org.br\/noticias\/carta-do-ii-encontro-nacional-dos-irmaos-leigos-franciscanos.html","title":{"rendered":"Carta do II Encontro Nacional dos Irm\u00e3os Leigos Franciscanos"},"content":{"rendered":"<div id=\"attachment_194882\" style=\"width: 900px\" class=\"wp-caption alignnone\"><img aria-describedby=\"caption-attachment-194882\" loading=\"lazy\" class=\"size-full wp-image-194882\" src=\"https:\/\/franciscanos.org.br\/noticias\/wp-content\/uploads\/2017\/09\/irmaos_encontro.jpg\" alt=\"\" width=\"890\" height=\"459\" srcset=\"https:\/\/franciscanos.org.br\/noticias\/wp-content\/uploads\/2017\/09\/irmaos_encontro.jpg 890w, https:\/\/franciscanos.org.br\/noticias\/wp-content\/uploads\/2017\/09\/irmaos_encontro-450x232.jpg 450w, https:\/\/franciscanos.org.br\/noticias\/wp-content\/uploads\/2017\/09\/irmaos_encontro-768x396.jpg 768w, https:\/\/franciscanos.org.br\/noticias\/wp-content\/uploads\/2017\/09\/irmaos_encontro-150x77.jpg 150w\" sizes=\"(max-width: 890px) 100vw, 890px\" \/><p id=\"caption-attachment-194882\" class=\"wp-caption-text\"><span style=\"font-size: 16px;\">N\u00f3s, irm\u00e3os leigos das quatro obedi\u00eancias da fam\u00edlia franciscana (OFM, OFM Cap, OFM Conv e TOR), nos reunimos, 70 frades, dos dias 07 a 10 de setembro de 2017, no munic\u00edpio de Vila Velha \u2013 ES. O nosso II Encontro Nacional de Irm\u00e3os Leigos Franciscanos teve como objetivo promover a conviv\u00eancia fraterna dos irm\u00e3os do Brasil e refletir sobre a Vida Religiosa Consagrada em processo de transforma\u00e7\u00e3o \u2013 perspectivas para o irm\u00e3o leigo franciscano.<\/span><\/p><\/div>\n<p>\u200bRetomando as reflex\u00f5es e proposi\u00e7\u00f5es do Encontro Nacional de 2015, sentimos a necessidade de continuarmos a nos entender mais como irm\u00e3os de uma fam\u00edlia maior, que est\u00e1 al\u00e9m de nossas pr\u00f3prias obedi\u00eancias. Uma fam\u00edlia em que os irm\u00e3os de nomes diferentes se redescobrem e se ajudam, tra\u00e7am planos comuns, dividem trabalhos e assumem a\u00e7\u00f5es conjuntas, primeireando o processo de aproxima\u00e7\u00e3o das quatro obedi\u00eancias em n\u00edvel de Ordens, percebendo que ser irm\u00e3o e menor tem um significado profundo para a Vida Consagrada e para a Igreja, al\u00e9m de uma for\u00e7a prof\u00e9tica no mundo hodierno.<\/p>\n<p>Neste contexto, e em conson\u00e2ncia com a Carta Final do Cap\u00edtulo das Esteiras da CFFB, e diante da desestrutura\u00e7\u00e3o do tecido pol\u00edtico e institucional de nosso pa\u00eds, pautado por mentiras constru\u00eddas e divulgadas pela m\u00eddia, queremos, como irm\u00e3os e menores em nosso tempo, proclamar junto com todos os pobres e movimentos sociais: \u201cnenhum direito a menos\u201d. A \u00e1gua \u00e9 criatura de Deus e deve ser de todos e todas filhos e filhas de Deus, n\u00e3o deve ser entregue ao deus dinheiro. A vida \u00e9 sagrada e, nas causas ind\u00edgenas, ela tem sido amea\u00e7ada, violentada, massacrada.<br \/>\n\u200bAtrav\u00e9s das reflex\u00f5es de Frei Luiz Carlos Susin, OFMCap, que, ao fazer uma retomada hist\u00f3rica da Vida Religiosa Consagrada, e ao abordar aspectos como o do clericalismo, motivou-nos a retomarmos nossa m\u00edstica do ser frade menor, aprofundando, em especial, quatro verbos: REFONTIZAR, REGENERAR, RELAN\u00c7AR e REQUALIFICAR.<br \/>\n\u200bComo resultado de nossos esfor\u00e7os desses dias de encontro, EXORTAMOS:<\/p>\n<p style=\"text-align: left; padding-left: 30px;\">\u2022 <strong>ACENTUAR<\/strong> na anima\u00e7\u00e3o vocacional e na forma\u00e7\u00e3o inicial a dimens\u00e3o essencial e prof\u00e9tica do irm\u00e3o como identidade fundante do carisma franciscano, utilizando-se da produ\u00e7\u00e3o de materiais comuns para todas as obedi\u00eancias;<\/p>\n<p style=\"text-align: left; padding-left: 30px;\">\n\u2022 <strong>CUIDAR<\/strong> de n\u00e3o reproduzirmos modelos hier\u00e1rquicos piramidais e que se favore\u00e7a a participa\u00e7\u00e3o dos irm\u00e3os leigos nos espa\u00e7os de decis\u00e3o. Sejam igualmente incentivados os encontros dos irm\u00e3os;<\/p>\n<p style=\"text-align: left; padding-left: 30px;\">\n\u2022 <strong>VALORIZAR<\/strong> o apostolado que vai al\u00e9m dos espa\u00e7os tradicionais, criando novas perspectivas, ampliando horizontes para que possamos ser propagadores da paz, promotores da integridade da cria\u00e7\u00e3o, fomentando a itiner\u00e2ncia e sendo solid\u00e1rios com as causas dos menores e exclu\u00eddos;<\/p>\n<p style=\"text-align: left; padding-left: 30px;\">\n\u2022 <strong>TER<\/strong> uma equipe de car\u00e1ter executivo, com frades das quatro obedi\u00eancias, com as seguintes fun\u00e7\u00f5es: enviar as propostas para as obedi\u00eancias e preparar o pr\u00f3ximo encontro nacional; criar e alimentar as m\u00eddias sociais e encaminhar a produ\u00e7\u00e3o de materiais.<\/p>\n<p style=\"text-align: left; padding-left: 30px;\">Ao concluirmos esta carta, reafirmamos que acreditamos neste encontro inter-obediencial como espa\u00e7o \u00fanico de entreajuda, unidade e protagonismo do irm\u00e3o leigo franciscano.<br \/>\nPedimos as b\u00ean\u00e7\u00e3os da Nossa Senhora da Penha para que continuemos fi\u00e9is \u00e0 nossa voca\u00e7\u00e3o, seguindo os passos de Jesus como irm\u00e3os menores.<\/p>\n<p><strong>Vila Velha (ES), 10 de setembro de 2017.<\/strong><\/p>\n","protected":false},"excerpt":{"rendered":"<p>II Encontro Nacional de Irm\u00e3os Leigos<\/p>\n","protected":false},"author":1,"featured_media":194883,"comment_status":"open","ping_status":"open","sticky":false,"template":"","format":"standard","meta":[],"categories":[1],"tags":[203,532],"acf":[],"yoast_head":"<!-- This site is optimized with the Yoast SEO plugin v19.2 - https:\/\/yoast.com\/wordpress\/plugins\/seo\/ -->\n<title>Carta do II Encontro Nacional dos Irm\u00e3os Leigos Franciscanos - Not\u00edcias - Franciscanos<\/title>\n<meta name=\"robots\" content=\"index, follow, max-snippet:-1, max-image-preview:large, max-video-preview:-1\" \/>\n<link rel=\"canonical\" href=\"https:\/\/franciscanos.org.br\/noticias\/carta-do-ii-encontro-nacional-dos-irmaos-leigos-franciscanos.html\" \/>\n<meta property=\"og:locale\" content=\"pt_BR\" \/>\n<meta property=\"og:type\" content=\"article\" \/>\n<meta property=\"og:title\" content=\"Carta do II Encontro Nacional dos Irm\u00e3os Leigos Franciscanos - Not\u00edcias - Franciscanos\" \/>\n<meta property=\"og:description\" content=\"II Encontro Nacional de Irm\u00e3os Leigos\" \/>\n<meta property=\"og:url\" content=\"https:\/\/franciscanos.org.br\/noticias\/carta-do-ii-encontro-nacional-dos-irmaos-leigos-franciscanos.html\" \/>\n<meta property=\"og:site_name\" content=\"Not\u00edcias - Franciscanos\" \/>\n<meta property=\"article:published_time\" content=\"2017-09-10T22:38:18+00:00\" \/>\n<meta property=\"article:modified_time\" content=\"2019-01-17T15:25:07+00:00\" \/>\n<meta property=\"og:image\" content=\"https:\/\/franciscanos.org.br\/noticias\/wp-content\/uploads\/2017\/09\/irmaos_encontro_d.jpg\" \/>\n\t<meta property=\"og:image:width\" content=\"273\" \/>\n\t<meta property=\"og:image:height\" content=\"181\" \/>\n\t<meta property=\"og:image:type\" content=\"image\/jpeg\" \/>\n<meta name=\"author\" content=\"admin\" \/>\n<meta name=\"twitter:card\" content=\"summary_large_image\" \/>\n<meta name=\"twitter:label1\" content=\"Escrito por\" \/>\n\t<meta name=\"twitter:data1\" content=\"admin\" \/>\n\t<meta name=\"twitter:label2\" content=\"Est. tempo de leitura\" \/>\n\t<meta name=\"twitter:data2\" content=\"3 minutos\" \/>\n<script type=\"application\/ld+json\" class=\"yoast-schema-graph\">{\"@context\":\"https:\/\/schema.org\",\"@graph\":[{\"@type\":\"WebSite\",\"@id\":\"https:\/\/franciscanos.org.br\/noticias\/#website\",\"url\":\"https:\/\/franciscanos.org.br\/noticias\/\",\"name\":\"Not\u00edcias - Franciscanos\",\"description\":\"Prov\u00edncia Franciscana da Imaculada Concei\u00e7\u00e3o do Brasil - Ordem dos Frades Menores - OFM\",\"potentialAction\":[{\"@type\":\"SearchAction\",\"target\":{\"@type\":\"EntryPoint\",\"urlTemplate\":\"https:\/\/franciscanos.org.br\/noticias\/?s={search_term_string}\"},\"query-input\":\"required name=search_term_string\"}],\"inLanguage\":\"pt-BR\"},{\"@type\":\"ImageObject\",\"inLanguage\":\"pt-BR\",\"@id\":\"https:\/\/franciscanos.org.br\/noticias\/carta-do-ii-encontro-nacional-dos-irmaos-leigos-franciscanos.html#primaryimage\",\"url\":\"https:\/\/franciscanos.org.br\/noticias\/wp-content\/uploads\/2017\/09\/irmaos_encontro_d.jpg\",\"contentUrl\":\"https:\/\/franciscanos.org.br\/noticias\/wp-content\/uploads\/2017\/09\/irmaos_encontro_d.jpg\",\"width\":273,\"height\":181,\"caption\":\"DCIM102MEDIA\"},{\"@type\":\"WebPage\",\"@id\":\"https:\/\/franciscanos.org.br\/noticias\/carta-do-ii-encontro-nacional-dos-irmaos-leigos-franciscanos.html#webpage\",\"url\":\"https:\/\/franciscanos.org.br\/noticias\/carta-do-ii-encontro-nacional-dos-irmaos-leigos-franciscanos.html\",\"name\":\"Carta do II Encontro Nacional dos Irm\u00e3os Leigos Franciscanos - Not\u00edcias - Franciscanos\",\"isPartOf\":{\"@id\":\"https:\/\/franciscanos.org.br\/noticias\/#website\"},\"primaryImageOfPage\":{\"@id\":\"https:\/\/franciscanos.org.br\/noticias\/carta-do-ii-encontro-nacional-dos-irmaos-leigos-franciscanos.html#primaryimage\"},\"datePublished\":\"2017-09-10T22:38:18+00:00\",\"dateModified\":\"2019-01-17T15:25:07+00:00\",\"author\":{\"@id\":\"https:\/\/franciscanos.org.br\/noticias\/#\/schema\/person\/b38fbf43118f02820bd932f2e4b14ad3\"},\"breadcrumb\":{\"@id\":\"https:\/\/franciscanos.org.br\/noticias\/carta-do-ii-encontro-nacional-dos-irmaos-leigos-franciscanos.html#breadcrumb\"},\"inLanguage\":\"pt-BR\",\"potentialAction\":[{\"@type\":\"ReadAction\",\"target\":[\"https:\/\/franciscanos.org.br\/noticias\/carta-do-ii-encontro-nacional-dos-irmaos-leigos-franciscanos.html\"]}]},{\"@type\":\"BreadcrumbList\",\"@id\":\"https:\/\/franciscanos.org.br\/noticias\/carta-do-ii-encontro-nacional-dos-irmaos-leigos-franciscanos.html#breadcrumb\",\"itemListElement\":[{\"@type\":\"ListItem\",\"position\":1,\"name\":\"Home\",\"item\":\"https:\/\/franciscanos.org.br\/noticias\"},{\"@type\":\"ListItem\",\"position\":2,\"name\":\"Carta do II Encontro Nacional dos Irm\u00e3os Leigos Franciscanos\"}]},{\"@type\":\"Person\",\"@id\":\"https:\/\/franciscanos.org.br\/noticias\/#\/schema\/person\/b38fbf43118f02820bd932f2e4b14ad3\",\"name\":\"admin\",\"image\":{\"@type\":\"ImageObject\",\"inLanguage\":\"pt-BR\",\"@id\":\"https:\/\/franciscanos.org.br\/noticias\/#\/schema\/person\/image\/\",\"url\":\"https:\/\/secure.gravatar.com\/avatar\/e8495742d34d0ba6448ea1c628263b3e?s=96&d=mm&r=g\",\"contentUrl\":\"https:\/\/secure.gravatar.com\/avatar\/e8495742d34d0ba6448ea1c628263b3e?s=96&d=mm&r=g\",\"caption\":\"admin\"},\"url\":\"https:\/\/franciscanos.org.br\/noticias\/author\/admin\"}]}<\/script>\n<!-- \/ Yoast SEO plugin. -->","yoast_head_json":{"title":"Carta do II Encontro Nacional dos Irm\u00e3os Leigos Franciscanos - Not\u00edcias - Franciscanos","robots":{"index":"index","follow":"follow","max-snippet":"max-snippet:-1","max-image-preview":"max-image-preview:large","max-video-preview":"max-video-preview:-1"},"canonical":"https:\/\/franciscanos.org.br\/noticias\/carta-do-ii-encontro-nacional-dos-irmaos-leigos-franciscanos.html","og_locale":"pt_BR","og_type":"article","og_title":"Carta do II Encontro Nacional dos Irm\u00e3os Leigos Franciscanos - Not\u00edcias - Franciscanos","og_description":"II Encontro Nacional de Irm\u00e3os Leigos","og_url":"https:\/\/franciscanos.org.br\/noticias\/carta-do-ii-encontro-nacional-dos-irmaos-leigos-franciscanos.html","og_site_name":"Not\u00edcias - Franciscanos","article_published_time":"2017-09-10T22:38:18+00:00","article_modified_time":"2019-01-17T15:25:07+00:00","og_image":[{"width":273,"height":181,"url":"https:\/\/franciscanos.org.br\/noticias\/wp-content\/uploads\/2017\/09\/irmaos_encontro_d.jpg","type":"image\/jpeg"}],"author":"admin","twitter_card":"summary_large_image","twitter_misc":{"Escrito por":"admin","Est. tempo de leitura":"3 minutos"},"schema":{"@context":"https:\/\/schema.org","@graph":[{"@type":"WebSite","@id":"https:\/\/franciscanos.org.br\/noticias\/#website","url":"https:\/\/franciscanos.org.br\/noticias\/","name":"Not\u00edcias - Franciscanos","description":"Prov\u00edncia Franciscana da Imaculada Concei\u00e7\u00e3o do Brasil - Ordem dos Frades Menores - OFM","potentialAction":[{"@type":"SearchAction","target":{"@type":"EntryPoint","urlTemplate":"https:\/\/franciscanos.org.br\/noticias\/?s={search_term_string}"},"query-input":"required name=search_term_string"}],"inLanguage":"pt-BR"},{"@type":"ImageObject","inLanguage":"pt-BR","@id":"https:\/\/franciscanos.org.br\/noticias\/carta-do-ii-encontro-nacional-dos-irmaos-leigos-franciscanos.html#primaryimage","url":"https:\/\/franciscanos.org.br\/noticias\/wp-content\/uploads\/2017\/09\/irmaos_encontro_d.jpg","contentUrl":"https:\/\/franciscanos.org.br\/noticias\/wp-content\/uploads\/2017\/09\/irmaos_encontro_d.jpg","width":273,"height":181,"caption":"DCIM102MEDIA"},{"@type":"WebPage","@id":"https:\/\/franciscanos.org.br\/noticias\/carta-do-ii-encontro-nacional-dos-irmaos-leigos-franciscanos.html#webpage","url":"https:\/\/franciscanos.org.br\/noticias\/carta-do-ii-encontro-nacional-dos-irmaos-leigos-franciscanos.html","name":"Carta do II Encontro Nacional dos Irm\u00e3os Leigos Franciscanos - Not\u00edcias - Franciscanos","isPartOf":{"@id":"https:\/\/franciscanos.org.br\/noticias\/#website"},"primaryImageOfPage":{"@id":"https:\/\/franciscanos.org.br\/noticias\/carta-do-ii-encontro-nacional-dos-irmaos-leigos-franciscanos.html#primaryimage"},"datePublished":"2017-09-10T22:38:18+00:00","dateModified":"2019-01-17T15:25:07+00:00","author":{"@id":"https:\/\/franciscanos.org.br\/noticias\/#\/schema\/person\/b38fbf43118f02820bd932f2e4b14ad3"},"breadcrumb":{"@id":"https:\/\/franciscanos.org.br\/noticias\/carta-do-ii-encontro-nacional-dos-irmaos-leigos-franciscanos.html#breadcrumb"},"inLanguage":"pt-BR","potentialAction":[{"@type":"ReadAction","target":["https:\/\/franciscanos.org.br\/noticias\/carta-do-ii-encontro-nacional-dos-irmaos-leigos-franciscanos.html"]}]},{"@type":"BreadcrumbList","@id":"https:\/\/franciscanos.org.br\/noticias\/carta-do-ii-encontro-nacional-dos-irmaos-leigos-franciscanos.html#breadcrumb","itemListElement":[{"@type":"ListItem","position":1,"name":"Home","item":"https:\/\/franciscanos.org.br\/noticias"},{"@type":"ListItem","position":2,"name":"Carta do II Encontro Nacional dos Irm\u00e3os Leigos Franciscanos"}]},{"@type":"Person","@id":"https:\/\/franciscanos.org.br\/noticias\/#\/schema\/person\/b38fbf43118f02820bd932f2e4b14ad3","name":"admin","image":{"@type":"ImageObject","inLanguage":"pt-BR","@id":"https:\/\/franciscanos.org.br\/noticias\/#\/schema\/person\/image\/","url":"https:\/\/secure.gravatar.com\/avatar\/e8495742d34d0ba6448ea1c628263b3e?s=96&d=mm&r=g","contentUrl":"https:\/\/secure.gravatar.com\/avatar\/e8495742d34d0ba6448ea1c628263b3e?s=96&d=mm&r=g","caption":"admin"},"url":"https:\/\/franciscanos.org.br\/noticias\/author\/admin"}]}},"_links":{"self":[{"href":"https:\/\/franciscanos.org.br\/noticias\/wp-json\/wp\/v2\/posts\/140783"}],"collection":[{"href":"https:\/\/franciscanos.org.br\/noticias\/wp-json\/wp\/v2\/posts"}],"about":[{"href":"https:\/\/franciscanos.org.br\/noticias\/wp-json\/wp\/v2\/types\/post"}],"author":[{"embeddable":true,"href":"https:\/\/franciscanos.org.br\/noticias\/wp-json\/wp\/v2\/users\/1"}],"replies":[{"embeddable":true,"href":"https:\/\/franciscanos.org.br\/noticias\/wp-json\/wp\/v2\/comments?post=140783"}],"version-history":[{"count":0,"href":"https:\/\/franciscanos.org.br\/noticias\/wp-json\/wp\/v2\/posts\/140783\/revisions"}],"wp:featuredmedia":[{"embeddable":true,"href":"https:\/\/franciscanos.org.br\/noticias\/wp-json\/wp\/v2\/media\/194883"}],"wp:attachment":[{"href":"https:\/\/franciscanos.org.br\/noticias\/wp-json\/wp\/v2\/media?parent=140783"}],"wp:term":[{"taxonomy":"category","embeddable":true,"href":"https:\/\/franciscanos.org.br\/noticias\/wp-json\/wp\/v2\/categories?post=140783"},{"taxonomy":"post_tag","embeddable":true,"href":"https:\/\/franciscanos.org.br\/noticias\/wp-json\/wp\/v2\/tags?post=140783"}],"curies":[{"name":"wp","href":"https:\/\/api.w.org\/{rel}","templated":true}]}}