{"id":140770,"date":"2017-09-10T16:51:13","date_gmt":"2017-09-10T19:51:13","guid":{"rendered":"http:\/\/franciscanos.org.br\/?p=140770"},"modified":"2023-01-10T09:59:55","modified_gmt":"2023-01-10T12:59:55","slug":"com-esperanca-irmaos-leigos-encerram-ii-encontro-nacional","status":"publish","type":"post","link":"https:\/\/franciscanos.org.br\/noticias\/com-esperanca-irmaos-leigos-encerram-ii-encontro-nacional.html","title":{"rendered":"Com esperan\u00e7a, irm\u00e3os leigos encerram II Encontro"},"content":{"rendered":"<p><img loading=\"lazy\" src=\"http:\/\/franciscanos.org.br\/wp-content\/uploads\/2017\/09\/irmaos_100917g21.jpg\" alt=\"irmaos_100917g2\" width=\"830\" height=\"400\" \/><\/p>\n<p><strong>Vila Velha (ES)<\/strong> &#8211; Foi num clima festivo que os irm\u00e3os leigos, reunidos desde a \u00faltima quinta-feira (7) no Projeto Santa Clara, em Ponta da Fruta, Vila Velha (ES), encerraram o II Encontro Nacional de Irm\u00e3os Leigos Franciscanos.<\/p>\n<p>Os 70 religiosos, de quatro obedi\u00eancias franciscanas, Ordem dos Frades Menores (OFM), Ordem dos Frades Menores Capuchinhos (OFMCap), Ordem dos Frades Menores Conventuais (OFMConv) e Ordem dos Terceiros Regulares (TOR), estiveram reunidos para conviv\u00eancia, troca de experi\u00eancias e debate a respeito dos desafios da vida religiosa consagrada.<br \/>\nNa manh\u00e3 de s\u00e1bado, os participantes se reuniram por obedi\u00eancias, discutiram sobre seus anseios. Ap\u00f3s este encontro, um de cada grupo ficou respons\u00e1vel pela reda\u00e7\u00e3o da carta, fruto das partilhas destes dias.<\/p>\n<p>No domingo (10), os participantes acompanharam a leitura da carta e apontaram altera\u00e7\u00f5es para a vers\u00e3o final. No documento, eles afirmam: &#8220;Retomando as reflex\u00f5es e proposi\u00e7\u00f5es do Encontro Nacional de 2015, sentimos a necessidade de continuarmos a nos entender mais como irm\u00e3os de uma fam\u00edlia maior, que est\u00e1 al\u00e9m de nossas pr\u00f3prias obedi\u00eancias. Uma fam\u00edlia em que os irm\u00e3os de nomes diferentes se redescobrem e se ajudam, tra\u00e7am planos comuns, dividem trabalhos e assumem a\u00e7\u00f5es conjuntas, primeireando o processo de aproxima\u00e7\u00e3o das quatro obedi\u00eancias em n\u00edvel de Ordens, percebendo que ser irm\u00e3o e menor tem um significado profundo para a Vida Consagrada e para a Igreja, al\u00e9m de uma for\u00e7a prof\u00e9tica no mundo hodierno.&#8221;<\/p>\n<p>Eles refor\u00e7am ainda apoio \u00e0 Carta de Aparecida, divulgada ap\u00f3s o Cap\u00edtulo das Esteiras. &#8220;Diante da desestrutura\u00e7\u00e3o do tecido pol\u00edtico e institucional de nosso pa\u00eds, pautado por mentiras constru\u00eddas e divulgadas pela m\u00eddia, queremos, como irm\u00e3os e menores em nosso tempo, proclamar junto com todos os pobres e movimentos sociais: &#8216;nenhum direito a menos'&#8221;.<\/p>\n<p><strong><big>LEIA A CARTA NA \u00cdNTEGRA.<\/big><\/strong><\/p>\n<p>Frei R\u00f4mulo Canto, OFM, da Cust\u00f3dia S\u00e3o Benedito da Amaz\u00f4nia, avaliou o encontro positivamente. \u201cN\u00f3s alcan\u00e7amos o objetivo principal, que foi de nos confraternizarmos, nos encontrarmos, de convivermos nestes dias\u201d, alegrou-se.<\/p>\n<p>O encontro, que re\u00fane frades de diversas prov\u00edncias e cust\u00f3dias de todo pa\u00eds, \u00e9 sinal de esperan\u00e7a. Em sintonia com os Ministros Gerais das quatro Ordens, que v\u00eam sinalizando uma poss\u00edvel unifica\u00e7\u00e3o, os religiosos reunidos em Vila Velha j\u00e1 colhem os frutos deste di\u00e1logo. \u201cReunimos frades das quatro obedi\u00eancias, sem considerar a origem da nossa obedi\u00eancia, mas simplesmente nos vendo como irm\u00e3os, convivendo, partilhando os nossos sonhos, as nossas ang\u00fastias, mas especialmente tudo aquilo que fazemos e vivemos de positivo\u201d, afirmou.<\/p>\n<p>Para ele, o Encontro Nacional \u00e9 um momento tamb\u00e9m de divulgar o carisma do irm\u00e3o leigo dentro das obedi\u00eancias. \u201cQuando falamos de voca\u00e7\u00e3o, \u00e9 bom que tenhamos isso claro. Nossa voca\u00e7\u00e3o essencial \u00e9 ser irm\u00e3o menor. E isso precisa ser trabalhado nas bases, nos grupos vocacionais, para que tamb\u00e9m eles tenham isso claro. A voca\u00e7\u00e3o que eles receberam de Deus \u00e9 a voca\u00e7\u00e3o de ser irm\u00e3o. N\u00f3s somos chamados por Deus a sermos todos irm\u00e3os&#8221;, concluiu.<\/p>\n<p><strong>B\u00ean\u00e7\u00e3o de envio\u00a0<\/strong><br \/>\nPara encerrar, foi feita uma celebra\u00e7\u00e3o de envio dos participantes. Frei Tiago Elias, que fez anivers\u00e1rio neste s\u00e1bado, foi convidado para dar a b\u00ean\u00e7\u00e3o aos irm\u00e3os, junto aos frades mais \u201cexperientes\u201d, a pedido de Frei Zeca Paz, da TOR. O aniversariante falou aos demais: \u201cN\u00f3s, frades franciscanos, somos luz no mundo, um mundo cada vez mais venenoso, com muitas sombras. Estamos no meio daqueles que n\u00e3o tem voz e nem vez. Nos fazemos menores em tudo isso\u201d, afirmou. E disse que o encontro foi positivo, pois aqui encontrou frades com 50 anos de vida religiosa e outros no in\u00edcio da caminhada, mas todos com o mesmo vigor.<\/p>\n<p>Frei Pedro Engel, da Fraternidade do Convento da Penha, que completou 60 anos de vida consagrada em 2015, animou os irm\u00e3os a viverem sua voca\u00e7\u00e3o com alegria e otimismo. \u201cCada um tem seu modo de ser e deve ter esta perspectiva. Viva a sua vida na paz e na tranquilidade, seja sempre um exemplo de vida\u201d, testemunhou.<br \/>\nO III Encontro Nacional acontecer\u00e1 em 2019, em local a ser divulgado.<\/p>\n<p><strong>Confira o v\u00eddeo final:<\/strong><br \/>\n<iframe loading=\"lazy\" src=\"https:\/\/www.youtube.com\/embed\/4BHvEjWEDFI\" width=\"100%\" height=\"420\" frameborder=\"0\" allowfullscreen=\"allowfullscreen\"><\/iframe><\/p>\n<hr \/>\n<p><em>Comunica\u00e7\u00e3o da Prov\u00edncia da Imaculada Concei\u00e7\u00e3o<\/em><\/p>\n","protected":false},"excerpt":{"rendered":"<p>CFFB<\/p>\n","protected":false},"author":1,"featured_media":202228,"comment_status":"open","ping_status":"open","sticky":false,"template":"","format":"standard","meta":[],"categories":[1],"tags":[203,532],"acf":[],"yoast_head":"<!-- This site is optimized with the Yoast SEO plugin v19.2 - https:\/\/yoast.com\/wordpress\/plugins\/seo\/ -->\n<title>Com esperan\u00e7a, irm\u00e3os leigos encerram II Encontro - Not\u00edcias - Franciscanos<\/title>\n<meta name=\"robots\" content=\"index, follow, max-snippet:-1, max-image-preview:large, max-video-preview:-1\" \/>\n<link rel=\"canonical\" href=\"https:\/\/franciscanos.org.br\/noticias\/com-esperanca-irmaos-leigos-encerram-ii-encontro-nacional.html\" \/>\n<meta property=\"og:locale\" content=\"pt_BR\" \/>\n<meta property=\"og:type\" content=\"article\" \/>\n<meta property=\"og:title\" content=\"Com esperan\u00e7a, irm\u00e3os leigos encerram II Encontro - Not\u00edcias - Franciscanos\" \/>\n<meta property=\"og:description\" content=\"CFFB\" \/>\n<meta property=\"og:url\" content=\"https:\/\/franciscanos.org.br\/noticias\/com-esperanca-irmaos-leigos-encerram-ii-encontro-nacional.html\" \/>\n<meta property=\"og:site_name\" content=\"Not\u00edcias - Franciscanos\" \/>\n<meta property=\"article:published_time\" content=\"2017-09-10T19:51:13+00:00\" \/>\n<meta property=\"article:modified_time\" content=\"2023-01-10T12:59:55+00:00\" \/>\n<meta property=\"og:image\" content=\"https:\/\/franciscanos.org.br\/noticias\/wp-content\/uploads\/2017\/09\/irmaos_100917g21.jpg\" \/>\n\t<meta property=\"og:image:width\" content=\"273\" \/>\n\t<meta property=\"og:image:height\" content=\"180\" \/>\n\t<meta property=\"og:image:type\" content=\"image\/jpeg\" \/>\n<meta name=\"author\" content=\"admin\" \/>\n<meta name=\"twitter:card\" content=\"summary_large_image\" \/>\n<meta name=\"twitter:label1\" content=\"Escrito por\" \/>\n\t<meta name=\"twitter:data1\" content=\"admin\" \/>\n\t<meta name=\"twitter:label2\" content=\"Est. tempo de leitura\" \/>\n\t<meta name=\"twitter:data2\" content=\"4 minutos\" \/>\n<script type=\"application\/ld+json\" class=\"yoast-schema-graph\">{\"@context\":\"https:\/\/schema.org\",\"@graph\":[{\"@type\":\"WebSite\",\"@id\":\"https:\/\/franciscanos.org.br\/noticias\/#website\",\"url\":\"https:\/\/franciscanos.org.br\/noticias\/\",\"name\":\"Not\u00edcias - Franciscanos\",\"description\":\"Prov\u00edncia Franciscana da Imaculada Concei\u00e7\u00e3o do Brasil - Ordem dos Frades Menores - OFM\",\"potentialAction\":[{\"@type\":\"SearchAction\",\"target\":{\"@type\":\"EntryPoint\",\"urlTemplate\":\"https:\/\/franciscanos.org.br\/noticias\/?s={search_term_string}\"},\"query-input\":\"required name=search_term_string\"}],\"inLanguage\":\"pt-BR\"},{\"@type\":\"ImageObject\",\"inLanguage\":\"pt-BR\",\"@id\":\"https:\/\/franciscanos.org.br\/noticias\/com-esperanca-irmaos-leigos-encerram-ii-encontro-nacional.html#primaryimage\",\"url\":\"https:\/\/franciscanos.org.br\/noticias\/wp-content\/uploads\/2017\/09\/irmaos_100917g21.jpg\",\"contentUrl\":\"https:\/\/franciscanos.org.br\/noticias\/wp-content\/uploads\/2017\/09\/irmaos_100917g21.jpg\",\"width\":273,\"height\":180},{\"@type\":\"WebPage\",\"@id\":\"https:\/\/franciscanos.org.br\/noticias\/com-esperanca-irmaos-leigos-encerram-ii-encontro-nacional.html#webpage\",\"url\":\"https:\/\/franciscanos.org.br\/noticias\/com-esperanca-irmaos-leigos-encerram-ii-encontro-nacional.html\",\"name\":\"Com esperan\u00e7a, irm\u00e3os leigos encerram II Encontro - Not\u00edcias - Franciscanos\",\"isPartOf\":{\"@id\":\"https:\/\/franciscanos.org.br\/noticias\/#website\"},\"primaryImageOfPage\":{\"@id\":\"https:\/\/franciscanos.org.br\/noticias\/com-esperanca-irmaos-leigos-encerram-ii-encontro-nacional.html#primaryimage\"},\"datePublished\":\"2017-09-10T19:51:13+00:00\",\"dateModified\":\"2023-01-10T12:59:55+00:00\",\"author\":{\"@id\":\"https:\/\/franciscanos.org.br\/noticias\/#\/schema\/person\/b38fbf43118f02820bd932f2e4b14ad3\"},\"breadcrumb\":{\"@id\":\"https:\/\/franciscanos.org.br\/noticias\/com-esperanca-irmaos-leigos-encerram-ii-encontro-nacional.html#breadcrumb\"},\"inLanguage\":\"pt-BR\",\"potentialAction\":[{\"@type\":\"ReadAction\",\"target\":[\"https:\/\/franciscanos.org.br\/noticias\/com-esperanca-irmaos-leigos-encerram-ii-encontro-nacional.html\"]}]},{\"@type\":\"BreadcrumbList\",\"@id\":\"https:\/\/franciscanos.org.br\/noticias\/com-esperanca-irmaos-leigos-encerram-ii-encontro-nacional.html#breadcrumb\",\"itemListElement\":[{\"@type\":\"ListItem\",\"position\":1,\"name\":\"Home\",\"item\":\"https:\/\/franciscanos.org.br\/noticias\"},{\"@type\":\"ListItem\",\"position\":2,\"name\":\"Com esperan\u00e7a, irm\u00e3os leigos encerram II Encontro\"}]},{\"@type\":\"Person\",\"@id\":\"https:\/\/franciscanos.org.br\/noticias\/#\/schema\/person\/b38fbf43118f02820bd932f2e4b14ad3\",\"name\":\"admin\",\"image\":{\"@type\":\"ImageObject\",\"inLanguage\":\"pt-BR\",\"@id\":\"https:\/\/franciscanos.org.br\/noticias\/#\/schema\/person\/image\/\",\"url\":\"https:\/\/secure.gravatar.com\/avatar\/e8495742d34d0ba6448ea1c628263b3e?s=96&d=mm&r=g\",\"contentUrl\":\"https:\/\/secure.gravatar.com\/avatar\/e8495742d34d0ba6448ea1c628263b3e?s=96&d=mm&r=g\",\"caption\":\"admin\"},\"url\":\"https:\/\/franciscanos.org.br\/noticias\/author\/admin\"}]}<\/script>\n<!-- \/ Yoast SEO plugin. -->","yoast_head_json":{"title":"Com esperan\u00e7a, irm\u00e3os leigos encerram II Encontro - Not\u00edcias - Franciscanos","robots":{"index":"index","follow":"follow","max-snippet":"max-snippet:-1","max-image-preview":"max-image-preview:large","max-video-preview":"max-video-preview:-1"},"canonical":"https:\/\/franciscanos.org.br\/noticias\/com-esperanca-irmaos-leigos-encerram-ii-encontro-nacional.html","og_locale":"pt_BR","og_type":"article","og_title":"Com esperan\u00e7a, irm\u00e3os leigos encerram II Encontro - Not\u00edcias - Franciscanos","og_description":"CFFB","og_url":"https:\/\/franciscanos.org.br\/noticias\/com-esperanca-irmaos-leigos-encerram-ii-encontro-nacional.html","og_site_name":"Not\u00edcias - Franciscanos","article_published_time":"2017-09-10T19:51:13+00:00","article_modified_time":"2023-01-10T12:59:55+00:00","og_image":[{"width":273,"height":180,"url":"https:\/\/franciscanos.org.br\/noticias\/wp-content\/uploads\/2017\/09\/irmaos_100917g21.jpg","type":"image\/jpeg"}],"author":"admin","twitter_card":"summary_large_image","twitter_misc":{"Escrito por":"admin","Est. tempo de leitura":"4 minutos"},"schema":{"@context":"https:\/\/schema.org","@graph":[{"@type":"WebSite","@id":"https:\/\/franciscanos.org.br\/noticias\/#website","url":"https:\/\/franciscanos.org.br\/noticias\/","name":"Not\u00edcias - Franciscanos","description":"Prov\u00edncia Franciscana da Imaculada Concei\u00e7\u00e3o do Brasil - Ordem dos Frades Menores - OFM","potentialAction":[{"@type":"SearchAction","target":{"@type":"EntryPoint","urlTemplate":"https:\/\/franciscanos.org.br\/noticias\/?s={search_term_string}"},"query-input":"required name=search_term_string"}],"inLanguage":"pt-BR"},{"@type":"ImageObject","inLanguage":"pt-BR","@id":"https:\/\/franciscanos.org.br\/noticias\/com-esperanca-irmaos-leigos-encerram-ii-encontro-nacional.html#primaryimage","url":"https:\/\/franciscanos.org.br\/noticias\/wp-content\/uploads\/2017\/09\/irmaos_100917g21.jpg","contentUrl":"https:\/\/franciscanos.org.br\/noticias\/wp-content\/uploads\/2017\/09\/irmaos_100917g21.jpg","width":273,"height":180},{"@type":"WebPage","@id":"https:\/\/franciscanos.org.br\/noticias\/com-esperanca-irmaos-leigos-encerram-ii-encontro-nacional.html#webpage","url":"https:\/\/franciscanos.org.br\/noticias\/com-esperanca-irmaos-leigos-encerram-ii-encontro-nacional.html","name":"Com esperan\u00e7a, irm\u00e3os leigos encerram II Encontro - Not\u00edcias - Franciscanos","isPartOf":{"@id":"https:\/\/franciscanos.org.br\/noticias\/#website"},"primaryImageOfPage":{"@id":"https:\/\/franciscanos.org.br\/noticias\/com-esperanca-irmaos-leigos-encerram-ii-encontro-nacional.html#primaryimage"},"datePublished":"2017-09-10T19:51:13+00:00","dateModified":"2023-01-10T12:59:55+00:00","author":{"@id":"https:\/\/franciscanos.org.br\/noticias\/#\/schema\/person\/b38fbf43118f02820bd932f2e4b14ad3"},"breadcrumb":{"@id":"https:\/\/franciscanos.org.br\/noticias\/com-esperanca-irmaos-leigos-encerram-ii-encontro-nacional.html#breadcrumb"},"inLanguage":"pt-BR","potentialAction":[{"@type":"ReadAction","target":["https:\/\/franciscanos.org.br\/noticias\/com-esperanca-irmaos-leigos-encerram-ii-encontro-nacional.html"]}]},{"@type":"BreadcrumbList","@id":"https:\/\/franciscanos.org.br\/noticias\/com-esperanca-irmaos-leigos-encerram-ii-encontro-nacional.html#breadcrumb","itemListElement":[{"@type":"ListItem","position":1,"name":"Home","item":"https:\/\/franciscanos.org.br\/noticias"},{"@type":"ListItem","position":2,"name":"Com esperan\u00e7a, irm\u00e3os leigos encerram II Encontro"}]},{"@type":"Person","@id":"https:\/\/franciscanos.org.br\/noticias\/#\/schema\/person\/b38fbf43118f02820bd932f2e4b14ad3","name":"admin","image":{"@type":"ImageObject","inLanguage":"pt-BR","@id":"https:\/\/franciscanos.org.br\/noticias\/#\/schema\/person\/image\/","url":"https:\/\/secure.gravatar.com\/avatar\/e8495742d34d0ba6448ea1c628263b3e?s=96&d=mm&r=g","contentUrl":"https:\/\/secure.gravatar.com\/avatar\/e8495742d34d0ba6448ea1c628263b3e?s=96&d=mm&r=g","caption":"admin"},"url":"https:\/\/franciscanos.org.br\/noticias\/author\/admin"}]}},"_links":{"self":[{"href":"https:\/\/franciscanos.org.br\/noticias\/wp-json\/wp\/v2\/posts\/140770"}],"collection":[{"href":"https:\/\/franciscanos.org.br\/noticias\/wp-json\/wp\/v2\/posts"}],"about":[{"href":"https:\/\/franciscanos.org.br\/noticias\/wp-json\/wp\/v2\/types\/post"}],"author":[{"embeddable":true,"href":"https:\/\/franciscanos.org.br\/noticias\/wp-json\/wp\/v2\/users\/1"}],"replies":[{"embeddable":true,"href":"https:\/\/franciscanos.org.br\/noticias\/wp-json\/wp\/v2\/comments?post=140770"}],"version-history":[{"count":1,"href":"https:\/\/franciscanos.org.br\/noticias\/wp-json\/wp\/v2\/posts\/140770\/revisions"}],"predecessor-version":[{"id":241687,"href":"https:\/\/franciscanos.org.br\/noticias\/wp-json\/wp\/v2\/posts\/140770\/revisions\/241687"}],"wp:featuredmedia":[{"embeddable":true,"href":"https:\/\/franciscanos.org.br\/noticias\/wp-json\/wp\/v2\/media\/202228"}],"wp:attachment":[{"href":"https:\/\/franciscanos.org.br\/noticias\/wp-json\/wp\/v2\/media?parent=140770"}],"wp:term":[{"taxonomy":"category","embeddable":true,"href":"https:\/\/franciscanos.org.br\/noticias\/wp-json\/wp\/v2\/categories?post=140770"},{"taxonomy":"post_tag","embeddable":true,"href":"https:\/\/franciscanos.org.br\/noticias\/wp-json\/wp\/v2\/tags?post=140770"}],"curies":[{"name":"wp","href":"https:\/\/api.w.org\/{rel}","templated":true}]}}